{"id":99930,"date":"2018-03-05T09:50:18","date_gmt":"2018-03-05T08:50:18","guid":{"rendered":"https:\/\/www.prijedordanas.com\/?p=99930"},"modified":"2018-03-05T09:50:18","modified_gmt":"2018-03-05T08:50:18","slug":"zbun-krio-torbu-s-milion-maraka-novac-pronaden-u-prijedoru","status":"publish","type":"post","link":"https:\/\/www.prijedordanas.com\/?p=99930","title":{"rendered":"\u017dBUN KRIO TORBU S MILION MARAKA: NOVAC PRONA\u0110EN U PRIJEDORU"},"content":{"rendered":"<p><a href=\"https:\/\/www.prijedordanas.com\/wp-content\/uploads\/2018\/03\/nezavisne-komercijalna-banka-pljacka.jpg\"><img loading=\"lazy\" decoding=\"async\" src=\"https:\/\/www.prijedordanas.com\/wp-content\/uploads\/2018\/03\/nezavisne-komercijalna-banka-pljacka-300x222.jpg\" alt=\"\" width=\"300\" height=\"222\" class=\"alignleft size-medium wp-image-99931\" srcset=\"https:\/\/www.prijedordanas.com\/wp-content\/uploads\/2018\/03\/nezavisne-komercijalna-banka-pljacka-300x222.jpg 300w, https:\/\/www.prijedordanas.com\/wp-content\/uploads\/2018\/03\/nezavisne-komercijalna-banka-pljacka-100x74.jpg 100w, https:\/\/www.prijedordanas.com\/wp-content\/uploads\/2018\/03\/nezavisne-komercijalna-banka-pljacka.jpg 675w\" sizes=\"(max-width: 300px) 100vw, 300px\" \/><\/a>U \u017ebunu u \u0161umi na podru\u010dju banjalu\u010dkog naselja Kuljani sakrivana je torba s oko milion maraka, koji je 2011. godine ukraden iz Komercijalne banke u Banjaluci.<\/p>\n<p>To se moglo \u010duti u iskazima svjedoka u banjalu\u010dkom Okru\u017enom sudu na su\u0111enju optu\u017eenima u predmetu &#8220;Trezor&#8221;, kojim su obuhva\u0107eni Sini\u0161a Stra\u017eivuk (49), Jovica Kara\u0107 (42), Milo\u0161 Mr\u0111an (42), Tomislav Kne\u017eevi\u0107 (42), \u017deljko Pavlovi\u0107 (40) te \u0110or\u0111e \u0106ulum (37) i Aljo\u0161a Gali\u0107 (29).<\/p>\n<p>Svjedoci su izjavili da je torba prvo skrivana u nezaklju\u010danoj gara\u017ei na Lau\u0161u, a potom odnesena u Kuljane, da bi na kraju zavr\u0161ila u Prijedoru, gdje je i prona\u0111ena.<\/p>\n<p>Svjedok Zoran Brljak prisjetio se da je 19. aprila 2011. godine oti\u0161ao u banjalu\u010dko naselje Lau\u0161 po kolegu \u0110or\u0111a Mati\u0107a.<\/p>\n<p>&#8220;Kada sam stigao, on je iza\u0161ao iz ku\u0107e i rukom mi kazao da do\u0111em do neke gara\u017ee vozilom u rikverc i otvorim gepek. Zatim je u auto ubacio neku crnu torbu i kesu. Pitao me da li mogu to negdje ostaviti. Pristao sam da to odnesemo kod mene ku\u0107i u Kuljane. Kada smo stigli, Mati\u0107 je otvorio torbu i bila je puna para, a iz kese smo izvadili dva crna pi\u0161tolja i neko odijelo&#8221;, ispri\u010dao je Brljak.<\/p>\n<p>Po njegovim rije\u010dima, Mati\u0107 mu je kazao da ne zna \u0161ta je to, ali i dodao: &#8220;\u0160ta mi \u010dovjek uradi&#8221;. Da je u pitanju ukradeni novac, Brljak je, kako je izjavio, pomislio tek kada je kasnije \u010duo da je oplja\u010dkana Komercijalna banka.<\/p>\n<p>&#8220;Mati\u0107a sam poslije zvao i pitao \u0161ta da radim s novcem, na \u0161ta je on rekao da radim \u0161ta ho\u0107u. Poslije sam pozvao kolegu Danijela \u0110ur\u0111evi\u0107a i zamolio ga da torbu sakrije&#8221;, rekao je Brljak i priznao da je iz torbe uzeo oko 4.400 maraka.<\/p>\n<p>Svjedo\u010dio je i \u0110ur\u0111evi\u0107, koji je potvrdio da mu je Brljak dao torbu da je sakrije.<\/p>\n<p>&#8220;Tad sam torbu sakrio u \u017ebun u \u0161umi blizu njegove ku\u0107e u Kuljanima&#8221;, rekao je \u0110ur\u0111evi\u0107 te dodao da je kasnije nazvao brata koji \u017eivi u Prijedoru i pitao ga da kod njega sakrije torbu, na \u0161ta je ovaj i pristao.<\/p>\n<p>\u0110or\u0111e Mati\u0107 je, podsjetimo, svjedo\u010dio ranije u predmetu protiv Gali\u0107a i Milana Relji\u0107a, koji su ve\u0107 osu\u0111eni za plja\u010dku Komercijalne banke, i tada je izjavio da mu je njegov kum i kom\u0161ija Gali\u0107 19. aprila 2011. godine rekao da uzme i sakrije stvari i torbu, u kojoj je kasnije na\u0161ao veliku koli\u010dinu novca.<\/p>\n<p>Nezavisne novine<\/p>\n","protected":false},"excerpt":{"rendered":"<p>U \u017ebunu u \u0161umi na podru\u010dju banjalu\u010dkog naselja Kuljani sakrivana je torba s oko milion maraka, koji je 2011. godine ukraden iz Komercijalne banke u Banjaluci. To se moglo \u010duti [&hellip;]<\/p>\n","protected":false},"author":1,"featured_media":0,"comment_status":"closed","ping_status":"open","sticky":false,"template":"","format":"standard","meta":{"_monsterinsights_skip_tracking":false,"_monsterinsights_sitenote_active":false,"_monsterinsights_sitenote_note":"","_monsterinsights_sitenote_category":0,"footnotes":""},"categories":[5],"tags":[179],"yoast_head":"<!-- This site is optimized with the Yoast SEO plugin v21.6 - https:\/\/yoast.com\/wordpress\/plugins\/seo\/ -->\n<title>\u017dBUN KRIO TORBU S MILION MARAKA: NOVAC PRONA\u0110EN U PRIJEDORU - PrijedorDanas.com - Prijedorski gradski portal<\/title>\n<meta name=\"robots\" content=\"index, follow, max-snippet:-1, max-image-preview:large, max-video-preview:-1\" \/>\n<link rel=\"canonical\" href=\"https:\/\/www.prijedordanas.com\/?p=99930\" \/>\n<meta property=\"og:locale\" content=\"en_US\" \/>\n<meta property=\"og:type\" content=\"article\" \/>\n<meta property=\"og:title\" content=\"\u017dBUN KRIO TORBU S MILION MARAKA: NOVAC PRONA\u0110EN U PRIJEDORU - PrijedorDanas.com - Prijedorski gradski portal\" \/>\n<meta property=\"og:description\" content=\"U \u017ebunu u \u0161umi na podru\u010dju banjalu\u010dkog naselja Kuljani sakrivana je torba s oko milion maraka, koji je 2011. godine ukraden iz Komercijalne banke u Banjaluci. To se moglo \u010duti [&hellip;]\" \/>\n<meta property=\"og:url\" content=\"https:\/\/www.prijedordanas.com\/?p=99930\" \/>\n<meta property=\"og:site_name\" content=\"PrijedorDanas.com - Prijedorski gradski portal\" \/>\n<meta property=\"article:publisher\" content=\"https:\/\/www.facebook.com\/PrijedorDanasCom\/\" \/>\n<meta property=\"article:published_time\" content=\"2018-03-05T08:50:18+00:00\" \/>\n<meta property=\"og:image\" content=\"https:\/\/www.prijedordanas.com\/wp-content\/uploads\/2018\/03\/nezavisne-komercijalna-banka-pljacka-300x222.jpg\" \/>\n<meta name=\"author\" content=\"admin\" \/>\n<meta name=\"twitter:card\" content=\"summary_large_image\" \/>\n<meta name=\"twitter:label1\" content=\"Written by\" \/>\n\t<meta name=\"twitter:data1\" content=\"admin\" \/>\n\t<meta name=\"twitter:label2\" content=\"Est. reading time\" \/>\n\t<meta name=\"twitter:data2\" content=\"2 minutes\" \/>\n<script type=\"application\/ld+json\" class=\"yoast-schema-graph\">{\"@context\":\"https:\/\/schema.org\",\"@graph\":[{\"@type\":\"Article\",\"@id\":\"https:\/\/www.prijedordanas.com\/?p=99930#article\",\"isPartOf\":{\"@id\":\"https:\/\/www.prijedordanas.com\/?p=99930\"},\"author\":{\"name\":\"admin\",\"@id\":\"https:\/\/www.prijedordanas.com\/#\/schema\/person\/4e08ccf29b506ca916ff86d46bb700e6\"},\"headline\":\"\u017dBUN KRIO TORBU S MILION MARAKA: NOVAC PRONA\u0110EN U PRIJEDORU\",\"datePublished\":\"2018-03-05T08:50:18+00:00\",\"dateModified\":\"2018-03-05T08:50:18+00:00\",\"mainEntityOfPage\":{\"@id\":\"https:\/\/www.prijedordanas.com\/?p=99930\"},\"wordCount\":440,\"publisher\":{\"@id\":\"https:\/\/www.prijedordanas.com\/#organization\"},\"keywords\":[\"plja\u010dka\"],\"articleSection\":[\"Hronika\"],\"inLanguage\":\"en-US\"},{\"@type\":\"WebPage\",\"@id\":\"https:\/\/www.prijedordanas.com\/?p=99930\",\"url\":\"https:\/\/www.prijedordanas.com\/?p=99930\",\"name\":\"\u017dBUN KRIO TORBU S MILION MARAKA: NOVAC PRONA\u0110EN U PRIJEDORU - PrijedorDanas.com - Prijedorski gradski portal\",\"isPartOf\":{\"@id\":\"https:\/\/www.prijedordanas.com\/#website\"},\"datePublished\":\"2018-03-05T08:50:18+00:00\",\"dateModified\":\"2018-03-05T08:50:18+00:00\",\"breadcrumb\":{\"@id\":\"https:\/\/www.prijedordanas.com\/?p=99930#breadcrumb\"},\"inLanguage\":\"en-US\",\"potentialAction\":[{\"@type\":\"ReadAction\",\"target\":[\"https:\/\/www.prijedordanas.com\/?p=99930\"]}]},{\"@type\":\"BreadcrumbList\",\"@id\":\"https:\/\/www.prijedordanas.com\/?p=99930#breadcrumb\",\"itemListElement\":[{\"@type\":\"ListItem\",\"position\":1,\"name\":\"Home\",\"item\":\"https:\/\/www.prijedordanas.com\/\"},{\"@type\":\"ListItem\",\"position\":2,\"name\":\"\u017dBUN KRIO TORBU S MILION MARAKA: NOVAC PRONA\u0110EN U PRIJEDORU\"}]},{\"@type\":\"WebSite\",\"@id\":\"https:\/\/www.prijedordanas.com\/#website\",\"url\":\"https:\/\/www.prijedordanas.com\/\",\"name\":\"PrijedorDanas.com - Prijedorski gradski portal\",\"description\":\"Portal o doga\u0111anjima u gradu Prijedoru\",\"publisher\":{\"@id\":\"https:\/\/www.prijedordanas.com\/#organization\"},\"potentialAction\":[{\"@type\":\"SearchAction\",\"target\":{\"@type\":\"EntryPoint\",\"urlTemplate\":\"https:\/\/www.prijedordanas.com\/?s={search_term_string}\"},\"query-input\":\"required name=search_term_string\"}],\"inLanguage\":\"en-US\"},{\"@type\":\"Organization\",\"@id\":\"https:\/\/www.prijedordanas.com\/#organization\",\"name\":\"PrijedorDanas.com\",\"url\":\"https:\/\/www.prijedordanas.com\/\",\"logo\":{\"@type\":\"ImageObject\",\"inLanguage\":\"en-US\",\"@id\":\"https:\/\/www.prijedordanas.com\/#\/schema\/logo\/image\/\",\"url\":\"http:\/\/www.prijedordanas.com\/wp-content\/uploads\/2021\/12\/logopng.png\",\"contentUrl\":\"http:\/\/www.prijedordanas.com\/wp-content\/uploads\/2021\/12\/logopng.png\",\"width\":1019,\"height\":776,\"caption\":\"PrijedorDanas.com\"},\"image\":{\"@id\":\"https:\/\/www.prijedordanas.com\/#\/schema\/logo\/image\/\"},\"sameAs\":[\"https:\/\/www.facebook.com\/PrijedorDanasCom\/\"]},{\"@type\":\"Person\",\"@id\":\"https:\/\/www.prijedordanas.com\/#\/schema\/person\/4e08ccf29b506ca916ff86d46bb700e6\",\"name\":\"admin\",\"image\":{\"@type\":\"ImageObject\",\"inLanguage\":\"en-US\",\"@id\":\"https:\/\/www.prijedordanas.com\/#\/schema\/person\/image\/\",\"url\":\"https:\/\/secure.gravatar.com\/avatar\/1d3fc949d550f0b53a5f0d51e06dfd79?s=96&d=mm&r=g\",\"contentUrl\":\"https:\/\/secure.gravatar.com\/avatar\/1d3fc949d550f0b53a5f0d51e06dfd79?s=96&d=mm&r=g\",\"caption\":\"admin\"},\"url\":\"https:\/\/www.prijedordanas.com\/?author=1\"}]}<\/script>\n<!-- \/ Yoast SEO plugin. -->","yoast_head_json":{"title":"\u017dBUN KRIO TORBU S MILION MARAKA: NOVAC PRONA\u0110EN U PRIJEDORU - PrijedorDanas.com - Prijedorski gradski portal","robots":{"index":"index","follow":"follow","max-snippet":"max-snippet:-1","max-image-preview":"max-image-preview:large","max-video-preview":"max-video-preview:-1"},"canonical":"https:\/\/www.prijedordanas.com\/?p=99930","og_locale":"en_US","og_type":"article","og_title":"\u017dBUN KRIO TORBU S MILION MARAKA: NOVAC PRONA\u0110EN U PRIJEDORU - PrijedorDanas.com - Prijedorski gradski portal","og_description":"U \u017ebunu u \u0161umi na podru\u010dju banjalu\u010dkog naselja Kuljani sakrivana je torba s oko milion maraka, koji je 2011. godine ukraden iz Komercijalne banke u Banjaluci. To se moglo \u010duti [&hellip;]","og_url":"https:\/\/www.prijedordanas.com\/?p=99930","og_site_name":"PrijedorDanas.com - Prijedorski gradski portal","article_publisher":"https:\/\/www.facebook.com\/PrijedorDanasCom\/","article_published_time":"2018-03-05T08:50:18+00:00","og_image":[{"url":"https:\/\/www.prijedordanas.com\/wp-content\/uploads\/2018\/03\/nezavisne-komercijalna-banka-pljacka-300x222.jpg"}],"author":"admin","twitter_card":"summary_large_image","twitter_misc":{"Written by":"admin","Est. reading time":"2 minutes"},"schema":{"@context":"https:\/\/schema.org","@graph":[{"@type":"Article","@id":"https:\/\/www.prijedordanas.com\/?p=99930#article","isPartOf":{"@id":"https:\/\/www.prijedordanas.com\/?p=99930"},"author":{"name":"admin","@id":"https:\/\/www.prijedordanas.com\/#\/schema\/person\/4e08ccf29b506ca916ff86d46bb700e6"},"headline":"\u017dBUN KRIO TORBU S MILION MARAKA: NOVAC PRONA\u0110EN U PRIJEDORU","datePublished":"2018-03-05T08:50:18+00:00","dateModified":"2018-03-05T08:50:18+00:00","mainEntityOfPage":{"@id":"https:\/\/www.prijedordanas.com\/?p=99930"},"wordCount":440,"publisher":{"@id":"https:\/\/www.prijedordanas.com\/#organization"},"keywords":["plja\u010dka"],"articleSection":["Hronika"],"inLanguage":"en-US"},{"@type":"WebPage","@id":"https:\/\/www.prijedordanas.com\/?p=99930","url":"https:\/\/www.prijedordanas.com\/?p=99930","name":"\u017dBUN KRIO TORBU S MILION MARAKA: NOVAC PRONA\u0110EN U PRIJEDORU - PrijedorDanas.com - Prijedorski gradski portal","isPartOf":{"@id":"https:\/\/www.prijedordanas.com\/#website"},"datePublished":"2018-03-05T08:50:18+00:00","dateModified":"2018-03-05T08:50:18+00:00","breadcrumb":{"@id":"https:\/\/www.prijedordanas.com\/?p=99930#breadcrumb"},"inLanguage":"en-US","potentialAction":[{"@type":"ReadAction","target":["https:\/\/www.prijedordanas.com\/?p=99930"]}]},{"@type":"BreadcrumbList","@id":"https:\/\/www.prijedordanas.com\/?p=99930#breadcrumb","itemListElement":[{"@type":"ListItem","position":1,"name":"Home","item":"https:\/\/www.prijedordanas.com\/"},{"@type":"ListItem","position":2,"name":"\u017dBUN KRIO TORBU S MILION MARAKA: NOVAC PRONA\u0110EN U PRIJEDORU"}]},{"@type":"WebSite","@id":"https:\/\/www.prijedordanas.com\/#website","url":"https:\/\/www.prijedordanas.com\/","name":"PrijedorDanas.com - Prijedorski gradski portal","description":"Portal o doga\u0111anjima u gradu Prijedoru","publisher":{"@id":"https:\/\/www.prijedordanas.com\/#organization"},"potentialAction":[{"@type":"SearchAction","target":{"@type":"EntryPoint","urlTemplate":"https:\/\/www.prijedordanas.com\/?s={search_term_string}"},"query-input":"required name=search_term_string"}],"inLanguage":"en-US"},{"@type":"Organization","@id":"https:\/\/www.prijedordanas.com\/#organization","name":"PrijedorDanas.com","url":"https:\/\/www.prijedordanas.com\/","logo":{"@type":"ImageObject","inLanguage":"en-US","@id":"https:\/\/www.prijedordanas.com\/#\/schema\/logo\/image\/","url":"http:\/\/www.prijedordanas.com\/wp-content\/uploads\/2021\/12\/logopng.png","contentUrl":"http:\/\/www.prijedordanas.com\/wp-content\/uploads\/2021\/12\/logopng.png","width":1019,"height":776,"caption":"PrijedorDanas.com"},"image":{"@id":"https:\/\/www.prijedordanas.com\/#\/schema\/logo\/image\/"},"sameAs":["https:\/\/www.facebook.com\/PrijedorDanasCom\/"]},{"@type":"Person","@id":"https:\/\/www.prijedordanas.com\/#\/schema\/person\/4e08ccf29b506ca916ff86d46bb700e6","name":"admin","image":{"@type":"ImageObject","inLanguage":"en-US","@id":"https:\/\/www.prijedordanas.com\/#\/schema\/person\/image\/","url":"https:\/\/secure.gravatar.com\/avatar\/1d3fc949d550f0b53a5f0d51e06dfd79?s=96&d=mm&r=g","contentUrl":"https:\/\/secure.gravatar.com\/avatar\/1d3fc949d550f0b53a5f0d51e06dfd79?s=96&d=mm&r=g","caption":"admin"},"url":"https:\/\/www.prijedordanas.com\/?author=1"}]}},"_links":{"self":[{"href":"https:\/\/www.prijedordanas.com\/index.php?rest_route=\/wp\/v2\/posts\/99930"}],"collection":[{"href":"https:\/\/www.prijedordanas.com\/index.php?rest_route=\/wp\/v2\/posts"}],"about":[{"href":"https:\/\/www.prijedordanas.com\/index.php?rest_route=\/wp\/v2\/types\/post"}],"author":[{"embeddable":true,"href":"https:\/\/www.prijedordanas.com\/index.php?rest_route=\/wp\/v2\/users\/1"}],"replies":[{"embeddable":true,"href":"https:\/\/www.prijedordanas.com\/index.php?rest_route=%2Fwp%2Fv2%2Fcomments&post=99930"}],"version-history":[{"count":1,"href":"https:\/\/www.prijedordanas.com\/index.php?rest_route=\/wp\/v2\/posts\/99930\/revisions"}],"predecessor-version":[{"id":99932,"href":"https:\/\/www.prijedordanas.com\/index.php?rest_route=\/wp\/v2\/posts\/99930\/revisions\/99932"}],"wp:attachment":[{"href":"https:\/\/www.prijedordanas.com\/index.php?rest_route=%2Fwp%2Fv2%2Fmedia&parent=99930"}],"wp:term":[{"taxonomy":"category","embeddable":true,"href":"https:\/\/www.prijedordanas.com\/index.php?rest_route=%2Fwp%2Fv2%2Fcategories&post=99930"},{"taxonomy":"post_tag","embeddable":true,"href":"https:\/\/www.prijedordanas.com\/index.php?rest_route=%2Fwp%2Fv2%2Ftags&post=99930"}],"curies":[{"name":"wp","href":"https:\/\/api.w.org\/{rel}","templated":true}]}}