{"id":99719,"date":"2018-03-01T23:32:54","date_gmt":"2018-03-01T22:32:54","guid":{"rendered":"https:\/\/www.prijedordanas.com\/?p=99719"},"modified":"2018-03-01T23:32:54","modified_gmt":"2018-03-01T22:32:54","slug":"kozarac-prijedor-obiljezen-1-mart-dan-nezavisnosti-bih-foto","status":"publish","type":"post","link":"https:\/\/www.prijedordanas.com\/?p=99719","title":{"rendered":"KOZARAC-PRIJEDOR: OBILJE\u017dEN 1.MART DAN NEZAVISNOSTI BIH \u2013 FOTO"},"content":{"rendered":"<p><a href=\"https:\/\/www.prijedordanas.com\/wp-content\/uploads\/2018\/03\/dan-nezavisnosti-bih-kozarac-prijedor-1.jpg\"><img loading=\"lazy\" decoding=\"async\" class=\"alignleft size-medium wp-image-99720\" src=\"https:\/\/www.prijedordanas.com\/wp-content\/uploads\/2018\/03\/dan-nezavisnosti-bih-kozarac-prijedor-1-300x217.jpg\" alt=\"\" width=\"300\" height=\"217\" srcset=\"https:\/\/www.prijedordanas.com\/wp-content\/uploads\/2018\/03\/dan-nezavisnosti-bih-kozarac-prijedor-1-300x217.jpg 300w, https:\/\/www.prijedordanas.com\/wp-content\/uploads\/2018\/03\/dan-nezavisnosti-bih-kozarac-prijedor-1-100x72.jpg 100w, https:\/\/www.prijedordanas.com\/wp-content\/uploads\/2018\/03\/dan-nezavisnosti-bih-kozarac-prijedor-1.jpg 690w\" sizes=\"(max-width: 300px) 100vw, 300px\" \/><\/a>U organizaciji Odbora za obilje\u017eavanje 1. marta, Dana nezavisnosti BiH, u Kozarcu kod Prijedora jutros je nakon do\u010deka gostiju polo\u017eeno cvije\u0107e na centralno Spomen obilje\u017eje u ovom naselju i prou\u010dena Fatiha Kozar\u010danima ubijenim u proteklom ratu.<\/p>\n<p>Obilje\u017eavanje Dana nezavisnosti BiH nastavljeno je mimohodom do \u0161ehidskog mezarja u Kami\u010danima.<\/p>\n<p>U Kozarcu, u kojem se Dan nezavisnosti obilje\u017eava od 2010. godine, u podne je otvoren ve\u0107 tradicionalni turnir u malom nogometu, a za u\u010desnike turnira osim pobjedni\u010dkih pehara uz dru\u017eenje je prire\u0111en i bogat kotli\u0107.<\/p>\n<p>Osim u Kozarcu Odbor za obilje\u017eavanje Dana nezavisnosti BiH u Prijedoru je organizovao i obilazak \u0161ehidskih mezarja, Skela u Ra\u0161kovcu i \u0161ehidskog mezarja u \u010carakovu.<\/p>\n<p>U amfiteatru \u010car\u0161ijske d\u017eamije u Prijedoru odr\u017ean je istorijski \u010das.<\/p>\n<p>Ve\u010deras je u sali Osnovne \u0161kole &#8220;Kozarac&#8221; u Kozarcu odr\u017eana i priredba na kojoj su nastupili \u010dlanovi KUD &#8220;Kozara&#8221; Kozarac, KUD &#8220;Kozara&#8221; Donja Ljubija, KUD &#8220;Brdo&#8221; Hambarine i KUD &#8220;Osman D\u017eafi\u0107&#8221; Prijedor.<\/p>\n<p>Dnevni avaz<br \/>\nFoto \u2013 Nijaz Huremovi\u0107<\/p>\n<p><a href=\"https:\/\/www.prijedordanas.com\/wp-content\/uploads\/2018\/03\/dan-nezavisnosti-bih-kozarac-prijedor-2.jpg\"><img loading=\"lazy\" decoding=\"async\" src=\"https:\/\/www.prijedordanas.com\/wp-content\/uploads\/2018\/03\/dan-nezavisnosti-bih-kozarac-prijedor-2-300x217.jpg\" alt=\"\" width=\"300\" height=\"217\" class=\"alignleft size-medium wp-image-99721\" srcset=\"https:\/\/www.prijedordanas.com\/wp-content\/uploads\/2018\/03\/dan-nezavisnosti-bih-kozarac-prijedor-2-300x217.jpg 300w, https:\/\/www.prijedordanas.com\/wp-content\/uploads\/2018\/03\/dan-nezavisnosti-bih-kozarac-prijedor-2-100x72.jpg 100w, https:\/\/www.prijedordanas.com\/wp-content\/uploads\/2018\/03\/dan-nezavisnosti-bih-kozarac-prijedor-2.jpg 690w\" sizes=\"(max-width: 300px) 100vw, 300px\" \/><\/a> <a href=\"https:\/\/www.prijedordanas.com\/wp-content\/uploads\/2018\/03\/dan-nezavisnosti-bih-kozarac-prijedor-3.jpg\"><img loading=\"lazy\" decoding=\"async\" src=\"https:\/\/www.prijedordanas.com\/wp-content\/uploads\/2018\/03\/dan-nezavisnosti-bih-kozarac-prijedor-3-300x217.jpg\" alt=\"\" width=\"300\" height=\"217\" class=\"alignleft size-medium wp-image-99722\" srcset=\"https:\/\/www.prijedordanas.com\/wp-content\/uploads\/2018\/03\/dan-nezavisnosti-bih-kozarac-prijedor-3-300x217.jpg 300w, https:\/\/www.prijedordanas.com\/wp-content\/uploads\/2018\/03\/dan-nezavisnosti-bih-kozarac-prijedor-3-100x72.jpg 100w, https:\/\/www.prijedordanas.com\/wp-content\/uploads\/2018\/03\/dan-nezavisnosti-bih-kozarac-prijedor-3.jpg 690w\" sizes=\"(max-width: 300px) 100vw, 300px\" \/><\/a> <a href=\"https:\/\/www.prijedordanas.com\/wp-content\/uploads\/2018\/03\/dan-nezavisnosti-bih-kozarac-prijedor-4.jpg\"><img loading=\"lazy\" decoding=\"async\" src=\"https:\/\/www.prijedordanas.com\/wp-content\/uploads\/2018\/03\/dan-nezavisnosti-bih-kozarac-prijedor-4-300x217.jpg\" alt=\"\" width=\"300\" height=\"217\" class=\"alignleft size-medium wp-image-99723\" srcset=\"https:\/\/www.prijedordanas.com\/wp-content\/uploads\/2018\/03\/dan-nezavisnosti-bih-kozarac-prijedor-4-300x217.jpg 300w, https:\/\/www.prijedordanas.com\/wp-content\/uploads\/2018\/03\/dan-nezavisnosti-bih-kozarac-prijedor-4-100x72.jpg 100w, https:\/\/www.prijedordanas.com\/wp-content\/uploads\/2018\/03\/dan-nezavisnosti-bih-kozarac-prijedor-4.jpg 690w\" sizes=\"(max-width: 300px) 100vw, 300px\" \/><\/a> <a href=\"https:\/\/www.prijedordanas.com\/wp-content\/uploads\/2018\/03\/dan-nezavisnosti-bih-kozarac-prijedor-5.jpg\"><img loading=\"lazy\" decoding=\"async\" src=\"https:\/\/www.prijedordanas.com\/wp-content\/uploads\/2018\/03\/dan-nezavisnosti-bih-kozarac-prijedor-5-300x217.jpg\" alt=\"\" width=\"300\" height=\"217\" class=\"alignleft size-medium wp-image-99724\" srcset=\"https:\/\/www.prijedordanas.com\/wp-content\/uploads\/2018\/03\/dan-nezavisnosti-bih-kozarac-prijedor-5-300x217.jpg 300w, https:\/\/www.prijedordanas.com\/wp-content\/uploads\/2018\/03\/dan-nezavisnosti-bih-kozarac-prijedor-5-100x72.jpg 100w, https:\/\/www.prijedordanas.com\/wp-content\/uploads\/2018\/03\/dan-nezavisnosti-bih-kozarac-prijedor-5.jpg 690w\" sizes=\"(max-width: 300px) 100vw, 300px\" \/><\/a> <a href=\"https:\/\/www.prijedordanas.com\/wp-content\/uploads\/2018\/03\/dan-nezavisnosti-bih-kozarac-prijedor-6.jpg\"><img loading=\"lazy\" decoding=\"async\" src=\"https:\/\/www.prijedordanas.com\/wp-content\/uploads\/2018\/03\/dan-nezavisnosti-bih-kozarac-prijedor-6-300x217.jpg\" alt=\"\" width=\"300\" height=\"217\" class=\"alignleft size-medium wp-image-99725\" srcset=\"https:\/\/www.prijedordanas.com\/wp-content\/uploads\/2018\/03\/dan-nezavisnosti-bih-kozarac-prijedor-6-300x217.jpg 300w, https:\/\/www.prijedordanas.com\/wp-content\/uploads\/2018\/03\/dan-nezavisnosti-bih-kozarac-prijedor-6-100x72.jpg 100w, https:\/\/www.prijedordanas.com\/wp-content\/uploads\/2018\/03\/dan-nezavisnosti-bih-kozarac-prijedor-6.jpg 690w\" sizes=\"(max-width: 300px) 100vw, 300px\" \/><\/a> <a href=\"https:\/\/www.prijedordanas.com\/wp-content\/uploads\/2018\/03\/dan-nezavisnosti-bih-kozarac-prijedor-7.jpg\"><img loading=\"lazy\" decoding=\"async\" src=\"https:\/\/www.prijedordanas.com\/wp-content\/uploads\/2018\/03\/dan-nezavisnosti-bih-kozarac-prijedor-7-300x217.jpg\" alt=\"\" width=\"300\" height=\"217\" class=\"alignleft size-medium wp-image-99726\" srcset=\"https:\/\/www.prijedordanas.com\/wp-content\/uploads\/2018\/03\/dan-nezavisnosti-bih-kozarac-prijedor-7-300x217.jpg 300w, https:\/\/www.prijedordanas.com\/wp-content\/uploads\/2018\/03\/dan-nezavisnosti-bih-kozarac-prijedor-7-100x72.jpg 100w, https:\/\/www.prijedordanas.com\/wp-content\/uploads\/2018\/03\/dan-nezavisnosti-bih-kozarac-prijedor-7.jpg 690w\" sizes=\"(max-width: 300px) 100vw, 300px\" \/><\/a><\/p>\n","protected":false},"excerpt":{"rendered":"<p>U organizaciji Odbora za obilje\u017eavanje 1. marta, Dana nezavisnosti BiH, u Kozarcu kod Prijedora jutros je nakon do\u010deka gostiju polo\u017eeno cvije\u0107e na centralno Spomen obilje\u017eje u ovom naselju i prou\u010dena [&hellip;]<\/p>\n","protected":false},"author":1,"featured_media":0,"comment_status":"closed","ping_status":"open","sticky":false,"template":"","format":"standard","meta":{"_monsterinsights_skip_tracking":false,"_monsterinsights_sitenote_active":false,"_monsterinsights_sitenote_note":"","_monsterinsights_sitenote_category":0,"footnotes":""},"categories":[8],"tags":[112,197],"yoast_head":"<!-- This site is optimized with the Yoast SEO plugin v21.6 - https:\/\/yoast.com\/wordpress\/plugins\/seo\/ -->\n<title>KOZARAC-PRIJEDOR: OBILJE\u017dEN 1.MART DAN NEZAVISNOSTI BIH \u2013 FOTO - PrijedorDanas.com - Prijedorski gradski portal<\/title>\n<meta name=\"robots\" content=\"index, follow, max-snippet:-1, max-image-preview:large, max-video-preview:-1\" \/>\n<link rel=\"canonical\" href=\"https:\/\/www.prijedordanas.com\/?p=99719\" \/>\n<meta property=\"og:locale\" content=\"en_US\" \/>\n<meta property=\"og:type\" content=\"article\" \/>\n<meta property=\"og:title\" content=\"KOZARAC-PRIJEDOR: OBILJE\u017dEN 1.MART DAN NEZAVISNOSTI BIH \u2013 FOTO - PrijedorDanas.com - Prijedorski gradski portal\" \/>\n<meta property=\"og:description\" content=\"U organizaciji Odbora za obilje\u017eavanje 1. marta, Dana nezavisnosti BiH, u Kozarcu kod Prijedora jutros je nakon do\u010deka gostiju polo\u017eeno cvije\u0107e na centralno Spomen obilje\u017eje u ovom naselju i prou\u010dena [&hellip;]\" \/>\n<meta property=\"og:url\" content=\"https:\/\/www.prijedordanas.com\/?p=99719\" \/>\n<meta property=\"og:site_name\" content=\"PrijedorDanas.com - Prijedorski gradski portal\" \/>\n<meta property=\"article:publisher\" content=\"https:\/\/www.facebook.com\/PrijedorDanasCom\/\" \/>\n<meta property=\"article:published_time\" content=\"2018-03-01T22:32:54+00:00\" \/>\n<meta property=\"og:image\" content=\"https:\/\/www.prijedordanas.com\/wp-content\/uploads\/2018\/03\/dan-nezavisnosti-bih-kozarac-prijedor-1-300x217.jpg\" \/>\n<meta name=\"author\" content=\"admin\" \/>\n<meta name=\"twitter:card\" content=\"summary_large_image\" \/>\n<meta name=\"twitter:label1\" content=\"Written by\" \/>\n\t<meta name=\"twitter:data1\" content=\"admin\" \/>\n\t<meta name=\"twitter:label2\" content=\"Est. reading time\" \/>\n\t<meta name=\"twitter:data2\" content=\"1 minute\" \/>\n<script type=\"application\/ld+json\" class=\"yoast-schema-graph\">{\"@context\":\"https:\/\/schema.org\",\"@graph\":[{\"@type\":\"Article\",\"@id\":\"https:\/\/www.prijedordanas.com\/?p=99719#article\",\"isPartOf\":{\"@id\":\"https:\/\/www.prijedordanas.com\/?p=99719\"},\"author\":{\"name\":\"admin\",\"@id\":\"https:\/\/www.prijedordanas.com\/#\/schema\/person\/4e08ccf29b506ca916ff86d46bb700e6\"},\"headline\":\"KOZARAC-PRIJEDOR: OBILJE\u017dEN 1.MART DAN NEZAVISNOSTI BIH \u2013 FOTO\",\"datePublished\":\"2018-03-01T22:32:54+00:00\",\"dateModified\":\"2018-03-01T22:32:54+00:00\",\"mainEntityOfPage\":{\"@id\":\"https:\/\/www.prijedordanas.com\/?p=99719\"},\"wordCount\":183,\"publisher\":{\"@id\":\"https:\/\/www.prijedordanas.com\/#organization\"},\"keywords\":[\"Kozarac\",\"Prijedor\"],\"articleSection\":[\"Svakodnevno\"],\"inLanguage\":\"en-US\"},{\"@type\":\"WebPage\",\"@id\":\"https:\/\/www.prijedordanas.com\/?p=99719\",\"url\":\"https:\/\/www.prijedordanas.com\/?p=99719\",\"name\":\"KOZARAC-PRIJEDOR: OBILJE\u017dEN 1.MART DAN NEZAVISNOSTI BIH \u2013 FOTO - PrijedorDanas.com - Prijedorski gradski portal\",\"isPartOf\":{\"@id\":\"https:\/\/www.prijedordanas.com\/#website\"},\"datePublished\":\"2018-03-01T22:32:54+00:00\",\"dateModified\":\"2018-03-01T22:32:54+00:00\",\"breadcrumb\":{\"@id\":\"https:\/\/www.prijedordanas.com\/?p=99719#breadcrumb\"},\"inLanguage\":\"en-US\",\"potentialAction\":[{\"@type\":\"ReadAction\",\"target\":[\"https:\/\/www.prijedordanas.com\/?p=99719\"]}]},{\"@type\":\"BreadcrumbList\",\"@id\":\"https:\/\/www.prijedordanas.com\/?p=99719#breadcrumb\",\"itemListElement\":[{\"@type\":\"ListItem\",\"position\":1,\"name\":\"Home\",\"item\":\"https:\/\/www.prijedordanas.com\/\"},{\"@type\":\"ListItem\",\"position\":2,\"name\":\"KOZARAC-PRIJEDOR: OBILJE\u017dEN 1.MART DAN NEZAVISNOSTI BIH \u2013 FOTO\"}]},{\"@type\":\"WebSite\",\"@id\":\"https:\/\/www.prijedordanas.com\/#website\",\"url\":\"https:\/\/www.prijedordanas.com\/\",\"name\":\"PrijedorDanas.com - Prijedorski gradski portal\",\"description\":\"Portal o doga\u0111anjima u gradu Prijedoru\",\"publisher\":{\"@id\":\"https:\/\/www.prijedordanas.com\/#organization\"},\"potentialAction\":[{\"@type\":\"SearchAction\",\"target\":{\"@type\":\"EntryPoint\",\"urlTemplate\":\"https:\/\/www.prijedordanas.com\/?s={search_term_string}\"},\"query-input\":\"required name=search_term_string\"}],\"inLanguage\":\"en-US\"},{\"@type\":\"Organization\",\"@id\":\"https:\/\/www.prijedordanas.com\/#organization\",\"name\":\"PrijedorDanas.com\",\"url\":\"https:\/\/www.prijedordanas.com\/\",\"logo\":{\"@type\":\"ImageObject\",\"inLanguage\":\"en-US\",\"@id\":\"https:\/\/www.prijedordanas.com\/#\/schema\/logo\/image\/\",\"url\":\"http:\/\/www.prijedordanas.com\/wp-content\/uploads\/2021\/12\/logopng.png\",\"contentUrl\":\"http:\/\/www.prijedordanas.com\/wp-content\/uploads\/2021\/12\/logopng.png\",\"width\":1019,\"height\":776,\"caption\":\"PrijedorDanas.com\"},\"image\":{\"@id\":\"https:\/\/www.prijedordanas.com\/#\/schema\/logo\/image\/\"},\"sameAs\":[\"https:\/\/www.facebook.com\/PrijedorDanasCom\/\"]},{\"@type\":\"Person\",\"@id\":\"https:\/\/www.prijedordanas.com\/#\/schema\/person\/4e08ccf29b506ca916ff86d46bb700e6\",\"name\":\"admin\",\"image\":{\"@type\":\"ImageObject\",\"inLanguage\":\"en-US\",\"@id\":\"https:\/\/www.prijedordanas.com\/#\/schema\/person\/image\/\",\"url\":\"https:\/\/secure.gravatar.com\/avatar\/1d3fc949d550f0b53a5f0d51e06dfd79?s=96&d=mm&r=g\",\"contentUrl\":\"https:\/\/secure.gravatar.com\/avatar\/1d3fc949d550f0b53a5f0d51e06dfd79?s=96&d=mm&r=g\",\"caption\":\"admin\"},\"url\":\"https:\/\/www.prijedordanas.com\/?author=1\"}]}<\/script>\n<!-- \/ Yoast SEO plugin. -->","yoast_head_json":{"title":"KOZARAC-PRIJEDOR: OBILJE\u017dEN 1.MART DAN NEZAVISNOSTI BIH \u2013 FOTO - PrijedorDanas.com - Prijedorski gradski portal","robots":{"index":"index","follow":"follow","max-snippet":"max-snippet:-1","max-image-preview":"max-image-preview:large","max-video-preview":"max-video-preview:-1"},"canonical":"https:\/\/www.prijedordanas.com\/?p=99719","og_locale":"en_US","og_type":"article","og_title":"KOZARAC-PRIJEDOR: OBILJE\u017dEN 1.MART DAN NEZAVISNOSTI BIH \u2013 FOTO - PrijedorDanas.com - Prijedorski gradski portal","og_description":"U organizaciji Odbora za obilje\u017eavanje 1. marta, Dana nezavisnosti BiH, u Kozarcu kod Prijedora jutros je nakon do\u010deka gostiju polo\u017eeno cvije\u0107e na centralno Spomen obilje\u017eje u ovom naselju i prou\u010dena [&hellip;]","og_url":"https:\/\/www.prijedordanas.com\/?p=99719","og_site_name":"PrijedorDanas.com - Prijedorski gradski portal","article_publisher":"https:\/\/www.facebook.com\/PrijedorDanasCom\/","article_published_time":"2018-03-01T22:32:54+00:00","og_image":[{"url":"https:\/\/www.prijedordanas.com\/wp-content\/uploads\/2018\/03\/dan-nezavisnosti-bih-kozarac-prijedor-1-300x217.jpg"}],"author":"admin","twitter_card":"summary_large_image","twitter_misc":{"Written by":"admin","Est. reading time":"1 minute"},"schema":{"@context":"https:\/\/schema.org","@graph":[{"@type":"Article","@id":"https:\/\/www.prijedordanas.com\/?p=99719#article","isPartOf":{"@id":"https:\/\/www.prijedordanas.com\/?p=99719"},"author":{"name":"admin","@id":"https:\/\/www.prijedordanas.com\/#\/schema\/person\/4e08ccf29b506ca916ff86d46bb700e6"},"headline":"KOZARAC-PRIJEDOR: OBILJE\u017dEN 1.MART DAN NEZAVISNOSTI BIH \u2013 FOTO","datePublished":"2018-03-01T22:32:54+00:00","dateModified":"2018-03-01T22:32:54+00:00","mainEntityOfPage":{"@id":"https:\/\/www.prijedordanas.com\/?p=99719"},"wordCount":183,"publisher":{"@id":"https:\/\/www.prijedordanas.com\/#organization"},"keywords":["Kozarac","Prijedor"],"articleSection":["Svakodnevno"],"inLanguage":"en-US"},{"@type":"WebPage","@id":"https:\/\/www.prijedordanas.com\/?p=99719","url":"https:\/\/www.prijedordanas.com\/?p=99719","name":"KOZARAC-PRIJEDOR: OBILJE\u017dEN 1.MART DAN NEZAVISNOSTI BIH \u2013 FOTO - PrijedorDanas.com - Prijedorski gradski portal","isPartOf":{"@id":"https:\/\/www.prijedordanas.com\/#website"},"datePublished":"2018-03-01T22:32:54+00:00","dateModified":"2018-03-01T22:32:54+00:00","breadcrumb":{"@id":"https:\/\/www.prijedordanas.com\/?p=99719#breadcrumb"},"inLanguage":"en-US","potentialAction":[{"@type":"ReadAction","target":["https:\/\/www.prijedordanas.com\/?p=99719"]}]},{"@type":"BreadcrumbList","@id":"https:\/\/www.prijedordanas.com\/?p=99719#breadcrumb","itemListElement":[{"@type":"ListItem","position":1,"name":"Home","item":"https:\/\/www.prijedordanas.com\/"},{"@type":"ListItem","position":2,"name":"KOZARAC-PRIJEDOR: OBILJE\u017dEN 1.MART DAN NEZAVISNOSTI BIH \u2013 FOTO"}]},{"@type":"WebSite","@id":"https:\/\/www.prijedordanas.com\/#website","url":"https:\/\/www.prijedordanas.com\/","name":"PrijedorDanas.com - Prijedorski gradski portal","description":"Portal o doga\u0111anjima u gradu Prijedoru","publisher":{"@id":"https:\/\/www.prijedordanas.com\/#organization"},"potentialAction":[{"@type":"SearchAction","target":{"@type":"EntryPoint","urlTemplate":"https:\/\/www.prijedordanas.com\/?s={search_term_string}"},"query-input":"required name=search_term_string"}],"inLanguage":"en-US"},{"@type":"Organization","@id":"https:\/\/www.prijedordanas.com\/#organization","name":"PrijedorDanas.com","url":"https:\/\/www.prijedordanas.com\/","logo":{"@type":"ImageObject","inLanguage":"en-US","@id":"https:\/\/www.prijedordanas.com\/#\/schema\/logo\/image\/","url":"http:\/\/www.prijedordanas.com\/wp-content\/uploads\/2021\/12\/logopng.png","contentUrl":"http:\/\/www.prijedordanas.com\/wp-content\/uploads\/2021\/12\/logopng.png","width":1019,"height":776,"caption":"PrijedorDanas.com"},"image":{"@id":"https:\/\/www.prijedordanas.com\/#\/schema\/logo\/image\/"},"sameAs":["https:\/\/www.facebook.com\/PrijedorDanasCom\/"]},{"@type":"Person","@id":"https:\/\/www.prijedordanas.com\/#\/schema\/person\/4e08ccf29b506ca916ff86d46bb700e6","name":"admin","image":{"@type":"ImageObject","inLanguage":"en-US","@id":"https:\/\/www.prijedordanas.com\/#\/schema\/person\/image\/","url":"https:\/\/secure.gravatar.com\/avatar\/1d3fc949d550f0b53a5f0d51e06dfd79?s=96&d=mm&r=g","contentUrl":"https:\/\/secure.gravatar.com\/avatar\/1d3fc949d550f0b53a5f0d51e06dfd79?s=96&d=mm&r=g","caption":"admin"},"url":"https:\/\/www.prijedordanas.com\/?author=1"}]}},"_links":{"self":[{"href":"https:\/\/www.prijedordanas.com\/index.php?rest_route=\/wp\/v2\/posts\/99719"}],"collection":[{"href":"https:\/\/www.prijedordanas.com\/index.php?rest_route=\/wp\/v2\/posts"}],"about":[{"href":"https:\/\/www.prijedordanas.com\/index.php?rest_route=\/wp\/v2\/types\/post"}],"author":[{"embeddable":true,"href":"https:\/\/www.prijedordanas.com\/index.php?rest_route=\/wp\/v2\/users\/1"}],"replies":[{"embeddable":true,"href":"https:\/\/www.prijedordanas.com\/index.php?rest_route=%2Fwp%2Fv2%2Fcomments&post=99719"}],"version-history":[{"count":1,"href":"https:\/\/www.prijedordanas.com\/index.php?rest_route=\/wp\/v2\/posts\/99719\/revisions"}],"predecessor-version":[{"id":99727,"href":"https:\/\/www.prijedordanas.com\/index.php?rest_route=\/wp\/v2\/posts\/99719\/revisions\/99727"}],"wp:attachment":[{"href":"https:\/\/www.prijedordanas.com\/index.php?rest_route=%2Fwp%2Fv2%2Fmedia&parent=99719"}],"wp:term":[{"taxonomy":"category","embeddable":true,"href":"https:\/\/www.prijedordanas.com\/index.php?rest_route=%2Fwp%2Fv2%2Fcategories&post=99719"},{"taxonomy":"post_tag","embeddable":true,"href":"https:\/\/www.prijedordanas.com\/index.php?rest_route=%2Fwp%2Fv2%2Ftags&post=99719"}],"curies":[{"name":"wp","href":"https:\/\/api.w.org\/{rel}","templated":true}]}}