{"id":99532,"date":"2018-02-27T09:38:19","date_gmt":"2018-02-27T08:38:19","guid":{"rendered":"https:\/\/www.prijedordanas.com\/?p=99532"},"modified":"2018-02-27T13:33:01","modified_gmt":"2018-02-27T12:33:01","slug":"potpredsjednik-borca-htio-da-tuce-sudiju-iz-prijedora","status":"publish","type":"post","link":"https:\/\/www.prijedordanas.com\/?p=99532","title":{"rendered":"POTPREDSJEDNIK BORCA HTIO DA TU\u010cE SUDIJU IZ PRIJEDORA!?"},"content":{"rendered":"<p><a href=\"https:\/\/www.prijedordanas.com\/wp-content\/uploads\/2018\/02\/atv-borac-krupa-sudija.jpg\"><img loading=\"lazy\" decoding=\"async\" src=\"https:\/\/www.prijedordanas.com\/wp-content\/uploads\/2018\/02\/atv-borac-krupa-sudija-300x217.jpg\" alt=\"\" width=\"300\" height=\"217\" class=\"alignleft size-medium wp-image-99533\" srcset=\"https:\/\/www.prijedordanas.com\/wp-content\/uploads\/2018\/02\/atv-borac-krupa-sudija-300x217.jpg 300w, https:\/\/www.prijedordanas.com\/wp-content\/uploads\/2018\/02\/atv-borac-krupa-sudija-100x72.jpg 100w, https:\/\/www.prijedordanas.com\/wp-content\/uploads\/2018\/02\/atv-borac-krupa-sudija.jpg 690w\" sizes=\"(max-width: 300px) 100vw, 300px\" \/><\/a>Potpredsjednik Fudbalskog klub Borac Vico Zeljkovi\u0107 nakon poraza od Krupe (0:1) poku\u0161ao je fizi\u010dki da se obra\u010duna sa glavnim sudijom Zoranom Grbi\u0107em iz Prijedora.<\/p>\n<p>Ovo je u zvani\u010dnom zapisniku napisao delegat Mile Mandi\u0107, navode\u0107i da je te\u017ei incident sprije\u010dio komesar za bezbjednost \u201ccrveno-plavih\u201d Aco Milo\u0161evi\u0107.<\/p>\n<p>Lokalni derbi odigran je prekju\u010de na Gradskom stadionu u uslovima koji su bili na ivici regularnosti. Te\u017eak, zale\u0111en teren sprije\u010dio je ekipe da poka\u017eu \u0161ta znaju, a u takvim okolnostima bolje su se sna\u0161li gosti, koji su s(p)retno stigli do minimalnog trijumfa.<\/p>\n<p>Novi poraz, koji je Banjalu\u010dane prakti\u010dno poslao u Ligu za opstanak, razljutio je doma\u0107e, koji su krivca na\u0161li u arbitru iz Prijedora. Grbi\u0107u, prije svega, zamjeraju \u017eute kartone Mladenu Veselinovi\u0107u i Aleksandru Radulovi\u0107u, te niz situacija u kojima je, prema njihovom mi\u0161ljenju, o\u0161tetio Borac.<\/p>\n<p>\u201cNajratoborniji\u201d je bio Zeljkovi\u0107, \u010dije pona\u0161anje u svojevrsnom tre\u0107em poluvremenu je opisao delegat Mandi\u0107, u ve\u0107 pomenutom zapisniku.<\/p>\n<p><a href=\"https:\/\/www.prijedordanas.com\/wp-content\/uploads\/2018\/02\/zapisnik-borac-krupa.jpg\"><img loading=\"lazy\" decoding=\"async\" src=\"https:\/\/www.prijedordanas.com\/wp-content\/uploads\/2018\/02\/zapisnik-borac-krupa-300x290.jpg\" alt=\"\" width=\"300\" height=\"290\" class=\"alignleft size-medium wp-image-99538\" srcset=\"https:\/\/www.prijedordanas.com\/wp-content\/uploads\/2018\/02\/zapisnik-borac-krupa-300x290.jpg 300w, https:\/\/www.prijedordanas.com\/wp-content\/uploads\/2018\/02\/zapisnik-borac-krupa-100x97.jpg 100w, https:\/\/www.prijedordanas.com\/wp-content\/uploads\/2018\/02\/zapisnik-borac-krupa.jpg 600w\" sizes=\"(max-width: 300px) 100vw, 300px\" \/><\/a>\u2013 Na osnovu prijave glavnog sudije Grbi\u0107a te komesara Hajlovca po zavr\u0161etku utakmice, a prilikom izlaska slu\u017ebenih lica sa terena, \u010dlan uprave FK Borac Vico Zeljkovi\u0107 prilazi sudiji utakmice i u verbalnom obra\u0107anju upu\u0107uje pogrdne rije\u010di i prijetnje \u0161to se nastavlja do samog ulaska u svla\u010dionicu. Nakon toga, u par navrata poku\u0161ava u\u0107i u svla\u010dionicu prijete\u0107i glavnom sudiji Grbi\u0107u da \u0107e dobiti batine. U toj namjeri je zadr\u017ean od strane Komesara za bezbjednost Ace Milo\u0161evi\u0107a \u2013 pi\u0161e u zvani\u010dnom dokumentu.<\/p>\n<p>Poku\u0161ali smo da kontaktiramo i samog Zeljkovi\u0107a kako bi ispri\u010dao svoju verziju pri\u010de, me\u0111utim, potpredsjednik kluba iz Platonove nije odgovarao na na\u0161e pozive, pi\u0161e Srpskacafe.com.<\/p>\n<p>No, ono \u0161to je sigurno je da \u0107e Zeljkovi\u0107 morati da napi\u0161e slu\u017ebenu izjavu prije nego \u0161to ovaj slu\u010daj do\u0111e na stol Disciplinske komisije. Kada se oglase sve relevante strane, \u201cdisciplinci\u201d \u0107e Banjalu\u010danima izre\u0107i novu kaznu.<\/p>\n<p>\u2013 Borac \u0107e biti nov\u010dano sankcionisan zbog slabe organizacije utakmice. Nedopustivo je da se \u010dlan naju\u017eeg rukovodstva bilo kojeg kluba tako pona\u0161a. S druge strane, i Zeljkovi\u0107a o\u010dekuje kazna. Prema disciplinskom pravilniku, i on \u0107e morati da plati odre\u0111eni iznos, a izvjesno je i da \u0107e biti suspendovan \u2013 za SrpskaCafe je izjavio izvor blizak Disciplinskoj komisiji, napominju\u0107i da Banjalu\u010dani do 22. marta moraju da prona\u0111u vi\u0161e od 100.000 maraka kako bi izbjegli sankcije zbog dugova prema biv\u0161im igra\u010dima i trenerima.<\/p>\n<p>ATV BL<\/p>\n","protected":false},"excerpt":{"rendered":"<p>Potpredsjednik Fudbalskog klub Borac Vico Zeljkovi\u0107 nakon poraza od Krupe (0:1) poku\u0161ao je fizi\u010dki da se obra\u010duna sa glavnim sudijom Zoranom Grbi\u0107em iz Prijedora. Ovo je u zvani\u010dnom zapisniku napisao [&hellip;]<\/p>\n","protected":false},"author":1,"featured_media":0,"comment_status":"closed","ping_status":"open","sticky":false,"template":"","format":"standard","meta":{"_monsterinsights_skip_tracking":false,"_monsterinsights_sitenote_active":false,"_monsterinsights_sitenote_note":"","_monsterinsights_sitenote_category":0,"footnotes":""},"categories":[7],"tags":[2080,10439],"yoast_head":"<!-- This site is optimized with the Yoast SEO plugin v21.6 - https:\/\/yoast.com\/wordpress\/plugins\/seo\/ -->\n<title>POTPREDSJEDNIK BORCA HTIO DA TU\u010cE SUDIJU IZ PRIJEDORA!? - PrijedorDanas.com - Prijedorski gradski portal<\/title>\n<meta name=\"robots\" content=\"index, follow, max-snippet:-1, max-image-preview:large, max-video-preview:-1\" \/>\n<link rel=\"canonical\" href=\"https:\/\/www.prijedordanas.com\/?p=99532\" \/>\n<meta property=\"og:locale\" content=\"en_US\" \/>\n<meta property=\"og:type\" content=\"article\" \/>\n<meta property=\"og:title\" content=\"POTPREDSJEDNIK BORCA HTIO DA TU\u010cE SUDIJU IZ PRIJEDORA!? - PrijedorDanas.com - Prijedorski gradski portal\" \/>\n<meta property=\"og:description\" content=\"Potpredsjednik Fudbalskog klub Borac Vico Zeljkovi\u0107 nakon poraza od Krupe (0:1) poku\u0161ao je fizi\u010dki da se obra\u010duna sa glavnim sudijom Zoranom Grbi\u0107em iz Prijedora. Ovo je u zvani\u010dnom zapisniku napisao [&hellip;]\" \/>\n<meta property=\"og:url\" content=\"https:\/\/www.prijedordanas.com\/?p=99532\" \/>\n<meta property=\"og:site_name\" content=\"PrijedorDanas.com - Prijedorski gradski portal\" \/>\n<meta property=\"article:publisher\" content=\"https:\/\/www.facebook.com\/PrijedorDanasCom\/\" \/>\n<meta property=\"article:published_time\" content=\"2018-02-27T08:38:19+00:00\" \/>\n<meta property=\"article:modified_time\" content=\"2018-02-27T12:33:01+00:00\" \/>\n<meta property=\"og:image\" content=\"https:\/\/www.prijedordanas.com\/wp-content\/uploads\/2018\/02\/atv-borac-krupa-sudija-300x217.jpg\" \/>\n<meta name=\"author\" content=\"admin\" \/>\n<meta name=\"twitter:card\" content=\"summary_large_image\" \/>\n<meta name=\"twitter:label1\" content=\"Written by\" \/>\n\t<meta name=\"twitter:data1\" content=\"admin\" \/>\n\t<meta name=\"twitter:label2\" content=\"Est. reading time\" \/>\n\t<meta name=\"twitter:data2\" content=\"2 minutes\" \/>\n<script type=\"application\/ld+json\" class=\"yoast-schema-graph\">{\"@context\":\"https:\/\/schema.org\",\"@graph\":[{\"@type\":\"Article\",\"@id\":\"https:\/\/www.prijedordanas.com\/?p=99532#article\",\"isPartOf\":{\"@id\":\"https:\/\/www.prijedordanas.com\/?p=99532\"},\"author\":{\"name\":\"admin\",\"@id\":\"https:\/\/www.prijedordanas.com\/#\/schema\/person\/4e08ccf29b506ca916ff86d46bb700e6\"},\"headline\":\"POTPREDSJEDNIK BORCA HTIO DA TU\u010cE SUDIJU IZ PRIJEDORA!?\",\"datePublished\":\"2018-02-27T08:38:19+00:00\",\"dateModified\":\"2018-02-27T12:33:01+00:00\",\"mainEntityOfPage\":{\"@id\":\"https:\/\/www.prijedordanas.com\/?p=99532\"},\"wordCount\":446,\"publisher\":{\"@id\":\"https:\/\/www.prijedordanas.com\/#organization\"},\"keywords\":[\"sudija\",\"Zoran Grbi\u0107\"],\"articleSection\":[\"Sport\"],\"inLanguage\":\"en-US\"},{\"@type\":\"WebPage\",\"@id\":\"https:\/\/www.prijedordanas.com\/?p=99532\",\"url\":\"https:\/\/www.prijedordanas.com\/?p=99532\",\"name\":\"POTPREDSJEDNIK BORCA HTIO DA TU\u010cE SUDIJU IZ PRIJEDORA!? - PrijedorDanas.com - Prijedorski gradski portal\",\"isPartOf\":{\"@id\":\"https:\/\/www.prijedordanas.com\/#website\"},\"datePublished\":\"2018-02-27T08:38:19+00:00\",\"dateModified\":\"2018-02-27T12:33:01+00:00\",\"breadcrumb\":{\"@id\":\"https:\/\/www.prijedordanas.com\/?p=99532#breadcrumb\"},\"inLanguage\":\"en-US\",\"potentialAction\":[{\"@type\":\"ReadAction\",\"target\":[\"https:\/\/www.prijedordanas.com\/?p=99532\"]}]},{\"@type\":\"BreadcrumbList\",\"@id\":\"https:\/\/www.prijedordanas.com\/?p=99532#breadcrumb\",\"itemListElement\":[{\"@type\":\"ListItem\",\"position\":1,\"name\":\"Home\",\"item\":\"https:\/\/www.prijedordanas.com\/\"},{\"@type\":\"ListItem\",\"position\":2,\"name\":\"POTPREDSJEDNIK BORCA HTIO DA TU\u010cE SUDIJU IZ PRIJEDORA!?\"}]},{\"@type\":\"WebSite\",\"@id\":\"https:\/\/www.prijedordanas.com\/#website\",\"url\":\"https:\/\/www.prijedordanas.com\/\",\"name\":\"PrijedorDanas.com - Prijedorski gradski portal\",\"description\":\"Portal o doga\u0111anjima u gradu Prijedoru\",\"publisher\":{\"@id\":\"https:\/\/www.prijedordanas.com\/#organization\"},\"potentialAction\":[{\"@type\":\"SearchAction\",\"target\":{\"@type\":\"EntryPoint\",\"urlTemplate\":\"https:\/\/www.prijedordanas.com\/?s={search_term_string}\"},\"query-input\":\"required name=search_term_string\"}],\"inLanguage\":\"en-US\"},{\"@type\":\"Organization\",\"@id\":\"https:\/\/www.prijedordanas.com\/#organization\",\"name\":\"PrijedorDanas.com\",\"url\":\"https:\/\/www.prijedordanas.com\/\",\"logo\":{\"@type\":\"ImageObject\",\"inLanguage\":\"en-US\",\"@id\":\"https:\/\/www.prijedordanas.com\/#\/schema\/logo\/image\/\",\"url\":\"http:\/\/www.prijedordanas.com\/wp-content\/uploads\/2021\/12\/logopng.png\",\"contentUrl\":\"http:\/\/www.prijedordanas.com\/wp-content\/uploads\/2021\/12\/logopng.png\",\"width\":1019,\"height\":776,\"caption\":\"PrijedorDanas.com\"},\"image\":{\"@id\":\"https:\/\/www.prijedordanas.com\/#\/schema\/logo\/image\/\"},\"sameAs\":[\"https:\/\/www.facebook.com\/PrijedorDanasCom\/\"]},{\"@type\":\"Person\",\"@id\":\"https:\/\/www.prijedordanas.com\/#\/schema\/person\/4e08ccf29b506ca916ff86d46bb700e6\",\"name\":\"admin\",\"image\":{\"@type\":\"ImageObject\",\"inLanguage\":\"en-US\",\"@id\":\"https:\/\/www.prijedordanas.com\/#\/schema\/person\/image\/\",\"url\":\"https:\/\/secure.gravatar.com\/avatar\/1d3fc949d550f0b53a5f0d51e06dfd79?s=96&d=mm&r=g\",\"contentUrl\":\"https:\/\/secure.gravatar.com\/avatar\/1d3fc949d550f0b53a5f0d51e06dfd79?s=96&d=mm&r=g\",\"caption\":\"admin\"},\"url\":\"https:\/\/www.prijedordanas.com\/?author=1\"}]}<\/script>\n<!-- \/ Yoast SEO plugin. -->","yoast_head_json":{"title":"POTPREDSJEDNIK BORCA HTIO DA TU\u010cE SUDIJU IZ PRIJEDORA!? - PrijedorDanas.com - Prijedorski gradski portal","robots":{"index":"index","follow":"follow","max-snippet":"max-snippet:-1","max-image-preview":"max-image-preview:large","max-video-preview":"max-video-preview:-1"},"canonical":"https:\/\/www.prijedordanas.com\/?p=99532","og_locale":"en_US","og_type":"article","og_title":"POTPREDSJEDNIK BORCA HTIO DA TU\u010cE SUDIJU IZ PRIJEDORA!? - PrijedorDanas.com - Prijedorski gradski portal","og_description":"Potpredsjednik Fudbalskog klub Borac Vico Zeljkovi\u0107 nakon poraza od Krupe (0:1) poku\u0161ao je fizi\u010dki da se obra\u010duna sa glavnim sudijom Zoranom Grbi\u0107em iz Prijedora. Ovo je u zvani\u010dnom zapisniku napisao [&hellip;]","og_url":"https:\/\/www.prijedordanas.com\/?p=99532","og_site_name":"PrijedorDanas.com - Prijedorski gradski portal","article_publisher":"https:\/\/www.facebook.com\/PrijedorDanasCom\/","article_published_time":"2018-02-27T08:38:19+00:00","article_modified_time":"2018-02-27T12:33:01+00:00","og_image":[{"url":"https:\/\/www.prijedordanas.com\/wp-content\/uploads\/2018\/02\/atv-borac-krupa-sudija-300x217.jpg"}],"author":"admin","twitter_card":"summary_large_image","twitter_misc":{"Written by":"admin","Est. reading time":"2 minutes"},"schema":{"@context":"https:\/\/schema.org","@graph":[{"@type":"Article","@id":"https:\/\/www.prijedordanas.com\/?p=99532#article","isPartOf":{"@id":"https:\/\/www.prijedordanas.com\/?p=99532"},"author":{"name":"admin","@id":"https:\/\/www.prijedordanas.com\/#\/schema\/person\/4e08ccf29b506ca916ff86d46bb700e6"},"headline":"POTPREDSJEDNIK BORCA HTIO DA TU\u010cE SUDIJU IZ PRIJEDORA!?","datePublished":"2018-02-27T08:38:19+00:00","dateModified":"2018-02-27T12:33:01+00:00","mainEntityOfPage":{"@id":"https:\/\/www.prijedordanas.com\/?p=99532"},"wordCount":446,"publisher":{"@id":"https:\/\/www.prijedordanas.com\/#organization"},"keywords":["sudija","Zoran Grbi\u0107"],"articleSection":["Sport"],"inLanguage":"en-US"},{"@type":"WebPage","@id":"https:\/\/www.prijedordanas.com\/?p=99532","url":"https:\/\/www.prijedordanas.com\/?p=99532","name":"POTPREDSJEDNIK BORCA HTIO DA TU\u010cE SUDIJU IZ PRIJEDORA!? - PrijedorDanas.com - Prijedorski gradski portal","isPartOf":{"@id":"https:\/\/www.prijedordanas.com\/#website"},"datePublished":"2018-02-27T08:38:19+00:00","dateModified":"2018-02-27T12:33:01+00:00","breadcrumb":{"@id":"https:\/\/www.prijedordanas.com\/?p=99532#breadcrumb"},"inLanguage":"en-US","potentialAction":[{"@type":"ReadAction","target":["https:\/\/www.prijedordanas.com\/?p=99532"]}]},{"@type":"BreadcrumbList","@id":"https:\/\/www.prijedordanas.com\/?p=99532#breadcrumb","itemListElement":[{"@type":"ListItem","position":1,"name":"Home","item":"https:\/\/www.prijedordanas.com\/"},{"@type":"ListItem","position":2,"name":"POTPREDSJEDNIK BORCA HTIO DA TU\u010cE SUDIJU IZ PRIJEDORA!?"}]},{"@type":"WebSite","@id":"https:\/\/www.prijedordanas.com\/#website","url":"https:\/\/www.prijedordanas.com\/","name":"PrijedorDanas.com - Prijedorski gradski portal","description":"Portal o doga\u0111anjima u gradu Prijedoru","publisher":{"@id":"https:\/\/www.prijedordanas.com\/#organization"},"potentialAction":[{"@type":"SearchAction","target":{"@type":"EntryPoint","urlTemplate":"https:\/\/www.prijedordanas.com\/?s={search_term_string}"},"query-input":"required name=search_term_string"}],"inLanguage":"en-US"},{"@type":"Organization","@id":"https:\/\/www.prijedordanas.com\/#organization","name":"PrijedorDanas.com","url":"https:\/\/www.prijedordanas.com\/","logo":{"@type":"ImageObject","inLanguage":"en-US","@id":"https:\/\/www.prijedordanas.com\/#\/schema\/logo\/image\/","url":"http:\/\/www.prijedordanas.com\/wp-content\/uploads\/2021\/12\/logopng.png","contentUrl":"http:\/\/www.prijedordanas.com\/wp-content\/uploads\/2021\/12\/logopng.png","width":1019,"height":776,"caption":"PrijedorDanas.com"},"image":{"@id":"https:\/\/www.prijedordanas.com\/#\/schema\/logo\/image\/"},"sameAs":["https:\/\/www.facebook.com\/PrijedorDanasCom\/"]},{"@type":"Person","@id":"https:\/\/www.prijedordanas.com\/#\/schema\/person\/4e08ccf29b506ca916ff86d46bb700e6","name":"admin","image":{"@type":"ImageObject","inLanguage":"en-US","@id":"https:\/\/www.prijedordanas.com\/#\/schema\/person\/image\/","url":"https:\/\/secure.gravatar.com\/avatar\/1d3fc949d550f0b53a5f0d51e06dfd79?s=96&d=mm&r=g","contentUrl":"https:\/\/secure.gravatar.com\/avatar\/1d3fc949d550f0b53a5f0d51e06dfd79?s=96&d=mm&r=g","caption":"admin"},"url":"https:\/\/www.prijedordanas.com\/?author=1"}]}},"_links":{"self":[{"href":"https:\/\/www.prijedordanas.com\/index.php?rest_route=\/wp\/v2\/posts\/99532"}],"collection":[{"href":"https:\/\/www.prijedordanas.com\/index.php?rest_route=\/wp\/v2\/posts"}],"about":[{"href":"https:\/\/www.prijedordanas.com\/index.php?rest_route=\/wp\/v2\/types\/post"}],"author":[{"embeddable":true,"href":"https:\/\/www.prijedordanas.com\/index.php?rest_route=\/wp\/v2\/users\/1"}],"replies":[{"embeddable":true,"href":"https:\/\/www.prijedordanas.com\/index.php?rest_route=%2Fwp%2Fv2%2Fcomments&post=99532"}],"version-history":[{"count":3,"href":"https:\/\/www.prijedordanas.com\/index.php?rest_route=\/wp\/v2\/posts\/99532\/revisions"}],"predecessor-version":[{"id":99540,"href":"https:\/\/www.prijedordanas.com\/index.php?rest_route=\/wp\/v2\/posts\/99532\/revisions\/99540"}],"wp:attachment":[{"href":"https:\/\/www.prijedordanas.com\/index.php?rest_route=%2Fwp%2Fv2%2Fmedia&parent=99532"}],"wp:term":[{"taxonomy":"category","embeddable":true,"href":"https:\/\/www.prijedordanas.com\/index.php?rest_route=%2Fwp%2Fv2%2Fcategories&post=99532"},{"taxonomy":"post_tag","embeddable":true,"href":"https:\/\/www.prijedordanas.com\/index.php?rest_route=%2Fwp%2Fv2%2Ftags&post=99532"}],"curies":[{"name":"wp","href":"https:\/\/api.w.org\/{rel}","templated":true}]}}