{"id":99393,"date":"2018-02-25T09:02:12","date_gmt":"2018-02-25T08:02:12","guid":{"rendered":"https:\/\/www.prijedordanas.com\/?p=99393"},"modified":"2018-02-25T09:02:12","modified_gmt":"2018-02-25T08:02:12","slug":"pozorisni-festival-osvjezenje-umjetnicke-scene-u-prijedoru","status":"publish","type":"post","link":"https:\/\/www.prijedordanas.com\/?p=99393","title":{"rendered":"POZORI\u0160NI FESTIVAL OSVJE\u017dENJE UMJETNI\u010cKE SCENE U PRIJEDORU"},"content":{"rendered":"<p><a href=\"https:\/\/www.prijedordanas.com\/wp-content\/uploads\/2018\/02\/samoubica-premijera-2.jpg\"><img loading=\"lazy\" decoding=\"async\" class=\"alignleft size-medium wp-image-99394\" src=\"https:\/\/www.prijedordanas.com\/wp-content\/uploads\/2018\/02\/samoubica-premijera-2-300x222.jpg\" alt=\"\" width=\"300\" height=\"222\" srcset=\"https:\/\/www.prijedordanas.com\/wp-content\/uploads\/2018\/02\/samoubica-premijera-2-300x222.jpg 300w, https:\/\/www.prijedordanas.com\/wp-content\/uploads\/2018\/02\/samoubica-premijera-2-100x74.jpg 100w, https:\/\/www.prijedordanas.com\/wp-content\/uploads\/2018\/02\/samoubica-premijera-2.jpg 675w\" sizes=\"(max-width: 300px) 100vw, 300px\" \/><\/a>Prijedor bi ponovo trebalo da dobije pozori\u0161ni festival, a direktor Pozori\u0161ta Prijedor Zoran Baro\u0161 ka\u017ee da je vijest obradovala ljubitelje umjetnosti u ovom gradu.<\/p>\n<p>&#8211; To je izuzetno zna\u010dajna stvar s obzirom na to da Prijedor ima pozori\u0161te 65 godina i ima isprofilisani pozori\u0161nu publiku. Ne smijemo zaboraviti da je ovdje postojao pozori\u0161ni festival, a osnivanje novog bilo bi dobro za na\u0161u ku\u0107u i za grad &#8211; rekao je Baro\u0161.<\/p>\n<p>Dodaje da je prijedlog da to bude festival profesionalnih teatara.<\/p>\n<p>&#8211; Predla\u017eemo da u\u010destvuju pozori\u0161ta iz regiona. Sve ostalo je u fazi razmatranja i vi\u0161e detalja trebalo bi biti poznato do kraja marta. Ali ono \u0161to je izvjesno je da \u0107e organizacija festivala po\u010deti naredne godine &#8211; kazao je Baro\u0161.<\/p>\n<p><a href=\"https:\/\/www.prijedordanas.com\/wp-content\/uploads\/2017\/05\/baros.jpg\"><img loading=\"lazy\" decoding=\"async\" class=\"alignleft size-medium wp-image-80522\" src=\"https:\/\/www.prijedordanas.com\/wp-content\/uploads\/2017\/05\/baros-300x217.jpg\" alt=\"\" width=\"300\" height=\"217\" srcset=\"https:\/\/www.prijedordanas.com\/wp-content\/uploads\/2017\/05\/baros-300x217.jpg 300w, https:\/\/www.prijedordanas.com\/wp-content\/uploads\/2017\/05\/baros-100x72.jpg 100w, https:\/\/www.prijedordanas.com\/wp-content\/uploads\/2017\/05\/baros.jpg 690w\" sizes=\"(max-width: 300px) 100vw, 300px\" \/><\/a>Vjeruje da \u0107e za vrijeme trajanja festivala mo\u0107i razmijeniti iskustva i uspostaviti saradnju sa kvalitetnim pozori\u0161nim ku\u0107ama. Sa druge strane, publika \u0107e imati priliku da vidi niz kvalitetnih predstava i da stekne uvid u pozori\u0161nu produkciju u regionu.<\/p>\n<p>Ono \u0161to je za sada izvjesno je i da su osniva\u010di festivala Grad Prijedor i Pozori\u0161te Prijedor i da se ne\u0107e odr\u017eavati svake godine nego bijenalno, odnosno naizmjeni\u010dno sa festivalom horova &#8220;Zlatna vila&#8221;.<\/p>\n<p>Iz gradskog Odjeljenja za dru\u0161tvene djelatnosti potvr\u0111eno je da \u0107e to biti dobar na\u010din da se prevlada zasi\u0107enje u organizaciono zahtjevnoj manifestaciji kakav je festival horova koji \u0107e u rasponu od dvije godine biti u prilici da dovede kvalitetne horske pjeva\u010de.<\/p>\n<p><a href=\"https:\/\/www.prijedordanas.com\/wp-content\/uploads\/2016\/11\/bunar-premijera-2.jpg\"><img loading=\"lazy\" decoding=\"async\" src=\"https:\/\/www.prijedordanas.com\/wp-content\/uploads\/2016\/11\/bunar-premijera-2-300x222.jpg\" alt=\"\" width=\"300\" height=\"222\" class=\"alignleft size-medium wp-image-67401\" srcset=\"https:\/\/www.prijedordanas.com\/wp-content\/uploads\/2016\/11\/bunar-premijera-2-300x222.jpg 300w, https:\/\/www.prijedordanas.com\/wp-content\/uploads\/2016\/11\/bunar-premijera-2-100x74.jpg 100w, https:\/\/www.prijedordanas.com\/wp-content\/uploads\/2016\/11\/bunar-premijera-2.jpg 675w\" sizes=\"(max-width: 300px) 100vw, 300px\" \/><\/a>&#8211; Isto se, na inicijativu Muzeja Kozare, desilo sa likovnom kolonijom &#8220;Sreten Stojanovi\u0107&#8221; koja se sada odr\u017eava svake druge godine, smjenjuju\u0107i se s bijenalom radova na papiru i to zna\u010di da \u0107e dvogodi\u0161nja dinamika i ovog festivala, kao i pozori\u0161nog, omogu\u0107iti kvalitetnije pripreme i siguran kontinuitet &#8211; isti\u010du u Odjeljenju za dru\u0161tvene djelatnosti.<\/p>\n<p>Poznato je i to da \u0107e se festival, kao i horska smotra, odr\u017eavati sredinom maja kao dio programa obilje\u017eavanja Dana grada Prijedora.<\/p>\n<p>Osniva\u010di su, ka\u017eu, sigurni da budu\u0107i festival ne\u0107e do\u017eivjeti sudbinu prethodnog. Naime, 1993. godine op\u0161tina Prijedor i &#8220;Srna fest&#8221; osnovali su Festival pozori\u0161ta Republike Srpske &#8220;Ko\u010di\u0107eva srpska scena&#8221; koji je posljednji put odr\u017ean 2006. godine.<\/p>\n<p>Glas Srpske<\/p>\n","protected":false},"excerpt":{"rendered":"<p>Prijedor bi ponovo trebalo da dobije pozori\u0161ni festival, a direktor Pozori\u0161ta Prijedor Zoran Baro\u0161 ka\u017ee da je vijest obradovala ljubitelje umjetnosti u ovom gradu. &#8211; To je izuzetno zna\u010dajna stvar [&hellip;]<\/p>\n","protected":false},"author":1,"featured_media":0,"comment_status":"closed","ping_status":"open","sticky":false,"template":"","format":"standard","meta":{"_monsterinsights_skip_tracking":false,"_monsterinsights_sitenote_active":false,"_monsterinsights_sitenote_note":"","_monsterinsights_sitenote_category":0,"footnotes":""},"categories":[6],"tags":[10434],"yoast_head":"<!-- This site is optimized with the Yoast SEO plugin v21.6 - https:\/\/yoast.com\/wordpress\/plugins\/seo\/ -->\n<title>POZORI\u0160NI FESTIVAL OSVJE\u017dENJE UMJETNI\u010cKE SCENE U PRIJEDORU - PrijedorDanas.com - Prijedorski gradski portal<\/title>\n<meta name=\"robots\" content=\"index, follow, max-snippet:-1, max-image-preview:large, max-video-preview:-1\" \/>\n<link rel=\"canonical\" href=\"https:\/\/www.prijedordanas.com\/?p=99393\" \/>\n<meta property=\"og:locale\" content=\"en_US\" \/>\n<meta property=\"og:type\" content=\"article\" \/>\n<meta property=\"og:title\" content=\"POZORI\u0160NI FESTIVAL OSVJE\u017dENJE UMJETNI\u010cKE SCENE U PRIJEDORU - PrijedorDanas.com - Prijedorski gradski portal\" \/>\n<meta property=\"og:description\" content=\"Prijedor bi ponovo trebalo da dobije pozori\u0161ni festival, a direktor Pozori\u0161ta Prijedor Zoran Baro\u0161 ka\u017ee da je vijest obradovala ljubitelje umjetnosti u ovom gradu. &#8211; To je izuzetno zna\u010dajna stvar [&hellip;]\" \/>\n<meta property=\"og:url\" content=\"https:\/\/www.prijedordanas.com\/?p=99393\" \/>\n<meta property=\"og:site_name\" content=\"PrijedorDanas.com - Prijedorski gradski portal\" \/>\n<meta property=\"article:publisher\" content=\"https:\/\/www.facebook.com\/PrijedorDanasCom\/\" \/>\n<meta property=\"article:published_time\" content=\"2018-02-25T08:02:12+00:00\" \/>\n<meta property=\"og:image\" content=\"https:\/\/www.prijedordanas.com\/wp-content\/uploads\/2018\/02\/samoubica-premijera-2-300x222.jpg\" \/>\n<meta name=\"author\" content=\"admin\" \/>\n<meta name=\"twitter:card\" content=\"summary_large_image\" \/>\n<meta name=\"twitter:label1\" content=\"Written by\" \/>\n\t<meta name=\"twitter:data1\" content=\"admin\" \/>\n\t<meta name=\"twitter:label2\" content=\"Est. reading time\" \/>\n\t<meta name=\"twitter:data2\" content=\"2 minutes\" \/>\n<script type=\"application\/ld+json\" class=\"yoast-schema-graph\">{\"@context\":\"https:\/\/schema.org\",\"@graph\":[{\"@type\":\"Article\",\"@id\":\"https:\/\/www.prijedordanas.com\/?p=99393#article\",\"isPartOf\":{\"@id\":\"https:\/\/www.prijedordanas.com\/?p=99393\"},\"author\":{\"name\":\"admin\",\"@id\":\"https:\/\/www.prijedordanas.com\/#\/schema\/person\/4e08ccf29b506ca916ff86d46bb700e6\"},\"headline\":\"POZORI\u0160NI FESTIVAL OSVJE\u017dENJE UMJETNI\u010cKE SCENE U PRIJEDORU\",\"datePublished\":\"2018-02-25T08:02:12+00:00\",\"dateModified\":\"2018-02-25T08:02:12+00:00\",\"mainEntityOfPage\":{\"@id\":\"https:\/\/www.prijedordanas.com\/?p=99393\"},\"wordCount\":399,\"publisher\":{\"@id\":\"https:\/\/www.prijedordanas.com\/#organization\"},\"keywords\":[\"pozori\u0161ni festival\"],\"articleSection\":[\"Kultura\"],\"inLanguage\":\"en-US\"},{\"@type\":\"WebPage\",\"@id\":\"https:\/\/www.prijedordanas.com\/?p=99393\",\"url\":\"https:\/\/www.prijedordanas.com\/?p=99393\",\"name\":\"POZORI\u0160NI FESTIVAL OSVJE\u017dENJE UMJETNI\u010cKE SCENE U PRIJEDORU - PrijedorDanas.com - Prijedorski gradski portal\",\"isPartOf\":{\"@id\":\"https:\/\/www.prijedordanas.com\/#website\"},\"datePublished\":\"2018-02-25T08:02:12+00:00\",\"dateModified\":\"2018-02-25T08:02:12+00:00\",\"breadcrumb\":{\"@id\":\"https:\/\/www.prijedordanas.com\/?p=99393#breadcrumb\"},\"inLanguage\":\"en-US\",\"potentialAction\":[{\"@type\":\"ReadAction\",\"target\":[\"https:\/\/www.prijedordanas.com\/?p=99393\"]}]},{\"@type\":\"BreadcrumbList\",\"@id\":\"https:\/\/www.prijedordanas.com\/?p=99393#breadcrumb\",\"itemListElement\":[{\"@type\":\"ListItem\",\"position\":1,\"name\":\"Home\",\"item\":\"https:\/\/www.prijedordanas.com\/\"},{\"@type\":\"ListItem\",\"position\":2,\"name\":\"POZORI\u0160NI FESTIVAL OSVJE\u017dENJE UMJETNI\u010cKE SCENE U PRIJEDORU\"}]},{\"@type\":\"WebSite\",\"@id\":\"https:\/\/www.prijedordanas.com\/#website\",\"url\":\"https:\/\/www.prijedordanas.com\/\",\"name\":\"PrijedorDanas.com - Prijedorski gradski portal\",\"description\":\"Portal o doga\u0111anjima u gradu Prijedoru\",\"publisher\":{\"@id\":\"https:\/\/www.prijedordanas.com\/#organization\"},\"potentialAction\":[{\"@type\":\"SearchAction\",\"target\":{\"@type\":\"EntryPoint\",\"urlTemplate\":\"https:\/\/www.prijedordanas.com\/?s={search_term_string}\"},\"query-input\":\"required name=search_term_string\"}],\"inLanguage\":\"en-US\"},{\"@type\":\"Organization\",\"@id\":\"https:\/\/www.prijedordanas.com\/#organization\",\"name\":\"PrijedorDanas.com\",\"url\":\"https:\/\/www.prijedordanas.com\/\",\"logo\":{\"@type\":\"ImageObject\",\"inLanguage\":\"en-US\",\"@id\":\"https:\/\/www.prijedordanas.com\/#\/schema\/logo\/image\/\",\"url\":\"http:\/\/www.prijedordanas.com\/wp-content\/uploads\/2021\/12\/logopng.png\",\"contentUrl\":\"http:\/\/www.prijedordanas.com\/wp-content\/uploads\/2021\/12\/logopng.png\",\"width\":1019,\"height\":776,\"caption\":\"PrijedorDanas.com\"},\"image\":{\"@id\":\"https:\/\/www.prijedordanas.com\/#\/schema\/logo\/image\/\"},\"sameAs\":[\"https:\/\/www.facebook.com\/PrijedorDanasCom\/\"]},{\"@type\":\"Person\",\"@id\":\"https:\/\/www.prijedordanas.com\/#\/schema\/person\/4e08ccf29b506ca916ff86d46bb700e6\",\"name\":\"admin\",\"image\":{\"@type\":\"ImageObject\",\"inLanguage\":\"en-US\",\"@id\":\"https:\/\/www.prijedordanas.com\/#\/schema\/person\/image\/\",\"url\":\"https:\/\/secure.gravatar.com\/avatar\/1d3fc949d550f0b53a5f0d51e06dfd79?s=96&d=mm&r=g\",\"contentUrl\":\"https:\/\/secure.gravatar.com\/avatar\/1d3fc949d550f0b53a5f0d51e06dfd79?s=96&d=mm&r=g\",\"caption\":\"admin\"},\"url\":\"https:\/\/www.prijedordanas.com\/?author=1\"}]}<\/script>\n<!-- \/ Yoast SEO plugin. -->","yoast_head_json":{"title":"POZORI\u0160NI FESTIVAL OSVJE\u017dENJE UMJETNI\u010cKE SCENE U PRIJEDORU - PrijedorDanas.com - Prijedorski gradski portal","robots":{"index":"index","follow":"follow","max-snippet":"max-snippet:-1","max-image-preview":"max-image-preview:large","max-video-preview":"max-video-preview:-1"},"canonical":"https:\/\/www.prijedordanas.com\/?p=99393","og_locale":"en_US","og_type":"article","og_title":"POZORI\u0160NI FESTIVAL OSVJE\u017dENJE UMJETNI\u010cKE SCENE U PRIJEDORU - PrijedorDanas.com - Prijedorski gradski portal","og_description":"Prijedor bi ponovo trebalo da dobije pozori\u0161ni festival, a direktor Pozori\u0161ta Prijedor Zoran Baro\u0161 ka\u017ee da je vijest obradovala ljubitelje umjetnosti u ovom gradu. &#8211; To je izuzetno zna\u010dajna stvar [&hellip;]","og_url":"https:\/\/www.prijedordanas.com\/?p=99393","og_site_name":"PrijedorDanas.com - Prijedorski gradski portal","article_publisher":"https:\/\/www.facebook.com\/PrijedorDanasCom\/","article_published_time":"2018-02-25T08:02:12+00:00","og_image":[{"url":"https:\/\/www.prijedordanas.com\/wp-content\/uploads\/2018\/02\/samoubica-premijera-2-300x222.jpg"}],"author":"admin","twitter_card":"summary_large_image","twitter_misc":{"Written by":"admin","Est. reading time":"2 minutes"},"schema":{"@context":"https:\/\/schema.org","@graph":[{"@type":"Article","@id":"https:\/\/www.prijedordanas.com\/?p=99393#article","isPartOf":{"@id":"https:\/\/www.prijedordanas.com\/?p=99393"},"author":{"name":"admin","@id":"https:\/\/www.prijedordanas.com\/#\/schema\/person\/4e08ccf29b506ca916ff86d46bb700e6"},"headline":"POZORI\u0160NI FESTIVAL OSVJE\u017dENJE UMJETNI\u010cKE SCENE U PRIJEDORU","datePublished":"2018-02-25T08:02:12+00:00","dateModified":"2018-02-25T08:02:12+00:00","mainEntityOfPage":{"@id":"https:\/\/www.prijedordanas.com\/?p=99393"},"wordCount":399,"publisher":{"@id":"https:\/\/www.prijedordanas.com\/#organization"},"keywords":["pozori\u0161ni festival"],"articleSection":["Kultura"],"inLanguage":"en-US"},{"@type":"WebPage","@id":"https:\/\/www.prijedordanas.com\/?p=99393","url":"https:\/\/www.prijedordanas.com\/?p=99393","name":"POZORI\u0160NI FESTIVAL OSVJE\u017dENJE UMJETNI\u010cKE SCENE U PRIJEDORU - PrijedorDanas.com - Prijedorski gradski portal","isPartOf":{"@id":"https:\/\/www.prijedordanas.com\/#website"},"datePublished":"2018-02-25T08:02:12+00:00","dateModified":"2018-02-25T08:02:12+00:00","breadcrumb":{"@id":"https:\/\/www.prijedordanas.com\/?p=99393#breadcrumb"},"inLanguage":"en-US","potentialAction":[{"@type":"ReadAction","target":["https:\/\/www.prijedordanas.com\/?p=99393"]}]},{"@type":"BreadcrumbList","@id":"https:\/\/www.prijedordanas.com\/?p=99393#breadcrumb","itemListElement":[{"@type":"ListItem","position":1,"name":"Home","item":"https:\/\/www.prijedordanas.com\/"},{"@type":"ListItem","position":2,"name":"POZORI\u0160NI FESTIVAL OSVJE\u017dENJE UMJETNI\u010cKE SCENE U PRIJEDORU"}]},{"@type":"WebSite","@id":"https:\/\/www.prijedordanas.com\/#website","url":"https:\/\/www.prijedordanas.com\/","name":"PrijedorDanas.com - Prijedorski gradski portal","description":"Portal o doga\u0111anjima u gradu Prijedoru","publisher":{"@id":"https:\/\/www.prijedordanas.com\/#organization"},"potentialAction":[{"@type":"SearchAction","target":{"@type":"EntryPoint","urlTemplate":"https:\/\/www.prijedordanas.com\/?s={search_term_string}"},"query-input":"required name=search_term_string"}],"inLanguage":"en-US"},{"@type":"Organization","@id":"https:\/\/www.prijedordanas.com\/#organization","name":"PrijedorDanas.com","url":"https:\/\/www.prijedordanas.com\/","logo":{"@type":"ImageObject","inLanguage":"en-US","@id":"https:\/\/www.prijedordanas.com\/#\/schema\/logo\/image\/","url":"http:\/\/www.prijedordanas.com\/wp-content\/uploads\/2021\/12\/logopng.png","contentUrl":"http:\/\/www.prijedordanas.com\/wp-content\/uploads\/2021\/12\/logopng.png","width":1019,"height":776,"caption":"PrijedorDanas.com"},"image":{"@id":"https:\/\/www.prijedordanas.com\/#\/schema\/logo\/image\/"},"sameAs":["https:\/\/www.facebook.com\/PrijedorDanasCom\/"]},{"@type":"Person","@id":"https:\/\/www.prijedordanas.com\/#\/schema\/person\/4e08ccf29b506ca916ff86d46bb700e6","name":"admin","image":{"@type":"ImageObject","inLanguage":"en-US","@id":"https:\/\/www.prijedordanas.com\/#\/schema\/person\/image\/","url":"https:\/\/secure.gravatar.com\/avatar\/1d3fc949d550f0b53a5f0d51e06dfd79?s=96&d=mm&r=g","contentUrl":"https:\/\/secure.gravatar.com\/avatar\/1d3fc949d550f0b53a5f0d51e06dfd79?s=96&d=mm&r=g","caption":"admin"},"url":"https:\/\/www.prijedordanas.com\/?author=1"}]}},"_links":{"self":[{"href":"https:\/\/www.prijedordanas.com\/index.php?rest_route=\/wp\/v2\/posts\/99393"}],"collection":[{"href":"https:\/\/www.prijedordanas.com\/index.php?rest_route=\/wp\/v2\/posts"}],"about":[{"href":"https:\/\/www.prijedordanas.com\/index.php?rest_route=\/wp\/v2\/types\/post"}],"author":[{"embeddable":true,"href":"https:\/\/www.prijedordanas.com\/index.php?rest_route=\/wp\/v2\/users\/1"}],"replies":[{"embeddable":true,"href":"https:\/\/www.prijedordanas.com\/index.php?rest_route=%2Fwp%2Fv2%2Fcomments&post=99393"}],"version-history":[{"count":1,"href":"https:\/\/www.prijedordanas.com\/index.php?rest_route=\/wp\/v2\/posts\/99393\/revisions"}],"predecessor-version":[{"id":99395,"href":"https:\/\/www.prijedordanas.com\/index.php?rest_route=\/wp\/v2\/posts\/99393\/revisions\/99395"}],"wp:attachment":[{"href":"https:\/\/www.prijedordanas.com\/index.php?rest_route=%2Fwp%2Fv2%2Fmedia&parent=99393"}],"wp:term":[{"taxonomy":"category","embeddable":true,"href":"https:\/\/www.prijedordanas.com\/index.php?rest_route=%2Fwp%2Fv2%2Fcategories&post=99393"},{"taxonomy":"post_tag","embeddable":true,"href":"https:\/\/www.prijedordanas.com\/index.php?rest_route=%2Fwp%2Fv2%2Ftags&post=99393"}],"curies":[{"name":"wp","href":"https:\/\/api.w.org\/{rel}","templated":true}]}}