{"id":9936,"date":"2014-10-30T09:41:12","date_gmt":"2014-10-30T08:41:12","guid":{"rendered":"https:\/\/www.prijedordanas.com\/?p=9936"},"modified":"2014-10-30T09:41:12","modified_gmt":"2014-10-30T08:41:12","slug":"ministar-dokic-danas-u-prijedoru-urucuje-rjesenja-za-234-korisnika","status":"publish","type":"post","link":"https:\/\/www.prijedordanas.com\/?p=9936","title":{"rendered":"MINISTAR \u0110OKI\u0106 DANAS U PRIJEDORU URU\u010cUJE RJE\u0160ENJA ZA 234 KORISNIKA"},"content":{"rendered":"<p><a href=\"https:\/\/www.prijedordanas.com\/wp-content\/uploads\/2014\/10\/djokic.jpg\"><img loading=\"lazy\" decoding=\"async\" src=\"https:\/\/www.prijedordanas.com\/wp-content\/uploads\/2014\/10\/djokic-300x268.jpg\" alt=\"djokic\" width=\"300\" height=\"268\" class=\"alignleft size-medium wp-image-9937\" srcset=\"https:\/\/www.prijedordanas.com\/wp-content\/uploads\/2014\/10\/djokic-300x268.jpg 300w, https:\/\/www.prijedordanas.com\/wp-content\/uploads\/2014\/10\/djokic.jpg 600w\" sizes=\"(max-width: 300px) 100vw, 300px\" \/><\/a>Ministar rada i bora\u010dko-invalidske za\u0161tite Republike Srpske Petar \u0110oki\u0107 danas \u0107e u Prijedoru za 234 korisnika bora\u010dko-invalidske za\u0161tite uru\u010diti rje\u0161enja za nepovratna sredstva za zavr\u0161etak gradnje njihovih stambenih jedinica, najavljeno je iz resornog ministarstva.<\/p>\n<p>Uru\u010denje rje\u0161enja planirano je za 12.00 \u010dasova u sali Zavoda za izgradnju grada. <\/p>\n<p>\u0110oki\u0107 je 7. oktobra u Prijedoru uru\u010dio klju\u010deve 30 stambenih jedinica porodicama poginulih boraca i ratnim vojnim invalidima i rekao da je toga dana donesena odluka o izboru izvo\u0111a\u010da radova za jo\u0161 jednu stambenu zgradu za 46 stanova, \u010dime \u0107e program trajnog stambenog zbrinjavanja za ove kategorije u Prijedoru biti realizovan u cijelosti. <\/p>\n<p>On je tada podsjetio da je program realizovan u saradnji sa gradom Prijedorom i da je u izgradnju ovog objekta Vlada, posredstvom Ministarstva rada i bora\u010dko-invalidske za\u0161tite Republike Srpske, ulo\u017eila 1.003.000 KM, a grad Prijedor 240.000 KM. <\/p>\n<p>\u0110oki\u0107 je u vi\u0161e navrata naglasio da je program trajnog stambenog zbrinjavanja porodica poginulih boraca i ratnih vojnih invalida najhumaniji program koji je Republika Srspka realizovala nakon rata. NJime \u0107e trajno krov nad glavom dobiti vi\u0161e od 5.000 korisnika.<br \/>\nSRNA<\/p>\n","protected":false},"excerpt":{"rendered":"<p>Ministar rada i bora\u010dko-invalidske za\u0161tite Republike Srpske Petar \u0110oki\u0107 danas \u0107e u Prijedoru za 234 korisnika bora\u010dko-invalidske za\u0161tite uru\u010diti rje\u0161enja za nepovratna sredstva za zavr\u0161etak gradnje njihovih stambenih jedinica, najavljeno [&hellip;]<\/p>\n","protected":false},"author":1,"featured_media":0,"comment_status":"closed","ping_status":"open","sticky":false,"template":"","format":"standard","meta":{"_monsterinsights_skip_tracking":false,"_monsterinsights_sitenote_active":false,"_monsterinsights_sitenote_note":"","_monsterinsights_sitenote_category":0,"footnotes":""},"categories":[8],"tags":[2578],"yoast_head":"<!-- This site is optimized with the Yoast SEO plugin v21.6 - https:\/\/yoast.com\/wordpress\/plugins\/seo\/ -->\n<title>MINISTAR \u0110OKI\u0106 DANAS U PRIJEDORU URU\u010cUJE RJE\u0160ENJA ZA 234 KORISNIKA - PrijedorDanas.com - Prijedorski gradski portal<\/title>\n<meta name=\"robots\" content=\"index, follow, max-snippet:-1, max-image-preview:large, max-video-preview:-1\" \/>\n<link rel=\"canonical\" href=\"https:\/\/www.prijedordanas.com\/?p=9936\" \/>\n<meta property=\"og:locale\" content=\"en_US\" \/>\n<meta property=\"og:type\" content=\"article\" \/>\n<meta property=\"og:title\" content=\"MINISTAR \u0110OKI\u0106 DANAS U PRIJEDORU URU\u010cUJE RJE\u0160ENJA ZA 234 KORISNIKA - PrijedorDanas.com - Prijedorski gradski portal\" \/>\n<meta property=\"og:description\" content=\"Ministar rada i bora\u010dko-invalidske za\u0161tite Republike Srpske Petar \u0110oki\u0107 danas \u0107e u Prijedoru za 234 korisnika bora\u010dko-invalidske za\u0161tite uru\u010diti rje\u0161enja za nepovratna sredstva za zavr\u0161etak gradnje njihovih stambenih jedinica, najavljeno [&hellip;]\" \/>\n<meta property=\"og:url\" content=\"https:\/\/www.prijedordanas.com\/?p=9936\" \/>\n<meta property=\"og:site_name\" content=\"PrijedorDanas.com - Prijedorski gradski portal\" \/>\n<meta property=\"article:publisher\" content=\"https:\/\/www.facebook.com\/PrijedorDanasCom\/\" \/>\n<meta property=\"article:published_time\" content=\"2014-10-30T08:41:12+00:00\" \/>\n<meta property=\"og:image\" content=\"https:\/\/www.prijedordanas.com\/wp-content\/uploads\/2014\/10\/djokic-300x268.jpg\" \/>\n<meta name=\"author\" content=\"admin\" \/>\n<meta name=\"twitter:card\" content=\"summary_large_image\" \/>\n<meta name=\"twitter:label1\" content=\"Written by\" \/>\n\t<meta name=\"twitter:data1\" content=\"admin\" \/>\n\t<meta name=\"twitter:label2\" content=\"Est. reading time\" \/>\n\t<meta name=\"twitter:data2\" content=\"1 minute\" \/>\n<script type=\"application\/ld+json\" class=\"yoast-schema-graph\">{\"@context\":\"https:\/\/schema.org\",\"@graph\":[{\"@type\":\"Article\",\"@id\":\"https:\/\/www.prijedordanas.com\/?p=9936#article\",\"isPartOf\":{\"@id\":\"https:\/\/www.prijedordanas.com\/?p=9936\"},\"author\":{\"name\":\"admin\",\"@id\":\"https:\/\/www.prijedordanas.com\/#\/schema\/person\/4e08ccf29b506ca916ff86d46bb700e6\"},\"headline\":\"MINISTAR \u0110OKI\u0106 DANAS U PRIJEDORU URU\u010cUJE RJE\u0160ENJA ZA 234 KORISNIKA\",\"datePublished\":\"2014-10-30T08:41:12+00:00\",\"dateModified\":\"2014-10-30T08:41:12+00:00\",\"mainEntityOfPage\":{\"@id\":\"https:\/\/www.prijedordanas.com\/?p=9936\"},\"wordCount\":198,\"publisher\":{\"@id\":\"https:\/\/www.prijedordanas.com\/#organization\"},\"keywords\":[\"\u0110oki\u0107\"],\"articleSection\":[\"Svakodnevno\"],\"inLanguage\":\"en-US\"},{\"@type\":\"WebPage\",\"@id\":\"https:\/\/www.prijedordanas.com\/?p=9936\",\"url\":\"https:\/\/www.prijedordanas.com\/?p=9936\",\"name\":\"MINISTAR \u0110OKI\u0106 DANAS U PRIJEDORU URU\u010cUJE RJE\u0160ENJA ZA 234 KORISNIKA - PrijedorDanas.com - Prijedorski gradski portal\",\"isPartOf\":{\"@id\":\"https:\/\/www.prijedordanas.com\/#website\"},\"datePublished\":\"2014-10-30T08:41:12+00:00\",\"dateModified\":\"2014-10-30T08:41:12+00:00\",\"breadcrumb\":{\"@id\":\"https:\/\/www.prijedordanas.com\/?p=9936#breadcrumb\"},\"inLanguage\":\"en-US\",\"potentialAction\":[{\"@type\":\"ReadAction\",\"target\":[\"https:\/\/www.prijedordanas.com\/?p=9936\"]}]},{\"@type\":\"BreadcrumbList\",\"@id\":\"https:\/\/www.prijedordanas.com\/?p=9936#breadcrumb\",\"itemListElement\":[{\"@type\":\"ListItem\",\"position\":1,\"name\":\"Home\",\"item\":\"https:\/\/www.prijedordanas.com\/\"},{\"@type\":\"ListItem\",\"position\":2,\"name\":\"MINISTAR \u0110OKI\u0106 DANAS U PRIJEDORU URU\u010cUJE RJE\u0160ENJA ZA 234 KORISNIKA\"}]},{\"@type\":\"WebSite\",\"@id\":\"https:\/\/www.prijedordanas.com\/#website\",\"url\":\"https:\/\/www.prijedordanas.com\/\",\"name\":\"PrijedorDanas.com - Prijedorski gradski portal\",\"description\":\"Portal o doga\u0111anjima u gradu Prijedoru\",\"publisher\":{\"@id\":\"https:\/\/www.prijedordanas.com\/#organization\"},\"potentialAction\":[{\"@type\":\"SearchAction\",\"target\":{\"@type\":\"EntryPoint\",\"urlTemplate\":\"https:\/\/www.prijedordanas.com\/?s={search_term_string}\"},\"query-input\":\"required name=search_term_string\"}],\"inLanguage\":\"en-US\"},{\"@type\":\"Organization\",\"@id\":\"https:\/\/www.prijedordanas.com\/#organization\",\"name\":\"PrijedorDanas.com\",\"url\":\"https:\/\/www.prijedordanas.com\/\",\"logo\":{\"@type\":\"ImageObject\",\"inLanguage\":\"en-US\",\"@id\":\"https:\/\/www.prijedordanas.com\/#\/schema\/logo\/image\/\",\"url\":\"http:\/\/www.prijedordanas.com\/wp-content\/uploads\/2021\/12\/logopng.png\",\"contentUrl\":\"http:\/\/www.prijedordanas.com\/wp-content\/uploads\/2021\/12\/logopng.png\",\"width\":1019,\"height\":776,\"caption\":\"PrijedorDanas.com\"},\"image\":{\"@id\":\"https:\/\/www.prijedordanas.com\/#\/schema\/logo\/image\/\"},\"sameAs\":[\"https:\/\/www.facebook.com\/PrijedorDanasCom\/\"]},{\"@type\":\"Person\",\"@id\":\"https:\/\/www.prijedordanas.com\/#\/schema\/person\/4e08ccf29b506ca916ff86d46bb700e6\",\"name\":\"admin\",\"image\":{\"@type\":\"ImageObject\",\"inLanguage\":\"en-US\",\"@id\":\"https:\/\/www.prijedordanas.com\/#\/schema\/person\/image\/\",\"url\":\"https:\/\/secure.gravatar.com\/avatar\/1d3fc949d550f0b53a5f0d51e06dfd79?s=96&d=mm&r=g\",\"contentUrl\":\"https:\/\/secure.gravatar.com\/avatar\/1d3fc949d550f0b53a5f0d51e06dfd79?s=96&d=mm&r=g\",\"caption\":\"admin\"},\"url\":\"https:\/\/www.prijedordanas.com\/?author=1\"}]}<\/script>\n<!-- \/ Yoast SEO plugin. -->","yoast_head_json":{"title":"MINISTAR \u0110OKI\u0106 DANAS U PRIJEDORU URU\u010cUJE RJE\u0160ENJA ZA 234 KORISNIKA - PrijedorDanas.com - Prijedorski gradski portal","robots":{"index":"index","follow":"follow","max-snippet":"max-snippet:-1","max-image-preview":"max-image-preview:large","max-video-preview":"max-video-preview:-1"},"canonical":"https:\/\/www.prijedordanas.com\/?p=9936","og_locale":"en_US","og_type":"article","og_title":"MINISTAR \u0110OKI\u0106 DANAS U PRIJEDORU URU\u010cUJE RJE\u0160ENJA ZA 234 KORISNIKA - PrijedorDanas.com - Prijedorski gradski portal","og_description":"Ministar rada i bora\u010dko-invalidske za\u0161tite Republike Srpske Petar \u0110oki\u0107 danas \u0107e u Prijedoru za 234 korisnika bora\u010dko-invalidske za\u0161tite uru\u010diti rje\u0161enja za nepovratna sredstva za zavr\u0161etak gradnje njihovih stambenih jedinica, najavljeno [&hellip;]","og_url":"https:\/\/www.prijedordanas.com\/?p=9936","og_site_name":"PrijedorDanas.com - Prijedorski gradski portal","article_publisher":"https:\/\/www.facebook.com\/PrijedorDanasCom\/","article_published_time":"2014-10-30T08:41:12+00:00","og_image":[{"url":"https:\/\/www.prijedordanas.com\/wp-content\/uploads\/2014\/10\/djokic-300x268.jpg"}],"author":"admin","twitter_card":"summary_large_image","twitter_misc":{"Written by":"admin","Est. reading time":"1 minute"},"schema":{"@context":"https:\/\/schema.org","@graph":[{"@type":"Article","@id":"https:\/\/www.prijedordanas.com\/?p=9936#article","isPartOf":{"@id":"https:\/\/www.prijedordanas.com\/?p=9936"},"author":{"name":"admin","@id":"https:\/\/www.prijedordanas.com\/#\/schema\/person\/4e08ccf29b506ca916ff86d46bb700e6"},"headline":"MINISTAR \u0110OKI\u0106 DANAS U PRIJEDORU URU\u010cUJE RJE\u0160ENJA ZA 234 KORISNIKA","datePublished":"2014-10-30T08:41:12+00:00","dateModified":"2014-10-30T08:41:12+00:00","mainEntityOfPage":{"@id":"https:\/\/www.prijedordanas.com\/?p=9936"},"wordCount":198,"publisher":{"@id":"https:\/\/www.prijedordanas.com\/#organization"},"keywords":["\u0110oki\u0107"],"articleSection":["Svakodnevno"],"inLanguage":"en-US"},{"@type":"WebPage","@id":"https:\/\/www.prijedordanas.com\/?p=9936","url":"https:\/\/www.prijedordanas.com\/?p=9936","name":"MINISTAR \u0110OKI\u0106 DANAS U PRIJEDORU URU\u010cUJE RJE\u0160ENJA ZA 234 KORISNIKA - PrijedorDanas.com - Prijedorski gradski portal","isPartOf":{"@id":"https:\/\/www.prijedordanas.com\/#website"},"datePublished":"2014-10-30T08:41:12+00:00","dateModified":"2014-10-30T08:41:12+00:00","breadcrumb":{"@id":"https:\/\/www.prijedordanas.com\/?p=9936#breadcrumb"},"inLanguage":"en-US","potentialAction":[{"@type":"ReadAction","target":["https:\/\/www.prijedordanas.com\/?p=9936"]}]},{"@type":"BreadcrumbList","@id":"https:\/\/www.prijedordanas.com\/?p=9936#breadcrumb","itemListElement":[{"@type":"ListItem","position":1,"name":"Home","item":"https:\/\/www.prijedordanas.com\/"},{"@type":"ListItem","position":2,"name":"MINISTAR \u0110OKI\u0106 DANAS U PRIJEDORU URU\u010cUJE RJE\u0160ENJA ZA 234 KORISNIKA"}]},{"@type":"WebSite","@id":"https:\/\/www.prijedordanas.com\/#website","url":"https:\/\/www.prijedordanas.com\/","name":"PrijedorDanas.com - Prijedorski gradski portal","description":"Portal o doga\u0111anjima u gradu Prijedoru","publisher":{"@id":"https:\/\/www.prijedordanas.com\/#organization"},"potentialAction":[{"@type":"SearchAction","target":{"@type":"EntryPoint","urlTemplate":"https:\/\/www.prijedordanas.com\/?s={search_term_string}"},"query-input":"required name=search_term_string"}],"inLanguage":"en-US"},{"@type":"Organization","@id":"https:\/\/www.prijedordanas.com\/#organization","name":"PrijedorDanas.com","url":"https:\/\/www.prijedordanas.com\/","logo":{"@type":"ImageObject","inLanguage":"en-US","@id":"https:\/\/www.prijedordanas.com\/#\/schema\/logo\/image\/","url":"http:\/\/www.prijedordanas.com\/wp-content\/uploads\/2021\/12\/logopng.png","contentUrl":"http:\/\/www.prijedordanas.com\/wp-content\/uploads\/2021\/12\/logopng.png","width":1019,"height":776,"caption":"PrijedorDanas.com"},"image":{"@id":"https:\/\/www.prijedordanas.com\/#\/schema\/logo\/image\/"},"sameAs":["https:\/\/www.facebook.com\/PrijedorDanasCom\/"]},{"@type":"Person","@id":"https:\/\/www.prijedordanas.com\/#\/schema\/person\/4e08ccf29b506ca916ff86d46bb700e6","name":"admin","image":{"@type":"ImageObject","inLanguage":"en-US","@id":"https:\/\/www.prijedordanas.com\/#\/schema\/person\/image\/","url":"https:\/\/secure.gravatar.com\/avatar\/1d3fc949d550f0b53a5f0d51e06dfd79?s=96&d=mm&r=g","contentUrl":"https:\/\/secure.gravatar.com\/avatar\/1d3fc949d550f0b53a5f0d51e06dfd79?s=96&d=mm&r=g","caption":"admin"},"url":"https:\/\/www.prijedordanas.com\/?author=1"}]}},"_links":{"self":[{"href":"https:\/\/www.prijedordanas.com\/index.php?rest_route=\/wp\/v2\/posts\/9936"}],"collection":[{"href":"https:\/\/www.prijedordanas.com\/index.php?rest_route=\/wp\/v2\/posts"}],"about":[{"href":"https:\/\/www.prijedordanas.com\/index.php?rest_route=\/wp\/v2\/types\/post"}],"author":[{"embeddable":true,"href":"https:\/\/www.prijedordanas.com\/index.php?rest_route=\/wp\/v2\/users\/1"}],"replies":[{"embeddable":true,"href":"https:\/\/www.prijedordanas.com\/index.php?rest_route=%2Fwp%2Fv2%2Fcomments&post=9936"}],"version-history":[{"count":1,"href":"https:\/\/www.prijedordanas.com\/index.php?rest_route=\/wp\/v2\/posts\/9936\/revisions"}],"predecessor-version":[{"id":9938,"href":"https:\/\/www.prijedordanas.com\/index.php?rest_route=\/wp\/v2\/posts\/9936\/revisions\/9938"}],"wp:attachment":[{"href":"https:\/\/www.prijedordanas.com\/index.php?rest_route=%2Fwp%2Fv2%2Fmedia&parent=9936"}],"wp:term":[{"taxonomy":"category","embeddable":true,"href":"https:\/\/www.prijedordanas.com\/index.php?rest_route=%2Fwp%2Fv2%2Fcategories&post=9936"},{"taxonomy":"post_tag","embeddable":true,"href":"https:\/\/www.prijedordanas.com\/index.php?rest_route=%2Fwp%2Fv2%2Ftags&post=9936"}],"curies":[{"name":"wp","href":"https:\/\/api.w.org\/{rel}","templated":true}]}}