{"id":99276,"date":"2018-02-22T21:05:16","date_gmt":"2018-02-22T20:05:16","guid":{"rendered":"https:\/\/www.prijedordanas.com\/?p=99276"},"modified":"2018-02-22T21:05:16","modified_gmt":"2018-02-22T20:05:16","slug":"nepotizam-u-pravosudu-djecu-sudija-tuzilaca-zaposljavaju-kao-strucne-saradnike","status":"publish","type":"post","link":"https:\/\/www.prijedordanas.com\/?p=99276","title":{"rendered":"NEPOTIZAM U PRAVOSU\u0110U: DJECU SUDIJA I TU\u017dILACA ZAPO\u0160LJAVAJU KAO STRU\u010cNE SARADNIKE"},"content":{"rendered":"<p><a href=\"https:\/\/www.prijedordanas.com\/wp-content\/uploads\/2018\/02\/ilustracija-pravosudje.jpg\"><img loading=\"lazy\" decoding=\"async\" src=\"https:\/\/www.prijedordanas.com\/wp-content\/uploads\/2018\/02\/ilustracija-pravosudje-300x217.jpg\" alt=\"\" width=\"300\" height=\"217\" class=\"alignleft size-medium wp-image-99277\" srcset=\"https:\/\/www.prijedordanas.com\/wp-content\/uploads\/2018\/02\/ilustracija-pravosudje-300x217.jpg 300w, https:\/\/www.prijedordanas.com\/wp-content\/uploads\/2018\/02\/ilustracija-pravosudje-100x72.jpg 100w, https:\/\/www.prijedordanas.com\/wp-content\/uploads\/2018\/02\/ilustracija-pravosudje.jpg 691w\" sizes=\"(max-width: 300px) 100vw, 300px\" \/><\/a>Na posljednjem konkursu za prijem stru\u010dnih saradnika u Okru\u017eno javno tu\u017eila\u0161tvo Banjaluka zaposleni su sin sudije Okru\u017enog suda u Prijedoru i \u0107erka republi\u010dkog javnog tu\u017eioca, upravo onako kako je \u201cEuroBlic\u201d i najavio prije ta\u010dno mjesec dana, uo\u010di kona\u010dne odluke Komisije.<\/p>\n<p>&#8211; Konkursna procedura za prijem stru\u010dnih saradnika u Okru\u017eno javno tu\u017eila\u0161tvo Banjaluka je okon\u010dana. Svi prijavljeni kandidati su obavije\u0161teni o rezultatima konkursa. Primljena su dva stru\u010dna saradnika: Stefan Radi\u0107 i \u017deljka Glu\u0161ac Babi\u0107 &#8211; saop\u0161tili su ju\u010de iz Okru\u017enog javnog tu\u017eila\u0161tva Banjaluka.<\/p>\n<p>Zaposleni Stefan Radi\u0107 ina\u010de je sin Drene Marin, sudije prijedorskog Okru\u017enog suda, dok je \u017deljka Glu\u0161ac Babi\u0107 \u0107erka Dragice Glu\u0161ac, tu\u017eioca Republi\u010dkog javnog tu\u017eila\u0161tva.<\/p>\n<p><a href=\"https:\/\/www.prijedordanas.com\/wp-content\/uploads\/2018\/02\/blic-okruzno-tuzilastvo-bl.jpg\"><img loading=\"lazy\" decoding=\"async\" src=\"https:\/\/www.prijedordanas.com\/wp-content\/uploads\/2018\/02\/blic-okruzno-tuzilastvo-bl-300x217.jpg\" alt=\"\" width=\"300\" height=\"217\" class=\"alignleft size-medium wp-image-99278\" srcset=\"https:\/\/www.prijedordanas.com\/wp-content\/uploads\/2018\/02\/blic-okruzno-tuzilastvo-bl-300x217.jpg 300w, https:\/\/www.prijedordanas.com\/wp-content\/uploads\/2018\/02\/blic-okruzno-tuzilastvo-bl-100x72.jpg 100w, https:\/\/www.prijedordanas.com\/wp-content\/uploads\/2018\/02\/blic-okruzno-tuzilastvo-bl.jpg 690w\" sizes=\"(max-width: 300px) 100vw, 300px\" \/><\/a>U svega nekoliko mjeseci OJT Banjaluka je raspisalo dva konkursa za prijem stru\u010dnih saradnika i na oba su primljena djeca nosilaca pravosudnih funkcija.<\/p>\n<p>Izvor iz pravosu\u0111a RS ispri\u010dao je da je banjalu\u010dko tu\u017eila\u0161tvo u posljednje vrijeme postalo mjesto uhljebljenja djece \u010diji roditelji godinama rade u tu\u017eila\u0161tvima i sudovima, a sve je po\u010delo nakon \u0161to je visokorangirani slu\u017ebenik zaposlio svoju budu\u0107u snahu u pomenutom tu\u017eila\u0161tvu.<\/p>\n<p>&#8211; Nakon prvog konkursa u banjalu\u010dkom tu\u017eila\u0161tvu uslijedio je pritisak da se raspi\u0161e jo\u0161 jedan konkurs \u010diji je jedini i osnovni cilj bio, \u0161to se na kraju ispostavilo ta\u010dnim, nastavak zapo\u0161ljavanja djece tu\u017eilaca i sudija &#8211; rekao je odli\u010dno obavije\u0161teni izvor iz pravosu\u0111a RS.<\/p>\n<p>Poruka mladima<\/p>\n<p>Dodaje kako niko ne brani djeci \u010diji roditelji rade u pravosu\u0111u da se zaposle u sudovima i tu\u017eila\u0161tvima, ali da bi se trebalo voditi ra\u010duna o tome kakva se poruka \u0161alje mladima koji nemaju \u201cle\u0111a\u201d.<\/p>\n<p>Iz Transparensi interne\u0161nela godinama upozoravaju na ovaj problem, ali ni\u0161ta se bitno nije promijenilo.<\/p>\n<p>&#8211; Zapo\u0161ljavanje stru\u010dnih saradnika je jako bitno regulisati, jer se radi o prvom ulasku u pravosudne institucije, a sa ovih pozicija se kasnije imenuju sudije i tu\u017eioci. Okru\u017eno javno tu\u017eila\u0161tvo Banjaluka nije prva pravosudna institucija, jer smo ve\u0107 imali predsjednike sudova koji su zapo\u0161ljavali svoju rodbinu na sekretarske i druge administrativne pozicije &#8211; podsjetila je Korajli\u0107eva.<\/p>\n<p>Pravna praznina<\/p>\n<p>Iako iz TI odavno ukazuju na ovu pravnu prazninu ni\u0161ta se do danas nije promijenilo, a kako stvari stoje, ne\u0107e ni u budu\u0107nosti.<\/p>\n<p>Zanimljivo je da je u Visokom sudskom i tu\u017eila\u010dkom savjetu BiH ovaj problem rije\u0161en, pa \u010dlanovi VSTS odmah podnose ostavku ukoliko njihovi najbli\u017ei konkuri\u0161u na neku od pravosudnih funkcija u BiH.<\/p>\n<p>&#8211; Zakon reguli\u0161e sve ono \u0161to se dalje de\u0161ava, a vezano je za imenovanje na pozicije sudija i tu\u017eilaca, ali ta prva ta\u010dka ulaska u pravosu\u0111e nije adekvatno regulisana, jer nema ograni\u010denja oko sukoba interesa i spre\u010davanja nepotizma. Na taj na\u010din se, jednostavno re\u010deno, u\u0111e u pravosu\u0111e i steknu odre\u0111ena iskustva, a poslije su otvorena vrata za odgovornije pozicije koje tra\u017ee prethodno iskustvo rada u pravosu\u0111u &#8211; smatra Korajli\u0107eva.<\/p>\n<p>U igri i ro\u0111aci<\/p>\n<p>U proteklim godinama u sudovima i tu\u017eila\u0161tvima \u0161irom BiH zaposlen je veliki broj djece \u010diji su roditelji nosioci pravosudnih funkcija.<\/p>\n<p>Neki od njih su oti\u0161li i dalje pa su u pravosudne institucije zapo\u0161ljavali svoje bli\u017ee i dalje ro\u0111ake.<\/p>\n<p>Stru\u010dni saradnici su u me\u0111uvremenu stasali, pa su danas tu\u017eioci i sudije koji odlu\u010duju u velikoj mjeri o ljudskim sudbinama.<\/p>\n<p>EuroBlic<\/p>\n","protected":false},"excerpt":{"rendered":"<p>Na posljednjem konkursu za prijem stru\u010dnih saradnika u Okru\u017eno javno tu\u017eila\u0161tvo Banjaluka zaposleni su sin sudije Okru\u017enog suda u Prijedoru i \u0107erka republi\u010dkog javnog tu\u017eioca, upravo onako kako je \u201cEuroBlic\u201d [&hellip;]<\/p>\n","protected":false},"author":1,"featured_media":0,"comment_status":"closed","ping_status":"open","sticky":false,"template":"","format":"standard","meta":{"_monsterinsights_skip_tracking":false,"_monsterinsights_sitenote_active":false,"_monsterinsights_sitenote_note":"","_monsterinsights_sitenote_category":0,"footnotes":""},"categories":[8],"tags":[10427,5634],"yoast_head":"<!-- This site is optimized with the Yoast SEO plugin v21.6 - https:\/\/yoast.com\/wordpress\/plugins\/seo\/ -->\n<title>NEPOTIZAM U PRAVOSU\u0110U: DJECU SUDIJA I TU\u017dILACA ZAPO\u0160LJAVAJU KAO STRU\u010cNE SARADNIKE - PrijedorDanas.com - Prijedorski gradski portal<\/title>\n<meta name=\"robots\" content=\"index, follow, max-snippet:-1, max-image-preview:large, max-video-preview:-1\" \/>\n<link rel=\"canonical\" href=\"https:\/\/www.prijedordanas.com\/?p=99276\" \/>\n<meta property=\"og:locale\" content=\"en_US\" \/>\n<meta property=\"og:type\" content=\"article\" \/>\n<meta property=\"og:title\" content=\"NEPOTIZAM U PRAVOSU\u0110U: DJECU SUDIJA I TU\u017dILACA ZAPO\u0160LJAVAJU KAO STRU\u010cNE SARADNIKE - PrijedorDanas.com - Prijedorski gradski portal\" \/>\n<meta property=\"og:description\" content=\"Na posljednjem konkursu za prijem stru\u010dnih saradnika u Okru\u017eno javno tu\u017eila\u0161tvo Banjaluka zaposleni su sin sudije Okru\u017enog suda u Prijedoru i \u0107erka republi\u010dkog javnog tu\u017eioca, upravo onako kako je \u201cEuroBlic\u201d [&hellip;]\" \/>\n<meta property=\"og:url\" content=\"https:\/\/www.prijedordanas.com\/?p=99276\" \/>\n<meta property=\"og:site_name\" content=\"PrijedorDanas.com - Prijedorski gradski portal\" \/>\n<meta property=\"article:publisher\" content=\"https:\/\/www.facebook.com\/PrijedorDanasCom\/\" \/>\n<meta property=\"article:published_time\" content=\"2018-02-22T20:05:16+00:00\" \/>\n<meta property=\"og:image\" content=\"https:\/\/www.prijedordanas.com\/wp-content\/uploads\/2018\/02\/ilustracija-pravosudje-300x217.jpg\" \/>\n<meta name=\"author\" content=\"admin\" \/>\n<meta name=\"twitter:card\" content=\"summary_large_image\" \/>\n<meta name=\"twitter:label1\" content=\"Written by\" \/>\n\t<meta name=\"twitter:data1\" content=\"admin\" \/>\n\t<meta name=\"twitter:label2\" content=\"Est. reading time\" \/>\n\t<meta name=\"twitter:data2\" content=\"3 minutes\" \/>\n<script type=\"application\/ld+json\" class=\"yoast-schema-graph\">{\"@context\":\"https:\/\/schema.org\",\"@graph\":[{\"@type\":\"Article\",\"@id\":\"https:\/\/www.prijedordanas.com\/?p=99276#article\",\"isPartOf\":{\"@id\":\"https:\/\/www.prijedordanas.com\/?p=99276\"},\"author\":{\"name\":\"admin\",\"@id\":\"https:\/\/www.prijedordanas.com\/#\/schema\/person\/4e08ccf29b506ca916ff86d46bb700e6\"},\"headline\":\"NEPOTIZAM U PRAVOSU\u0110U: DJECU SUDIJA I TU\u017dILACA ZAPO\u0160LJAVAJU KAO STRU\u010cNE SARADNIKE\",\"datePublished\":\"2018-02-22T20:05:16+00:00\",\"dateModified\":\"2018-02-22T20:05:16+00:00\",\"mainEntityOfPage\":{\"@id\":\"https:\/\/www.prijedordanas.com\/?p=99276\"},\"wordCount\":627,\"publisher\":{\"@id\":\"https:\/\/www.prijedordanas.com\/#organization\"},\"keywords\":[\"nepotizam\",\"pravosu\u0111e\"],\"articleSection\":[\"Svakodnevno\"],\"inLanguage\":\"en-US\"},{\"@type\":\"WebPage\",\"@id\":\"https:\/\/www.prijedordanas.com\/?p=99276\",\"url\":\"https:\/\/www.prijedordanas.com\/?p=99276\",\"name\":\"NEPOTIZAM U PRAVOSU\u0110U: DJECU SUDIJA I TU\u017dILACA ZAPO\u0160LJAVAJU KAO STRU\u010cNE SARADNIKE - PrijedorDanas.com - Prijedorski gradski portal\",\"isPartOf\":{\"@id\":\"https:\/\/www.prijedordanas.com\/#website\"},\"datePublished\":\"2018-02-22T20:05:16+00:00\",\"dateModified\":\"2018-02-22T20:05:16+00:00\",\"breadcrumb\":{\"@id\":\"https:\/\/www.prijedordanas.com\/?p=99276#breadcrumb\"},\"inLanguage\":\"en-US\",\"potentialAction\":[{\"@type\":\"ReadAction\",\"target\":[\"https:\/\/www.prijedordanas.com\/?p=99276\"]}]},{\"@type\":\"BreadcrumbList\",\"@id\":\"https:\/\/www.prijedordanas.com\/?p=99276#breadcrumb\",\"itemListElement\":[{\"@type\":\"ListItem\",\"position\":1,\"name\":\"Home\",\"item\":\"https:\/\/www.prijedordanas.com\/\"},{\"@type\":\"ListItem\",\"position\":2,\"name\":\"NEPOTIZAM U PRAVOSU\u0110U: DJECU SUDIJA I TU\u017dILACA ZAPO\u0160LJAVAJU KAO STRU\u010cNE SARADNIKE\"}]},{\"@type\":\"WebSite\",\"@id\":\"https:\/\/www.prijedordanas.com\/#website\",\"url\":\"https:\/\/www.prijedordanas.com\/\",\"name\":\"PrijedorDanas.com - Prijedorski gradski portal\",\"description\":\"Portal o doga\u0111anjima u gradu Prijedoru\",\"publisher\":{\"@id\":\"https:\/\/www.prijedordanas.com\/#organization\"},\"potentialAction\":[{\"@type\":\"SearchAction\",\"target\":{\"@type\":\"EntryPoint\",\"urlTemplate\":\"https:\/\/www.prijedordanas.com\/?s={search_term_string}\"},\"query-input\":\"required name=search_term_string\"}],\"inLanguage\":\"en-US\"},{\"@type\":\"Organization\",\"@id\":\"https:\/\/www.prijedordanas.com\/#organization\",\"name\":\"PrijedorDanas.com\",\"url\":\"https:\/\/www.prijedordanas.com\/\",\"logo\":{\"@type\":\"ImageObject\",\"inLanguage\":\"en-US\",\"@id\":\"https:\/\/www.prijedordanas.com\/#\/schema\/logo\/image\/\",\"url\":\"http:\/\/www.prijedordanas.com\/wp-content\/uploads\/2021\/12\/logopng.png\",\"contentUrl\":\"http:\/\/www.prijedordanas.com\/wp-content\/uploads\/2021\/12\/logopng.png\",\"width\":1019,\"height\":776,\"caption\":\"PrijedorDanas.com\"},\"image\":{\"@id\":\"https:\/\/www.prijedordanas.com\/#\/schema\/logo\/image\/\"},\"sameAs\":[\"https:\/\/www.facebook.com\/PrijedorDanasCom\/\"]},{\"@type\":\"Person\",\"@id\":\"https:\/\/www.prijedordanas.com\/#\/schema\/person\/4e08ccf29b506ca916ff86d46bb700e6\",\"name\":\"admin\",\"image\":{\"@type\":\"ImageObject\",\"inLanguage\":\"en-US\",\"@id\":\"https:\/\/www.prijedordanas.com\/#\/schema\/person\/image\/\",\"url\":\"https:\/\/secure.gravatar.com\/avatar\/1d3fc949d550f0b53a5f0d51e06dfd79?s=96&d=mm&r=g\",\"contentUrl\":\"https:\/\/secure.gravatar.com\/avatar\/1d3fc949d550f0b53a5f0d51e06dfd79?s=96&d=mm&r=g\",\"caption\":\"admin\"},\"url\":\"https:\/\/www.prijedordanas.com\/?author=1\"}]}<\/script>\n<!-- \/ Yoast SEO plugin. -->","yoast_head_json":{"title":"NEPOTIZAM U PRAVOSU\u0110U: DJECU SUDIJA I TU\u017dILACA ZAPO\u0160LJAVAJU KAO STRU\u010cNE SARADNIKE - PrijedorDanas.com - Prijedorski gradski portal","robots":{"index":"index","follow":"follow","max-snippet":"max-snippet:-1","max-image-preview":"max-image-preview:large","max-video-preview":"max-video-preview:-1"},"canonical":"https:\/\/www.prijedordanas.com\/?p=99276","og_locale":"en_US","og_type":"article","og_title":"NEPOTIZAM U PRAVOSU\u0110U: DJECU SUDIJA I TU\u017dILACA ZAPO\u0160LJAVAJU KAO STRU\u010cNE SARADNIKE - PrijedorDanas.com - Prijedorski gradski portal","og_description":"Na posljednjem konkursu za prijem stru\u010dnih saradnika u Okru\u017eno javno tu\u017eila\u0161tvo Banjaluka zaposleni su sin sudije Okru\u017enog suda u Prijedoru i \u0107erka republi\u010dkog javnog tu\u017eioca, upravo onako kako je \u201cEuroBlic\u201d [&hellip;]","og_url":"https:\/\/www.prijedordanas.com\/?p=99276","og_site_name":"PrijedorDanas.com - Prijedorski gradski portal","article_publisher":"https:\/\/www.facebook.com\/PrijedorDanasCom\/","article_published_time":"2018-02-22T20:05:16+00:00","og_image":[{"url":"https:\/\/www.prijedordanas.com\/wp-content\/uploads\/2018\/02\/ilustracija-pravosudje-300x217.jpg"}],"author":"admin","twitter_card":"summary_large_image","twitter_misc":{"Written by":"admin","Est. reading time":"3 minutes"},"schema":{"@context":"https:\/\/schema.org","@graph":[{"@type":"Article","@id":"https:\/\/www.prijedordanas.com\/?p=99276#article","isPartOf":{"@id":"https:\/\/www.prijedordanas.com\/?p=99276"},"author":{"name":"admin","@id":"https:\/\/www.prijedordanas.com\/#\/schema\/person\/4e08ccf29b506ca916ff86d46bb700e6"},"headline":"NEPOTIZAM U PRAVOSU\u0110U: DJECU SUDIJA I TU\u017dILACA ZAPO\u0160LJAVAJU KAO STRU\u010cNE SARADNIKE","datePublished":"2018-02-22T20:05:16+00:00","dateModified":"2018-02-22T20:05:16+00:00","mainEntityOfPage":{"@id":"https:\/\/www.prijedordanas.com\/?p=99276"},"wordCount":627,"publisher":{"@id":"https:\/\/www.prijedordanas.com\/#organization"},"keywords":["nepotizam","pravosu\u0111e"],"articleSection":["Svakodnevno"],"inLanguage":"en-US"},{"@type":"WebPage","@id":"https:\/\/www.prijedordanas.com\/?p=99276","url":"https:\/\/www.prijedordanas.com\/?p=99276","name":"NEPOTIZAM U PRAVOSU\u0110U: DJECU SUDIJA I TU\u017dILACA ZAPO\u0160LJAVAJU KAO STRU\u010cNE SARADNIKE - PrijedorDanas.com - Prijedorski gradski portal","isPartOf":{"@id":"https:\/\/www.prijedordanas.com\/#website"},"datePublished":"2018-02-22T20:05:16+00:00","dateModified":"2018-02-22T20:05:16+00:00","breadcrumb":{"@id":"https:\/\/www.prijedordanas.com\/?p=99276#breadcrumb"},"inLanguage":"en-US","potentialAction":[{"@type":"ReadAction","target":["https:\/\/www.prijedordanas.com\/?p=99276"]}]},{"@type":"BreadcrumbList","@id":"https:\/\/www.prijedordanas.com\/?p=99276#breadcrumb","itemListElement":[{"@type":"ListItem","position":1,"name":"Home","item":"https:\/\/www.prijedordanas.com\/"},{"@type":"ListItem","position":2,"name":"NEPOTIZAM U PRAVOSU\u0110U: DJECU SUDIJA I TU\u017dILACA ZAPO\u0160LJAVAJU KAO STRU\u010cNE SARADNIKE"}]},{"@type":"WebSite","@id":"https:\/\/www.prijedordanas.com\/#website","url":"https:\/\/www.prijedordanas.com\/","name":"PrijedorDanas.com - Prijedorski gradski portal","description":"Portal o doga\u0111anjima u gradu Prijedoru","publisher":{"@id":"https:\/\/www.prijedordanas.com\/#organization"},"potentialAction":[{"@type":"SearchAction","target":{"@type":"EntryPoint","urlTemplate":"https:\/\/www.prijedordanas.com\/?s={search_term_string}"},"query-input":"required name=search_term_string"}],"inLanguage":"en-US"},{"@type":"Organization","@id":"https:\/\/www.prijedordanas.com\/#organization","name":"PrijedorDanas.com","url":"https:\/\/www.prijedordanas.com\/","logo":{"@type":"ImageObject","inLanguage":"en-US","@id":"https:\/\/www.prijedordanas.com\/#\/schema\/logo\/image\/","url":"http:\/\/www.prijedordanas.com\/wp-content\/uploads\/2021\/12\/logopng.png","contentUrl":"http:\/\/www.prijedordanas.com\/wp-content\/uploads\/2021\/12\/logopng.png","width":1019,"height":776,"caption":"PrijedorDanas.com"},"image":{"@id":"https:\/\/www.prijedordanas.com\/#\/schema\/logo\/image\/"},"sameAs":["https:\/\/www.facebook.com\/PrijedorDanasCom\/"]},{"@type":"Person","@id":"https:\/\/www.prijedordanas.com\/#\/schema\/person\/4e08ccf29b506ca916ff86d46bb700e6","name":"admin","image":{"@type":"ImageObject","inLanguage":"en-US","@id":"https:\/\/www.prijedordanas.com\/#\/schema\/person\/image\/","url":"https:\/\/secure.gravatar.com\/avatar\/1d3fc949d550f0b53a5f0d51e06dfd79?s=96&d=mm&r=g","contentUrl":"https:\/\/secure.gravatar.com\/avatar\/1d3fc949d550f0b53a5f0d51e06dfd79?s=96&d=mm&r=g","caption":"admin"},"url":"https:\/\/www.prijedordanas.com\/?author=1"}]}},"_links":{"self":[{"href":"https:\/\/www.prijedordanas.com\/index.php?rest_route=\/wp\/v2\/posts\/99276"}],"collection":[{"href":"https:\/\/www.prijedordanas.com\/index.php?rest_route=\/wp\/v2\/posts"}],"about":[{"href":"https:\/\/www.prijedordanas.com\/index.php?rest_route=\/wp\/v2\/types\/post"}],"author":[{"embeddable":true,"href":"https:\/\/www.prijedordanas.com\/index.php?rest_route=\/wp\/v2\/users\/1"}],"replies":[{"embeddable":true,"href":"https:\/\/www.prijedordanas.com\/index.php?rest_route=%2Fwp%2Fv2%2Fcomments&post=99276"}],"version-history":[{"count":1,"href":"https:\/\/www.prijedordanas.com\/index.php?rest_route=\/wp\/v2\/posts\/99276\/revisions"}],"predecessor-version":[{"id":99279,"href":"https:\/\/www.prijedordanas.com\/index.php?rest_route=\/wp\/v2\/posts\/99276\/revisions\/99279"}],"wp:attachment":[{"href":"https:\/\/www.prijedordanas.com\/index.php?rest_route=%2Fwp%2Fv2%2Fmedia&parent=99276"}],"wp:term":[{"taxonomy":"category","embeddable":true,"href":"https:\/\/www.prijedordanas.com\/index.php?rest_route=%2Fwp%2Fv2%2Fcategories&post=99276"},{"taxonomy":"post_tag","embeddable":true,"href":"https:\/\/www.prijedordanas.com\/index.php?rest_route=%2Fwp%2Fv2%2Ftags&post=99276"}],"curies":[{"name":"wp","href":"https:\/\/api.w.org\/{rel}","templated":true}]}}