{"id":9924,"date":"2014-10-29T21:58:50","date_gmt":"2014-10-29T20:58:50","guid":{"rendered":"https:\/\/www.prijedordanas.com\/?p=9924"},"modified":"2014-10-29T23:34:03","modified_gmt":"2014-10-29T22:34:03","slug":"atleticari-prijedora-sjajni-na-ekipnom-prvenstvu-rs-i-bih-u-krosu","status":"publish","type":"post","link":"https:\/\/www.prijedordanas.com\/?p=9924","title":{"rendered":"ATLETI\u010cARI PRIJEDORA SJAJNI NA EKIPNOM PRVENSTVU RS I BIH U KROSU"},"content":{"rendered":"<p><a href=\"https:\/\/www.prijedordanas.com\/wp-content\/uploads\/2014\/10\/ak-prijedor-ekipno-kros-1.jpg\"><img loading=\"lazy\" decoding=\"async\" class=\"alignleft size-medium wp-image-9925\" src=\"https:\/\/www.prijedordanas.com\/wp-content\/uploads\/2014\/10\/ak-prijedor-ekipno-kros-1-300x225.jpg\" alt=\"ak prijedor-ekipno kros (1)\" width=\"300\" height=\"225\" srcset=\"https:\/\/www.prijedordanas.com\/wp-content\/uploads\/2014\/10\/ak-prijedor-ekipno-kros-1-300x225.jpg 300w, https:\/\/www.prijedordanas.com\/wp-content\/uploads\/2014\/10\/ak-prijedor-ekipno-kros-1.jpg 600w\" sizes=\"(max-width: 300px) 100vw, 300px\" \/><\/a>Proteklog vikenda Atletski klub Prijedor je nastupao na ekipnom Prvenstvu Bosne i Hercegovine i Republike Srpske u krosu koje je odr\u017eano u Prnjavoru.<\/p>\n<p>Predvo\u0111eni trenerom Zoranom Radinovi\u0107em, Prijedor\u010dani su ostvarili odli\u010dne rezultate.<\/p>\n<p>Pionirska ekipa za koju su nastupali Mirko Cvijic\u0301, David Kolund\u017eija i Kristijan Kecman postala je prvak RS i BiH.<\/p>\n<p>Juniori za koje su tr\u010dali Bo\u017eidar Vujic\u0301,Sa\u0161a Dobrijevic\u0301, Rajko Gajic\u0301 i Zoran Bakic\u0301 tako\u0111e su najbolji u RS i BiH.<\/p>\n<p>Boris Vujic\u0301, Brane \u0160atara,Sa\u0161a Kragulj i Aleksandar Dalic\u0301 su nastupali za seniore koji su osvojili drugo mjesto i vice\u0161ampionsku titulu na nivou RS i BiH.<\/p>\n<p>Ovim rezultatima atleti\u010dari Prijedora su sveukupni pobjednici na nivou RS i BiH u mu\u0161koj konkurenciji sa osvojenih sedam pehara.<\/p>\n<p><a href=\"https:\/\/www.prijedordanas.com\/wp-content\/uploads\/2014\/10\/ak-prijedor-ekipno-kros-2.jpg\"><img loading=\"lazy\" decoding=\"async\" src=\"https:\/\/www.prijedordanas.com\/wp-content\/uploads\/2014\/10\/ak-prijedor-ekipno-kros-2-300x225.jpg\" alt=\"ak prijedor-ekipno kros (2)\" width=\"300\" height=\"225\" class=\"alignleft size-medium wp-image-9926\" srcset=\"https:\/\/www.prijedordanas.com\/wp-content\/uploads\/2014\/10\/ak-prijedor-ekipno-kros-2-300x225.jpg 300w, https:\/\/www.prijedordanas.com\/wp-content\/uploads\/2014\/10\/ak-prijedor-ekipno-kros-2.jpg 600w\" sizes=\"(max-width: 300px) 100vw, 300px\" \/><\/a>Juniori Prijedora su se plasirali na Kup Evropskih \u0160ampiona koje se odr\u017eava u gradu Vadalahara u \u0160paniji.<\/p>\n<p>\u201eNapravili smo sjajan rezultat u mu\u0161koj konkurenciji i ponosan sam na svoje atleti\u010dare. Moram ista\u0107i i na\u0161e pionirke koje su zauzele \u010detvrto mjesto u sastavu Teodora Pjevic\u0301, ArijanaDizdarevic\u0301 i Ana Kurnoga\u201c, rekao je trener kluba Zoran Radinovic\u0301.<\/p>\n<p>Tekst \u2013 Aleksandar Drakuli\u0107<br \/>\nFoto \u2013 AK Prijedor<\/p>\n","protected":false},"excerpt":{"rendered":"<p>Proteklog vikenda Atletski klub Prijedor je nastupao na ekipnom Prvenstvu Bosne i Hercegovine i Republike Srpske u krosu koje je odr\u017eano u Prnjavoru. Predvo\u0111eni trenerom Zoranom Radinovi\u0107em, Prijedor\u010dani su ostvarili [&hellip;]<\/p>\n","protected":false},"author":1,"featured_media":0,"comment_status":"closed","ping_status":"open","sticky":false,"template":"","format":"standard","meta":{"_monsterinsights_skip_tracking":false,"_monsterinsights_sitenote_active":false,"_monsterinsights_sitenote_note":"","_monsterinsights_sitenote_category":0,"footnotes":""},"categories":[7],"tags":[465],"yoast_head":"<!-- This site is optimized with the Yoast SEO plugin v21.6 - https:\/\/yoast.com\/wordpress\/plugins\/seo\/ -->\n<title>ATLETI\u010cARI PRIJEDORA SJAJNI NA EKIPNOM PRVENSTVU RS I BIH U KROSU - PrijedorDanas.com - Prijedorski gradski portal<\/title>\n<meta name=\"robots\" content=\"index, follow, max-snippet:-1, max-image-preview:large, max-video-preview:-1\" \/>\n<link rel=\"canonical\" href=\"https:\/\/www.prijedordanas.com\/?p=9924\" \/>\n<meta property=\"og:locale\" content=\"en_US\" \/>\n<meta property=\"og:type\" content=\"article\" \/>\n<meta property=\"og:title\" content=\"ATLETI\u010cARI PRIJEDORA SJAJNI NA EKIPNOM PRVENSTVU RS I BIH U KROSU - PrijedorDanas.com - Prijedorski gradski portal\" \/>\n<meta property=\"og:description\" content=\"Proteklog vikenda Atletski klub Prijedor je nastupao na ekipnom Prvenstvu Bosne i Hercegovine i Republike Srpske u krosu koje je odr\u017eano u Prnjavoru. Predvo\u0111eni trenerom Zoranom Radinovi\u0107em, Prijedor\u010dani su ostvarili [&hellip;]\" \/>\n<meta property=\"og:url\" content=\"https:\/\/www.prijedordanas.com\/?p=9924\" \/>\n<meta property=\"og:site_name\" content=\"PrijedorDanas.com - Prijedorski gradski portal\" \/>\n<meta property=\"article:publisher\" content=\"https:\/\/www.facebook.com\/PrijedorDanasCom\/\" \/>\n<meta property=\"article:published_time\" content=\"2014-10-29T20:58:50+00:00\" \/>\n<meta property=\"article:modified_time\" content=\"2014-10-29T22:34:03+00:00\" \/>\n<meta property=\"og:image\" content=\"https:\/\/www.prijedordanas.com\/wp-content\/uploads\/2014\/10\/ak-prijedor-ekipno-kros-1-300x225.jpg\" \/>\n<meta name=\"author\" content=\"admin\" \/>\n<meta name=\"twitter:card\" content=\"summary_large_image\" \/>\n<meta name=\"twitter:label1\" content=\"Written by\" \/>\n\t<meta name=\"twitter:data1\" content=\"admin\" \/>\n\t<meta name=\"twitter:label2\" content=\"Est. reading time\" \/>\n\t<meta name=\"twitter:data2\" content=\"1 minute\" \/>\n<script type=\"application\/ld+json\" class=\"yoast-schema-graph\">{\"@context\":\"https:\/\/schema.org\",\"@graph\":[{\"@type\":\"Article\",\"@id\":\"https:\/\/www.prijedordanas.com\/?p=9924#article\",\"isPartOf\":{\"@id\":\"https:\/\/www.prijedordanas.com\/?p=9924\"},\"author\":{\"name\":\"admin\",\"@id\":\"https:\/\/www.prijedordanas.com\/#\/schema\/person\/4e08ccf29b506ca916ff86d46bb700e6\"},\"headline\":\"ATLETI\u010cARI PRIJEDORA SJAJNI NA EKIPNOM PRVENSTVU RS I BIH U KROSU\",\"datePublished\":\"2014-10-29T20:58:50+00:00\",\"dateModified\":\"2014-10-29T22:34:03+00:00\",\"mainEntityOfPage\":{\"@id\":\"https:\/\/www.prijedordanas.com\/?p=9924\"},\"wordCount\":208,\"publisher\":{\"@id\":\"https:\/\/www.prijedordanas.com\/#organization\"},\"keywords\":[\"AK Prijedor\"],\"articleSection\":[\"Sport\"],\"inLanguage\":\"en-US\"},{\"@type\":\"WebPage\",\"@id\":\"https:\/\/www.prijedordanas.com\/?p=9924\",\"url\":\"https:\/\/www.prijedordanas.com\/?p=9924\",\"name\":\"ATLETI\u010cARI PRIJEDORA SJAJNI NA EKIPNOM PRVENSTVU RS I BIH U KROSU - PrijedorDanas.com - Prijedorski gradski portal\",\"isPartOf\":{\"@id\":\"https:\/\/www.prijedordanas.com\/#website\"},\"datePublished\":\"2014-10-29T20:58:50+00:00\",\"dateModified\":\"2014-10-29T22:34:03+00:00\",\"breadcrumb\":{\"@id\":\"https:\/\/www.prijedordanas.com\/?p=9924#breadcrumb\"},\"inLanguage\":\"en-US\",\"potentialAction\":[{\"@type\":\"ReadAction\",\"target\":[\"https:\/\/www.prijedordanas.com\/?p=9924\"]}]},{\"@type\":\"BreadcrumbList\",\"@id\":\"https:\/\/www.prijedordanas.com\/?p=9924#breadcrumb\",\"itemListElement\":[{\"@type\":\"ListItem\",\"position\":1,\"name\":\"Home\",\"item\":\"https:\/\/www.prijedordanas.com\/\"},{\"@type\":\"ListItem\",\"position\":2,\"name\":\"ATLETI\u010cARI PRIJEDORA SJAJNI NA EKIPNOM PRVENSTVU RS I BIH U KROSU\"}]},{\"@type\":\"WebSite\",\"@id\":\"https:\/\/www.prijedordanas.com\/#website\",\"url\":\"https:\/\/www.prijedordanas.com\/\",\"name\":\"PrijedorDanas.com - Prijedorski gradski portal\",\"description\":\"Portal o doga\u0111anjima u gradu Prijedoru\",\"publisher\":{\"@id\":\"https:\/\/www.prijedordanas.com\/#organization\"},\"potentialAction\":[{\"@type\":\"SearchAction\",\"target\":{\"@type\":\"EntryPoint\",\"urlTemplate\":\"https:\/\/www.prijedordanas.com\/?s={search_term_string}\"},\"query-input\":\"required name=search_term_string\"}],\"inLanguage\":\"en-US\"},{\"@type\":\"Organization\",\"@id\":\"https:\/\/www.prijedordanas.com\/#organization\",\"name\":\"PrijedorDanas.com\",\"url\":\"https:\/\/www.prijedordanas.com\/\",\"logo\":{\"@type\":\"ImageObject\",\"inLanguage\":\"en-US\",\"@id\":\"https:\/\/www.prijedordanas.com\/#\/schema\/logo\/image\/\",\"url\":\"http:\/\/www.prijedordanas.com\/wp-content\/uploads\/2021\/12\/logopng.png\",\"contentUrl\":\"http:\/\/www.prijedordanas.com\/wp-content\/uploads\/2021\/12\/logopng.png\",\"width\":1019,\"height\":776,\"caption\":\"PrijedorDanas.com\"},\"image\":{\"@id\":\"https:\/\/www.prijedordanas.com\/#\/schema\/logo\/image\/\"},\"sameAs\":[\"https:\/\/www.facebook.com\/PrijedorDanasCom\/\"]},{\"@type\":\"Person\",\"@id\":\"https:\/\/www.prijedordanas.com\/#\/schema\/person\/4e08ccf29b506ca916ff86d46bb700e6\",\"name\":\"admin\",\"image\":{\"@type\":\"ImageObject\",\"inLanguage\":\"en-US\",\"@id\":\"https:\/\/www.prijedordanas.com\/#\/schema\/person\/image\/\",\"url\":\"https:\/\/secure.gravatar.com\/avatar\/1d3fc949d550f0b53a5f0d51e06dfd79?s=96&d=mm&r=g\",\"contentUrl\":\"https:\/\/secure.gravatar.com\/avatar\/1d3fc949d550f0b53a5f0d51e06dfd79?s=96&d=mm&r=g\",\"caption\":\"admin\"},\"url\":\"https:\/\/www.prijedordanas.com\/?author=1\"}]}<\/script>\n<!-- \/ Yoast SEO plugin. -->","yoast_head_json":{"title":"ATLETI\u010cARI PRIJEDORA SJAJNI NA EKIPNOM PRVENSTVU RS I BIH U KROSU - PrijedorDanas.com - Prijedorski gradski portal","robots":{"index":"index","follow":"follow","max-snippet":"max-snippet:-1","max-image-preview":"max-image-preview:large","max-video-preview":"max-video-preview:-1"},"canonical":"https:\/\/www.prijedordanas.com\/?p=9924","og_locale":"en_US","og_type":"article","og_title":"ATLETI\u010cARI PRIJEDORA SJAJNI NA EKIPNOM PRVENSTVU RS I BIH U KROSU - PrijedorDanas.com - Prijedorski gradski portal","og_description":"Proteklog vikenda Atletski klub Prijedor je nastupao na ekipnom Prvenstvu Bosne i Hercegovine i Republike Srpske u krosu koje je odr\u017eano u Prnjavoru. Predvo\u0111eni trenerom Zoranom Radinovi\u0107em, Prijedor\u010dani su ostvarili [&hellip;]","og_url":"https:\/\/www.prijedordanas.com\/?p=9924","og_site_name":"PrijedorDanas.com - Prijedorski gradski portal","article_publisher":"https:\/\/www.facebook.com\/PrijedorDanasCom\/","article_published_time":"2014-10-29T20:58:50+00:00","article_modified_time":"2014-10-29T22:34:03+00:00","og_image":[{"url":"https:\/\/www.prijedordanas.com\/wp-content\/uploads\/2014\/10\/ak-prijedor-ekipno-kros-1-300x225.jpg"}],"author":"admin","twitter_card":"summary_large_image","twitter_misc":{"Written by":"admin","Est. reading time":"1 minute"},"schema":{"@context":"https:\/\/schema.org","@graph":[{"@type":"Article","@id":"https:\/\/www.prijedordanas.com\/?p=9924#article","isPartOf":{"@id":"https:\/\/www.prijedordanas.com\/?p=9924"},"author":{"name":"admin","@id":"https:\/\/www.prijedordanas.com\/#\/schema\/person\/4e08ccf29b506ca916ff86d46bb700e6"},"headline":"ATLETI\u010cARI PRIJEDORA SJAJNI NA EKIPNOM PRVENSTVU RS I BIH U KROSU","datePublished":"2014-10-29T20:58:50+00:00","dateModified":"2014-10-29T22:34:03+00:00","mainEntityOfPage":{"@id":"https:\/\/www.prijedordanas.com\/?p=9924"},"wordCount":208,"publisher":{"@id":"https:\/\/www.prijedordanas.com\/#organization"},"keywords":["AK Prijedor"],"articleSection":["Sport"],"inLanguage":"en-US"},{"@type":"WebPage","@id":"https:\/\/www.prijedordanas.com\/?p=9924","url":"https:\/\/www.prijedordanas.com\/?p=9924","name":"ATLETI\u010cARI PRIJEDORA SJAJNI NA EKIPNOM PRVENSTVU RS I BIH U KROSU - PrijedorDanas.com - Prijedorski gradski portal","isPartOf":{"@id":"https:\/\/www.prijedordanas.com\/#website"},"datePublished":"2014-10-29T20:58:50+00:00","dateModified":"2014-10-29T22:34:03+00:00","breadcrumb":{"@id":"https:\/\/www.prijedordanas.com\/?p=9924#breadcrumb"},"inLanguage":"en-US","potentialAction":[{"@type":"ReadAction","target":["https:\/\/www.prijedordanas.com\/?p=9924"]}]},{"@type":"BreadcrumbList","@id":"https:\/\/www.prijedordanas.com\/?p=9924#breadcrumb","itemListElement":[{"@type":"ListItem","position":1,"name":"Home","item":"https:\/\/www.prijedordanas.com\/"},{"@type":"ListItem","position":2,"name":"ATLETI\u010cARI PRIJEDORA SJAJNI NA EKIPNOM PRVENSTVU RS I BIH U KROSU"}]},{"@type":"WebSite","@id":"https:\/\/www.prijedordanas.com\/#website","url":"https:\/\/www.prijedordanas.com\/","name":"PrijedorDanas.com - Prijedorski gradski portal","description":"Portal o doga\u0111anjima u gradu Prijedoru","publisher":{"@id":"https:\/\/www.prijedordanas.com\/#organization"},"potentialAction":[{"@type":"SearchAction","target":{"@type":"EntryPoint","urlTemplate":"https:\/\/www.prijedordanas.com\/?s={search_term_string}"},"query-input":"required name=search_term_string"}],"inLanguage":"en-US"},{"@type":"Organization","@id":"https:\/\/www.prijedordanas.com\/#organization","name":"PrijedorDanas.com","url":"https:\/\/www.prijedordanas.com\/","logo":{"@type":"ImageObject","inLanguage":"en-US","@id":"https:\/\/www.prijedordanas.com\/#\/schema\/logo\/image\/","url":"http:\/\/www.prijedordanas.com\/wp-content\/uploads\/2021\/12\/logopng.png","contentUrl":"http:\/\/www.prijedordanas.com\/wp-content\/uploads\/2021\/12\/logopng.png","width":1019,"height":776,"caption":"PrijedorDanas.com"},"image":{"@id":"https:\/\/www.prijedordanas.com\/#\/schema\/logo\/image\/"},"sameAs":["https:\/\/www.facebook.com\/PrijedorDanasCom\/"]},{"@type":"Person","@id":"https:\/\/www.prijedordanas.com\/#\/schema\/person\/4e08ccf29b506ca916ff86d46bb700e6","name":"admin","image":{"@type":"ImageObject","inLanguage":"en-US","@id":"https:\/\/www.prijedordanas.com\/#\/schema\/person\/image\/","url":"https:\/\/secure.gravatar.com\/avatar\/1d3fc949d550f0b53a5f0d51e06dfd79?s=96&d=mm&r=g","contentUrl":"https:\/\/secure.gravatar.com\/avatar\/1d3fc949d550f0b53a5f0d51e06dfd79?s=96&d=mm&r=g","caption":"admin"},"url":"https:\/\/www.prijedordanas.com\/?author=1"}]}},"_links":{"self":[{"href":"https:\/\/www.prijedordanas.com\/index.php?rest_route=\/wp\/v2\/posts\/9924"}],"collection":[{"href":"https:\/\/www.prijedordanas.com\/index.php?rest_route=\/wp\/v2\/posts"}],"about":[{"href":"https:\/\/www.prijedordanas.com\/index.php?rest_route=\/wp\/v2\/types\/post"}],"author":[{"embeddable":true,"href":"https:\/\/www.prijedordanas.com\/index.php?rest_route=\/wp\/v2\/users\/1"}],"replies":[{"embeddable":true,"href":"https:\/\/www.prijedordanas.com\/index.php?rest_route=%2Fwp%2Fv2%2Fcomments&post=9924"}],"version-history":[{"count":2,"href":"https:\/\/www.prijedordanas.com\/index.php?rest_route=\/wp\/v2\/posts\/9924\/revisions"}],"predecessor-version":[{"id":9935,"href":"https:\/\/www.prijedordanas.com\/index.php?rest_route=\/wp\/v2\/posts\/9924\/revisions\/9935"}],"wp:attachment":[{"href":"https:\/\/www.prijedordanas.com\/index.php?rest_route=%2Fwp%2Fv2%2Fmedia&parent=9924"}],"wp:term":[{"taxonomy":"category","embeddable":true,"href":"https:\/\/www.prijedordanas.com\/index.php?rest_route=%2Fwp%2Fv2%2Fcategories&post=9924"},{"taxonomy":"post_tag","embeddable":true,"href":"https:\/\/www.prijedordanas.com\/index.php?rest_route=%2Fwp%2Fv2%2Ftags&post=9924"}],"curies":[{"name":"wp","href":"https:\/\/api.w.org\/{rel}","templated":true}]}}