{"id":98822,"date":"2018-02-16T14:29:58","date_gmt":"2018-02-16T13:29:58","guid":{"rendered":"https:\/\/www.prijedordanas.com\/?p=98822"},"modified":"2018-02-16T14:35:25","modified_gmt":"2018-02-16T13:35:25","slug":"ponos-grada-na-sani-pjesma-kocicevih-poletaraca-daleko-se-cuje-od-ove-ce-vam-srce-zaigrati-video","status":"publish","type":"post","link":"https:\/\/www.prijedordanas.com\/?p=98822","title":{"rendered":"PONOS GRADA NA SANI: PJESMA \u201eKO\u010cI\u0106EVIH POLETARACA\u201c DALEKO SE \u010cUJE A OD OVE \u0106E VAM SRCE ZAIGRATI\u2013 VIDEO"},"content":{"rendered":"<p><a href=\"https:\/\/www.prijedordanas.com\/wp-content\/uploads\/2018\/02\/blic-kocicevi-poletarci-1.jpg\"><img loading=\"lazy\" decoding=\"async\" class=\"alignleft size-medium wp-image-98824\" src=\"https:\/\/www.prijedordanas.com\/wp-content\/uploads\/2018\/02\/blic-kocicevi-poletarci-1-300x225.jpg\" alt=\"\" width=\"300\" height=\"225\" srcset=\"https:\/\/www.prijedordanas.com\/wp-content\/uploads\/2018\/02\/blic-kocicevi-poletarci-1-300x225.jpg 300w, https:\/\/www.prijedordanas.com\/wp-content\/uploads\/2018\/02\/blic-kocicevi-poletarci-1-100x75.jpg 100w, https:\/\/www.prijedordanas.com\/wp-content\/uploads\/2018\/02\/blic-kocicevi-poletarci-1-640x480.jpg 640w, https:\/\/www.prijedordanas.com\/wp-content\/uploads\/2018\/02\/blic-kocicevi-poletarci-1.jpg 668w\" sizes=\"(max-width: 300px) 100vw, 300px\" \/><\/a>Horovi Osnovne \u0161kole \u201ePetar Ko\u010di\u0107\u201c iz Prijedora posljednjih godina postaju primjetan dio kulturnog \u017eivota grada na Sani.<\/p>\n<p>Najmla\u0111i u\u010denici ove \u0161kole, ve\u0107 od drugog razreda, imaju priliku da budu \u201eKo\u010di\u0107evi poletarci\u201c. Sada ih je desetak, a me\u0111u njima je i Ognjen Balta.<\/p>\n<p>&#8211; Nau\u010dili smo mnogo pjesmica i nastupali smo u Pozori\u0161tu za dan \u0161kole. To nam se najvi\u0161e svidjelo, a u publici su bili nastavnici i na\u0161i roditelji i rekli su da im se svi\u0111a \u2013 ka\u017ee Ognjen.<\/p>\n<p>Nastavnica Maja Jovi\u0107 \u2013 Crn\u010devi\u0107 koja vodi \u201eKo\u010di\u0107eve poletarce\u201c ka\u017ee da je sekcija nastala na prijedlog direktora \u0161kole koja je to predlo\u017eila na jednom od dru\u017eenja nastavnika. Ona isti\u010de da pjesmu najmla\u0111ih prati zvukom gitare.<\/p>\n<p><a href=\"https:\/\/www.prijedordanas.com\/wp-content\/uploads\/2018\/02\/blic-kocicevi-poletarci-2.jpg\"><img loading=\"lazy\" decoding=\"async\" class=\"alignleft size-medium wp-image-98825\" src=\"https:\/\/www.prijedordanas.com\/wp-content\/uploads\/2018\/02\/blic-kocicevi-poletarci-2-300x225.jpg\" alt=\"\" width=\"300\" height=\"225\" srcset=\"https:\/\/www.prijedordanas.com\/wp-content\/uploads\/2018\/02\/blic-kocicevi-poletarci-2-300x225.jpg 300w, https:\/\/www.prijedordanas.com\/wp-content\/uploads\/2018\/02\/blic-kocicevi-poletarci-2-100x75.jpg 100w, https:\/\/www.prijedordanas.com\/wp-content\/uploads\/2018\/02\/blic-kocicevi-poletarci-2-640x480.jpg 640w, https:\/\/www.prijedordanas.com\/wp-content\/uploads\/2018\/02\/blic-kocicevi-poletarci-2.jpg 668w\" sizes=\"(max-width: 300px) 100vw, 300px\" \/><\/a>&#8211; U\u010dimo pjesmice koje su za njihov uzrast. Iz prve generacije \u201eKo\u010di\u0107evih poletaraca\u201c skoro svi su upisali Muzi\u010dku \u0161kolu \u2013 isti\u010de ona.<\/p>\n<p>Pored najmla\u0111ih pjeva\u010da, ova prijedorska \u0161kola u Horskoj sekciji okuplja oko 30 u\u010denika od 6. do 9. razreda, koju vodi nastavnica muzi\u010dkog Dra\u017eenka Jov\u010din.<\/p>\n<p>&#8211; Ja ina\u010de predajem gitaru u Muzi\u010dkoj \u0161koli. Tamo zapazim djecu koja sviraju, a idu u ovu \u0161kolu. Na moj poziv se priklju\u010de sekciji, pa tako kod nas sviraju jednom sedmi\u010dno i imamo \u0161kolski orkestar. Sada ih ima 6 u orkestru koji sviraju \u2013 pri\u010da Jov\u010din.<\/p>\n<p>Navodi da je ponosna na \u0111ake, te da voli kada imaju priliku svoje muzi\u010dko umije\u0107e javno pokazati.<\/p>\n<p><a href=\"https:\/\/www.prijedordanas.com\/wp-content\/uploads\/2018\/02\/blic-kocicevi-poletarci-3.jpg\"><img loading=\"lazy\" decoding=\"async\" class=\"alignleft size-medium wp-image-98826\" src=\"https:\/\/www.prijedordanas.com\/wp-content\/uploads\/2018\/02\/blic-kocicevi-poletarci-3-300x225.jpg\" alt=\"\" width=\"300\" height=\"225\" srcset=\"https:\/\/www.prijedordanas.com\/wp-content\/uploads\/2018\/02\/blic-kocicevi-poletarci-3-300x225.jpg 300w, https:\/\/www.prijedordanas.com\/wp-content\/uploads\/2018\/02\/blic-kocicevi-poletarci-3-100x75.jpg 100w, https:\/\/www.prijedordanas.com\/wp-content\/uploads\/2018\/02\/blic-kocicevi-poletarci-3-640x480.jpg 640w, https:\/\/www.prijedordanas.com\/wp-content\/uploads\/2018\/02\/blic-kocicevi-poletarci-3.jpg 668w\" sizes=\"(max-width: 300px) 100vw, 300px\" \/><\/a>&#8211; Na \u010dasovima redovne nastave pjevamo te pjesme sa sekcije i uklju\u010dimo i ostale \u0111ake, pa te pjesme iz hora znaju svi \u2013 pri\u010da ona.<\/p>\n<p>Dodaje da je hor ove \u0161kole u\u010destvovao i revijalnom dijelu Me\u0111unarodnog festivala horova \u201eZlatna vila\u201c u Prijedoru, te da \u0107e u maju u\u010destvovati na Republi\u010dkom takmi\u010denju horova u Banjaluci.<\/p>\n<p>Isti\u010de da horska sekcija na brojnim priredbama dopunjava kvalitetan rad dramske i recitatorske sekcije.<\/p>\n<p>&#8211; Imamo i ojka\u010dku sekciju. Primijetili smo da se dje\u010daci zbog promjena u glasu, nakon \u0161estog razreda ne prijavljuju za hor. Zato smo im ponudili ojka\u010dku sekciju i oni su to prihvatili. Ima njih \u010detvorica koji su odli\u010dni, a ostali ih prate. Oni nau\u010de da pjevaju ojka\u010de uz stri\u010deve ili djedove, pa onda se ovde sastanu pjevaju i ljuduju \u2013 ka\u017ee uz osmijeh Jov\u010din.<\/p>\n<p>\u010clan horske sekcije O\u0160\u201ePetar Ko\u010di\u0107\u201c je i Milica \u0110or\u0111evi\u0107.<\/p>\n<p>&#8211; Idem i u Muzi\u010dku \u0161kolu i tamo sviram gitaru, klavir i violon\u010delo. Najvi\u0161e volim violon\u010delo pa ga sviram i ovdje u \u0161kolskoj sekciji. Lijepo nam je ovde, dru\u017eimo se i zabavljamo &#8211; pri\u010da Milica.<\/p>\n<p>EuroBlic<\/p>\n<p>Video pogledajte <a href=\"https:\/\/ecache8.m2d1.cdn.onet.pl\/ceph\/5c05da4b-be01-4454-a5bf-9ce35e93d78f.1518711994.279556.mp4?co=rasrs_blic&#038;ct=sm&#038;st=DxQC8p8soDZx0wmdhmzL5g&#038;e=1518789127\" rel=\"noopener\" target=\"_blank\">OVDJE<\/a><\/p>\n","protected":false},"excerpt":{"rendered":"<p>Horovi Osnovne \u0161kole \u201ePetar Ko\u010di\u0107\u201c iz Prijedora posljednjih godina postaju primjetan dio kulturnog \u017eivota grada na Sani. Najmla\u0111i u\u010denici ove \u0161kole, ve\u0107 od drugog razreda, imaju priliku da budu \u201eKo\u010di\u0107evi [&hellip;]<\/p>\n","protected":false},"author":1,"featured_media":0,"comment_status":"closed","ping_status":"open","sticky":false,"template":"","format":"standard","meta":{"_monsterinsights_skip_tracking":false,"_monsterinsights_sitenote_active":false,"_monsterinsights_sitenote_note":"","_monsterinsights_sitenote_category":0,"footnotes":""},"categories":[7518],"tags":[847,10406,5275],"yoast_head":"<!-- This site is optimized with the Yoast SEO plugin v21.6 - https:\/\/yoast.com\/wordpress\/plugins\/seo\/ -->\n<title>PONOS GRADA NA SANI: PJESMA \u201eKO\u010cI\u0106EVIH POLETARACA\u201c DALEKO SE \u010cUJE A OD OVE \u0106E VAM SRCE ZAIGRATI\u2013 VIDEO - PrijedorDanas.com - Prijedorski gradski portal<\/title>\n<meta name=\"robots\" content=\"index, follow, max-snippet:-1, max-image-preview:large, max-video-preview:-1\" \/>\n<link rel=\"canonical\" href=\"https:\/\/www.prijedordanas.com\/?p=98822\" \/>\n<meta property=\"og:locale\" content=\"en_US\" \/>\n<meta property=\"og:type\" content=\"article\" \/>\n<meta property=\"og:title\" content=\"PONOS GRADA NA SANI: PJESMA \u201eKO\u010cI\u0106EVIH POLETARACA\u201c DALEKO SE \u010cUJE A OD OVE \u0106E VAM SRCE ZAIGRATI\u2013 VIDEO - PrijedorDanas.com - Prijedorski gradski portal\" \/>\n<meta property=\"og:description\" content=\"Horovi Osnovne \u0161kole \u201ePetar Ko\u010di\u0107\u201c iz Prijedora posljednjih godina postaju primjetan dio kulturnog \u017eivota grada na Sani. Najmla\u0111i u\u010denici ove \u0161kole, ve\u0107 od drugog razreda, imaju priliku da budu \u201eKo\u010di\u0107evi [&hellip;]\" \/>\n<meta property=\"og:url\" content=\"https:\/\/www.prijedordanas.com\/?p=98822\" \/>\n<meta property=\"og:site_name\" content=\"PrijedorDanas.com - Prijedorski gradski portal\" \/>\n<meta property=\"article:publisher\" content=\"https:\/\/www.facebook.com\/PrijedorDanasCom\/\" \/>\n<meta property=\"article:published_time\" content=\"2018-02-16T13:29:58+00:00\" \/>\n<meta property=\"article:modified_time\" content=\"2018-02-16T13:35:25+00:00\" \/>\n<meta property=\"og:image\" content=\"https:\/\/www.prijedordanas.com\/wp-content\/uploads\/2018\/02\/blic-kocicevi-poletarci-1-300x225.jpg\" \/>\n<meta name=\"author\" content=\"admin\" \/>\n<meta name=\"twitter:card\" content=\"summary_large_image\" \/>\n<meta name=\"twitter:label1\" content=\"Written by\" \/>\n\t<meta name=\"twitter:data1\" content=\"admin\" \/>\n\t<meta name=\"twitter:label2\" content=\"Est. reading time\" \/>\n\t<meta name=\"twitter:data2\" content=\"2 minutes\" \/>\n<script type=\"application\/ld+json\" class=\"yoast-schema-graph\">{\"@context\":\"https:\/\/schema.org\",\"@graph\":[{\"@type\":\"Article\",\"@id\":\"https:\/\/www.prijedordanas.com\/?p=98822#article\",\"isPartOf\":{\"@id\":\"https:\/\/www.prijedordanas.com\/?p=98822\"},\"author\":{\"name\":\"admin\",\"@id\":\"https:\/\/www.prijedordanas.com\/#\/schema\/person\/4e08ccf29b506ca916ff86d46bb700e6\"},\"headline\":\"PONOS GRADA NA SANI: PJESMA \u201eKO\u010cI\u0106EVIH POLETARACA\u201c DALEKO SE \u010cUJE A OD OVE \u0106E VAM SRCE ZAIGRATI\u2013 VIDEO\",\"datePublished\":\"2018-02-16T13:29:58+00:00\",\"dateModified\":\"2018-02-16T13:35:25+00:00\",\"mainEntityOfPage\":{\"@id\":\"https:\/\/www.prijedordanas.com\/?p=98822\"},\"wordCount\":478,\"publisher\":{\"@id\":\"https:\/\/www.prijedordanas.com\/#organization\"},\"keywords\":[\"hor\",\"Ko\u010di\u0107evi poletarci\",\"O\u0160 \\\"Petar Ko\u010di\u0107\\\" Prijedor\"],\"articleSection\":[\"Mladi\"],\"inLanguage\":\"en-US\"},{\"@type\":\"WebPage\",\"@id\":\"https:\/\/www.prijedordanas.com\/?p=98822\",\"url\":\"https:\/\/www.prijedordanas.com\/?p=98822\",\"name\":\"PONOS GRADA NA SANI: PJESMA \u201eKO\u010cI\u0106EVIH POLETARACA\u201c DALEKO SE \u010cUJE A OD OVE \u0106E VAM SRCE ZAIGRATI\u2013 VIDEO - PrijedorDanas.com - Prijedorski gradski portal\",\"isPartOf\":{\"@id\":\"https:\/\/www.prijedordanas.com\/#website\"},\"datePublished\":\"2018-02-16T13:29:58+00:00\",\"dateModified\":\"2018-02-16T13:35:25+00:00\",\"breadcrumb\":{\"@id\":\"https:\/\/www.prijedordanas.com\/?p=98822#breadcrumb\"},\"inLanguage\":\"en-US\",\"potentialAction\":[{\"@type\":\"ReadAction\",\"target\":[\"https:\/\/www.prijedordanas.com\/?p=98822\"]}]},{\"@type\":\"BreadcrumbList\",\"@id\":\"https:\/\/www.prijedordanas.com\/?p=98822#breadcrumb\",\"itemListElement\":[{\"@type\":\"ListItem\",\"position\":1,\"name\":\"Home\",\"item\":\"https:\/\/www.prijedordanas.com\/\"},{\"@type\":\"ListItem\",\"position\":2,\"name\":\"PONOS GRADA NA SANI: PJESMA \u201eKO\u010cI\u0106EVIH POLETARACA\u201c DALEKO SE \u010cUJE A OD OVE \u0106E VAM SRCE ZAIGRATI\u2013 VIDEO\"}]},{\"@type\":\"WebSite\",\"@id\":\"https:\/\/www.prijedordanas.com\/#website\",\"url\":\"https:\/\/www.prijedordanas.com\/\",\"name\":\"PrijedorDanas.com - Prijedorski gradski portal\",\"description\":\"Portal o doga\u0111anjima u gradu Prijedoru\",\"publisher\":{\"@id\":\"https:\/\/www.prijedordanas.com\/#organization\"},\"potentialAction\":[{\"@type\":\"SearchAction\",\"target\":{\"@type\":\"EntryPoint\",\"urlTemplate\":\"https:\/\/www.prijedordanas.com\/?s={search_term_string}\"},\"query-input\":\"required name=search_term_string\"}],\"inLanguage\":\"en-US\"},{\"@type\":\"Organization\",\"@id\":\"https:\/\/www.prijedordanas.com\/#organization\",\"name\":\"PrijedorDanas.com\",\"url\":\"https:\/\/www.prijedordanas.com\/\",\"logo\":{\"@type\":\"ImageObject\",\"inLanguage\":\"en-US\",\"@id\":\"https:\/\/www.prijedordanas.com\/#\/schema\/logo\/image\/\",\"url\":\"http:\/\/www.prijedordanas.com\/wp-content\/uploads\/2021\/12\/logopng.png\",\"contentUrl\":\"http:\/\/www.prijedordanas.com\/wp-content\/uploads\/2021\/12\/logopng.png\",\"width\":1019,\"height\":776,\"caption\":\"PrijedorDanas.com\"},\"image\":{\"@id\":\"https:\/\/www.prijedordanas.com\/#\/schema\/logo\/image\/\"},\"sameAs\":[\"https:\/\/www.facebook.com\/PrijedorDanasCom\/\"]},{\"@type\":\"Person\",\"@id\":\"https:\/\/www.prijedordanas.com\/#\/schema\/person\/4e08ccf29b506ca916ff86d46bb700e6\",\"name\":\"admin\",\"image\":{\"@type\":\"ImageObject\",\"inLanguage\":\"en-US\",\"@id\":\"https:\/\/www.prijedordanas.com\/#\/schema\/person\/image\/\",\"url\":\"https:\/\/secure.gravatar.com\/avatar\/1d3fc949d550f0b53a5f0d51e06dfd79?s=96&d=mm&r=g\",\"contentUrl\":\"https:\/\/secure.gravatar.com\/avatar\/1d3fc949d550f0b53a5f0d51e06dfd79?s=96&d=mm&r=g\",\"caption\":\"admin\"},\"url\":\"https:\/\/www.prijedordanas.com\/?author=1\"}]}<\/script>\n<!-- \/ Yoast SEO plugin. -->","yoast_head_json":{"title":"PONOS GRADA NA SANI: PJESMA \u201eKO\u010cI\u0106EVIH POLETARACA\u201c DALEKO SE \u010cUJE A OD OVE \u0106E VAM SRCE ZAIGRATI\u2013 VIDEO - PrijedorDanas.com - Prijedorski gradski portal","robots":{"index":"index","follow":"follow","max-snippet":"max-snippet:-1","max-image-preview":"max-image-preview:large","max-video-preview":"max-video-preview:-1"},"canonical":"https:\/\/www.prijedordanas.com\/?p=98822","og_locale":"en_US","og_type":"article","og_title":"PONOS GRADA NA SANI: PJESMA \u201eKO\u010cI\u0106EVIH POLETARACA\u201c DALEKO SE \u010cUJE A OD OVE \u0106E VAM SRCE ZAIGRATI\u2013 VIDEO - PrijedorDanas.com - Prijedorski gradski portal","og_description":"Horovi Osnovne \u0161kole \u201ePetar Ko\u010di\u0107\u201c iz Prijedora posljednjih godina postaju primjetan dio kulturnog \u017eivota grada na Sani. Najmla\u0111i u\u010denici ove \u0161kole, ve\u0107 od drugog razreda, imaju priliku da budu \u201eKo\u010di\u0107evi [&hellip;]","og_url":"https:\/\/www.prijedordanas.com\/?p=98822","og_site_name":"PrijedorDanas.com - Prijedorski gradski portal","article_publisher":"https:\/\/www.facebook.com\/PrijedorDanasCom\/","article_published_time":"2018-02-16T13:29:58+00:00","article_modified_time":"2018-02-16T13:35:25+00:00","og_image":[{"url":"https:\/\/www.prijedordanas.com\/wp-content\/uploads\/2018\/02\/blic-kocicevi-poletarci-1-300x225.jpg"}],"author":"admin","twitter_card":"summary_large_image","twitter_misc":{"Written by":"admin","Est. reading time":"2 minutes"},"schema":{"@context":"https:\/\/schema.org","@graph":[{"@type":"Article","@id":"https:\/\/www.prijedordanas.com\/?p=98822#article","isPartOf":{"@id":"https:\/\/www.prijedordanas.com\/?p=98822"},"author":{"name":"admin","@id":"https:\/\/www.prijedordanas.com\/#\/schema\/person\/4e08ccf29b506ca916ff86d46bb700e6"},"headline":"PONOS GRADA NA SANI: PJESMA \u201eKO\u010cI\u0106EVIH POLETARACA\u201c DALEKO SE \u010cUJE A OD OVE \u0106E VAM SRCE ZAIGRATI\u2013 VIDEO","datePublished":"2018-02-16T13:29:58+00:00","dateModified":"2018-02-16T13:35:25+00:00","mainEntityOfPage":{"@id":"https:\/\/www.prijedordanas.com\/?p=98822"},"wordCount":478,"publisher":{"@id":"https:\/\/www.prijedordanas.com\/#organization"},"keywords":["hor","Ko\u010di\u0107evi poletarci","O\u0160 \"Petar Ko\u010di\u0107\" Prijedor"],"articleSection":["Mladi"],"inLanguage":"en-US"},{"@type":"WebPage","@id":"https:\/\/www.prijedordanas.com\/?p=98822","url":"https:\/\/www.prijedordanas.com\/?p=98822","name":"PONOS GRADA NA SANI: PJESMA \u201eKO\u010cI\u0106EVIH POLETARACA\u201c DALEKO SE \u010cUJE A OD OVE \u0106E VAM SRCE ZAIGRATI\u2013 VIDEO - PrijedorDanas.com - Prijedorski gradski portal","isPartOf":{"@id":"https:\/\/www.prijedordanas.com\/#website"},"datePublished":"2018-02-16T13:29:58+00:00","dateModified":"2018-02-16T13:35:25+00:00","breadcrumb":{"@id":"https:\/\/www.prijedordanas.com\/?p=98822#breadcrumb"},"inLanguage":"en-US","potentialAction":[{"@type":"ReadAction","target":["https:\/\/www.prijedordanas.com\/?p=98822"]}]},{"@type":"BreadcrumbList","@id":"https:\/\/www.prijedordanas.com\/?p=98822#breadcrumb","itemListElement":[{"@type":"ListItem","position":1,"name":"Home","item":"https:\/\/www.prijedordanas.com\/"},{"@type":"ListItem","position":2,"name":"PONOS GRADA NA SANI: PJESMA \u201eKO\u010cI\u0106EVIH POLETARACA\u201c DALEKO SE \u010cUJE A OD OVE \u0106E VAM SRCE ZAIGRATI\u2013 VIDEO"}]},{"@type":"WebSite","@id":"https:\/\/www.prijedordanas.com\/#website","url":"https:\/\/www.prijedordanas.com\/","name":"PrijedorDanas.com - Prijedorski gradski portal","description":"Portal o doga\u0111anjima u gradu Prijedoru","publisher":{"@id":"https:\/\/www.prijedordanas.com\/#organization"},"potentialAction":[{"@type":"SearchAction","target":{"@type":"EntryPoint","urlTemplate":"https:\/\/www.prijedordanas.com\/?s={search_term_string}"},"query-input":"required name=search_term_string"}],"inLanguage":"en-US"},{"@type":"Organization","@id":"https:\/\/www.prijedordanas.com\/#organization","name":"PrijedorDanas.com","url":"https:\/\/www.prijedordanas.com\/","logo":{"@type":"ImageObject","inLanguage":"en-US","@id":"https:\/\/www.prijedordanas.com\/#\/schema\/logo\/image\/","url":"http:\/\/www.prijedordanas.com\/wp-content\/uploads\/2021\/12\/logopng.png","contentUrl":"http:\/\/www.prijedordanas.com\/wp-content\/uploads\/2021\/12\/logopng.png","width":1019,"height":776,"caption":"PrijedorDanas.com"},"image":{"@id":"https:\/\/www.prijedordanas.com\/#\/schema\/logo\/image\/"},"sameAs":["https:\/\/www.facebook.com\/PrijedorDanasCom\/"]},{"@type":"Person","@id":"https:\/\/www.prijedordanas.com\/#\/schema\/person\/4e08ccf29b506ca916ff86d46bb700e6","name":"admin","image":{"@type":"ImageObject","inLanguage":"en-US","@id":"https:\/\/www.prijedordanas.com\/#\/schema\/person\/image\/","url":"https:\/\/secure.gravatar.com\/avatar\/1d3fc949d550f0b53a5f0d51e06dfd79?s=96&d=mm&r=g","contentUrl":"https:\/\/secure.gravatar.com\/avatar\/1d3fc949d550f0b53a5f0d51e06dfd79?s=96&d=mm&r=g","caption":"admin"},"url":"https:\/\/www.prijedordanas.com\/?author=1"}]}},"_links":{"self":[{"href":"https:\/\/www.prijedordanas.com\/index.php?rest_route=\/wp\/v2\/posts\/98822"}],"collection":[{"href":"https:\/\/www.prijedordanas.com\/index.php?rest_route=\/wp\/v2\/posts"}],"about":[{"href":"https:\/\/www.prijedordanas.com\/index.php?rest_route=\/wp\/v2\/types\/post"}],"author":[{"embeddable":true,"href":"https:\/\/www.prijedordanas.com\/index.php?rest_route=\/wp\/v2\/users\/1"}],"replies":[{"embeddable":true,"href":"https:\/\/www.prijedordanas.com\/index.php?rest_route=%2Fwp%2Fv2%2Fcomments&post=98822"}],"version-history":[{"count":4,"href":"https:\/\/www.prijedordanas.com\/index.php?rest_route=\/wp\/v2\/posts\/98822\/revisions"}],"predecessor-version":[{"id":98830,"href":"https:\/\/www.prijedordanas.com\/index.php?rest_route=\/wp\/v2\/posts\/98822\/revisions\/98830"}],"wp:attachment":[{"href":"https:\/\/www.prijedordanas.com\/index.php?rest_route=%2Fwp%2Fv2%2Fmedia&parent=98822"}],"wp:term":[{"taxonomy":"category","embeddable":true,"href":"https:\/\/www.prijedordanas.com\/index.php?rest_route=%2Fwp%2Fv2%2Fcategories&post=98822"},{"taxonomy":"post_tag","embeddable":true,"href":"https:\/\/www.prijedordanas.com\/index.php?rest_route=%2Fwp%2Fv2%2Ftags&post=98822"}],"curies":[{"name":"wp","href":"https:\/\/api.w.org\/{rel}","templated":true}]}}