{"id":98815,"date":"2018-02-16T14:02:27","date_gmt":"2018-02-16T13:02:27","guid":{"rendered":"https:\/\/www.prijedordanas.com\/?p=98815"},"modified":"2018-02-16T14:02:27","modified_gmt":"2018-02-16T13:02:27","slug":"kampanja-budi-vidljiv-ne-budi-figura-predstavljena-u-os-petar-kocic-prijedor-smanjiti-broj-stradalih-pjesaka-foto","status":"publish","type":"post","link":"https:\/\/www.prijedordanas.com\/?p=98815","title":{"rendered":"KAMPANJA \u201cBUDI VIDLJIV, NE BUDI FIGURA\u201d PREDSTAVLJENA U O\u0160 \u201cPETAR KO\u010cI\u0106\u201d PRIJEDOR: SMANJITI BROJ STRADALIH PJE\u0160AKA &#8211; FOTO"},"content":{"rendered":"<p><a href=\"https:\/\/www.prijedordanas.com\/wp-content\/uploads\/2018\/02\/os-petar-kocic-kampanja-budi-vidljiv-ne-budi-figura-1.jpg\"><img loading=\"lazy\" decoding=\"async\" class=\"alignleft size-medium wp-image-98817\" src=\"https:\/\/www.prijedordanas.com\/wp-content\/uploads\/2018\/02\/os-petar-kocic-kampanja-budi-vidljiv-ne-budi-figura-1-300x222.jpg\" alt=\"\" width=\"300\" height=\"222\" srcset=\"https:\/\/www.prijedordanas.com\/wp-content\/uploads\/2018\/02\/os-petar-kocic-kampanja-budi-vidljiv-ne-budi-figura-1-300x222.jpg 300w, https:\/\/www.prijedordanas.com\/wp-content\/uploads\/2018\/02\/os-petar-kocic-kampanja-budi-vidljiv-ne-budi-figura-1-100x74.jpg 100w, https:\/\/www.prijedordanas.com\/wp-content\/uploads\/2018\/02\/os-petar-kocic-kampanja-budi-vidljiv-ne-budi-figura-1.jpg 675w\" sizes=\"(max-width: 300px) 100vw, 300px\" \/><\/a>U okviru velike preventivne kampanje \u201cBudi vidljiv, ne budi figura\u201d koja se realizuje \u0161irom Republike Srpske, u organizaciji Auto-moto dru\u0161tva \u201cPrijedor\u201d u Osnovnoj \u0161koli \u201cPetar Ko\u010di\u0107\u201d u na\u0161em gradu je odr\u017eano edukativno saobra\u0107ajno-obrazovno predavanje za u\u010denike ni\u017eih razreda.<\/p>\n<p>U goste prijedorskim \u0161kolarcima stigli su predstavnici Auto-moto saveza Republike Srpske i Agencije za bezbjednost saobra\u0107aja Republike Srpske.<\/p>\n<p>Na kraju predavanja o bezbjednom u\u010de\u0161\u0107u u saobra\u0107aju malim Prijedor\u010danima su podijeljene slikovnice i bojanke \u201cDeset lekcija koje \u017eivot zna\u010de\u201d, te svjetloodbojne naljepnice i razglednice sa po\u0161tanskim markama.<\/p>\n<p><a href=\"https:\/\/www.prijedordanas.com\/wp-content\/uploads\/2018\/02\/os-petar-kocic-kampanja-budi-vidljiv-ne-budi-figura-2.jpg\"><img loading=\"lazy\" decoding=\"async\" src=\"https:\/\/www.prijedordanas.com\/wp-content\/uploads\/2018\/02\/os-petar-kocic-kampanja-budi-vidljiv-ne-budi-figura-2-300x222.jpg\" alt=\"\" width=\"300\" height=\"222\" class=\"alignleft size-medium wp-image-98818\" srcset=\"https:\/\/www.prijedordanas.com\/wp-content\/uploads\/2018\/02\/os-petar-kocic-kampanja-budi-vidljiv-ne-budi-figura-2-300x222.jpg 300w, https:\/\/www.prijedordanas.com\/wp-content\/uploads\/2018\/02\/os-petar-kocic-kampanja-budi-vidljiv-ne-budi-figura-2-100x74.jpg 100w, https:\/\/www.prijedordanas.com\/wp-content\/uploads\/2018\/02\/os-petar-kocic-kampanja-budi-vidljiv-ne-budi-figura-2.jpg 675w\" sizes=\"(max-width: 300px) 100vw, 300px\" \/><\/a>U planu je da u\u010denici u \u0161koli napi\u0161u na razglednicama poruke o bezbjednom u\u010de\u0161\u0107u pje\u0161aka u saobra\u0107aju a potom ih po\u0161alju starijim \u010dlanovima porodice sa \u017eeljom da budu pa\u017eljiviji u saobra\u0107aju.<\/p>\n<p>Direktor Agencije za bezbjednost saobra\u0107aja Republike Srpske Milija Radovi\u0107 rekao je novinarima da je osnovna poruka ove akcije vidljivost pje\u0161aka.<\/p>\n<p>-Kampanja \u201cBudi vidljiv, ne budi figura\u201d ima za cilj da uka\u017ee pje\u0161acima na opasnosti kojima su izlo\u017eeni prilikom kretanja kolovozom u no\u0107nim uslovima vo\u017enje, kako se kretati pravilno, kao i da voza\u010dima i licima koja se prevoze u vozilu uka\u017ee na potrebu kori\u0161tenja svjetlodobojnog prsluka prilikom napu\u0161tanja vozila na javnom putu. Nastojimo pove\u0107ati bezbjednost pje\u0161aka u saobra\u0107aju, posebno no\u0107u, i smanjiti broj stradalih \u2013 istakao je Radovi\u0107.<\/p>\n<p>U realizaciju ove preventivne aktivnosti uklju\u010deni su Ministarstvo saobra\u0107aja i veza RS, Ministarstvo prosvjete i kulture RS, Ministarstvo unutra\u0161njih poslova RS, Agencija za bezbjednost saobra\u0107aja RS, Auto-moto savez RS i 49 Auto-moto dru\u0161tava, preduze\u0107e \u201cPo\u0161te Srpske\u201d, osnovne \u0161kole i lokalne zajednice.<\/p>\n<p>Priredio \u2013 Aleksandar Drakuli\u0107 \u2013 <a href=\"https:\/\/www.prijedordanas.com\" target=\"_blank\" rel=\"noopener noreferrer\">www.prijedordanas.com<\/a><\/p>\n<p><a href=\"https:\/\/www.prijedordanas.com\/wp-content\/uploads\/2018\/02\/os-petar-kocic-kampanja-budi-vidljiv-ne-budi-figura-3.jpg\"><img loading=\"lazy\" decoding=\"async\" src=\"https:\/\/www.prijedordanas.com\/wp-content\/uploads\/2018\/02\/os-petar-kocic-kampanja-budi-vidljiv-ne-budi-figura-3-300x222.jpg\" alt=\"\" width=\"300\" height=\"222\" class=\"alignleft size-medium wp-image-98819\" srcset=\"https:\/\/www.prijedordanas.com\/wp-content\/uploads\/2018\/02\/os-petar-kocic-kampanja-budi-vidljiv-ne-budi-figura-3-300x222.jpg 300w, https:\/\/www.prijedordanas.com\/wp-content\/uploads\/2018\/02\/os-petar-kocic-kampanja-budi-vidljiv-ne-budi-figura-3-100x74.jpg 100w, https:\/\/www.prijedordanas.com\/wp-content\/uploads\/2018\/02\/os-petar-kocic-kampanja-budi-vidljiv-ne-budi-figura-3.jpg 675w\" sizes=\"(max-width: 300px) 100vw, 300px\" \/><\/a> <a href=\"https:\/\/www.prijedordanas.com\/wp-content\/uploads\/2018\/02\/os-petar-kocic-kampanja-budi-vidljiv-ne-budi-figura-4.jpg\"><img loading=\"lazy\" decoding=\"async\" src=\"https:\/\/www.prijedordanas.com\/wp-content\/uploads\/2018\/02\/os-petar-kocic-kampanja-budi-vidljiv-ne-budi-figura-4-300x222.jpg\" alt=\"\" width=\"300\" height=\"222\" class=\"alignleft size-medium wp-image-98820\" srcset=\"https:\/\/www.prijedordanas.com\/wp-content\/uploads\/2018\/02\/os-petar-kocic-kampanja-budi-vidljiv-ne-budi-figura-4-300x222.jpg 300w, https:\/\/www.prijedordanas.com\/wp-content\/uploads\/2018\/02\/os-petar-kocic-kampanja-budi-vidljiv-ne-budi-figura-4-100x74.jpg 100w, https:\/\/www.prijedordanas.com\/wp-content\/uploads\/2018\/02\/os-petar-kocic-kampanja-budi-vidljiv-ne-budi-figura-4.jpg 675w\" sizes=\"(max-width: 300px) 100vw, 300px\" \/><\/a><\/p>\n","protected":false},"excerpt":{"rendered":"<p>U okviru velike preventivne kampanje \u201cBudi vidljiv, ne budi figura\u201d koja se realizuje \u0161irom Republike Srpske, u organizaciji Auto-moto dru\u0161tva \u201cPrijedor\u201d u Osnovnoj \u0161koli \u201cPetar Ko\u010di\u0107\u201d u na\u0161em gradu je [&hellip;]<\/p>\n","protected":false},"author":1,"featured_media":0,"comment_status":"closed","ping_status":"open","sticky":false,"template":"","format":"standard","meta":{"_monsterinsights_skip_tracking":false,"_monsterinsights_sitenote_active":false,"_monsterinsights_sitenote_note":"","_monsterinsights_sitenote_category":0,"footnotes":""},"categories":[7518],"tags":[10405,5275],"yoast_head":"<!-- This site is optimized with the Yoast SEO plugin v21.6 - https:\/\/yoast.com\/wordpress\/plugins\/seo\/ -->\n<title>KAMPANJA \u201cBUDI VIDLJIV, NE BUDI FIGURA\u201d PREDSTAVLJENA U O\u0160 \u201cPETAR KO\u010cI\u0106\u201d PRIJEDOR: SMANJITI BROJ STRADALIH PJE\u0160AKA - FOTO - PrijedorDanas.com - Prijedorski gradski portal<\/title>\n<meta name=\"robots\" content=\"index, follow, max-snippet:-1, max-image-preview:large, max-video-preview:-1\" \/>\n<link rel=\"canonical\" href=\"https:\/\/www.prijedordanas.com\/?p=98815\" \/>\n<meta property=\"og:locale\" content=\"en_US\" \/>\n<meta property=\"og:type\" content=\"article\" \/>\n<meta property=\"og:title\" content=\"KAMPANJA \u201cBUDI VIDLJIV, NE BUDI FIGURA\u201d PREDSTAVLJENA U O\u0160 \u201cPETAR KO\u010cI\u0106\u201d PRIJEDOR: SMANJITI BROJ STRADALIH PJE\u0160AKA - FOTO - PrijedorDanas.com - Prijedorski gradski portal\" \/>\n<meta property=\"og:description\" content=\"U okviru velike preventivne kampanje \u201cBudi vidljiv, ne budi figura\u201d koja se realizuje \u0161irom Republike Srpske, u organizaciji Auto-moto dru\u0161tva \u201cPrijedor\u201d u Osnovnoj \u0161koli \u201cPetar Ko\u010di\u0107\u201d u na\u0161em gradu je [&hellip;]\" \/>\n<meta property=\"og:url\" content=\"https:\/\/www.prijedordanas.com\/?p=98815\" \/>\n<meta property=\"og:site_name\" content=\"PrijedorDanas.com - Prijedorski gradski portal\" \/>\n<meta property=\"article:publisher\" content=\"https:\/\/www.facebook.com\/PrijedorDanasCom\/\" \/>\n<meta property=\"article:published_time\" content=\"2018-02-16T13:02:27+00:00\" \/>\n<meta property=\"og:image\" content=\"https:\/\/www.prijedordanas.com\/wp-content\/uploads\/2018\/02\/os-petar-kocic-kampanja-budi-vidljiv-ne-budi-figura-1-300x222.jpg\" \/>\n<meta name=\"author\" content=\"admin\" \/>\n<meta name=\"twitter:card\" content=\"summary_large_image\" \/>\n<meta name=\"twitter:label1\" content=\"Written by\" \/>\n\t<meta name=\"twitter:data1\" content=\"admin\" \/>\n\t<meta name=\"twitter:label2\" content=\"Est. reading time\" \/>\n\t<meta name=\"twitter:data2\" content=\"1 minute\" \/>\n<script type=\"application\/ld+json\" class=\"yoast-schema-graph\">{\"@context\":\"https:\/\/schema.org\",\"@graph\":[{\"@type\":\"Article\",\"@id\":\"https:\/\/www.prijedordanas.com\/?p=98815#article\",\"isPartOf\":{\"@id\":\"https:\/\/www.prijedordanas.com\/?p=98815\"},\"author\":{\"name\":\"admin\",\"@id\":\"https:\/\/www.prijedordanas.com\/#\/schema\/person\/4e08ccf29b506ca916ff86d46bb700e6\"},\"headline\":\"KAMPANJA \u201cBUDI VIDLJIV, NE BUDI FIGURA\u201d PREDSTAVLJENA U O\u0160 \u201cPETAR KO\u010cI\u0106\u201d PRIJEDOR: SMANJITI BROJ STRADALIH PJE\u0160AKA &#8211; FOTO\",\"datePublished\":\"2018-02-16T13:02:27+00:00\",\"dateModified\":\"2018-02-16T13:02:27+00:00\",\"mainEntityOfPage\":{\"@id\":\"https:\/\/www.prijedordanas.com\/?p=98815\"},\"wordCount\":312,\"publisher\":{\"@id\":\"https:\/\/www.prijedordanas.com\/#organization\"},\"keywords\":[\"Budi vidljiv ne budi figura\",\"O\u0160 \\\"Petar Ko\u010di\u0107\\\" Prijedor\"],\"articleSection\":[\"Mladi\"],\"inLanguage\":\"en-US\"},{\"@type\":\"WebPage\",\"@id\":\"https:\/\/www.prijedordanas.com\/?p=98815\",\"url\":\"https:\/\/www.prijedordanas.com\/?p=98815\",\"name\":\"KAMPANJA \u201cBUDI VIDLJIV, NE BUDI FIGURA\u201d PREDSTAVLJENA U O\u0160 \u201cPETAR KO\u010cI\u0106\u201d PRIJEDOR: SMANJITI BROJ STRADALIH PJE\u0160AKA - FOTO - PrijedorDanas.com - Prijedorski gradski portal\",\"isPartOf\":{\"@id\":\"https:\/\/www.prijedordanas.com\/#website\"},\"datePublished\":\"2018-02-16T13:02:27+00:00\",\"dateModified\":\"2018-02-16T13:02:27+00:00\",\"breadcrumb\":{\"@id\":\"https:\/\/www.prijedordanas.com\/?p=98815#breadcrumb\"},\"inLanguage\":\"en-US\",\"potentialAction\":[{\"@type\":\"ReadAction\",\"target\":[\"https:\/\/www.prijedordanas.com\/?p=98815\"]}]},{\"@type\":\"BreadcrumbList\",\"@id\":\"https:\/\/www.prijedordanas.com\/?p=98815#breadcrumb\",\"itemListElement\":[{\"@type\":\"ListItem\",\"position\":1,\"name\":\"Home\",\"item\":\"https:\/\/www.prijedordanas.com\/\"},{\"@type\":\"ListItem\",\"position\":2,\"name\":\"KAMPANJA \u201cBUDI VIDLJIV, NE BUDI FIGURA\u201d PREDSTAVLJENA U O\u0160 \u201cPETAR KO\u010cI\u0106\u201d PRIJEDOR: SMANJITI BROJ STRADALIH PJE\u0160AKA &#8211; FOTO\"}]},{\"@type\":\"WebSite\",\"@id\":\"https:\/\/www.prijedordanas.com\/#website\",\"url\":\"https:\/\/www.prijedordanas.com\/\",\"name\":\"PrijedorDanas.com - Prijedorski gradski portal\",\"description\":\"Portal o doga\u0111anjima u gradu Prijedoru\",\"publisher\":{\"@id\":\"https:\/\/www.prijedordanas.com\/#organization\"},\"potentialAction\":[{\"@type\":\"SearchAction\",\"target\":{\"@type\":\"EntryPoint\",\"urlTemplate\":\"https:\/\/www.prijedordanas.com\/?s={search_term_string}\"},\"query-input\":\"required name=search_term_string\"}],\"inLanguage\":\"en-US\"},{\"@type\":\"Organization\",\"@id\":\"https:\/\/www.prijedordanas.com\/#organization\",\"name\":\"PrijedorDanas.com\",\"url\":\"https:\/\/www.prijedordanas.com\/\",\"logo\":{\"@type\":\"ImageObject\",\"inLanguage\":\"en-US\",\"@id\":\"https:\/\/www.prijedordanas.com\/#\/schema\/logo\/image\/\",\"url\":\"http:\/\/www.prijedordanas.com\/wp-content\/uploads\/2021\/12\/logopng.png\",\"contentUrl\":\"http:\/\/www.prijedordanas.com\/wp-content\/uploads\/2021\/12\/logopng.png\",\"width\":1019,\"height\":776,\"caption\":\"PrijedorDanas.com\"},\"image\":{\"@id\":\"https:\/\/www.prijedordanas.com\/#\/schema\/logo\/image\/\"},\"sameAs\":[\"https:\/\/www.facebook.com\/PrijedorDanasCom\/\"]},{\"@type\":\"Person\",\"@id\":\"https:\/\/www.prijedordanas.com\/#\/schema\/person\/4e08ccf29b506ca916ff86d46bb700e6\",\"name\":\"admin\",\"image\":{\"@type\":\"ImageObject\",\"inLanguage\":\"en-US\",\"@id\":\"https:\/\/www.prijedordanas.com\/#\/schema\/person\/image\/\",\"url\":\"https:\/\/secure.gravatar.com\/avatar\/1d3fc949d550f0b53a5f0d51e06dfd79?s=96&d=mm&r=g\",\"contentUrl\":\"https:\/\/secure.gravatar.com\/avatar\/1d3fc949d550f0b53a5f0d51e06dfd79?s=96&d=mm&r=g\",\"caption\":\"admin\"},\"url\":\"https:\/\/www.prijedordanas.com\/?author=1\"}]}<\/script>\n<!-- \/ Yoast SEO plugin. -->","yoast_head_json":{"title":"KAMPANJA \u201cBUDI VIDLJIV, NE BUDI FIGURA\u201d PREDSTAVLJENA U O\u0160 \u201cPETAR KO\u010cI\u0106\u201d PRIJEDOR: SMANJITI BROJ STRADALIH PJE\u0160AKA - FOTO - PrijedorDanas.com - Prijedorski gradski portal","robots":{"index":"index","follow":"follow","max-snippet":"max-snippet:-1","max-image-preview":"max-image-preview:large","max-video-preview":"max-video-preview:-1"},"canonical":"https:\/\/www.prijedordanas.com\/?p=98815","og_locale":"en_US","og_type":"article","og_title":"KAMPANJA \u201cBUDI VIDLJIV, NE BUDI FIGURA\u201d PREDSTAVLJENA U O\u0160 \u201cPETAR KO\u010cI\u0106\u201d PRIJEDOR: SMANJITI BROJ STRADALIH PJE\u0160AKA - FOTO - PrijedorDanas.com - Prijedorski gradski portal","og_description":"U okviru velike preventivne kampanje \u201cBudi vidljiv, ne budi figura\u201d koja se realizuje \u0161irom Republike Srpske, u organizaciji Auto-moto dru\u0161tva \u201cPrijedor\u201d u Osnovnoj \u0161koli \u201cPetar Ko\u010di\u0107\u201d u na\u0161em gradu je [&hellip;]","og_url":"https:\/\/www.prijedordanas.com\/?p=98815","og_site_name":"PrijedorDanas.com - Prijedorski gradski portal","article_publisher":"https:\/\/www.facebook.com\/PrijedorDanasCom\/","article_published_time":"2018-02-16T13:02:27+00:00","og_image":[{"url":"https:\/\/www.prijedordanas.com\/wp-content\/uploads\/2018\/02\/os-petar-kocic-kampanja-budi-vidljiv-ne-budi-figura-1-300x222.jpg"}],"author":"admin","twitter_card":"summary_large_image","twitter_misc":{"Written by":"admin","Est. reading time":"1 minute"},"schema":{"@context":"https:\/\/schema.org","@graph":[{"@type":"Article","@id":"https:\/\/www.prijedordanas.com\/?p=98815#article","isPartOf":{"@id":"https:\/\/www.prijedordanas.com\/?p=98815"},"author":{"name":"admin","@id":"https:\/\/www.prijedordanas.com\/#\/schema\/person\/4e08ccf29b506ca916ff86d46bb700e6"},"headline":"KAMPANJA \u201cBUDI VIDLJIV, NE BUDI FIGURA\u201d PREDSTAVLJENA U O\u0160 \u201cPETAR KO\u010cI\u0106\u201d PRIJEDOR: SMANJITI BROJ STRADALIH PJE\u0160AKA &#8211; FOTO","datePublished":"2018-02-16T13:02:27+00:00","dateModified":"2018-02-16T13:02:27+00:00","mainEntityOfPage":{"@id":"https:\/\/www.prijedordanas.com\/?p=98815"},"wordCount":312,"publisher":{"@id":"https:\/\/www.prijedordanas.com\/#organization"},"keywords":["Budi vidljiv ne budi figura","O\u0160 \"Petar Ko\u010di\u0107\" Prijedor"],"articleSection":["Mladi"],"inLanguage":"en-US"},{"@type":"WebPage","@id":"https:\/\/www.prijedordanas.com\/?p=98815","url":"https:\/\/www.prijedordanas.com\/?p=98815","name":"KAMPANJA \u201cBUDI VIDLJIV, NE BUDI FIGURA\u201d PREDSTAVLJENA U O\u0160 \u201cPETAR KO\u010cI\u0106\u201d PRIJEDOR: SMANJITI BROJ STRADALIH PJE\u0160AKA - FOTO - PrijedorDanas.com - Prijedorski gradski portal","isPartOf":{"@id":"https:\/\/www.prijedordanas.com\/#website"},"datePublished":"2018-02-16T13:02:27+00:00","dateModified":"2018-02-16T13:02:27+00:00","breadcrumb":{"@id":"https:\/\/www.prijedordanas.com\/?p=98815#breadcrumb"},"inLanguage":"en-US","potentialAction":[{"@type":"ReadAction","target":["https:\/\/www.prijedordanas.com\/?p=98815"]}]},{"@type":"BreadcrumbList","@id":"https:\/\/www.prijedordanas.com\/?p=98815#breadcrumb","itemListElement":[{"@type":"ListItem","position":1,"name":"Home","item":"https:\/\/www.prijedordanas.com\/"},{"@type":"ListItem","position":2,"name":"KAMPANJA \u201cBUDI VIDLJIV, NE BUDI FIGURA\u201d PREDSTAVLJENA U O\u0160 \u201cPETAR KO\u010cI\u0106\u201d PRIJEDOR: SMANJITI BROJ STRADALIH PJE\u0160AKA &#8211; FOTO"}]},{"@type":"WebSite","@id":"https:\/\/www.prijedordanas.com\/#website","url":"https:\/\/www.prijedordanas.com\/","name":"PrijedorDanas.com - Prijedorski gradski portal","description":"Portal o doga\u0111anjima u gradu Prijedoru","publisher":{"@id":"https:\/\/www.prijedordanas.com\/#organization"},"potentialAction":[{"@type":"SearchAction","target":{"@type":"EntryPoint","urlTemplate":"https:\/\/www.prijedordanas.com\/?s={search_term_string}"},"query-input":"required name=search_term_string"}],"inLanguage":"en-US"},{"@type":"Organization","@id":"https:\/\/www.prijedordanas.com\/#organization","name":"PrijedorDanas.com","url":"https:\/\/www.prijedordanas.com\/","logo":{"@type":"ImageObject","inLanguage":"en-US","@id":"https:\/\/www.prijedordanas.com\/#\/schema\/logo\/image\/","url":"http:\/\/www.prijedordanas.com\/wp-content\/uploads\/2021\/12\/logopng.png","contentUrl":"http:\/\/www.prijedordanas.com\/wp-content\/uploads\/2021\/12\/logopng.png","width":1019,"height":776,"caption":"PrijedorDanas.com"},"image":{"@id":"https:\/\/www.prijedordanas.com\/#\/schema\/logo\/image\/"},"sameAs":["https:\/\/www.facebook.com\/PrijedorDanasCom\/"]},{"@type":"Person","@id":"https:\/\/www.prijedordanas.com\/#\/schema\/person\/4e08ccf29b506ca916ff86d46bb700e6","name":"admin","image":{"@type":"ImageObject","inLanguage":"en-US","@id":"https:\/\/www.prijedordanas.com\/#\/schema\/person\/image\/","url":"https:\/\/secure.gravatar.com\/avatar\/1d3fc949d550f0b53a5f0d51e06dfd79?s=96&d=mm&r=g","contentUrl":"https:\/\/secure.gravatar.com\/avatar\/1d3fc949d550f0b53a5f0d51e06dfd79?s=96&d=mm&r=g","caption":"admin"},"url":"https:\/\/www.prijedordanas.com\/?author=1"}]}},"_links":{"self":[{"href":"https:\/\/www.prijedordanas.com\/index.php?rest_route=\/wp\/v2\/posts\/98815"}],"collection":[{"href":"https:\/\/www.prijedordanas.com\/index.php?rest_route=\/wp\/v2\/posts"}],"about":[{"href":"https:\/\/www.prijedordanas.com\/index.php?rest_route=\/wp\/v2\/types\/post"}],"author":[{"embeddable":true,"href":"https:\/\/www.prijedordanas.com\/index.php?rest_route=\/wp\/v2\/users\/1"}],"replies":[{"embeddable":true,"href":"https:\/\/www.prijedordanas.com\/index.php?rest_route=%2Fwp%2Fv2%2Fcomments&post=98815"}],"version-history":[{"count":1,"href":"https:\/\/www.prijedordanas.com\/index.php?rest_route=\/wp\/v2\/posts\/98815\/revisions"}],"predecessor-version":[{"id":98821,"href":"https:\/\/www.prijedordanas.com\/index.php?rest_route=\/wp\/v2\/posts\/98815\/revisions\/98821"}],"wp:attachment":[{"href":"https:\/\/www.prijedordanas.com\/index.php?rest_route=%2Fwp%2Fv2%2Fmedia&parent=98815"}],"wp:term":[{"taxonomy":"category","embeddable":true,"href":"https:\/\/www.prijedordanas.com\/index.php?rest_route=%2Fwp%2Fv2%2Fcategories&post=98815"},{"taxonomy":"post_tag","embeddable":true,"href":"https:\/\/www.prijedordanas.com\/index.php?rest_route=%2Fwp%2Fv2%2Ftags&post=98815"}],"curies":[{"name":"wp","href":"https:\/\/api.w.org\/{rel}","templated":true}]}}