{"id":988,"date":"2014-03-29T08:56:57","date_gmt":"2014-03-29T07:56:57","guid":{"rendered":"https:\/\/www.prijedordanas.com\/?p=988"},"modified":"2014-03-29T08:56:57","modified_gmt":"2014-03-29T07:56:57","slug":"kadrovska-struktura-i-trziste-rada-sa-suficitom-i-deficit","status":"publish","type":"post","link":"https:\/\/www.prijedordanas.com\/?p=988","title":{"rendered":"KADROVSKA STRUKTURA I TR\u017dI\u0160TE RADA: SA SUFICITOM I DEFICIT"},"content":{"rendered":"<p><a href=\"https:\/\/www.prijedordanas.com\/wp-content\/uploads\/2014\/03\/zavod-za-zaposljavanje.jpg\"><img loading=\"lazy\" decoding=\"async\" class=\"alignleft size-medium wp-image-989\" alt=\"zavod za zaposljavanje\" src=\"https:\/\/www.prijedordanas.com\/wp-content\/uploads\/2014\/03\/zavod-za-zaposljavanje-300x179.jpg\" width=\"300\" height=\"179\" srcset=\"https:\/\/www.prijedordanas.com\/wp-content\/uploads\/2014\/03\/zavod-za-zaposljavanje-300x179.jpg 300w, https:\/\/www.prijedordanas.com\/wp-content\/uploads\/2014\/03\/zavod-za-zaposljavanje.jpg 600w\" sizes=\"(max-width: 300px) 100vw, 300px\" \/><\/a>Zahvaljuju\u0107i projektima Zavoda za zapo\u0161ljavanje i Vlade Republike Srpske, ali i dugogodi\u0161njem anga\u017emanu lokale zajednice, Prijedor i prijedorska regija u cjelini su lani smanjili broj lica koja aktivno tra\u017ee posao. Statistika ka\u017ee da je stopa zapo\u0161ljavanja pove\u0107ana za 7,5 odsto, ali je problem iznala\u017eenja novih radnih mjesta i dalje izra\u017een.<\/p>\n<p>Broj nezaposlenih u Prijedoru, koji aktivno tra\u017ee posao, varira izme\u0111u 10.500 i 10.600 lica, ka\u017ee direktor prijedorske Filijale za zapo\u0161ljavanje Zdravko Suvajac koji podsje\u0107a da do posla najte\u017ee dolaze niskokvalifikovani i kvalifikovani radnici i lica sa srednjom stru\u010dnom spremom, me\u0111u kojima dominiraju trgovci, ekonomski, upravni i ma\u0161inski tehni\u010dari. Suvajac, i zbog toga, upozorava na potrebu \u010dvr\u0161\u0107eg povezivanja upisne politike i tr\u017ei\u0161ta rada, \u0161to, po prirodi stvari, rezultira kadrovskim suficitom, s jedne, i kadrovskim deficitom, s druge strane.<\/p>\n<p>&#8211; Na na\u0161oj evidenciji, \u0161to se ti\u010de visoke stru\u010dne spreme, mi ve\u0107 du\u017ei niz godina nemamo ma\u0161inskih in\u017eenjera, elektroin\u017eenjera, smjer jake struje, diplomiranih in\u017eenjera geologije, profesora matematike, fizike i njema\u010dkog jezika, defektologa i logopeda. Kad je rije\u010d o zanatima, ve\u0107 du\u017ee su deficitarni obu\u0107ari, opti\u010dari, instalateri solarne energije, livci, zavariva\u010di sa atestom, obra\u0111iva\u010di stakla, kova\u010di, \u010dasovni\u010dari, vunovla\u010dari i stolari &#8211; precizira Suvajac.<\/p>\n<p>Kadrovski suficit i kadrovski deficit su, prema rije\u010dima Zdravka Suvajca, jedan od bitnih razloga \u0161to su Filijala i ovda\u0161nji Biro za zapo\u0161ljavanje, posredstvom vlastitog Centra za informisanje, savjetovanje i obuku i Agencijom za ekonomski razvoj \u201ePreda\u201c, preduzeli vi\u0161e korisnih akcija koje bi, bar u perspektivi, trebalo da doprinesu boljim rezultatima u ovoj oblasti.<\/p>\n<p>&#8211; Namjera je da se do kraja aprila, u svim zavr\u0161nim razredima osnovnih i srednjih \u0161kola u Prijedoru, realizuje Program profesionalne orijentacije i informisanja, a u toku je i anketa u preduze\u0107ima koja zapo\u0161ljavaju vi\u0161e od pet radnika, kako bi se dugoro\u010dnije sagledale kadrovske potrebe prijedorske privrede do 2017. godine &#8211; ka\u017ee Zdravko Suvajac i nagla\u0161ava da \u0107e to biti dobre smjernice i za oblast obrazovanja i upisne politike u cjelini.<\/p>\n<p>NEDOSTAJU IN\u017dENJERI, MATEMATI\u010cARI, OBU\u0106ARI, STOLARI&#8230;<br \/>\n&#8211; \u0160to se ti\u010de visoke stru\u010dne spreme, mi ve\u0107 du\u017ei niz godina na na\u0161oj evidenciji nemamo ma\u0161inskih in\u017eenjera, elektroin\u017eenjera, smjer jake struje, diplomiranih in\u017eenjera geologije, profesora matematike, fizike i njema\u010dkog jezika, defektologa i logopeda. Kad je rije\u010d o zanatima, deficitarni su obu\u0107ari, opti\u010dari, instalateri solarne energije, livci, zavariva\u010di sa atestom, obra\u0111iva\u010di stakla, kova\u010di, \u010dasovni\u010dari, vunovla\u010dari i stolari &#8211; precizira Suvajac.<\/p>\n<p>Kozarski vjesnik<\/p>\n","protected":false},"excerpt":{"rendered":"<p>Zahvaljuju\u0107i projektima Zavoda za zapo\u0161ljavanje i Vlade Republike Srpske, ali i dugogodi\u0161njem anga\u017emanu lokale zajednice, Prijedor i prijedorska regija u cjelini su lani smanjili broj lica koja aktivno tra\u017ee posao. [&hellip;]<\/p>\n","protected":false},"author":1,"featured_media":0,"comment_status":"closed","ping_status":"open","sticky":false,"template":"","format":"standard","meta":{"_monsterinsights_skip_tracking":false,"_monsterinsights_sitenote_active":false,"_monsterinsights_sitenote_note":"","_monsterinsights_sitenote_category":0,"footnotes":""},"categories":[4],"tags":[566,567],"yoast_head":"<!-- This site is optimized with the Yoast SEO plugin v21.6 - https:\/\/yoast.com\/wordpress\/plugins\/seo\/ -->\n<title>KADROVSKA STRUKTURA I TR\u017dI\u0160TE RADA: SA SUFICITOM I DEFICIT - PrijedorDanas.com - Prijedorski gradski portal<\/title>\n<meta name=\"robots\" content=\"index, follow, max-snippet:-1, max-image-preview:large, max-video-preview:-1\" \/>\n<link rel=\"canonical\" href=\"https:\/\/www.prijedordanas.com\/?p=988\" \/>\n<meta property=\"og:locale\" content=\"en_US\" \/>\n<meta property=\"og:type\" content=\"article\" \/>\n<meta property=\"og:title\" content=\"KADROVSKA STRUKTURA I TR\u017dI\u0160TE RADA: SA SUFICITOM I DEFICIT - PrijedorDanas.com - Prijedorski gradski portal\" \/>\n<meta property=\"og:description\" content=\"Zahvaljuju\u0107i projektima Zavoda za zapo\u0161ljavanje i Vlade Republike Srpske, ali i dugogodi\u0161njem anga\u017emanu lokale zajednice, Prijedor i prijedorska regija u cjelini su lani smanjili broj lica koja aktivno tra\u017ee posao. [&hellip;]\" \/>\n<meta property=\"og:url\" content=\"https:\/\/www.prijedordanas.com\/?p=988\" \/>\n<meta property=\"og:site_name\" content=\"PrijedorDanas.com - Prijedorski gradski portal\" \/>\n<meta property=\"article:publisher\" content=\"https:\/\/www.facebook.com\/PrijedorDanasCom\/\" \/>\n<meta property=\"article:published_time\" content=\"2014-03-29T07:56:57+00:00\" \/>\n<meta property=\"og:image\" content=\"https:\/\/www.prijedordanas.com\/wp-content\/uploads\/2014\/03\/zavod-za-zaposljavanje-300x179.jpg\" \/>\n<meta name=\"author\" content=\"admin\" \/>\n<meta name=\"twitter:card\" content=\"summary_large_image\" \/>\n<meta name=\"twitter:label1\" content=\"Written by\" \/>\n\t<meta name=\"twitter:data1\" content=\"admin\" \/>\n\t<meta name=\"twitter:label2\" content=\"Est. reading time\" \/>\n\t<meta name=\"twitter:data2\" content=\"2 minutes\" \/>\n<script type=\"application\/ld+json\" class=\"yoast-schema-graph\">{\"@context\":\"https:\/\/schema.org\",\"@graph\":[{\"@type\":\"Article\",\"@id\":\"https:\/\/www.prijedordanas.com\/?p=988#article\",\"isPartOf\":{\"@id\":\"https:\/\/www.prijedordanas.com\/?p=988\"},\"author\":{\"name\":\"admin\",\"@id\":\"https:\/\/www.prijedordanas.com\/#\/schema\/person\/4e08ccf29b506ca916ff86d46bb700e6\"},\"headline\":\"KADROVSKA STRUKTURA I TR\u017dI\u0160TE RADA: SA SUFICITOM I DEFICIT\",\"datePublished\":\"2014-03-29T07:56:57+00:00\",\"dateModified\":\"2014-03-29T07:56:57+00:00\",\"mainEntityOfPage\":{\"@id\":\"https:\/\/www.prijedordanas.com\/?p=988\"},\"wordCount\":459,\"publisher\":{\"@id\":\"https:\/\/www.prijedordanas.com\/#organization\"},\"keywords\":[\"Zavod za zapo\u0161ljavanje\",\"Zdravko Suvajac\"],\"articleSection\":[\"Dru\u0161tvo\"],\"inLanguage\":\"en-US\"},{\"@type\":\"WebPage\",\"@id\":\"https:\/\/www.prijedordanas.com\/?p=988\",\"url\":\"https:\/\/www.prijedordanas.com\/?p=988\",\"name\":\"KADROVSKA STRUKTURA I TR\u017dI\u0160TE RADA: SA SUFICITOM I DEFICIT - PrijedorDanas.com - Prijedorski gradski portal\",\"isPartOf\":{\"@id\":\"https:\/\/www.prijedordanas.com\/#website\"},\"datePublished\":\"2014-03-29T07:56:57+00:00\",\"dateModified\":\"2014-03-29T07:56:57+00:00\",\"breadcrumb\":{\"@id\":\"https:\/\/www.prijedordanas.com\/?p=988#breadcrumb\"},\"inLanguage\":\"en-US\",\"potentialAction\":[{\"@type\":\"ReadAction\",\"target\":[\"https:\/\/www.prijedordanas.com\/?p=988\"]}]},{\"@type\":\"BreadcrumbList\",\"@id\":\"https:\/\/www.prijedordanas.com\/?p=988#breadcrumb\",\"itemListElement\":[{\"@type\":\"ListItem\",\"position\":1,\"name\":\"Home\",\"item\":\"https:\/\/www.prijedordanas.com\/\"},{\"@type\":\"ListItem\",\"position\":2,\"name\":\"KADROVSKA STRUKTURA I TR\u017dI\u0160TE RADA: SA SUFICITOM I DEFICIT\"}]},{\"@type\":\"WebSite\",\"@id\":\"https:\/\/www.prijedordanas.com\/#website\",\"url\":\"https:\/\/www.prijedordanas.com\/\",\"name\":\"PrijedorDanas.com - Prijedorski gradski portal\",\"description\":\"Portal o doga\u0111anjima u gradu Prijedoru\",\"publisher\":{\"@id\":\"https:\/\/www.prijedordanas.com\/#organization\"},\"potentialAction\":[{\"@type\":\"SearchAction\",\"target\":{\"@type\":\"EntryPoint\",\"urlTemplate\":\"https:\/\/www.prijedordanas.com\/?s={search_term_string}\"},\"query-input\":\"required name=search_term_string\"}],\"inLanguage\":\"en-US\"},{\"@type\":\"Organization\",\"@id\":\"https:\/\/www.prijedordanas.com\/#organization\",\"name\":\"PrijedorDanas.com\",\"url\":\"https:\/\/www.prijedordanas.com\/\",\"logo\":{\"@type\":\"ImageObject\",\"inLanguage\":\"en-US\",\"@id\":\"https:\/\/www.prijedordanas.com\/#\/schema\/logo\/image\/\",\"url\":\"http:\/\/www.prijedordanas.com\/wp-content\/uploads\/2021\/12\/logopng.png\",\"contentUrl\":\"http:\/\/www.prijedordanas.com\/wp-content\/uploads\/2021\/12\/logopng.png\",\"width\":1019,\"height\":776,\"caption\":\"PrijedorDanas.com\"},\"image\":{\"@id\":\"https:\/\/www.prijedordanas.com\/#\/schema\/logo\/image\/\"},\"sameAs\":[\"https:\/\/www.facebook.com\/PrijedorDanasCom\/\"]},{\"@type\":\"Person\",\"@id\":\"https:\/\/www.prijedordanas.com\/#\/schema\/person\/4e08ccf29b506ca916ff86d46bb700e6\",\"name\":\"admin\",\"image\":{\"@type\":\"ImageObject\",\"inLanguage\":\"en-US\",\"@id\":\"https:\/\/www.prijedordanas.com\/#\/schema\/person\/image\/\",\"url\":\"https:\/\/secure.gravatar.com\/avatar\/1d3fc949d550f0b53a5f0d51e06dfd79?s=96&d=mm&r=g\",\"contentUrl\":\"https:\/\/secure.gravatar.com\/avatar\/1d3fc949d550f0b53a5f0d51e06dfd79?s=96&d=mm&r=g\",\"caption\":\"admin\"},\"url\":\"https:\/\/www.prijedordanas.com\/?author=1\"}]}<\/script>\n<!-- \/ Yoast SEO plugin. -->","yoast_head_json":{"title":"KADROVSKA STRUKTURA I TR\u017dI\u0160TE RADA: SA SUFICITOM I DEFICIT - PrijedorDanas.com - Prijedorski gradski portal","robots":{"index":"index","follow":"follow","max-snippet":"max-snippet:-1","max-image-preview":"max-image-preview:large","max-video-preview":"max-video-preview:-1"},"canonical":"https:\/\/www.prijedordanas.com\/?p=988","og_locale":"en_US","og_type":"article","og_title":"KADROVSKA STRUKTURA I TR\u017dI\u0160TE RADA: SA SUFICITOM I DEFICIT - PrijedorDanas.com - Prijedorski gradski portal","og_description":"Zahvaljuju\u0107i projektima Zavoda za zapo\u0161ljavanje i Vlade Republike Srpske, ali i dugogodi\u0161njem anga\u017emanu lokale zajednice, Prijedor i prijedorska regija u cjelini su lani smanjili broj lica koja aktivno tra\u017ee posao. [&hellip;]","og_url":"https:\/\/www.prijedordanas.com\/?p=988","og_site_name":"PrijedorDanas.com - Prijedorski gradski portal","article_publisher":"https:\/\/www.facebook.com\/PrijedorDanasCom\/","article_published_time":"2014-03-29T07:56:57+00:00","og_image":[{"url":"https:\/\/www.prijedordanas.com\/wp-content\/uploads\/2014\/03\/zavod-za-zaposljavanje-300x179.jpg"}],"author":"admin","twitter_card":"summary_large_image","twitter_misc":{"Written by":"admin","Est. reading time":"2 minutes"},"schema":{"@context":"https:\/\/schema.org","@graph":[{"@type":"Article","@id":"https:\/\/www.prijedordanas.com\/?p=988#article","isPartOf":{"@id":"https:\/\/www.prijedordanas.com\/?p=988"},"author":{"name":"admin","@id":"https:\/\/www.prijedordanas.com\/#\/schema\/person\/4e08ccf29b506ca916ff86d46bb700e6"},"headline":"KADROVSKA STRUKTURA I TR\u017dI\u0160TE RADA: SA SUFICITOM I DEFICIT","datePublished":"2014-03-29T07:56:57+00:00","dateModified":"2014-03-29T07:56:57+00:00","mainEntityOfPage":{"@id":"https:\/\/www.prijedordanas.com\/?p=988"},"wordCount":459,"publisher":{"@id":"https:\/\/www.prijedordanas.com\/#organization"},"keywords":["Zavod za zapo\u0161ljavanje","Zdravko Suvajac"],"articleSection":["Dru\u0161tvo"],"inLanguage":"en-US"},{"@type":"WebPage","@id":"https:\/\/www.prijedordanas.com\/?p=988","url":"https:\/\/www.prijedordanas.com\/?p=988","name":"KADROVSKA STRUKTURA I TR\u017dI\u0160TE RADA: SA SUFICITOM I DEFICIT - PrijedorDanas.com - Prijedorski gradski portal","isPartOf":{"@id":"https:\/\/www.prijedordanas.com\/#website"},"datePublished":"2014-03-29T07:56:57+00:00","dateModified":"2014-03-29T07:56:57+00:00","breadcrumb":{"@id":"https:\/\/www.prijedordanas.com\/?p=988#breadcrumb"},"inLanguage":"en-US","potentialAction":[{"@type":"ReadAction","target":["https:\/\/www.prijedordanas.com\/?p=988"]}]},{"@type":"BreadcrumbList","@id":"https:\/\/www.prijedordanas.com\/?p=988#breadcrumb","itemListElement":[{"@type":"ListItem","position":1,"name":"Home","item":"https:\/\/www.prijedordanas.com\/"},{"@type":"ListItem","position":2,"name":"KADROVSKA STRUKTURA I TR\u017dI\u0160TE RADA: SA SUFICITOM I DEFICIT"}]},{"@type":"WebSite","@id":"https:\/\/www.prijedordanas.com\/#website","url":"https:\/\/www.prijedordanas.com\/","name":"PrijedorDanas.com - Prijedorski gradski portal","description":"Portal o doga\u0111anjima u gradu Prijedoru","publisher":{"@id":"https:\/\/www.prijedordanas.com\/#organization"},"potentialAction":[{"@type":"SearchAction","target":{"@type":"EntryPoint","urlTemplate":"https:\/\/www.prijedordanas.com\/?s={search_term_string}"},"query-input":"required name=search_term_string"}],"inLanguage":"en-US"},{"@type":"Organization","@id":"https:\/\/www.prijedordanas.com\/#organization","name":"PrijedorDanas.com","url":"https:\/\/www.prijedordanas.com\/","logo":{"@type":"ImageObject","inLanguage":"en-US","@id":"https:\/\/www.prijedordanas.com\/#\/schema\/logo\/image\/","url":"http:\/\/www.prijedordanas.com\/wp-content\/uploads\/2021\/12\/logopng.png","contentUrl":"http:\/\/www.prijedordanas.com\/wp-content\/uploads\/2021\/12\/logopng.png","width":1019,"height":776,"caption":"PrijedorDanas.com"},"image":{"@id":"https:\/\/www.prijedordanas.com\/#\/schema\/logo\/image\/"},"sameAs":["https:\/\/www.facebook.com\/PrijedorDanasCom\/"]},{"@type":"Person","@id":"https:\/\/www.prijedordanas.com\/#\/schema\/person\/4e08ccf29b506ca916ff86d46bb700e6","name":"admin","image":{"@type":"ImageObject","inLanguage":"en-US","@id":"https:\/\/www.prijedordanas.com\/#\/schema\/person\/image\/","url":"https:\/\/secure.gravatar.com\/avatar\/1d3fc949d550f0b53a5f0d51e06dfd79?s=96&d=mm&r=g","contentUrl":"https:\/\/secure.gravatar.com\/avatar\/1d3fc949d550f0b53a5f0d51e06dfd79?s=96&d=mm&r=g","caption":"admin"},"url":"https:\/\/www.prijedordanas.com\/?author=1"}]}},"_links":{"self":[{"href":"https:\/\/www.prijedordanas.com\/index.php?rest_route=\/wp\/v2\/posts\/988"}],"collection":[{"href":"https:\/\/www.prijedordanas.com\/index.php?rest_route=\/wp\/v2\/posts"}],"about":[{"href":"https:\/\/www.prijedordanas.com\/index.php?rest_route=\/wp\/v2\/types\/post"}],"author":[{"embeddable":true,"href":"https:\/\/www.prijedordanas.com\/index.php?rest_route=\/wp\/v2\/users\/1"}],"replies":[{"embeddable":true,"href":"https:\/\/www.prijedordanas.com\/index.php?rest_route=%2Fwp%2Fv2%2Fcomments&post=988"}],"version-history":[{"count":1,"href":"https:\/\/www.prijedordanas.com\/index.php?rest_route=\/wp\/v2\/posts\/988\/revisions"}],"predecessor-version":[{"id":990,"href":"https:\/\/www.prijedordanas.com\/index.php?rest_route=\/wp\/v2\/posts\/988\/revisions\/990"}],"wp:attachment":[{"href":"https:\/\/www.prijedordanas.com\/index.php?rest_route=%2Fwp%2Fv2%2Fmedia&parent=988"}],"wp:term":[{"taxonomy":"category","embeddable":true,"href":"https:\/\/www.prijedordanas.com\/index.php?rest_route=%2Fwp%2Fv2%2Fcategories&post=988"},{"taxonomy":"post_tag","embeddable":true,"href":"https:\/\/www.prijedordanas.com\/index.php?rest_route=%2Fwp%2Fv2%2Ftags&post=988"}],"curies":[{"name":"wp","href":"https:\/\/api.w.org\/{rel}","templated":true}]}}