{"id":98547,"date":"2018-02-12T13:29:32","date_gmt":"2018-02-12T12:29:32","guid":{"rendered":"https:\/\/www.prijedordanas.com\/?p=98547"},"modified":"2018-02-12T13:29:32","modified_gmt":"2018-02-12T12:29:32","slug":"skupstinu-grada-prijedora-obnovili-po-uzoru-na-narodnu-skupstinu-rs-za-novi-konferencijski-sistem-160-000-km","status":"publish","type":"post","link":"https:\/\/www.prijedordanas.com\/?p=98547","title":{"rendered":"SKUP\u0160TINU GRADA PRIJEDORA OBNOVILI PO UZORU NA NARODNU SKUP\u0160TINU RS: ZA NOVI KONFERENCIJSKI SISTEM 160.000 KM"},"content":{"rendered":"<p><a href=\"https:\/\/www.prijedordanas.com\/wp-content\/uploads\/2018\/02\/skupstina-grada-7februar-3.jpg\"><img loading=\"lazy\" decoding=\"async\" class=\"alignleft size-medium wp-image-98259\" src=\"https:\/\/www.prijedordanas.com\/wp-content\/uploads\/2018\/02\/skupstina-grada-7februar-3-300x222.jpg\" alt=\"\" width=\"300\" height=\"222\" srcset=\"https:\/\/www.prijedordanas.com\/wp-content\/uploads\/2018\/02\/skupstina-grada-7februar-3-300x222.jpg 300w, https:\/\/www.prijedordanas.com\/wp-content\/uploads\/2018\/02\/skupstina-grada-7februar-3-100x74.jpg 100w, https:\/\/www.prijedordanas.com\/wp-content\/uploads\/2018\/02\/skupstina-grada-7februar-3.jpg 675w\" sizes=\"(max-width: 300px) 100vw, 300px\" \/><\/a>U Skup\u0161tini grada Prijedor nabavljena je nova tehni\u010dka oprema vrijednosti 159.135 maraka.<\/p>\n<p>U cijenu novog digitalnog konferencijskog sistema, ura\u010dunati su i tro\u0161kovi njene instalacije, programiranja, obuke zaposlenih i njeno pu\u0161tanje u rad. Na prvom ovogodi\u0161njem zasjedanju Skup\u0161tine odbornici su pro\u0161li obuku kako da koriste novu opremu, te su upoznati i kako ona funkcioni\u0161e.<\/p>\n<p>Opozicioni odbornici istakli su za \u201eEuroBlic\u201c da su zate\u010deni odlukom gradona\u010delnika Prijedora da se za novi konferencijski sistem poto\u0161i oko 160.000 KM iz gradskog bud\u017eeta. Milan Tubin iz SDS ka\u017ee da je to veliko izdvajanje u vrijeme ekonomske krize.<\/p>\n<p>&#8211; Mogli smo i dalje da radimo na staroj opremi uz odre\u0111ene popravke. Jedine smetnje su bile tonske tokom prenosa sednica \u2013 ka\u017ee Tubin. Dodaje da ima mnogo problema za \u010dije rje\u0161avanje nedostaje novac, te da ovo ulaganje nije bilo neophodno.<\/p>\n<p><a href=\"https:\/\/www.prijedordanas.com\/wp-content\/uploads\/2018\/02\/skupstina-grada-7februar-7.jpg\"><img loading=\"lazy\" decoding=\"async\" class=\"alignleft size-medium wp-image-98548\" src=\"https:\/\/www.prijedordanas.com\/wp-content\/uploads\/2018\/02\/skupstina-grada-7februar-7-300x222.jpg\" alt=\"\" width=\"300\" height=\"222\" srcset=\"https:\/\/www.prijedordanas.com\/wp-content\/uploads\/2018\/02\/skupstina-grada-7februar-7-300x222.jpg 300w, https:\/\/www.prijedordanas.com\/wp-content\/uploads\/2018\/02\/skupstina-grada-7februar-7-100x74.jpg 100w, https:\/\/www.prijedordanas.com\/wp-content\/uploads\/2018\/02\/skupstina-grada-7februar-7.jpg 675w\" sizes=\"(max-width: 300px) 100vw, 300px\" \/><\/a>&#8211; Brojni su infrastrukturni problemi u gradu na Sani, a \u010duli smo na posljednjem zasjedanju da za no\u0107ni rad apoteke nemamo 109.000 KM. Pametnije je bilo da se taj novac ulo\u017eio u osposobljavanje apoteke da mo\u017ee raditi tokom no\u0107i \u2013 tvrdi on.<\/p>\n<p>Isto misli i odbornik PDP Dalibor Grabe\u017e koji je i ukazao na to da se u Prijedoru nema gdje kupiti lijek tokom no\u0107i i praznicima.<\/p>\n<p>&#8211; Stara oprema je bila prili\u010dno dotrajala i sla\u017eem se da je potrebno i\u0107i u korak sa vremenom, samo ne znam da li je to u ovom trenutku bio prioritet i da li se moglo nabaviti jeftinije \u2013 rekao je Grabe\u017e.<\/p>\n<p>Istovremeno, predstavnici skup\u0161tinske ve\u0107ine ne \u017eele da komentari\u0161u kupovinu novog konferencijskog sistema za rad Skup\u0161tine grada.<\/p>\n<p><a href=\"https:\/\/www.prijedordanas.com\/wp-content\/uploads\/2018\/02\/skupstina-grada-7februar-1.jpg\"><img loading=\"lazy\" decoding=\"async\" class=\"alignleft size-medium wp-image-98256\" src=\"https:\/\/www.prijedordanas.com\/wp-content\/uploads\/2018\/02\/skupstina-grada-7februar-1-300x222.jpg\" alt=\"\" width=\"300\" height=\"222\" srcset=\"https:\/\/www.prijedordanas.com\/wp-content\/uploads\/2018\/02\/skupstina-grada-7februar-1-300x222.jpg 300w, https:\/\/www.prijedordanas.com\/wp-content\/uploads\/2018\/02\/skupstina-grada-7februar-1-100x74.jpg 100w, https:\/\/www.prijedordanas.com\/wp-content\/uploads\/2018\/02\/skupstina-grada-7februar-1.jpg 675w\" sizes=\"(max-width: 300px) 100vw, 300px\" \/><\/a>Odbornik SP Ranko Kolar rekao je da ne zna koliko je ko\u0161tala oprema i da to pitanje mo\u017ee postaviti na jednoj od narednih sjednica. Nakon \u0161to smo ga obavijestili da postoji odluka gradona\u010delnika da se za novu opremu izdvoji skoro 160.000 maraka, poru\u010duje da to pitanje nije iz njegove struke. Dodao je da je nova oprema u svakom slu\u010daju bolja, te da tehni\u010dko modernizovanje Skup\u0161tine grada predstavlja iskorak u odnosu na ostale gradove u RS koji jo\u0161 koriste zastarjelu opremu.<\/p>\n<p>Odbornik DNS Goran Predojevi\u0107 poru\u010duje da je nova oprema funkcionalnija.<\/p>\n<p>&#8211; Pri\u010da oko opravdanosti vrijednosti ne\u010dega je uvijek ista, kada god se ne\u0161to nabavlja, kao i kada se nabavljao novi automobil za gradona\u010delnika Prijedora. Sigurno znam da je novi sistem bolji i da nam je bio potreban &#8211; izjavio je Predojevi\u0107. Obja\u0161njava da je stara skup\u0161tinska oprema imala mane, me\u0111u kojima je i ta da se nije mogao ve\u0107i broj odbornika prijaviti za diskusiju. Dodaje da ta oprema nije ba\u010dena ve\u0107 je postavljena u maloj skup\u0161tinskoj sali Gradske uprave.<\/p>\n<p>Video zapisi sjednica<\/p>\n<p>Novi konferencijski sitem omogu\u0107ava da se zapisi sa sjednica, osim u pisanom i tonskom, od sada nabrave i u video obliku, jer su instalirane kamere. Predsednik Skup\u0161tine grada Prijedora Seda Jakupovi\u0107 poru\u010dio je odbornicima da imaju najmoderniju opremu koja je ista kao ona koja se koristi u Narodnoj skup\u0161tini RS.<\/p>\n<p>EuroBlic<\/p>\n","protected":false},"excerpt":{"rendered":"<p>U Skup\u0161tini grada Prijedor nabavljena je nova tehni\u010dka oprema vrijednosti 159.135 maraka. U cijenu novog digitalnog konferencijskog sistema, ura\u010dunati su i tro\u0161kovi njene instalacije, programiranja, obuke zaposlenih i njeno pu\u0161tanje [&hellip;]<\/p>\n","protected":false},"author":1,"featured_media":0,"comment_status":"closed","ping_status":"open","sticky":false,"template":"","format":"standard","meta":{"_monsterinsights_skip_tracking":false,"_monsterinsights_sitenote_active":false,"_monsterinsights_sitenote_note":"","_monsterinsights_sitenote_category":0,"footnotes":""},"categories":[8],"tags":[238],"yoast_head":"<!-- This site is optimized with the Yoast SEO plugin v21.6 - https:\/\/yoast.com\/wordpress\/plugins\/seo\/ -->\n<title>SKUP\u0160TINU GRADA PRIJEDORA OBNOVILI PO UZORU NA NARODNU SKUP\u0160TINU RS: ZA NOVI KONFERENCIJSKI SISTEM 160.000 KM - PrijedorDanas.com - Prijedorski gradski portal<\/title>\n<meta name=\"robots\" content=\"index, follow, max-snippet:-1, max-image-preview:large, max-video-preview:-1\" \/>\n<link rel=\"canonical\" href=\"https:\/\/www.prijedordanas.com\/?p=98547\" \/>\n<meta property=\"og:locale\" content=\"en_US\" \/>\n<meta property=\"og:type\" content=\"article\" \/>\n<meta property=\"og:title\" content=\"SKUP\u0160TINU GRADA PRIJEDORA OBNOVILI PO UZORU NA NARODNU SKUP\u0160TINU RS: ZA NOVI KONFERENCIJSKI SISTEM 160.000 KM - PrijedorDanas.com - Prijedorski gradski portal\" \/>\n<meta property=\"og:description\" content=\"U Skup\u0161tini grada Prijedor nabavljena je nova tehni\u010dka oprema vrijednosti 159.135 maraka. U cijenu novog digitalnog konferencijskog sistema, ura\u010dunati su i tro\u0161kovi njene instalacije, programiranja, obuke zaposlenih i njeno pu\u0161tanje [&hellip;]\" \/>\n<meta property=\"og:url\" content=\"https:\/\/www.prijedordanas.com\/?p=98547\" \/>\n<meta property=\"og:site_name\" content=\"PrijedorDanas.com - Prijedorski gradski portal\" \/>\n<meta property=\"article:publisher\" content=\"https:\/\/www.facebook.com\/PrijedorDanasCom\/\" \/>\n<meta property=\"article:published_time\" content=\"2018-02-12T12:29:32+00:00\" \/>\n<meta property=\"og:image\" content=\"https:\/\/www.prijedordanas.com\/wp-content\/uploads\/2018\/02\/skupstina-grada-7februar-3-300x222.jpg\" \/>\n<meta name=\"author\" content=\"admin\" \/>\n<meta name=\"twitter:card\" content=\"summary_large_image\" \/>\n<meta name=\"twitter:label1\" content=\"Written by\" \/>\n\t<meta name=\"twitter:data1\" content=\"admin\" \/>\n\t<meta name=\"twitter:label2\" content=\"Est. reading time\" \/>\n\t<meta name=\"twitter:data2\" content=\"3 minutes\" \/>\n<script type=\"application\/ld+json\" class=\"yoast-schema-graph\">{\"@context\":\"https:\/\/schema.org\",\"@graph\":[{\"@type\":\"Article\",\"@id\":\"https:\/\/www.prijedordanas.com\/?p=98547#article\",\"isPartOf\":{\"@id\":\"https:\/\/www.prijedordanas.com\/?p=98547\"},\"author\":{\"name\":\"admin\",\"@id\":\"https:\/\/www.prijedordanas.com\/#\/schema\/person\/4e08ccf29b506ca916ff86d46bb700e6\"},\"headline\":\"SKUP\u0160TINU GRADA PRIJEDORA OBNOVILI PO UZORU NA NARODNU SKUP\u0160TINU RS: ZA NOVI KONFERENCIJSKI SISTEM 160.000 KM\",\"datePublished\":\"2018-02-12T12:29:32+00:00\",\"dateModified\":\"2018-02-12T12:29:32+00:00\",\"mainEntityOfPage\":{\"@id\":\"https:\/\/www.prijedordanas.com\/?p=98547\"},\"wordCount\":541,\"publisher\":{\"@id\":\"https:\/\/www.prijedordanas.com\/#organization\"},\"keywords\":[\"Skup\u0161tina grada Prijedora\"],\"articleSection\":[\"Svakodnevno\"],\"inLanguage\":\"en-US\"},{\"@type\":\"WebPage\",\"@id\":\"https:\/\/www.prijedordanas.com\/?p=98547\",\"url\":\"https:\/\/www.prijedordanas.com\/?p=98547\",\"name\":\"SKUP\u0160TINU GRADA PRIJEDORA OBNOVILI PO UZORU NA NARODNU SKUP\u0160TINU RS: ZA NOVI KONFERENCIJSKI SISTEM 160.000 KM - PrijedorDanas.com - Prijedorski gradski portal\",\"isPartOf\":{\"@id\":\"https:\/\/www.prijedordanas.com\/#website\"},\"datePublished\":\"2018-02-12T12:29:32+00:00\",\"dateModified\":\"2018-02-12T12:29:32+00:00\",\"breadcrumb\":{\"@id\":\"https:\/\/www.prijedordanas.com\/?p=98547#breadcrumb\"},\"inLanguage\":\"en-US\",\"potentialAction\":[{\"@type\":\"ReadAction\",\"target\":[\"https:\/\/www.prijedordanas.com\/?p=98547\"]}]},{\"@type\":\"BreadcrumbList\",\"@id\":\"https:\/\/www.prijedordanas.com\/?p=98547#breadcrumb\",\"itemListElement\":[{\"@type\":\"ListItem\",\"position\":1,\"name\":\"Home\",\"item\":\"https:\/\/www.prijedordanas.com\/\"},{\"@type\":\"ListItem\",\"position\":2,\"name\":\"SKUP\u0160TINU GRADA PRIJEDORA OBNOVILI PO UZORU NA NARODNU SKUP\u0160TINU RS: ZA NOVI KONFERENCIJSKI SISTEM 160.000 KM\"}]},{\"@type\":\"WebSite\",\"@id\":\"https:\/\/www.prijedordanas.com\/#website\",\"url\":\"https:\/\/www.prijedordanas.com\/\",\"name\":\"PrijedorDanas.com - Prijedorski gradski portal\",\"description\":\"Portal o doga\u0111anjima u gradu Prijedoru\",\"publisher\":{\"@id\":\"https:\/\/www.prijedordanas.com\/#organization\"},\"potentialAction\":[{\"@type\":\"SearchAction\",\"target\":{\"@type\":\"EntryPoint\",\"urlTemplate\":\"https:\/\/www.prijedordanas.com\/?s={search_term_string}\"},\"query-input\":\"required name=search_term_string\"}],\"inLanguage\":\"en-US\"},{\"@type\":\"Organization\",\"@id\":\"https:\/\/www.prijedordanas.com\/#organization\",\"name\":\"PrijedorDanas.com\",\"url\":\"https:\/\/www.prijedordanas.com\/\",\"logo\":{\"@type\":\"ImageObject\",\"inLanguage\":\"en-US\",\"@id\":\"https:\/\/www.prijedordanas.com\/#\/schema\/logo\/image\/\",\"url\":\"http:\/\/www.prijedordanas.com\/wp-content\/uploads\/2021\/12\/logopng.png\",\"contentUrl\":\"http:\/\/www.prijedordanas.com\/wp-content\/uploads\/2021\/12\/logopng.png\",\"width\":1019,\"height\":776,\"caption\":\"PrijedorDanas.com\"},\"image\":{\"@id\":\"https:\/\/www.prijedordanas.com\/#\/schema\/logo\/image\/\"},\"sameAs\":[\"https:\/\/www.facebook.com\/PrijedorDanasCom\/\"]},{\"@type\":\"Person\",\"@id\":\"https:\/\/www.prijedordanas.com\/#\/schema\/person\/4e08ccf29b506ca916ff86d46bb700e6\",\"name\":\"admin\",\"image\":{\"@type\":\"ImageObject\",\"inLanguage\":\"en-US\",\"@id\":\"https:\/\/www.prijedordanas.com\/#\/schema\/person\/image\/\",\"url\":\"https:\/\/secure.gravatar.com\/avatar\/1d3fc949d550f0b53a5f0d51e06dfd79?s=96&d=mm&r=g\",\"contentUrl\":\"https:\/\/secure.gravatar.com\/avatar\/1d3fc949d550f0b53a5f0d51e06dfd79?s=96&d=mm&r=g\",\"caption\":\"admin\"},\"url\":\"https:\/\/www.prijedordanas.com\/?author=1\"}]}<\/script>\n<!-- \/ Yoast SEO plugin. -->","yoast_head_json":{"title":"SKUP\u0160TINU GRADA PRIJEDORA OBNOVILI PO UZORU NA NARODNU SKUP\u0160TINU RS: ZA NOVI KONFERENCIJSKI SISTEM 160.000 KM - PrijedorDanas.com - Prijedorski gradski portal","robots":{"index":"index","follow":"follow","max-snippet":"max-snippet:-1","max-image-preview":"max-image-preview:large","max-video-preview":"max-video-preview:-1"},"canonical":"https:\/\/www.prijedordanas.com\/?p=98547","og_locale":"en_US","og_type":"article","og_title":"SKUP\u0160TINU GRADA PRIJEDORA OBNOVILI PO UZORU NA NARODNU SKUP\u0160TINU RS: ZA NOVI KONFERENCIJSKI SISTEM 160.000 KM - PrijedorDanas.com - Prijedorski gradski portal","og_description":"U Skup\u0161tini grada Prijedor nabavljena je nova tehni\u010dka oprema vrijednosti 159.135 maraka. U cijenu novog digitalnog konferencijskog sistema, ura\u010dunati su i tro\u0161kovi njene instalacije, programiranja, obuke zaposlenih i njeno pu\u0161tanje [&hellip;]","og_url":"https:\/\/www.prijedordanas.com\/?p=98547","og_site_name":"PrijedorDanas.com - Prijedorski gradski portal","article_publisher":"https:\/\/www.facebook.com\/PrijedorDanasCom\/","article_published_time":"2018-02-12T12:29:32+00:00","og_image":[{"url":"https:\/\/www.prijedordanas.com\/wp-content\/uploads\/2018\/02\/skupstina-grada-7februar-3-300x222.jpg"}],"author":"admin","twitter_card":"summary_large_image","twitter_misc":{"Written by":"admin","Est. reading time":"3 minutes"},"schema":{"@context":"https:\/\/schema.org","@graph":[{"@type":"Article","@id":"https:\/\/www.prijedordanas.com\/?p=98547#article","isPartOf":{"@id":"https:\/\/www.prijedordanas.com\/?p=98547"},"author":{"name":"admin","@id":"https:\/\/www.prijedordanas.com\/#\/schema\/person\/4e08ccf29b506ca916ff86d46bb700e6"},"headline":"SKUP\u0160TINU GRADA PRIJEDORA OBNOVILI PO UZORU NA NARODNU SKUP\u0160TINU RS: ZA NOVI KONFERENCIJSKI SISTEM 160.000 KM","datePublished":"2018-02-12T12:29:32+00:00","dateModified":"2018-02-12T12:29:32+00:00","mainEntityOfPage":{"@id":"https:\/\/www.prijedordanas.com\/?p=98547"},"wordCount":541,"publisher":{"@id":"https:\/\/www.prijedordanas.com\/#organization"},"keywords":["Skup\u0161tina grada Prijedora"],"articleSection":["Svakodnevno"],"inLanguage":"en-US"},{"@type":"WebPage","@id":"https:\/\/www.prijedordanas.com\/?p=98547","url":"https:\/\/www.prijedordanas.com\/?p=98547","name":"SKUP\u0160TINU GRADA PRIJEDORA OBNOVILI PO UZORU NA NARODNU SKUP\u0160TINU RS: ZA NOVI KONFERENCIJSKI SISTEM 160.000 KM - PrijedorDanas.com - Prijedorski gradski portal","isPartOf":{"@id":"https:\/\/www.prijedordanas.com\/#website"},"datePublished":"2018-02-12T12:29:32+00:00","dateModified":"2018-02-12T12:29:32+00:00","breadcrumb":{"@id":"https:\/\/www.prijedordanas.com\/?p=98547#breadcrumb"},"inLanguage":"en-US","potentialAction":[{"@type":"ReadAction","target":["https:\/\/www.prijedordanas.com\/?p=98547"]}]},{"@type":"BreadcrumbList","@id":"https:\/\/www.prijedordanas.com\/?p=98547#breadcrumb","itemListElement":[{"@type":"ListItem","position":1,"name":"Home","item":"https:\/\/www.prijedordanas.com\/"},{"@type":"ListItem","position":2,"name":"SKUP\u0160TINU GRADA PRIJEDORA OBNOVILI PO UZORU NA NARODNU SKUP\u0160TINU RS: ZA NOVI KONFERENCIJSKI SISTEM 160.000 KM"}]},{"@type":"WebSite","@id":"https:\/\/www.prijedordanas.com\/#website","url":"https:\/\/www.prijedordanas.com\/","name":"PrijedorDanas.com - Prijedorski gradski portal","description":"Portal o doga\u0111anjima u gradu Prijedoru","publisher":{"@id":"https:\/\/www.prijedordanas.com\/#organization"},"potentialAction":[{"@type":"SearchAction","target":{"@type":"EntryPoint","urlTemplate":"https:\/\/www.prijedordanas.com\/?s={search_term_string}"},"query-input":"required name=search_term_string"}],"inLanguage":"en-US"},{"@type":"Organization","@id":"https:\/\/www.prijedordanas.com\/#organization","name":"PrijedorDanas.com","url":"https:\/\/www.prijedordanas.com\/","logo":{"@type":"ImageObject","inLanguage":"en-US","@id":"https:\/\/www.prijedordanas.com\/#\/schema\/logo\/image\/","url":"http:\/\/www.prijedordanas.com\/wp-content\/uploads\/2021\/12\/logopng.png","contentUrl":"http:\/\/www.prijedordanas.com\/wp-content\/uploads\/2021\/12\/logopng.png","width":1019,"height":776,"caption":"PrijedorDanas.com"},"image":{"@id":"https:\/\/www.prijedordanas.com\/#\/schema\/logo\/image\/"},"sameAs":["https:\/\/www.facebook.com\/PrijedorDanasCom\/"]},{"@type":"Person","@id":"https:\/\/www.prijedordanas.com\/#\/schema\/person\/4e08ccf29b506ca916ff86d46bb700e6","name":"admin","image":{"@type":"ImageObject","inLanguage":"en-US","@id":"https:\/\/www.prijedordanas.com\/#\/schema\/person\/image\/","url":"https:\/\/secure.gravatar.com\/avatar\/1d3fc949d550f0b53a5f0d51e06dfd79?s=96&d=mm&r=g","contentUrl":"https:\/\/secure.gravatar.com\/avatar\/1d3fc949d550f0b53a5f0d51e06dfd79?s=96&d=mm&r=g","caption":"admin"},"url":"https:\/\/www.prijedordanas.com\/?author=1"}]}},"_links":{"self":[{"href":"https:\/\/www.prijedordanas.com\/index.php?rest_route=\/wp\/v2\/posts\/98547"}],"collection":[{"href":"https:\/\/www.prijedordanas.com\/index.php?rest_route=\/wp\/v2\/posts"}],"about":[{"href":"https:\/\/www.prijedordanas.com\/index.php?rest_route=\/wp\/v2\/types\/post"}],"author":[{"embeddable":true,"href":"https:\/\/www.prijedordanas.com\/index.php?rest_route=\/wp\/v2\/users\/1"}],"replies":[{"embeddable":true,"href":"https:\/\/www.prijedordanas.com\/index.php?rest_route=%2Fwp%2Fv2%2Fcomments&post=98547"}],"version-history":[{"count":1,"href":"https:\/\/www.prijedordanas.com\/index.php?rest_route=\/wp\/v2\/posts\/98547\/revisions"}],"predecessor-version":[{"id":98549,"href":"https:\/\/www.prijedordanas.com\/index.php?rest_route=\/wp\/v2\/posts\/98547\/revisions\/98549"}],"wp:attachment":[{"href":"https:\/\/www.prijedordanas.com\/index.php?rest_route=%2Fwp%2Fv2%2Fmedia&parent=98547"}],"wp:term":[{"taxonomy":"category","embeddable":true,"href":"https:\/\/www.prijedordanas.com\/index.php?rest_route=%2Fwp%2Fv2%2Fcategories&post=98547"},{"taxonomy":"post_tag","embeddable":true,"href":"https:\/\/www.prijedordanas.com\/index.php?rest_route=%2Fwp%2Fv2%2Ftags&post=98547"}],"curies":[{"name":"wp","href":"https:\/\/api.w.org\/{rel}","templated":true}]}}