{"id":98251,"date":"2018-02-07T20:43:26","date_gmt":"2018-02-07T19:43:26","guid":{"rendered":"https:\/\/www.prijedordanas.com\/?p=98251"},"modified":"2018-02-07T20:43:26","modified_gmt":"2018-02-07T19:43:26","slug":"koncerti-palladio-string-quarteta-u-gradiski-prijedoru-muzikom-razbijaju-predrasude","status":"publish","type":"post","link":"https:\/\/www.prijedordanas.com\/?p=98251","title":{"rendered":"KONCERTI \u201ePALLADIO STRING QUARTETA\u201c U GRADI\u0160KI I PRIJEDORU: MUZIKOM RAZBIJAJU PREDRASUDE"},"content":{"rendered":"<p><a href=\"https:\/\/www.prijedordanas.com\/wp-content\/uploads\/2018\/02\/palladio-string-quartet-1.jpg\"><img loading=\"lazy\" decoding=\"async\" src=\"https:\/\/www.prijedordanas.com\/wp-content\/uploads\/2018\/02\/palladio-string-quartet-1-300x297.jpg\" alt=\"\" width=\"300\" height=\"297\" class=\"alignleft size-medium wp-image-98244\" srcset=\"https:\/\/www.prijedordanas.com\/wp-content\/uploads\/2018\/02\/palladio-string-quartet-1-300x297.jpg 300w, https:\/\/www.prijedordanas.com\/wp-content\/uploads\/2018\/02\/palladio-string-quartet-1-150x150.jpg 150w, https:\/\/www.prijedordanas.com\/wp-content\/uploads\/2018\/02\/palladio-string-quartet-1-100x100.jpg 100w, https:\/\/www.prijedordanas.com\/wp-content\/uploads\/2018\/02\/palladio-string-quartet-1-50x50.jpg 50w, https:\/\/www.prijedordanas.com\/wp-content\/uploads\/2018\/02\/palladio-string-quartet-1.jpg 600w\" sizes=\"(max-width: 300px) 100vw, 300px\" \/><\/a>Banjalu\u010dki \u201cPalladio String Quartet\u201d sutra \u0107e nastupiti u Zavi\u010dajnom muzeju u Gradi\u0161ki od 19, a dan kasnije u prijedorskoj Galeriji \u201e96\u201c od 20 \u010dasova.<\/p>\n<p>Ovaj kvartet prepoznatljiv je po zanimljivom repertoaru &#8211; \u0161irok spektar muzi\u010dkih \u017eanrova, me\u0111u kojima su pop, rok, tango, filmska muzika, evergrin i klasika, a \u010dine ga violinistkinje \u0160arlota \u0160arenac Ludrovan i Renata Kaurin, te violistkinja Kristina Moconja i violon\u010delista Ozren \u010cetkovi\u0107.<\/p>\n<p>Ovi profesionalci svoje znanje rado dijele i sa u\u010denicima. Renata i Kristina predaju u Muzi\u010dkoj \u0161koli \u201eVlado Milo\u0161evi\u0107\u201c, u Banjaluci, dok su \u0160arlota i Ozren profesori u M\u0160 \u201eSavo Balaban\u201c u Prijedoru. Ozren violon\u010delo, tako\u0111e, predaje i u Gradi\u0161ki, u M\u0160 \u201eBranko Smiljani\u0107\u201c.<\/p>\n<p>&#8211; Odlu\u010dili smo da ovu godinu zapo\u010dnemo sa koncertima u drugim gradovima RS. Oni su planirani jo\u0161 pro\u0161le godine, samo \u0161to \u0107emo ih sada realizovati. Radujemo se \u0161to \u0107e publika van Banjaluke imati priliku da u\u017eiva u na\u0161em izvo\u0111enju. Naravno, tu su i u\u010denici koji \u0107e imati priliku da slu\u0161aju svoje profesore \u0160arlotu \u0160arenac Ludrovan i Ozrena \u010cetkovi\u0107a \u2013 pri\u010da Renata Kaurin.<\/p>\n<p>Njihove probe su, obja\u0161njava ona, produktivne, isplanirane i opu\u0161tene.<\/p>\n<p><a href=\"https:\/\/www.prijedordanas.com\/wp-content\/uploads\/2018\/02\/palladio-string-quartet-2.jpg\"><img loading=\"lazy\" decoding=\"async\" src=\"https:\/\/www.prijedordanas.com\/wp-content\/uploads\/2018\/02\/palladio-string-quartet-2-300x198.jpg\" alt=\"\" width=\"300\" height=\"198\" class=\"alignleft size-medium wp-image-98245\" srcset=\"https:\/\/www.prijedordanas.com\/wp-content\/uploads\/2018\/02\/palladio-string-quartet-2-300x198.jpg 300w, https:\/\/www.prijedordanas.com\/wp-content\/uploads\/2018\/02\/palladio-string-quartet-2-100x66.jpg 100w, https:\/\/www.prijedordanas.com\/wp-content\/uploads\/2018\/02\/palladio-string-quartet-2.jpg 758w\" sizes=\"(max-width: 300px) 100vw, 300px\" \/><\/a>&#8211; Volimo da odradimo svoj posao, a onda slijedi opu\u0161teniji dio probe gdje se dogovaramo za dalje. One ponekad traju od dva do \u010detiri \u010dasa, zavisi koji repertoar spremamo: da li je to program za koncert ili neki drugi doga\u0111aj. Uglavnom, svako od nas mora da \u201eradi na sebi\u201c, da svakodnevno vje\u017eba, jer na\u0161a profesija zahtijeva konstatan rad \u2013 isti\u010de Kaurin.<\/p>\n<p>Njihova izvo\u0111enja, dodaje ona, mogu se \u010duti na Jutjub kanalu i \u201cSaundklaudu\u201d \u2013 \u201cPalladio String Quartet\u201c. U kvartetu je bilo i nekih izmjena u postavci.<\/p>\n<p>&#8211; Na\u0161a koleginica Srna Majar je dobila stipendiju i trenutno je u Trstu na \u010detvrtoj godini studija za violu, tako da je na njeno mjesto do\u0161la Kristina Moconja. Na\u0161 posao je takav i spremni smo za ovakve situacije. Bitno je da na\u0111ete prave osobe i da se te izmjene ne osjete \u2013 navodi Kaurin.<\/p>\n<p>Iako se na pomen guda\u010dkog kvarteta uglavnom prvo pomisli na klasi\u010dnu muziku, ovaj sastav je, prema rije\u010dima \u0160arlote \u0160arenac Ludrovan, bio odlu\u010dan u namjeri da razbije tu predrasudu.<\/p>\n<p>&#8211; Na\u0161 cilj je prvenstveno da radimo ne\u0161to druga\u010dije, da muzikom koju izvodimo privu\u010demo \u0161iroke mase. Tako smo do\u0161li do ideje da bezvremenskim pop, rok i evergrin hitovima damo novi oblik. Dio aran\u017emana pisala je koleginica Jelena Vrhovac, a neke smo kupovali preko interneta. Na na\u0161em repertoaru su pjesme poznatih, svjetskih pjeva\u010da i sastava kao \u0161to su: Frenk Sinatra, \u201eBeatles\u201c, Sting, \u201eColdplay\u201c, \u201eLed Zeppelin\u201c, \u201eGuns N&#8217; Roses\u201c i drugi. Izbor numera je uvijek prilago\u0111en za priliku za koju sviramo \u2013 obja\u0161njava \u0160arenac Ludrovan.<\/p>\n<p>Uprkos gustom rasporedu i master studijama na Akademiji umjetnosti UNIBL, koje poha\u0111aju svi \u010dlanovi, dokaz su da se dobrom organizacijom sve mo\u017ee posti\u0107i.<\/p>\n<p>&#8211; Na\u0161 kvartet neizostavni je dio gotovo svih muzi\u010dkih de\u0161avanja u Banjaluci. Raspored nam je uvijek popunjen. Pored posla, brojnih proba i \u017eivotnih obaveza, odmora uvijek manjka. Sre\u0107a je \u0161to se bavimo plemenitim pozivom. Neke na\u0161e obaveze spadaju i pod rutinu, pa se sve nekako kompenzuje \u2013 rekla je Kristina Moconja.<\/p>\n<p>\u201ePalladio String Quartet\u201c u narednom periodu planira nastupe i po drugim gradovima i op\u0161tinama RS, kao i koncert u Banskom dvoru, koji bi trebao biti na prolje\u0107e, a na kojem \u0107e publika \u010duti i neke nove numere. Nastupali su sa Banjalu\u010dkom filharmonijom, Orkestrom Akademije umjetnoati UNIBL, Rok simfonijom i ostalim sastavima po BiH i regionu.<\/p>\n<p>Za muzi\u010dare nema stajanja<\/p>\n<p>&#8211; Muzika je na\u0161 stil \u017eivota, jer svi smo sa svojim instrumentima od sedme godine. Za na\u0161u profesiju nema stajanja! Stalno radite i vje\u017ebate, jer samo tada ima nade da \u0107ete uspjeti i i\u0107i u korak sa vremenom. Ovaj posao radimo iz ljubavi i \u017eelje da taj osje\u0107aj prenesemo na publiku, ali i u\u010denike. Upravo zato je bitno da se koncerti odr\u017eavaju, jer svaki put i svako izvo\u0111enje neke numere budi u nama razli\u010dite emocije, koje su motivacija za dalji rad \u2013 rekao je Ozren \u010cetkovi\u0107.<\/p>\n<p>EuroBlic<\/p>\n","protected":false},"excerpt":{"rendered":"<p>Banjalu\u010dki \u201cPalladio String Quartet\u201d sutra \u0107e nastupiti u Zavi\u010dajnom muzeju u Gradi\u0161ki od 19, a dan kasnije u prijedorskoj Galeriji \u201e96\u201c od 20 \u010dasova. Ovaj kvartet prepoznatljiv je po zanimljivom [&hellip;]<\/p>\n","protected":false},"author":1,"featured_media":0,"comment_status":"closed","ping_status":"open","sticky":false,"template":"","format":"standard","meta":{"_monsterinsights_skip_tracking":false,"_monsterinsights_sitenote_active":false,"_monsterinsights_sitenote_note":"","_monsterinsights_sitenote_category":0,"footnotes":""},"categories":[6],"tags":[],"yoast_head":"<!-- This site is optimized with the Yoast SEO plugin v21.6 - https:\/\/yoast.com\/wordpress\/plugins\/seo\/ -->\n<title>KONCERTI \u201ePALLADIO STRING QUARTETA\u201c U GRADI\u0160KI I PRIJEDORU: MUZIKOM RAZBIJAJU PREDRASUDE - PrijedorDanas.com - Prijedorski gradski portal<\/title>\n<meta name=\"robots\" content=\"index, follow, max-snippet:-1, max-image-preview:large, max-video-preview:-1\" \/>\n<link rel=\"canonical\" href=\"https:\/\/www.prijedordanas.com\/?p=98251\" \/>\n<meta property=\"og:locale\" content=\"en_US\" \/>\n<meta property=\"og:type\" content=\"article\" \/>\n<meta property=\"og:title\" content=\"KONCERTI \u201ePALLADIO STRING QUARTETA\u201c U GRADI\u0160KI I PRIJEDORU: MUZIKOM RAZBIJAJU PREDRASUDE - PrijedorDanas.com - Prijedorski gradski portal\" \/>\n<meta property=\"og:description\" content=\"Banjalu\u010dki \u201cPalladio String Quartet\u201d sutra \u0107e nastupiti u Zavi\u010dajnom muzeju u Gradi\u0161ki od 19, a dan kasnije u prijedorskoj Galeriji \u201e96\u201c od 20 \u010dasova. Ovaj kvartet prepoznatljiv je po zanimljivom [&hellip;]\" \/>\n<meta property=\"og:url\" content=\"https:\/\/www.prijedordanas.com\/?p=98251\" \/>\n<meta property=\"og:site_name\" content=\"PrijedorDanas.com - Prijedorski gradski portal\" \/>\n<meta property=\"article:publisher\" content=\"https:\/\/www.facebook.com\/PrijedorDanasCom\/\" \/>\n<meta property=\"article:published_time\" content=\"2018-02-07T19:43:26+00:00\" \/>\n<meta property=\"og:image\" content=\"https:\/\/www.prijedordanas.com\/wp-content\/uploads\/2018\/02\/palladio-string-quartet-1-300x297.jpg\" \/>\n<meta name=\"author\" content=\"admin\" \/>\n<meta name=\"twitter:card\" content=\"summary_large_image\" \/>\n<meta name=\"twitter:label1\" content=\"Written by\" \/>\n\t<meta name=\"twitter:data1\" content=\"admin\" \/>\n\t<meta name=\"twitter:label2\" content=\"Est. reading time\" \/>\n\t<meta name=\"twitter:data2\" content=\"4 minutes\" \/>\n<script type=\"application\/ld+json\" class=\"yoast-schema-graph\">{\"@context\":\"https:\/\/schema.org\",\"@graph\":[{\"@type\":\"Article\",\"@id\":\"https:\/\/www.prijedordanas.com\/?p=98251#article\",\"isPartOf\":{\"@id\":\"https:\/\/www.prijedordanas.com\/?p=98251\"},\"author\":{\"name\":\"admin\",\"@id\":\"https:\/\/www.prijedordanas.com\/#\/schema\/person\/4e08ccf29b506ca916ff86d46bb700e6\"},\"headline\":\"KONCERTI \u201ePALLADIO STRING QUARTETA\u201c U GRADI\u0160KI I PRIJEDORU: MUZIKOM RAZBIJAJU PREDRASUDE\",\"datePublished\":\"2018-02-07T19:43:26+00:00\",\"dateModified\":\"2018-02-07T19:43:26+00:00\",\"mainEntityOfPage\":{\"@id\":\"https:\/\/www.prijedordanas.com\/?p=98251\"},\"wordCount\":717,\"publisher\":{\"@id\":\"https:\/\/www.prijedordanas.com\/#organization\"},\"articleSection\":[\"Kultura\"],\"inLanguage\":\"en-US\"},{\"@type\":\"WebPage\",\"@id\":\"https:\/\/www.prijedordanas.com\/?p=98251\",\"url\":\"https:\/\/www.prijedordanas.com\/?p=98251\",\"name\":\"KONCERTI \u201ePALLADIO STRING QUARTETA\u201c U GRADI\u0160KI I PRIJEDORU: MUZIKOM RAZBIJAJU PREDRASUDE - PrijedorDanas.com - Prijedorski gradski portal\",\"isPartOf\":{\"@id\":\"https:\/\/www.prijedordanas.com\/#website\"},\"datePublished\":\"2018-02-07T19:43:26+00:00\",\"dateModified\":\"2018-02-07T19:43:26+00:00\",\"breadcrumb\":{\"@id\":\"https:\/\/www.prijedordanas.com\/?p=98251#breadcrumb\"},\"inLanguage\":\"en-US\",\"potentialAction\":[{\"@type\":\"ReadAction\",\"target\":[\"https:\/\/www.prijedordanas.com\/?p=98251\"]}]},{\"@type\":\"BreadcrumbList\",\"@id\":\"https:\/\/www.prijedordanas.com\/?p=98251#breadcrumb\",\"itemListElement\":[{\"@type\":\"ListItem\",\"position\":1,\"name\":\"Home\",\"item\":\"https:\/\/www.prijedordanas.com\/\"},{\"@type\":\"ListItem\",\"position\":2,\"name\":\"KONCERTI \u201ePALLADIO STRING QUARTETA\u201c U GRADI\u0160KI I PRIJEDORU: MUZIKOM RAZBIJAJU PREDRASUDE\"}]},{\"@type\":\"WebSite\",\"@id\":\"https:\/\/www.prijedordanas.com\/#website\",\"url\":\"https:\/\/www.prijedordanas.com\/\",\"name\":\"PrijedorDanas.com - Prijedorski gradski portal\",\"description\":\"Portal o doga\u0111anjima u gradu Prijedoru\",\"publisher\":{\"@id\":\"https:\/\/www.prijedordanas.com\/#organization\"},\"potentialAction\":[{\"@type\":\"SearchAction\",\"target\":{\"@type\":\"EntryPoint\",\"urlTemplate\":\"https:\/\/www.prijedordanas.com\/?s={search_term_string}\"},\"query-input\":\"required name=search_term_string\"}],\"inLanguage\":\"en-US\"},{\"@type\":\"Organization\",\"@id\":\"https:\/\/www.prijedordanas.com\/#organization\",\"name\":\"PrijedorDanas.com\",\"url\":\"https:\/\/www.prijedordanas.com\/\",\"logo\":{\"@type\":\"ImageObject\",\"inLanguage\":\"en-US\",\"@id\":\"https:\/\/www.prijedordanas.com\/#\/schema\/logo\/image\/\",\"url\":\"http:\/\/www.prijedordanas.com\/wp-content\/uploads\/2021\/12\/logopng.png\",\"contentUrl\":\"http:\/\/www.prijedordanas.com\/wp-content\/uploads\/2021\/12\/logopng.png\",\"width\":1019,\"height\":776,\"caption\":\"PrijedorDanas.com\"},\"image\":{\"@id\":\"https:\/\/www.prijedordanas.com\/#\/schema\/logo\/image\/\"},\"sameAs\":[\"https:\/\/www.facebook.com\/PrijedorDanasCom\/\"]},{\"@type\":\"Person\",\"@id\":\"https:\/\/www.prijedordanas.com\/#\/schema\/person\/4e08ccf29b506ca916ff86d46bb700e6\",\"name\":\"admin\",\"image\":{\"@type\":\"ImageObject\",\"inLanguage\":\"en-US\",\"@id\":\"https:\/\/www.prijedordanas.com\/#\/schema\/person\/image\/\",\"url\":\"https:\/\/secure.gravatar.com\/avatar\/1d3fc949d550f0b53a5f0d51e06dfd79?s=96&d=mm&r=g\",\"contentUrl\":\"https:\/\/secure.gravatar.com\/avatar\/1d3fc949d550f0b53a5f0d51e06dfd79?s=96&d=mm&r=g\",\"caption\":\"admin\"},\"url\":\"https:\/\/www.prijedordanas.com\/?author=1\"}]}<\/script>\n<!-- \/ Yoast SEO plugin. -->","yoast_head_json":{"title":"KONCERTI \u201ePALLADIO STRING QUARTETA\u201c U GRADI\u0160KI I PRIJEDORU: MUZIKOM RAZBIJAJU PREDRASUDE - PrijedorDanas.com - Prijedorski gradski portal","robots":{"index":"index","follow":"follow","max-snippet":"max-snippet:-1","max-image-preview":"max-image-preview:large","max-video-preview":"max-video-preview:-1"},"canonical":"https:\/\/www.prijedordanas.com\/?p=98251","og_locale":"en_US","og_type":"article","og_title":"KONCERTI \u201ePALLADIO STRING QUARTETA\u201c U GRADI\u0160KI I PRIJEDORU: MUZIKOM RAZBIJAJU PREDRASUDE - PrijedorDanas.com - Prijedorski gradski portal","og_description":"Banjalu\u010dki \u201cPalladio String Quartet\u201d sutra \u0107e nastupiti u Zavi\u010dajnom muzeju u Gradi\u0161ki od 19, a dan kasnije u prijedorskoj Galeriji \u201e96\u201c od 20 \u010dasova. Ovaj kvartet prepoznatljiv je po zanimljivom [&hellip;]","og_url":"https:\/\/www.prijedordanas.com\/?p=98251","og_site_name":"PrijedorDanas.com - Prijedorski gradski portal","article_publisher":"https:\/\/www.facebook.com\/PrijedorDanasCom\/","article_published_time":"2018-02-07T19:43:26+00:00","og_image":[{"url":"https:\/\/www.prijedordanas.com\/wp-content\/uploads\/2018\/02\/palladio-string-quartet-1-300x297.jpg"}],"author":"admin","twitter_card":"summary_large_image","twitter_misc":{"Written by":"admin","Est. reading time":"4 minutes"},"schema":{"@context":"https:\/\/schema.org","@graph":[{"@type":"Article","@id":"https:\/\/www.prijedordanas.com\/?p=98251#article","isPartOf":{"@id":"https:\/\/www.prijedordanas.com\/?p=98251"},"author":{"name":"admin","@id":"https:\/\/www.prijedordanas.com\/#\/schema\/person\/4e08ccf29b506ca916ff86d46bb700e6"},"headline":"KONCERTI \u201ePALLADIO STRING QUARTETA\u201c U GRADI\u0160KI I PRIJEDORU: MUZIKOM RAZBIJAJU PREDRASUDE","datePublished":"2018-02-07T19:43:26+00:00","dateModified":"2018-02-07T19:43:26+00:00","mainEntityOfPage":{"@id":"https:\/\/www.prijedordanas.com\/?p=98251"},"wordCount":717,"publisher":{"@id":"https:\/\/www.prijedordanas.com\/#organization"},"articleSection":["Kultura"],"inLanguage":"en-US"},{"@type":"WebPage","@id":"https:\/\/www.prijedordanas.com\/?p=98251","url":"https:\/\/www.prijedordanas.com\/?p=98251","name":"KONCERTI \u201ePALLADIO STRING QUARTETA\u201c U GRADI\u0160KI I PRIJEDORU: MUZIKOM RAZBIJAJU PREDRASUDE - PrijedorDanas.com - Prijedorski gradski portal","isPartOf":{"@id":"https:\/\/www.prijedordanas.com\/#website"},"datePublished":"2018-02-07T19:43:26+00:00","dateModified":"2018-02-07T19:43:26+00:00","breadcrumb":{"@id":"https:\/\/www.prijedordanas.com\/?p=98251#breadcrumb"},"inLanguage":"en-US","potentialAction":[{"@type":"ReadAction","target":["https:\/\/www.prijedordanas.com\/?p=98251"]}]},{"@type":"BreadcrumbList","@id":"https:\/\/www.prijedordanas.com\/?p=98251#breadcrumb","itemListElement":[{"@type":"ListItem","position":1,"name":"Home","item":"https:\/\/www.prijedordanas.com\/"},{"@type":"ListItem","position":2,"name":"KONCERTI \u201ePALLADIO STRING QUARTETA\u201c U GRADI\u0160KI I PRIJEDORU: MUZIKOM RAZBIJAJU PREDRASUDE"}]},{"@type":"WebSite","@id":"https:\/\/www.prijedordanas.com\/#website","url":"https:\/\/www.prijedordanas.com\/","name":"PrijedorDanas.com - Prijedorski gradski portal","description":"Portal o doga\u0111anjima u gradu Prijedoru","publisher":{"@id":"https:\/\/www.prijedordanas.com\/#organization"},"potentialAction":[{"@type":"SearchAction","target":{"@type":"EntryPoint","urlTemplate":"https:\/\/www.prijedordanas.com\/?s={search_term_string}"},"query-input":"required name=search_term_string"}],"inLanguage":"en-US"},{"@type":"Organization","@id":"https:\/\/www.prijedordanas.com\/#organization","name":"PrijedorDanas.com","url":"https:\/\/www.prijedordanas.com\/","logo":{"@type":"ImageObject","inLanguage":"en-US","@id":"https:\/\/www.prijedordanas.com\/#\/schema\/logo\/image\/","url":"http:\/\/www.prijedordanas.com\/wp-content\/uploads\/2021\/12\/logopng.png","contentUrl":"http:\/\/www.prijedordanas.com\/wp-content\/uploads\/2021\/12\/logopng.png","width":1019,"height":776,"caption":"PrijedorDanas.com"},"image":{"@id":"https:\/\/www.prijedordanas.com\/#\/schema\/logo\/image\/"},"sameAs":["https:\/\/www.facebook.com\/PrijedorDanasCom\/"]},{"@type":"Person","@id":"https:\/\/www.prijedordanas.com\/#\/schema\/person\/4e08ccf29b506ca916ff86d46bb700e6","name":"admin","image":{"@type":"ImageObject","inLanguage":"en-US","@id":"https:\/\/www.prijedordanas.com\/#\/schema\/person\/image\/","url":"https:\/\/secure.gravatar.com\/avatar\/1d3fc949d550f0b53a5f0d51e06dfd79?s=96&d=mm&r=g","contentUrl":"https:\/\/secure.gravatar.com\/avatar\/1d3fc949d550f0b53a5f0d51e06dfd79?s=96&d=mm&r=g","caption":"admin"},"url":"https:\/\/www.prijedordanas.com\/?author=1"}]}},"_links":{"self":[{"href":"https:\/\/www.prijedordanas.com\/index.php?rest_route=\/wp\/v2\/posts\/98251"}],"collection":[{"href":"https:\/\/www.prijedordanas.com\/index.php?rest_route=\/wp\/v2\/posts"}],"about":[{"href":"https:\/\/www.prijedordanas.com\/index.php?rest_route=\/wp\/v2\/types\/post"}],"author":[{"embeddable":true,"href":"https:\/\/www.prijedordanas.com\/index.php?rest_route=\/wp\/v2\/users\/1"}],"replies":[{"embeddable":true,"href":"https:\/\/www.prijedordanas.com\/index.php?rest_route=%2Fwp%2Fv2%2Fcomments&post=98251"}],"version-history":[{"count":1,"href":"https:\/\/www.prijedordanas.com\/index.php?rest_route=\/wp\/v2\/posts\/98251\/revisions"}],"predecessor-version":[{"id":98252,"href":"https:\/\/www.prijedordanas.com\/index.php?rest_route=\/wp\/v2\/posts\/98251\/revisions\/98252"}],"wp:attachment":[{"href":"https:\/\/www.prijedordanas.com\/index.php?rest_route=%2Fwp%2Fv2%2Fmedia&parent=98251"}],"wp:term":[{"taxonomy":"category","embeddable":true,"href":"https:\/\/www.prijedordanas.com\/index.php?rest_route=%2Fwp%2Fv2%2Fcategories&post=98251"},{"taxonomy":"post_tag","embeddable":true,"href":"https:\/\/www.prijedordanas.com\/index.php?rest_route=%2Fwp%2Fv2%2Ftags&post=98251"}],"curies":[{"name":"wp","href":"https:\/\/api.w.org\/{rel}","templated":true}]}}