{"id":98187,"date":"2018-02-06T20:38:40","date_gmt":"2018-02-06T19:38:40","guid":{"rendered":"https:\/\/www.prijedordanas.com\/?p=98187"},"modified":"2018-02-06T20:38:40","modified_gmt":"2018-02-06T19:38:40","slug":"u-srijedu-14-sjednica-skupstine-grada-prijedora","status":"publish","type":"post","link":"https:\/\/www.prijedordanas.com\/?p=98187","title":{"rendered":"U SRIJEDU 14.SJEDNICA SKUP\u0160TINE GRADA PRIJEDORA"},"content":{"rendered":"<p><a href=\"https:\/\/www.prijedordanas.com\/wp-content\/uploads\/2017\/12\/skupstina-grada-21decembar-2.jpg\"><img loading=\"lazy\" decoding=\"async\" src=\"https:\/\/www.prijedordanas.com\/wp-content\/uploads\/2017\/12\/skupstina-grada-21decembar-2-300x222.jpg\" alt=\"\" width=\"300\" height=\"222\" class=\"alignleft size-medium wp-image-94871\" srcset=\"https:\/\/www.prijedordanas.com\/wp-content\/uploads\/2017\/12\/skupstina-grada-21decembar-2-300x222.jpg 300w, https:\/\/www.prijedordanas.com\/wp-content\/uploads\/2017\/12\/skupstina-grada-21decembar-2-100x74.jpg 100w, https:\/\/www.prijedordanas.com\/wp-content\/uploads\/2017\/12\/skupstina-grada-21decembar-2.jpg 675w\" sizes=\"(max-width: 300px) 100vw, 300px\" \/><\/a>Za srijedu, 7.februar 2018.godine sa po\u010detkom u 10:00 \u010dasova, zakazana je 14. Sjednica Skup\u0161tine grada Prijedora.<\/p>\n<p>Pred odbornicima \u0107e se na\u0107i Dnevni red sa 17 ta\u010daka o kojima \u0107e se raspravljati.<\/p>\n<p>Dnevni red:<br \/>\n1. Aktuelni \u010das;<br \/>\n2. Prijedlog Programa rada Skup\u0161tine grada Prijedora za 2018. godinu,<br \/>\n3. Prijedlog Poslovnika Skup\u0161tine grada Prijedora,<br \/>\n4. Prijedlog Eti\u010dkog kodeksa Skup\u0161tine grada Prijedora,<br \/>\n5. Prijedlog Odluke o visini boravi\u0161ne takse na podru\u010dju grada Prijedora za 2018. godinu,<br \/>\n6. Prijedlog Rje\u0161enja o imenovanju \u010dlanova \u0161kolskih odbora u osnovnim i srednjim \u0161kolama grada<br \/>\nPrijedora,<br \/>\n7. Prijedlog Rje\u0161enja o izmjeni Rje\u0161enja o imenovanju stalnih radnih tijela Skup\u0161tine grada Prijedora,<br \/>\n8. Prijedlog Rje\u0161enja o imenovanju Savjeta za izradu Plana parcelacije \u201ePa\u0161ini konaci\u201c,<br \/>\n9. Prijedlog Rje\u0161enja o imenovanju Savjeta za izradu Izmjene dijela Regulacionog plana R\u017dR Ljubija \u2013<br \/>\n\u201eCentralna rudi\u0161ta\u201c na teritoriji grada Prijedora i op\u0161tine O\u0161tra Luka,<br \/>\n10. Prijedlog Rje\u0161enja o imenovanju Savjeta za izradu Plana parcelacije za lokaciju \u201eRasti\u010dani\u201c u sklopu<br \/>\nNacionalnog parka \u201eKozara\u201c,<br \/>\n11. Izvje\u0161taj o radu Fondacije za razvoj \u201ePrijedor\u201c za 2017. godinu,<br \/>\n12. Informacija o realizaciji Programa kori\u0161tenja bud\u017eetskih sredstava za poljoprivredu u 2017. godini,<br \/>\n13. Informacija o realizaciji Programa kori\u0161c\u0301enja sredstava za podsticaj u preduzetni\u0161tvu, malim i<br \/>\nsrednjim preduzec\u0301ima u 2017. godini,<br \/>\n14. Informacija o izboru i realizaciji projekata nevladinih organizacija u 2017. godini,<br \/>\n15. Informacija o izboru i realizaciji projekata omladinskog sektora Grada Prijedor u 2017. godini,<br \/>\n16. Plan implementacije Integralne strategije razvoja grada Prijedor (2014 \u2013 2024.), za period 2018-2020.<br \/>\ngodine,<br \/>\n17. Referati iz imovinsko \u2013 pravne oblasti<\/p>\n<p>Priredio \u2013 Aleksandar Drakuli\u0107  \u2013 <a href=\"https:\/\/www.prijedordanas.com\" target=\"_blank\" rel=\"noopener noreferrer\">www.prijedordanas.com<\/a><\/p>\n<p><a href=\"https:\/\/www.prijedordanas.com\/wp-content\/uploads\/2017\/10\/skupstina-grada-18oktobar-1.jpg\"><img loading=\"lazy\" decoding=\"async\" src=\"https:\/\/www.prijedordanas.com\/wp-content\/uploads\/2017\/10\/skupstina-grada-18oktobar-1-300x222.jpg\" alt=\"\" width=\"300\" height=\"222\" class=\"alignleft size-medium wp-image-90802\" srcset=\"https:\/\/www.prijedordanas.com\/wp-content\/uploads\/2017\/10\/skupstina-grada-18oktobar-1-300x222.jpg 300w, https:\/\/www.prijedordanas.com\/wp-content\/uploads\/2017\/10\/skupstina-grada-18oktobar-1-100x74.jpg 100w, https:\/\/www.prijedordanas.com\/wp-content\/uploads\/2017\/10\/skupstina-grada-18oktobar-1.jpg 675w\" sizes=\"(max-width: 300px) 100vw, 300px\" \/><\/a><\/p>\n","protected":false},"excerpt":{"rendered":"<p>Za srijedu, 7.februar 2018.godine sa po\u010detkom u 10:00 \u010dasova, zakazana je 14. Sjednica Skup\u0161tine grada Prijedora. Pred odbornicima \u0107e se na\u0107i Dnevni red sa 17 ta\u010daka o kojima \u0107e se [&hellip;]<\/p>\n","protected":false},"author":1,"featured_media":0,"comment_status":"closed","ping_status":"open","sticky":false,"template":"","format":"standard","meta":{"_monsterinsights_skip_tracking":false,"_monsterinsights_sitenote_active":false,"_monsterinsights_sitenote_note":"","_monsterinsights_sitenote_category":0,"footnotes":""},"categories":[8],"tags":[238],"yoast_head":"<!-- This site is optimized with the Yoast SEO plugin v21.6 - https:\/\/yoast.com\/wordpress\/plugins\/seo\/ -->\n<title>U SRIJEDU 14.SJEDNICA SKUP\u0160TINE GRADA PRIJEDORA - PrijedorDanas.com - Prijedorski gradski portal<\/title>\n<meta name=\"robots\" content=\"index, follow, max-snippet:-1, max-image-preview:large, max-video-preview:-1\" \/>\n<link rel=\"canonical\" href=\"https:\/\/www.prijedordanas.com\/?p=98187\" \/>\n<meta property=\"og:locale\" content=\"en_US\" \/>\n<meta property=\"og:type\" content=\"article\" \/>\n<meta property=\"og:title\" content=\"U SRIJEDU 14.SJEDNICA SKUP\u0160TINE GRADA PRIJEDORA - PrijedorDanas.com - Prijedorski gradski portal\" \/>\n<meta property=\"og:description\" content=\"Za srijedu, 7.februar 2018.godine sa po\u010detkom u 10:00 \u010dasova, zakazana je 14. Sjednica Skup\u0161tine grada Prijedora. Pred odbornicima \u0107e se na\u0107i Dnevni red sa 17 ta\u010daka o kojima \u0107e se [&hellip;]\" \/>\n<meta property=\"og:url\" content=\"https:\/\/www.prijedordanas.com\/?p=98187\" \/>\n<meta property=\"og:site_name\" content=\"PrijedorDanas.com - Prijedorski gradski portal\" \/>\n<meta property=\"article:publisher\" content=\"https:\/\/www.facebook.com\/PrijedorDanasCom\/\" \/>\n<meta property=\"article:published_time\" content=\"2018-02-06T19:38:40+00:00\" \/>\n<meta property=\"og:image\" content=\"https:\/\/www.prijedordanas.com\/wp-content\/uploads\/2017\/12\/skupstina-grada-21decembar-2-300x222.jpg\" \/>\n<meta name=\"author\" content=\"admin\" \/>\n<meta name=\"twitter:card\" content=\"summary_large_image\" \/>\n<meta name=\"twitter:label1\" content=\"Written by\" \/>\n\t<meta name=\"twitter:data1\" content=\"admin\" \/>\n\t<meta name=\"twitter:label2\" content=\"Est. reading time\" \/>\n\t<meta name=\"twitter:data2\" content=\"1 minute\" \/>\n<script type=\"application\/ld+json\" class=\"yoast-schema-graph\">{\"@context\":\"https:\/\/schema.org\",\"@graph\":[{\"@type\":\"Article\",\"@id\":\"https:\/\/www.prijedordanas.com\/?p=98187#article\",\"isPartOf\":{\"@id\":\"https:\/\/www.prijedordanas.com\/?p=98187\"},\"author\":{\"name\":\"admin\",\"@id\":\"https:\/\/www.prijedordanas.com\/#\/schema\/person\/4e08ccf29b506ca916ff86d46bb700e6\"},\"headline\":\"U SRIJEDU 14.SJEDNICA SKUP\u0160TINE GRADA PRIJEDORA\",\"datePublished\":\"2018-02-06T19:38:40+00:00\",\"dateModified\":\"2018-02-06T19:38:40+00:00\",\"mainEntityOfPage\":{\"@id\":\"https:\/\/www.prijedordanas.com\/?p=98187\"},\"wordCount\":258,\"publisher\":{\"@id\":\"https:\/\/www.prijedordanas.com\/#organization\"},\"keywords\":[\"Skup\u0161tina grada Prijedora\"],\"articleSection\":[\"Svakodnevno\"],\"inLanguage\":\"en-US\"},{\"@type\":\"WebPage\",\"@id\":\"https:\/\/www.prijedordanas.com\/?p=98187\",\"url\":\"https:\/\/www.prijedordanas.com\/?p=98187\",\"name\":\"U SRIJEDU 14.SJEDNICA SKUP\u0160TINE GRADA PRIJEDORA - PrijedorDanas.com - Prijedorski gradski portal\",\"isPartOf\":{\"@id\":\"https:\/\/www.prijedordanas.com\/#website\"},\"datePublished\":\"2018-02-06T19:38:40+00:00\",\"dateModified\":\"2018-02-06T19:38:40+00:00\",\"breadcrumb\":{\"@id\":\"https:\/\/www.prijedordanas.com\/?p=98187#breadcrumb\"},\"inLanguage\":\"en-US\",\"potentialAction\":[{\"@type\":\"ReadAction\",\"target\":[\"https:\/\/www.prijedordanas.com\/?p=98187\"]}]},{\"@type\":\"BreadcrumbList\",\"@id\":\"https:\/\/www.prijedordanas.com\/?p=98187#breadcrumb\",\"itemListElement\":[{\"@type\":\"ListItem\",\"position\":1,\"name\":\"Home\",\"item\":\"https:\/\/www.prijedordanas.com\/\"},{\"@type\":\"ListItem\",\"position\":2,\"name\":\"U SRIJEDU 14.SJEDNICA SKUP\u0160TINE GRADA PRIJEDORA\"}]},{\"@type\":\"WebSite\",\"@id\":\"https:\/\/www.prijedordanas.com\/#website\",\"url\":\"https:\/\/www.prijedordanas.com\/\",\"name\":\"PrijedorDanas.com - Prijedorski gradski portal\",\"description\":\"Portal o doga\u0111anjima u gradu Prijedoru\",\"publisher\":{\"@id\":\"https:\/\/www.prijedordanas.com\/#organization\"},\"potentialAction\":[{\"@type\":\"SearchAction\",\"target\":{\"@type\":\"EntryPoint\",\"urlTemplate\":\"https:\/\/www.prijedordanas.com\/?s={search_term_string}\"},\"query-input\":\"required name=search_term_string\"}],\"inLanguage\":\"en-US\"},{\"@type\":\"Organization\",\"@id\":\"https:\/\/www.prijedordanas.com\/#organization\",\"name\":\"PrijedorDanas.com\",\"url\":\"https:\/\/www.prijedordanas.com\/\",\"logo\":{\"@type\":\"ImageObject\",\"inLanguage\":\"en-US\",\"@id\":\"https:\/\/www.prijedordanas.com\/#\/schema\/logo\/image\/\",\"url\":\"http:\/\/www.prijedordanas.com\/wp-content\/uploads\/2021\/12\/logopng.png\",\"contentUrl\":\"http:\/\/www.prijedordanas.com\/wp-content\/uploads\/2021\/12\/logopng.png\",\"width\":1019,\"height\":776,\"caption\":\"PrijedorDanas.com\"},\"image\":{\"@id\":\"https:\/\/www.prijedordanas.com\/#\/schema\/logo\/image\/\"},\"sameAs\":[\"https:\/\/www.facebook.com\/PrijedorDanasCom\/\"]},{\"@type\":\"Person\",\"@id\":\"https:\/\/www.prijedordanas.com\/#\/schema\/person\/4e08ccf29b506ca916ff86d46bb700e6\",\"name\":\"admin\",\"image\":{\"@type\":\"ImageObject\",\"inLanguage\":\"en-US\",\"@id\":\"https:\/\/www.prijedordanas.com\/#\/schema\/person\/image\/\",\"url\":\"https:\/\/secure.gravatar.com\/avatar\/1d3fc949d550f0b53a5f0d51e06dfd79?s=96&d=mm&r=g\",\"contentUrl\":\"https:\/\/secure.gravatar.com\/avatar\/1d3fc949d550f0b53a5f0d51e06dfd79?s=96&d=mm&r=g\",\"caption\":\"admin\"},\"url\":\"https:\/\/www.prijedordanas.com\/?author=1\"}]}<\/script>\n<!-- \/ Yoast SEO plugin. -->","yoast_head_json":{"title":"U SRIJEDU 14.SJEDNICA SKUP\u0160TINE GRADA PRIJEDORA - PrijedorDanas.com - Prijedorski gradski portal","robots":{"index":"index","follow":"follow","max-snippet":"max-snippet:-1","max-image-preview":"max-image-preview:large","max-video-preview":"max-video-preview:-1"},"canonical":"https:\/\/www.prijedordanas.com\/?p=98187","og_locale":"en_US","og_type":"article","og_title":"U SRIJEDU 14.SJEDNICA SKUP\u0160TINE GRADA PRIJEDORA - PrijedorDanas.com - Prijedorski gradski portal","og_description":"Za srijedu, 7.februar 2018.godine sa po\u010detkom u 10:00 \u010dasova, zakazana je 14. Sjednica Skup\u0161tine grada Prijedora. Pred odbornicima \u0107e se na\u0107i Dnevni red sa 17 ta\u010daka o kojima \u0107e se [&hellip;]","og_url":"https:\/\/www.prijedordanas.com\/?p=98187","og_site_name":"PrijedorDanas.com - Prijedorski gradski portal","article_publisher":"https:\/\/www.facebook.com\/PrijedorDanasCom\/","article_published_time":"2018-02-06T19:38:40+00:00","og_image":[{"url":"https:\/\/www.prijedordanas.com\/wp-content\/uploads\/2017\/12\/skupstina-grada-21decembar-2-300x222.jpg"}],"author":"admin","twitter_card":"summary_large_image","twitter_misc":{"Written by":"admin","Est. reading time":"1 minute"},"schema":{"@context":"https:\/\/schema.org","@graph":[{"@type":"Article","@id":"https:\/\/www.prijedordanas.com\/?p=98187#article","isPartOf":{"@id":"https:\/\/www.prijedordanas.com\/?p=98187"},"author":{"name":"admin","@id":"https:\/\/www.prijedordanas.com\/#\/schema\/person\/4e08ccf29b506ca916ff86d46bb700e6"},"headline":"U SRIJEDU 14.SJEDNICA SKUP\u0160TINE GRADA PRIJEDORA","datePublished":"2018-02-06T19:38:40+00:00","dateModified":"2018-02-06T19:38:40+00:00","mainEntityOfPage":{"@id":"https:\/\/www.prijedordanas.com\/?p=98187"},"wordCount":258,"publisher":{"@id":"https:\/\/www.prijedordanas.com\/#organization"},"keywords":["Skup\u0161tina grada Prijedora"],"articleSection":["Svakodnevno"],"inLanguage":"en-US"},{"@type":"WebPage","@id":"https:\/\/www.prijedordanas.com\/?p=98187","url":"https:\/\/www.prijedordanas.com\/?p=98187","name":"U SRIJEDU 14.SJEDNICA SKUP\u0160TINE GRADA PRIJEDORA - PrijedorDanas.com - Prijedorski gradski portal","isPartOf":{"@id":"https:\/\/www.prijedordanas.com\/#website"},"datePublished":"2018-02-06T19:38:40+00:00","dateModified":"2018-02-06T19:38:40+00:00","breadcrumb":{"@id":"https:\/\/www.prijedordanas.com\/?p=98187#breadcrumb"},"inLanguage":"en-US","potentialAction":[{"@type":"ReadAction","target":["https:\/\/www.prijedordanas.com\/?p=98187"]}]},{"@type":"BreadcrumbList","@id":"https:\/\/www.prijedordanas.com\/?p=98187#breadcrumb","itemListElement":[{"@type":"ListItem","position":1,"name":"Home","item":"https:\/\/www.prijedordanas.com\/"},{"@type":"ListItem","position":2,"name":"U SRIJEDU 14.SJEDNICA SKUP\u0160TINE GRADA PRIJEDORA"}]},{"@type":"WebSite","@id":"https:\/\/www.prijedordanas.com\/#website","url":"https:\/\/www.prijedordanas.com\/","name":"PrijedorDanas.com - Prijedorski gradski portal","description":"Portal o doga\u0111anjima u gradu Prijedoru","publisher":{"@id":"https:\/\/www.prijedordanas.com\/#organization"},"potentialAction":[{"@type":"SearchAction","target":{"@type":"EntryPoint","urlTemplate":"https:\/\/www.prijedordanas.com\/?s={search_term_string}"},"query-input":"required name=search_term_string"}],"inLanguage":"en-US"},{"@type":"Organization","@id":"https:\/\/www.prijedordanas.com\/#organization","name":"PrijedorDanas.com","url":"https:\/\/www.prijedordanas.com\/","logo":{"@type":"ImageObject","inLanguage":"en-US","@id":"https:\/\/www.prijedordanas.com\/#\/schema\/logo\/image\/","url":"http:\/\/www.prijedordanas.com\/wp-content\/uploads\/2021\/12\/logopng.png","contentUrl":"http:\/\/www.prijedordanas.com\/wp-content\/uploads\/2021\/12\/logopng.png","width":1019,"height":776,"caption":"PrijedorDanas.com"},"image":{"@id":"https:\/\/www.prijedordanas.com\/#\/schema\/logo\/image\/"},"sameAs":["https:\/\/www.facebook.com\/PrijedorDanasCom\/"]},{"@type":"Person","@id":"https:\/\/www.prijedordanas.com\/#\/schema\/person\/4e08ccf29b506ca916ff86d46bb700e6","name":"admin","image":{"@type":"ImageObject","inLanguage":"en-US","@id":"https:\/\/www.prijedordanas.com\/#\/schema\/person\/image\/","url":"https:\/\/secure.gravatar.com\/avatar\/1d3fc949d550f0b53a5f0d51e06dfd79?s=96&d=mm&r=g","contentUrl":"https:\/\/secure.gravatar.com\/avatar\/1d3fc949d550f0b53a5f0d51e06dfd79?s=96&d=mm&r=g","caption":"admin"},"url":"https:\/\/www.prijedordanas.com\/?author=1"}]}},"_links":{"self":[{"href":"https:\/\/www.prijedordanas.com\/index.php?rest_route=\/wp\/v2\/posts\/98187"}],"collection":[{"href":"https:\/\/www.prijedordanas.com\/index.php?rest_route=\/wp\/v2\/posts"}],"about":[{"href":"https:\/\/www.prijedordanas.com\/index.php?rest_route=\/wp\/v2\/types\/post"}],"author":[{"embeddable":true,"href":"https:\/\/www.prijedordanas.com\/index.php?rest_route=\/wp\/v2\/users\/1"}],"replies":[{"embeddable":true,"href":"https:\/\/www.prijedordanas.com\/index.php?rest_route=%2Fwp%2Fv2%2Fcomments&post=98187"}],"version-history":[{"count":1,"href":"https:\/\/www.prijedordanas.com\/index.php?rest_route=\/wp\/v2\/posts\/98187\/revisions"}],"predecessor-version":[{"id":98188,"href":"https:\/\/www.prijedordanas.com\/index.php?rest_route=\/wp\/v2\/posts\/98187\/revisions\/98188"}],"wp:attachment":[{"href":"https:\/\/www.prijedordanas.com\/index.php?rest_route=%2Fwp%2Fv2%2Fmedia&parent=98187"}],"wp:term":[{"taxonomy":"category","embeddable":true,"href":"https:\/\/www.prijedordanas.com\/index.php?rest_route=%2Fwp%2Fv2%2Fcategories&post=98187"},{"taxonomy":"post_tag","embeddable":true,"href":"https:\/\/www.prijedordanas.com\/index.php?rest_route=%2Fwp%2Fv2%2Ftags&post=98187"}],"curies":[{"name":"wp","href":"https:\/\/api.w.org\/{rel}","templated":true}]}}