{"id":981,"date":"2014-03-28T19:29:42","date_gmt":"2014-03-28T18:29:42","guid":{"rendered":"https:\/\/www.prijedordanas.com\/?p=981"},"modified":"2014-03-28T22:02:16","modified_gmt":"2014-03-28T21:02:16","slug":"rudar-prijedor-uoci-meca-sa-velezom-iskoristiti-umor-rodenih","status":"publish","type":"post","link":"https:\/\/www.prijedordanas.com\/?p=981","title":{"rendered":"RUDAR-PRIJEDOR UO\u010cI ME\u010cA SA VELE\u017dOM: ISKORISTITI UMOR \u201eRO\u0110ENIH\u201c"},"content":{"rendered":"<p><a href=\"https:\/\/www.prijedordanas.com\/wp-content\/uploads\/2014\/03\/rudar-prijedor-pres-uoci-veleza.jpg\"><img loading=\"lazy\" decoding=\"async\" class=\"alignleft size-medium wp-image-982\" alt=\"rudar prijedor-pres uoci veleza\" src=\"https:\/\/www.prijedordanas.com\/wp-content\/uploads\/2014\/03\/rudar-prijedor-pres-uoci-veleza-300x198.jpg\" width=\"300\" height=\"198\" srcset=\"https:\/\/www.prijedordanas.com\/wp-content\/uploads\/2014\/03\/rudar-prijedor-pres-uoci-veleza-300x198.jpg 300w, https:\/\/www.prijedordanas.com\/wp-content\/uploads\/2014\/03\/rudar-prijedor-pres-uoci-veleza.jpg 600w\" sizes=\"(max-width: 300px) 100vw, 300px\" \/><\/a>Fudbalere \u201eRudar-Prijedora\u201c u nedjelju u 24.kolu prvenstva Premijer lige BiH o\u010dekuje gostovanje mostarskom \u201eVele\u017eu\u201c na stadionu \u201eVrap\u010di\u0107i\u201c.<\/p>\n<p>Susretu po\u010dinje u 15:30 \u010dasova uz direktan prenos na BHT 1, a \u0161ef stru\u010dnog \u0161taba Darko Nestorovi\u0107 isti\u010de da je, i pored svih neda\u0107a, optimista pred odlazak u grad na Neretvi.<\/p>\n<p>-Svih sedam utakmica do kraja prvenstva za nas su kvalifikacione i bitne i uvijek \u0107emo i\u0107i na pobjedu. Vele\u017e ima dobru ekipu koja zna da igra fudbal, a olak\u0161avaju\u0107a okolnost mo\u017ee da nam bude \u010dinjenica da bi, zbog me\u010da Kupa BiH, koji su imali u srijedu, mogao da ih stigne umor. U svakom slu\u010daju o\u010dekujem 90 minuta bespo\u0161tedne borbe i nadam se pozitivnom ishodu &#8211; rekao je Nestroovi\u0107.<\/p>\n<p>Nakon remija protiv \u201eMladosti\u201c iz Velike Obarske strateg \u201erudara\u201c sa Sane najavio je da \u0107e biti promjena u sastavu tima, me\u0111utim, nije \u017eelio da otkriva ko \u0107e od dosada\u0161njih prvotimaca izgubiti mjesto u startnoj postavi. Ipak, Nestorovi\u0107 je potvrdio da sada ima jo\u0161 bolji uvid u mogu\u0107nosti svih kandidata za po\u010detni sastav, ali nije mijenjao ve\u0107 izre\u010deni stav o tome ko \u0107e istr\u010dati na megdan \u201ero\u0111enima\u201c.<\/p>\n<p>&#8211; Zaista je izvr\u0161ena lo\u0161a selekcija tokom ljeta, zimus se nadovezalo na nju \u0161ta se nadovezalo i zato se Rudar-Prijedor trenutno nalazi u ovakvoj situaciji. Raduje me \u0161to se proteklih dana atmosfera popravila, kako na treninzima, na terenu gdje rade sa puno elana, tako i u svla\u010dionici. Od njih sam tra\u017eio samo da se ujedine, jer samo zajedno mo\u017eemo odgovoriti postavljenom poslu i cilju, opstanku u premijerliga\u0161koj bh.konkurenciji. Sve to poku\u0161a\u0107emo stvaranjem igre. Ovi momci kao da su zaboravili da igraju, ne znam \u0161ta se dogodilo ili su na to uticali zahtjevi mojih prethodnika \u2013 dodao je trener Prijedor\u010dana.<\/p>\n<p>Nestorovi\u0107 ne\u0107e mo\u0107i da ra\u010duna na sve raspolo\u017eive snage. Izvjesno je da \u0107e protiv \u201ero\u0111enih\u201c izostati Borislav Miki\u0107 koji odra\u0111uje kaznu zbog crvenog kartona dobijenog u duelu sa zeni\u010dkim \u201e\u010celikom\u201c te Dragoslav Staki\u0107 koji ima tri \u017euta kartona. Brazilac Pedro Beda zbog ka\u0161njenja sertifikata jo\u0161 nije stekao pravo nastupa, Marko Raji\u010devi\u0107 ima problem sa radnom dozvoloma dok je Slobodan Milanovi\u0107 povrije\u0111en. S druge strane, u kombinaciji je oporavljeni Milovan A\u0107i\u0107, a priliku bi mogao da dobije i junior Aleksandar Jovi\u010di\u0107.<\/p>\n<p>&#8211; Atmosfera se popravila od dolaska novog \u0161efa stru\u010dnog \u0161taba Nestorovi\u0107a. Idemo u Mostar sa \u017eeljom da osvojimo tri boda koji bi nam dali \u201evjetar u le\u0111a\u201c pred preostala isku\u0161enja koja nas o\u010dekuju. Posebno bi ovaj uspjeh bio od zna\u010daja, jer bi atmosfera bila jo\u0161 bolja pred dolazak u Prijedor veoma dobre ekipe Sarajeva &#8211; naglasio je mladi napada\u010d Rastko Rokvi\u0107, \u010diji je nastup zbog istegnu\u0107a mi\u0161i\u0107a pod znakom pitanju, bez obzira \u0161to ima silnu \u017eelju da zaigra.<\/p>\n<p>N.\u0110eri\u0107<\/p>\n","protected":false},"excerpt":{"rendered":"<p>Fudbalere \u201eRudar-Prijedora\u201c u nedjelju u 24.kolu prvenstva Premijer lige BiH o\u010dekuje gostovanje mostarskom \u201eVele\u017eu\u201c na stadionu \u201eVrap\u010di\u0107i\u201c. Susretu po\u010dinje u 15:30 \u010dasova uz direktan prenos na BHT 1, a \u0161ef [&hellip;]<\/p>\n","protected":false},"author":1,"featured_media":0,"comment_status":"closed","ping_status":"open","sticky":false,"template":"","format":"standard","meta":{"_monsterinsights_skip_tracking":false,"_monsterinsights_sitenote_active":false,"_monsterinsights_sitenote_note":"","_monsterinsights_sitenote_category":0,"footnotes":""},"categories":[7],"tags":[221,562],"yoast_head":"<!-- This site is optimized with the Yoast SEO plugin v21.6 - https:\/\/yoast.com\/wordpress\/plugins\/seo\/ -->\n<title>RUDAR-PRIJEDOR UO\u010cI ME\u010cA SA VELE\u017dOM: ISKORISTITI UMOR \u201eRO\u0110ENIH\u201c - PrijedorDanas.com - Prijedorski gradski portal<\/title>\n<meta name=\"robots\" content=\"index, follow, max-snippet:-1, max-image-preview:large, max-video-preview:-1\" \/>\n<link rel=\"canonical\" href=\"https:\/\/www.prijedordanas.com\/?p=981\" \/>\n<meta property=\"og:locale\" content=\"en_US\" \/>\n<meta property=\"og:type\" content=\"article\" \/>\n<meta property=\"og:title\" content=\"RUDAR-PRIJEDOR UO\u010cI ME\u010cA SA VELE\u017dOM: ISKORISTITI UMOR \u201eRO\u0110ENIH\u201c - PrijedorDanas.com - Prijedorski gradski portal\" \/>\n<meta property=\"og:description\" content=\"Fudbalere \u201eRudar-Prijedora\u201c u nedjelju u 24.kolu prvenstva Premijer lige BiH o\u010dekuje gostovanje mostarskom \u201eVele\u017eu\u201c na stadionu \u201eVrap\u010di\u0107i\u201c. Susretu po\u010dinje u 15:30 \u010dasova uz direktan prenos na BHT 1, a \u0161ef [&hellip;]\" \/>\n<meta property=\"og:url\" content=\"https:\/\/www.prijedordanas.com\/?p=981\" \/>\n<meta property=\"og:site_name\" content=\"PrijedorDanas.com - Prijedorski gradski portal\" \/>\n<meta property=\"article:publisher\" content=\"https:\/\/www.facebook.com\/PrijedorDanasCom\/\" \/>\n<meta property=\"article:published_time\" content=\"2014-03-28T18:29:42+00:00\" \/>\n<meta property=\"article:modified_time\" content=\"2014-03-28T21:02:16+00:00\" \/>\n<meta property=\"og:image\" content=\"https:\/\/www.prijedordanas.com\/wp-content\/uploads\/2014\/03\/rudar-prijedor-pres-uoci-veleza-300x198.jpg\" \/>\n<meta name=\"author\" content=\"admin\" \/>\n<meta name=\"twitter:card\" content=\"summary_large_image\" \/>\n<meta name=\"twitter:label1\" content=\"Written by\" \/>\n\t<meta name=\"twitter:data1\" content=\"admin\" \/>\n\t<meta name=\"twitter:label2\" content=\"Est. reading time\" \/>\n\t<meta name=\"twitter:data2\" content=\"2 minutes\" \/>\n<script type=\"application\/ld+json\" class=\"yoast-schema-graph\">{\"@context\":\"https:\/\/schema.org\",\"@graph\":[{\"@type\":\"Article\",\"@id\":\"https:\/\/www.prijedordanas.com\/?p=981#article\",\"isPartOf\":{\"@id\":\"https:\/\/www.prijedordanas.com\/?p=981\"},\"author\":{\"name\":\"admin\",\"@id\":\"https:\/\/www.prijedordanas.com\/#\/schema\/person\/4e08ccf29b506ca916ff86d46bb700e6\"},\"headline\":\"RUDAR-PRIJEDOR UO\u010cI ME\u010cA SA VELE\u017dOM: ISKORISTITI UMOR \u201eRO\u0110ENIH\u201c\",\"datePublished\":\"2014-03-28T18:29:42+00:00\",\"dateModified\":\"2014-03-28T21:02:16+00:00\",\"mainEntityOfPage\":{\"@id\":\"https:\/\/www.prijedordanas.com\/?p=981\"},\"wordCount\":503,\"publisher\":{\"@id\":\"https:\/\/www.prijedordanas.com\/#organization\"},\"keywords\":[\"Rudar-Prijedor\",\"Vele\u017e\"],\"articleSection\":[\"Sport\"],\"inLanguage\":\"en-US\"},{\"@type\":\"WebPage\",\"@id\":\"https:\/\/www.prijedordanas.com\/?p=981\",\"url\":\"https:\/\/www.prijedordanas.com\/?p=981\",\"name\":\"RUDAR-PRIJEDOR UO\u010cI ME\u010cA SA VELE\u017dOM: ISKORISTITI UMOR \u201eRO\u0110ENIH\u201c - PrijedorDanas.com - Prijedorski gradski portal\",\"isPartOf\":{\"@id\":\"https:\/\/www.prijedordanas.com\/#website\"},\"datePublished\":\"2014-03-28T18:29:42+00:00\",\"dateModified\":\"2014-03-28T21:02:16+00:00\",\"breadcrumb\":{\"@id\":\"https:\/\/www.prijedordanas.com\/?p=981#breadcrumb\"},\"inLanguage\":\"en-US\",\"potentialAction\":[{\"@type\":\"ReadAction\",\"target\":[\"https:\/\/www.prijedordanas.com\/?p=981\"]}]},{\"@type\":\"BreadcrumbList\",\"@id\":\"https:\/\/www.prijedordanas.com\/?p=981#breadcrumb\",\"itemListElement\":[{\"@type\":\"ListItem\",\"position\":1,\"name\":\"Home\",\"item\":\"https:\/\/www.prijedordanas.com\/\"},{\"@type\":\"ListItem\",\"position\":2,\"name\":\"RUDAR-PRIJEDOR UO\u010cI ME\u010cA SA VELE\u017dOM: ISKORISTITI UMOR \u201eRO\u0110ENIH\u201c\"}]},{\"@type\":\"WebSite\",\"@id\":\"https:\/\/www.prijedordanas.com\/#website\",\"url\":\"https:\/\/www.prijedordanas.com\/\",\"name\":\"PrijedorDanas.com - Prijedorski gradski portal\",\"description\":\"Portal o doga\u0111anjima u gradu Prijedoru\",\"publisher\":{\"@id\":\"https:\/\/www.prijedordanas.com\/#organization\"},\"potentialAction\":[{\"@type\":\"SearchAction\",\"target\":{\"@type\":\"EntryPoint\",\"urlTemplate\":\"https:\/\/www.prijedordanas.com\/?s={search_term_string}\"},\"query-input\":\"required name=search_term_string\"}],\"inLanguage\":\"en-US\"},{\"@type\":\"Organization\",\"@id\":\"https:\/\/www.prijedordanas.com\/#organization\",\"name\":\"PrijedorDanas.com\",\"url\":\"https:\/\/www.prijedordanas.com\/\",\"logo\":{\"@type\":\"ImageObject\",\"inLanguage\":\"en-US\",\"@id\":\"https:\/\/www.prijedordanas.com\/#\/schema\/logo\/image\/\",\"url\":\"http:\/\/www.prijedordanas.com\/wp-content\/uploads\/2021\/12\/logopng.png\",\"contentUrl\":\"http:\/\/www.prijedordanas.com\/wp-content\/uploads\/2021\/12\/logopng.png\",\"width\":1019,\"height\":776,\"caption\":\"PrijedorDanas.com\"},\"image\":{\"@id\":\"https:\/\/www.prijedordanas.com\/#\/schema\/logo\/image\/\"},\"sameAs\":[\"https:\/\/www.facebook.com\/PrijedorDanasCom\/\"]},{\"@type\":\"Person\",\"@id\":\"https:\/\/www.prijedordanas.com\/#\/schema\/person\/4e08ccf29b506ca916ff86d46bb700e6\",\"name\":\"admin\",\"image\":{\"@type\":\"ImageObject\",\"inLanguage\":\"en-US\",\"@id\":\"https:\/\/www.prijedordanas.com\/#\/schema\/person\/image\/\",\"url\":\"https:\/\/secure.gravatar.com\/avatar\/1d3fc949d550f0b53a5f0d51e06dfd79?s=96&d=mm&r=g\",\"contentUrl\":\"https:\/\/secure.gravatar.com\/avatar\/1d3fc949d550f0b53a5f0d51e06dfd79?s=96&d=mm&r=g\",\"caption\":\"admin\"},\"url\":\"https:\/\/www.prijedordanas.com\/?author=1\"}]}<\/script>\n<!-- \/ Yoast SEO plugin. -->","yoast_head_json":{"title":"RUDAR-PRIJEDOR UO\u010cI ME\u010cA SA VELE\u017dOM: ISKORISTITI UMOR \u201eRO\u0110ENIH\u201c - PrijedorDanas.com - Prijedorski gradski portal","robots":{"index":"index","follow":"follow","max-snippet":"max-snippet:-1","max-image-preview":"max-image-preview:large","max-video-preview":"max-video-preview:-1"},"canonical":"https:\/\/www.prijedordanas.com\/?p=981","og_locale":"en_US","og_type":"article","og_title":"RUDAR-PRIJEDOR UO\u010cI ME\u010cA SA VELE\u017dOM: ISKORISTITI UMOR \u201eRO\u0110ENIH\u201c - PrijedorDanas.com - Prijedorski gradski portal","og_description":"Fudbalere \u201eRudar-Prijedora\u201c u nedjelju u 24.kolu prvenstva Premijer lige BiH o\u010dekuje gostovanje mostarskom \u201eVele\u017eu\u201c na stadionu \u201eVrap\u010di\u0107i\u201c. Susretu po\u010dinje u 15:30 \u010dasova uz direktan prenos na BHT 1, a \u0161ef [&hellip;]","og_url":"https:\/\/www.prijedordanas.com\/?p=981","og_site_name":"PrijedorDanas.com - Prijedorski gradski portal","article_publisher":"https:\/\/www.facebook.com\/PrijedorDanasCom\/","article_published_time":"2014-03-28T18:29:42+00:00","article_modified_time":"2014-03-28T21:02:16+00:00","og_image":[{"url":"https:\/\/www.prijedordanas.com\/wp-content\/uploads\/2014\/03\/rudar-prijedor-pres-uoci-veleza-300x198.jpg"}],"author":"admin","twitter_card":"summary_large_image","twitter_misc":{"Written by":"admin","Est. reading time":"2 minutes"},"schema":{"@context":"https:\/\/schema.org","@graph":[{"@type":"Article","@id":"https:\/\/www.prijedordanas.com\/?p=981#article","isPartOf":{"@id":"https:\/\/www.prijedordanas.com\/?p=981"},"author":{"name":"admin","@id":"https:\/\/www.prijedordanas.com\/#\/schema\/person\/4e08ccf29b506ca916ff86d46bb700e6"},"headline":"RUDAR-PRIJEDOR UO\u010cI ME\u010cA SA VELE\u017dOM: ISKORISTITI UMOR \u201eRO\u0110ENIH\u201c","datePublished":"2014-03-28T18:29:42+00:00","dateModified":"2014-03-28T21:02:16+00:00","mainEntityOfPage":{"@id":"https:\/\/www.prijedordanas.com\/?p=981"},"wordCount":503,"publisher":{"@id":"https:\/\/www.prijedordanas.com\/#organization"},"keywords":["Rudar-Prijedor","Vele\u017e"],"articleSection":["Sport"],"inLanguage":"en-US"},{"@type":"WebPage","@id":"https:\/\/www.prijedordanas.com\/?p=981","url":"https:\/\/www.prijedordanas.com\/?p=981","name":"RUDAR-PRIJEDOR UO\u010cI ME\u010cA SA VELE\u017dOM: ISKORISTITI UMOR \u201eRO\u0110ENIH\u201c - PrijedorDanas.com - Prijedorski gradski portal","isPartOf":{"@id":"https:\/\/www.prijedordanas.com\/#website"},"datePublished":"2014-03-28T18:29:42+00:00","dateModified":"2014-03-28T21:02:16+00:00","breadcrumb":{"@id":"https:\/\/www.prijedordanas.com\/?p=981#breadcrumb"},"inLanguage":"en-US","potentialAction":[{"@type":"ReadAction","target":["https:\/\/www.prijedordanas.com\/?p=981"]}]},{"@type":"BreadcrumbList","@id":"https:\/\/www.prijedordanas.com\/?p=981#breadcrumb","itemListElement":[{"@type":"ListItem","position":1,"name":"Home","item":"https:\/\/www.prijedordanas.com\/"},{"@type":"ListItem","position":2,"name":"RUDAR-PRIJEDOR UO\u010cI ME\u010cA SA VELE\u017dOM: ISKORISTITI UMOR \u201eRO\u0110ENIH\u201c"}]},{"@type":"WebSite","@id":"https:\/\/www.prijedordanas.com\/#website","url":"https:\/\/www.prijedordanas.com\/","name":"PrijedorDanas.com - Prijedorski gradski portal","description":"Portal o doga\u0111anjima u gradu Prijedoru","publisher":{"@id":"https:\/\/www.prijedordanas.com\/#organization"},"potentialAction":[{"@type":"SearchAction","target":{"@type":"EntryPoint","urlTemplate":"https:\/\/www.prijedordanas.com\/?s={search_term_string}"},"query-input":"required name=search_term_string"}],"inLanguage":"en-US"},{"@type":"Organization","@id":"https:\/\/www.prijedordanas.com\/#organization","name":"PrijedorDanas.com","url":"https:\/\/www.prijedordanas.com\/","logo":{"@type":"ImageObject","inLanguage":"en-US","@id":"https:\/\/www.prijedordanas.com\/#\/schema\/logo\/image\/","url":"http:\/\/www.prijedordanas.com\/wp-content\/uploads\/2021\/12\/logopng.png","contentUrl":"http:\/\/www.prijedordanas.com\/wp-content\/uploads\/2021\/12\/logopng.png","width":1019,"height":776,"caption":"PrijedorDanas.com"},"image":{"@id":"https:\/\/www.prijedordanas.com\/#\/schema\/logo\/image\/"},"sameAs":["https:\/\/www.facebook.com\/PrijedorDanasCom\/"]},{"@type":"Person","@id":"https:\/\/www.prijedordanas.com\/#\/schema\/person\/4e08ccf29b506ca916ff86d46bb700e6","name":"admin","image":{"@type":"ImageObject","inLanguage":"en-US","@id":"https:\/\/www.prijedordanas.com\/#\/schema\/person\/image\/","url":"https:\/\/secure.gravatar.com\/avatar\/1d3fc949d550f0b53a5f0d51e06dfd79?s=96&d=mm&r=g","contentUrl":"https:\/\/secure.gravatar.com\/avatar\/1d3fc949d550f0b53a5f0d51e06dfd79?s=96&d=mm&r=g","caption":"admin"},"url":"https:\/\/www.prijedordanas.com\/?author=1"}]}},"_links":{"self":[{"href":"https:\/\/www.prijedordanas.com\/index.php?rest_route=\/wp\/v2\/posts\/981"}],"collection":[{"href":"https:\/\/www.prijedordanas.com\/index.php?rest_route=\/wp\/v2\/posts"}],"about":[{"href":"https:\/\/www.prijedordanas.com\/index.php?rest_route=\/wp\/v2\/types\/post"}],"author":[{"embeddable":true,"href":"https:\/\/www.prijedordanas.com\/index.php?rest_route=\/wp\/v2\/users\/1"}],"replies":[{"embeddable":true,"href":"https:\/\/www.prijedordanas.com\/index.php?rest_route=%2Fwp%2Fv2%2Fcomments&post=981"}],"version-history":[{"count":2,"href":"https:\/\/www.prijedordanas.com\/index.php?rest_route=\/wp\/v2\/posts\/981\/revisions"}],"predecessor-version":[{"id":984,"href":"https:\/\/www.prijedordanas.com\/index.php?rest_route=\/wp\/v2\/posts\/981\/revisions\/984"}],"wp:attachment":[{"href":"https:\/\/www.prijedordanas.com\/index.php?rest_route=%2Fwp%2Fv2%2Fmedia&parent=981"}],"wp:term":[{"taxonomy":"category","embeddable":true,"href":"https:\/\/www.prijedordanas.com\/index.php?rest_route=%2Fwp%2Fv2%2Fcategories&post=981"},{"taxonomy":"post_tag","embeddable":true,"href":"https:\/\/www.prijedordanas.com\/index.php?rest_route=%2Fwp%2Fv2%2Ftags&post=981"}],"curies":[{"name":"wp","href":"https:\/\/api.w.org\/{rel}","templated":true}]}}