{"id":97931,"date":"2018-02-03T09:55:20","date_gmt":"2018-02-03T08:55:20","guid":{"rendered":"https:\/\/www.prijedordanas.com\/?p=97931"},"modified":"2018-02-03T09:55:20","modified_gmt":"2018-02-03T08:55:20","slug":"sud-bih-slucaj-gavrilovic-ponovno-sudenje-ili-potvrdivanje-oslobadajuce-presude","status":"publish","type":"post","link":"https:\/\/www.prijedordanas.com\/?p=97931","title":{"rendered":"SUD BIH-SLU\u010cAJ GAVRILOVI\u0106: PONOVNO SU\u0110ENJE ILI POTVR\u0110IVANJE OSLOBA\u0110AJU\u0106E PRESUDE"},"content":{"rendered":"<p><a href=\"https:\/\/www.prijedordanas.com\/wp-content\/uploads\/2018\/02\/sud-bih-gavrilovic.jpg\"><img loading=\"lazy\" decoding=\"async\" class=\"alignleft size-medium wp-image-97932\" src=\"https:\/\/www.prijedordanas.com\/wp-content\/uploads\/2018\/02\/sud-bih-gavrilovic-300x220.jpg\" alt=\"\" width=\"300\" height=\"220\" srcset=\"https:\/\/www.prijedordanas.com\/wp-content\/uploads\/2018\/02\/sud-bih-gavrilovic-300x220.jpg 300w, https:\/\/www.prijedordanas.com\/wp-content\/uploads\/2018\/02\/sud-bih-gavrilovic-100x73.jpg 100w, https:\/\/www.prijedordanas.com\/wp-content\/uploads\/2018\/02\/sud-bih-gavrilovic.jpg 683w\" sizes=\"(max-width: 300px) 100vw, 300px\" \/><\/a>Pred Apelacionim vije\u0107em Suda Bosne i Hercegovine, zatra\u017eeno je da presuda Milanu Gavrilovi\u0107u kojom je oslobo\u0111en optu\u017ebi za ratni zlo\u010din po\u010dinjen u Prijedoru bude poni\u0161tena i da mu se ponovo sudi, dok njegova Odbrana smatra da su \u201cpravilno ocijenjeni dokazi i djela\u201d.<\/p>\n<p>Tu\u017eila\u0161tvo BiH je u \u017ealbi navelo da su u prvostepenoj presudi po\u010dinjene povrede krivi\u010dnog postupka te pogre\u0161no i nepotpuno utvr\u0111eno \u010dinjeni\u010dno stanje.<\/p>\n<p>Tu\u017eilac Sedin Idrizovi\u0107 je kazao da u prvostepenoj presudi nije navedeno postojanje \u0161irokog i sistemati\u010dnog napada na podru\u010dju op\u0107ine Prijedor, niti da je vr\u0161en progon civila.<\/p>\n<p><a href=\"https:\/\/www.prijedordanas.com\/wp-content\/uploads\/2017\/10\/sud-bih-11.jpg\"><img loading=\"lazy\" decoding=\"async\" src=\"https:\/\/www.prijedordanas.com\/wp-content\/uploads\/2017\/10\/sud-bih-11-300x222.jpg\" alt=\"\" width=\"300\" height=\"222\" class=\"alignleft size-medium wp-image-90928\" srcset=\"https:\/\/www.prijedordanas.com\/wp-content\/uploads\/2017\/10\/sud-bih-11-300x222.jpg 300w, https:\/\/www.prijedordanas.com\/wp-content\/uploads\/2017\/10\/sud-bih-11-100x74.jpg 100w, https:\/\/www.prijedordanas.com\/wp-content\/uploads\/2017\/10\/sud-bih-11.jpg 675w\" sizes=\"(max-width: 300px) 100vw, 300px\" \/><\/a>\u201cSud nije ispitivao ulogu optu\u017eenog kao suizvr\u0161ioca, nego njegovu ulogu nare\u0111enog\u201d, pojasnio je Idrizovi\u0107, dodav\u0161i da nije ispitivana ni vjerodostojnost iskaza o\u0161te\u0107enog Senada Kapetanovi\u0107a.<\/p>\n<p>Prvostepenom presudom Sud BiH je oslobodio Gavrilovi\u0107a optu\u017ebe da je od maja do augusta 1992. godine, \u010dine\u0107i ne\u010dovje\u010dna djela, u\u010destvovao u progonu nesrpskog stanovni\u0161tva s podru\u010dja op\u0161tine Prijedor. Oslobo\u0111en je optu\u017ebe da je poni\u017eavaju\u0107e postupao prema zatvorenicima prilikom obezbje\u0111ivanja transporta iz logora Omarska na Manja\u010du, kao i da je izgladnjelog i vidno mr\u0161avog Senada Kapetanovi\u0107a u autobusu udario desnom nogom u desni dio glave.<\/p>\n<p>Odbrana Gavrilovi\u0107a je u odgovoru na \u017ealbu istakla da ostaje kod pisanih navoda, napomenuv\u0161i da su u presudi pravilno ocijenjeni dokazi i djela.<\/p>\n<p>Apelaciono vije\u0107e \u0107e naknadno donijeti odluku o \u017ealbi.<\/p>\n<p>BIRN<\/p>\n","protected":false},"excerpt":{"rendered":"<p>Pred Apelacionim vije\u0107em Suda Bosne i Hercegovine, zatra\u017eeno je da presuda Milanu Gavrilovi\u0107u kojom je oslobo\u0111en optu\u017ebi za ratni zlo\u010din po\u010dinjen u Prijedoru bude poni\u0161tena i da mu se ponovo [&hellip;]<\/p>\n","protected":false},"author":1,"featured_media":0,"comment_status":"closed","ping_status":"open","sticky":false,"template":"","format":"standard","meta":{"_monsterinsights_skip_tracking":false,"_monsterinsights_sitenote_active":false,"_monsterinsights_sitenote_note":"","_monsterinsights_sitenote_category":0,"footnotes":""},"categories":[5],"tags":[531],"yoast_head":"<!-- This site is optimized with the Yoast SEO plugin v21.6 - https:\/\/yoast.com\/wordpress\/plugins\/seo\/ -->\n<title>SUD BIH-SLU\u010cAJ GAVRILOVI\u0106: PONOVNO SU\u0110ENJE ILI POTVR\u0110IVANJE OSLOBA\u0110AJU\u0106E PRESUDE - PrijedorDanas.com - Prijedorski gradski portal<\/title>\n<meta name=\"robots\" content=\"index, follow, max-snippet:-1, max-image-preview:large, max-video-preview:-1\" \/>\n<link rel=\"canonical\" href=\"https:\/\/www.prijedordanas.com\/?p=97931\" \/>\n<meta property=\"og:locale\" content=\"en_US\" \/>\n<meta property=\"og:type\" content=\"article\" \/>\n<meta property=\"og:title\" content=\"SUD BIH-SLU\u010cAJ GAVRILOVI\u0106: PONOVNO SU\u0110ENJE ILI POTVR\u0110IVANJE OSLOBA\u0110AJU\u0106E PRESUDE - PrijedorDanas.com - Prijedorski gradski portal\" \/>\n<meta property=\"og:description\" content=\"Pred Apelacionim vije\u0107em Suda Bosne i Hercegovine, zatra\u017eeno je da presuda Milanu Gavrilovi\u0107u kojom je oslobo\u0111en optu\u017ebi za ratni zlo\u010din po\u010dinjen u Prijedoru bude poni\u0161tena i da mu se ponovo [&hellip;]\" \/>\n<meta property=\"og:url\" content=\"https:\/\/www.prijedordanas.com\/?p=97931\" \/>\n<meta property=\"og:site_name\" content=\"PrijedorDanas.com - Prijedorski gradski portal\" \/>\n<meta property=\"article:publisher\" content=\"https:\/\/www.facebook.com\/PrijedorDanasCom\/\" \/>\n<meta property=\"article:published_time\" content=\"2018-02-03T08:55:20+00:00\" \/>\n<meta property=\"og:image\" content=\"https:\/\/www.prijedordanas.com\/wp-content\/uploads\/2018\/02\/sud-bih-gavrilovic-300x220.jpg\" \/>\n<meta name=\"author\" content=\"admin\" \/>\n<meta name=\"twitter:card\" content=\"summary_large_image\" \/>\n<meta name=\"twitter:label1\" content=\"Written by\" \/>\n\t<meta name=\"twitter:data1\" content=\"admin\" \/>\n\t<meta name=\"twitter:label2\" content=\"Est. reading time\" \/>\n\t<meta name=\"twitter:data2\" content=\"1 minute\" \/>\n<script type=\"application\/ld+json\" class=\"yoast-schema-graph\">{\"@context\":\"https:\/\/schema.org\",\"@graph\":[{\"@type\":\"Article\",\"@id\":\"https:\/\/www.prijedordanas.com\/?p=97931#article\",\"isPartOf\":{\"@id\":\"https:\/\/www.prijedordanas.com\/?p=97931\"},\"author\":{\"name\":\"admin\",\"@id\":\"https:\/\/www.prijedordanas.com\/#\/schema\/person\/4e08ccf29b506ca916ff86d46bb700e6\"},\"headline\":\"SUD BIH-SLU\u010cAJ GAVRILOVI\u0106: PONOVNO SU\u0110ENJE ILI POTVR\u0110IVANJE OSLOBA\u0110AJU\u0106E PRESUDE\",\"datePublished\":\"2018-02-03T08:55:20+00:00\",\"dateModified\":\"2018-02-03T08:55:20+00:00\",\"mainEntityOfPage\":{\"@id\":\"https:\/\/www.prijedordanas.com\/?p=97931\"},\"wordCount\":270,\"publisher\":{\"@id\":\"https:\/\/www.prijedordanas.com\/#organization\"},\"keywords\":[\"Sud BiH\"],\"articleSection\":[\"Hronika\"],\"inLanguage\":\"en-US\"},{\"@type\":\"WebPage\",\"@id\":\"https:\/\/www.prijedordanas.com\/?p=97931\",\"url\":\"https:\/\/www.prijedordanas.com\/?p=97931\",\"name\":\"SUD BIH-SLU\u010cAJ GAVRILOVI\u0106: PONOVNO SU\u0110ENJE ILI POTVR\u0110IVANJE OSLOBA\u0110AJU\u0106E PRESUDE - PrijedorDanas.com - Prijedorski gradski portal\",\"isPartOf\":{\"@id\":\"https:\/\/www.prijedordanas.com\/#website\"},\"datePublished\":\"2018-02-03T08:55:20+00:00\",\"dateModified\":\"2018-02-03T08:55:20+00:00\",\"breadcrumb\":{\"@id\":\"https:\/\/www.prijedordanas.com\/?p=97931#breadcrumb\"},\"inLanguage\":\"en-US\",\"potentialAction\":[{\"@type\":\"ReadAction\",\"target\":[\"https:\/\/www.prijedordanas.com\/?p=97931\"]}]},{\"@type\":\"BreadcrumbList\",\"@id\":\"https:\/\/www.prijedordanas.com\/?p=97931#breadcrumb\",\"itemListElement\":[{\"@type\":\"ListItem\",\"position\":1,\"name\":\"Home\",\"item\":\"https:\/\/www.prijedordanas.com\/\"},{\"@type\":\"ListItem\",\"position\":2,\"name\":\"SUD BIH-SLU\u010cAJ GAVRILOVI\u0106: PONOVNO SU\u0110ENJE ILI POTVR\u0110IVANJE OSLOBA\u0110AJU\u0106E PRESUDE\"}]},{\"@type\":\"WebSite\",\"@id\":\"https:\/\/www.prijedordanas.com\/#website\",\"url\":\"https:\/\/www.prijedordanas.com\/\",\"name\":\"PrijedorDanas.com - Prijedorski gradski portal\",\"description\":\"Portal o doga\u0111anjima u gradu Prijedoru\",\"publisher\":{\"@id\":\"https:\/\/www.prijedordanas.com\/#organization\"},\"potentialAction\":[{\"@type\":\"SearchAction\",\"target\":{\"@type\":\"EntryPoint\",\"urlTemplate\":\"https:\/\/www.prijedordanas.com\/?s={search_term_string}\"},\"query-input\":\"required name=search_term_string\"}],\"inLanguage\":\"en-US\"},{\"@type\":\"Organization\",\"@id\":\"https:\/\/www.prijedordanas.com\/#organization\",\"name\":\"PrijedorDanas.com\",\"url\":\"https:\/\/www.prijedordanas.com\/\",\"logo\":{\"@type\":\"ImageObject\",\"inLanguage\":\"en-US\",\"@id\":\"https:\/\/www.prijedordanas.com\/#\/schema\/logo\/image\/\",\"url\":\"http:\/\/www.prijedordanas.com\/wp-content\/uploads\/2021\/12\/logopng.png\",\"contentUrl\":\"http:\/\/www.prijedordanas.com\/wp-content\/uploads\/2021\/12\/logopng.png\",\"width\":1019,\"height\":776,\"caption\":\"PrijedorDanas.com\"},\"image\":{\"@id\":\"https:\/\/www.prijedordanas.com\/#\/schema\/logo\/image\/\"},\"sameAs\":[\"https:\/\/www.facebook.com\/PrijedorDanasCom\/\"]},{\"@type\":\"Person\",\"@id\":\"https:\/\/www.prijedordanas.com\/#\/schema\/person\/4e08ccf29b506ca916ff86d46bb700e6\",\"name\":\"admin\",\"image\":{\"@type\":\"ImageObject\",\"inLanguage\":\"en-US\",\"@id\":\"https:\/\/www.prijedordanas.com\/#\/schema\/person\/image\/\",\"url\":\"https:\/\/secure.gravatar.com\/avatar\/1d3fc949d550f0b53a5f0d51e06dfd79?s=96&d=mm&r=g\",\"contentUrl\":\"https:\/\/secure.gravatar.com\/avatar\/1d3fc949d550f0b53a5f0d51e06dfd79?s=96&d=mm&r=g\",\"caption\":\"admin\"},\"url\":\"https:\/\/www.prijedordanas.com\/?author=1\"}]}<\/script>\n<!-- \/ Yoast SEO plugin. -->","yoast_head_json":{"title":"SUD BIH-SLU\u010cAJ GAVRILOVI\u0106: PONOVNO SU\u0110ENJE ILI POTVR\u0110IVANJE OSLOBA\u0110AJU\u0106E PRESUDE - PrijedorDanas.com - Prijedorski gradski portal","robots":{"index":"index","follow":"follow","max-snippet":"max-snippet:-1","max-image-preview":"max-image-preview:large","max-video-preview":"max-video-preview:-1"},"canonical":"https:\/\/www.prijedordanas.com\/?p=97931","og_locale":"en_US","og_type":"article","og_title":"SUD BIH-SLU\u010cAJ GAVRILOVI\u0106: PONOVNO SU\u0110ENJE ILI POTVR\u0110IVANJE OSLOBA\u0110AJU\u0106E PRESUDE - PrijedorDanas.com - Prijedorski gradski portal","og_description":"Pred Apelacionim vije\u0107em Suda Bosne i Hercegovine, zatra\u017eeno je da presuda Milanu Gavrilovi\u0107u kojom je oslobo\u0111en optu\u017ebi za ratni zlo\u010din po\u010dinjen u Prijedoru bude poni\u0161tena i da mu se ponovo [&hellip;]","og_url":"https:\/\/www.prijedordanas.com\/?p=97931","og_site_name":"PrijedorDanas.com - Prijedorski gradski portal","article_publisher":"https:\/\/www.facebook.com\/PrijedorDanasCom\/","article_published_time":"2018-02-03T08:55:20+00:00","og_image":[{"url":"https:\/\/www.prijedordanas.com\/wp-content\/uploads\/2018\/02\/sud-bih-gavrilovic-300x220.jpg"}],"author":"admin","twitter_card":"summary_large_image","twitter_misc":{"Written by":"admin","Est. reading time":"1 minute"},"schema":{"@context":"https:\/\/schema.org","@graph":[{"@type":"Article","@id":"https:\/\/www.prijedordanas.com\/?p=97931#article","isPartOf":{"@id":"https:\/\/www.prijedordanas.com\/?p=97931"},"author":{"name":"admin","@id":"https:\/\/www.prijedordanas.com\/#\/schema\/person\/4e08ccf29b506ca916ff86d46bb700e6"},"headline":"SUD BIH-SLU\u010cAJ GAVRILOVI\u0106: PONOVNO SU\u0110ENJE ILI POTVR\u0110IVANJE OSLOBA\u0110AJU\u0106E PRESUDE","datePublished":"2018-02-03T08:55:20+00:00","dateModified":"2018-02-03T08:55:20+00:00","mainEntityOfPage":{"@id":"https:\/\/www.prijedordanas.com\/?p=97931"},"wordCount":270,"publisher":{"@id":"https:\/\/www.prijedordanas.com\/#organization"},"keywords":["Sud BiH"],"articleSection":["Hronika"],"inLanguage":"en-US"},{"@type":"WebPage","@id":"https:\/\/www.prijedordanas.com\/?p=97931","url":"https:\/\/www.prijedordanas.com\/?p=97931","name":"SUD BIH-SLU\u010cAJ GAVRILOVI\u0106: PONOVNO SU\u0110ENJE ILI POTVR\u0110IVANJE OSLOBA\u0110AJU\u0106E PRESUDE - PrijedorDanas.com - Prijedorski gradski portal","isPartOf":{"@id":"https:\/\/www.prijedordanas.com\/#website"},"datePublished":"2018-02-03T08:55:20+00:00","dateModified":"2018-02-03T08:55:20+00:00","breadcrumb":{"@id":"https:\/\/www.prijedordanas.com\/?p=97931#breadcrumb"},"inLanguage":"en-US","potentialAction":[{"@type":"ReadAction","target":["https:\/\/www.prijedordanas.com\/?p=97931"]}]},{"@type":"BreadcrumbList","@id":"https:\/\/www.prijedordanas.com\/?p=97931#breadcrumb","itemListElement":[{"@type":"ListItem","position":1,"name":"Home","item":"https:\/\/www.prijedordanas.com\/"},{"@type":"ListItem","position":2,"name":"SUD BIH-SLU\u010cAJ GAVRILOVI\u0106: PONOVNO SU\u0110ENJE ILI POTVR\u0110IVANJE OSLOBA\u0110AJU\u0106E PRESUDE"}]},{"@type":"WebSite","@id":"https:\/\/www.prijedordanas.com\/#website","url":"https:\/\/www.prijedordanas.com\/","name":"PrijedorDanas.com - Prijedorski gradski portal","description":"Portal o doga\u0111anjima u gradu Prijedoru","publisher":{"@id":"https:\/\/www.prijedordanas.com\/#organization"},"potentialAction":[{"@type":"SearchAction","target":{"@type":"EntryPoint","urlTemplate":"https:\/\/www.prijedordanas.com\/?s={search_term_string}"},"query-input":"required name=search_term_string"}],"inLanguage":"en-US"},{"@type":"Organization","@id":"https:\/\/www.prijedordanas.com\/#organization","name":"PrijedorDanas.com","url":"https:\/\/www.prijedordanas.com\/","logo":{"@type":"ImageObject","inLanguage":"en-US","@id":"https:\/\/www.prijedordanas.com\/#\/schema\/logo\/image\/","url":"http:\/\/www.prijedordanas.com\/wp-content\/uploads\/2021\/12\/logopng.png","contentUrl":"http:\/\/www.prijedordanas.com\/wp-content\/uploads\/2021\/12\/logopng.png","width":1019,"height":776,"caption":"PrijedorDanas.com"},"image":{"@id":"https:\/\/www.prijedordanas.com\/#\/schema\/logo\/image\/"},"sameAs":["https:\/\/www.facebook.com\/PrijedorDanasCom\/"]},{"@type":"Person","@id":"https:\/\/www.prijedordanas.com\/#\/schema\/person\/4e08ccf29b506ca916ff86d46bb700e6","name":"admin","image":{"@type":"ImageObject","inLanguage":"en-US","@id":"https:\/\/www.prijedordanas.com\/#\/schema\/person\/image\/","url":"https:\/\/secure.gravatar.com\/avatar\/1d3fc949d550f0b53a5f0d51e06dfd79?s=96&d=mm&r=g","contentUrl":"https:\/\/secure.gravatar.com\/avatar\/1d3fc949d550f0b53a5f0d51e06dfd79?s=96&d=mm&r=g","caption":"admin"},"url":"https:\/\/www.prijedordanas.com\/?author=1"}]}},"_links":{"self":[{"href":"https:\/\/www.prijedordanas.com\/index.php?rest_route=\/wp\/v2\/posts\/97931"}],"collection":[{"href":"https:\/\/www.prijedordanas.com\/index.php?rest_route=\/wp\/v2\/posts"}],"about":[{"href":"https:\/\/www.prijedordanas.com\/index.php?rest_route=\/wp\/v2\/types\/post"}],"author":[{"embeddable":true,"href":"https:\/\/www.prijedordanas.com\/index.php?rest_route=\/wp\/v2\/users\/1"}],"replies":[{"embeddable":true,"href":"https:\/\/www.prijedordanas.com\/index.php?rest_route=%2Fwp%2Fv2%2Fcomments&post=97931"}],"version-history":[{"count":1,"href":"https:\/\/www.prijedordanas.com\/index.php?rest_route=\/wp\/v2\/posts\/97931\/revisions"}],"predecessor-version":[{"id":97933,"href":"https:\/\/www.prijedordanas.com\/index.php?rest_route=\/wp\/v2\/posts\/97931\/revisions\/97933"}],"wp:attachment":[{"href":"https:\/\/www.prijedordanas.com\/index.php?rest_route=%2Fwp%2Fv2%2Fmedia&parent=97931"}],"wp:term":[{"taxonomy":"category","embeddable":true,"href":"https:\/\/www.prijedordanas.com\/index.php?rest_route=%2Fwp%2Fv2%2Fcategories&post=97931"},{"taxonomy":"post_tag","embeddable":true,"href":"https:\/\/www.prijedordanas.com\/index.php?rest_route=%2Fwp%2Fv2%2Ftags&post=97931"}],"curies":[{"name":"wp","href":"https:\/\/api.w.org\/{rel}","templated":true}]}}