{"id":97608,"date":"2018-01-29T13:03:36","date_gmt":"2018-01-29T12:03:36","guid":{"rendered":"https:\/\/www.prijedordanas.com\/?p=97608"},"modified":"2018-01-29T13:03:36","modified_gmt":"2018-01-29T12:03:36","slug":"prijedorcanin-osumnjicen-za-izvrsenje-osam-krivicnih-djela-na-podrucju-ljubije","status":"publish","type":"post","link":"https:\/\/www.prijedordanas.com\/?p=97608","title":{"rendered":"PRIJEDOR\u010cANIN OSUMNJI\u010cEN ZA IZVR\u0160ENJE OSAM KRIVI\u010cNIH DJELA NA PODRU\u010cJU LJUBIJE"},"content":{"rendered":"<p><a href=\"https:\/\/www.prijedordanas.com\/wp-content\/uploads\/2018\/01\/ilustracija-kradja-provala-1.jpg\"><img loading=\"lazy\" decoding=\"async\" class=\"alignleft size-medium wp-image-95689\" src=\"https:\/\/www.prijedordanas.com\/wp-content\/uploads\/2018\/01\/ilustracija-kradja-provala-1-300x222.jpg\" alt=\"\" width=\"300\" height=\"222\" srcset=\"https:\/\/www.prijedordanas.com\/wp-content\/uploads\/2018\/01\/ilustracija-kradja-provala-1-300x222.jpg 300w, https:\/\/www.prijedordanas.com\/wp-content\/uploads\/2018\/01\/ilustracija-kradja-provala-1-100x74.jpg 100w, https:\/\/www.prijedordanas.com\/wp-content\/uploads\/2018\/01\/ilustracija-kradja-provala-1.jpg 675w\" sizes=\"(max-width: 300px) 100vw, 300px\" \/><\/a>Policijski slu\u017ebenici Policijske uprave Prijedor, u okviru operativno-takti\u010dkih i istra\u017enih mjera i radnji sprovedenih tokom protekla dva mjeseca, usmjerenih na rasvjetljavanje krivi\u010dnih djela iz oblasti imovinskih delikata, rasvjetlili su osam krivi\u010dnih djela, po\u010dinjenih u novembru i decembru mjesecu pro\u0161le godine,na podru\u010dju LJubije.<\/p>\n<p>Za izvr\u0161enje ovih krivi\u010dnih djela tereti se lice G.S.(1975) iz Prijedora.<\/p>\n<p>Tokom kriminalisti\u010dke obrade utvr\u0111eno je da je osumnji\u010deni po\u010dinio \u0161est krivi\u010dnih djela \u201eTe\u0161ka kra\u0111a\u201c na na\u010din da je iz objekata ku\u0107a privatnog vlasni\u0161tva, te jedne preduzetni\u010dke radnje i preduze\u0107a za telekomunikacije, otu\u0111io predmete u vidu alata, elektromaterijala, tehni\u010dke opreme, odjevnih predmeta, sanitarnih elemenata, cigareta i kuhinjske opreme, pribavljaju\u0107i na taj na\u010din protivpravnu imovinsku korist.<\/p>\n<p><a href=\"https:\/\/www.prijedordanas.com\/wp-content\/uploads\/2015\/02\/ilustracija-kradja.jpg\"><img loading=\"lazy\" decoding=\"async\" src=\"https:\/\/www.prijedordanas.com\/wp-content\/uploads\/2015\/02\/ilustracija-kradja-300x248.jpg\" alt=\"\" width=\"300\" height=\"248\" class=\"alignleft size-medium wp-image-15707\" srcset=\"https:\/\/www.prijedordanas.com\/wp-content\/uploads\/2015\/02\/ilustracija-kradja-300x248.jpg 300w, https:\/\/www.prijedordanas.com\/wp-content\/uploads\/2015\/02\/ilustracija-kradja.jpg 500w\" sizes=\"(max-width: 300px) 100vw, 300px\" \/><\/a>Odre\u0111ena koli\u010dina otu\u0111enih predmeta je prona\u0111ena i vra\u0107ena vlasnicima.<\/p>\n<p>Krivi\u010dno djelo \u201eO\u0161te\u0107enje i oduzimanje tu\u0111e stvari\u201c osumnji\u010deni je po\u010dinio na na\u010din da je razbio prozorska stakla na objektu ku\u0107e privatnog vlasni\u0161tva, dok je krivi\u010dno djelo \u201eO\u0161te\u0107enje ili uni\u0161tenje javnih ure\u0111aja\u201c po\u010dinio na \u0161tetu preduze\u0107a za isporuku elektri\u010dne energije, isjekav\u0161i elektro kablove na jednom objektu.<\/p>\n<p>Materijalna \u0161teta nastala izvr\u0161enjem ovih krivi\u010dnih djela iznosi oko 4.000 KM. Nadle\u017enom tu\u017eila\u0161tvu, protiv lica G.S., dostavljen je izvje\u0161taj za po\u010dinjena krivi\u010dna djela.<\/p>\n<p>PU Prijedor<br \/>\nFoto \u2013 ilustracija<\/p>\n","protected":false},"excerpt":{"rendered":"<p>Policijski slu\u017ebenici Policijske uprave Prijedor, u okviru operativno-takti\u010dkih i istra\u017enih mjera i radnji sprovedenih tokom protekla dva mjeseca, usmjerenih na rasvjetljavanje krivi\u010dnih djela iz oblasti imovinskih delikata, rasvjetlili su osam [&hellip;]<\/p>\n","protected":false},"author":1,"featured_media":0,"comment_status":"closed","ping_status":"open","sticky":false,"template":"","format":"standard","meta":{"_monsterinsights_skip_tracking":false,"_monsterinsights_sitenote_active":false,"_monsterinsights_sitenote_note":"","_monsterinsights_sitenote_category":0,"footnotes":""},"categories":[5],"tags":[120,9834],"yoast_head":"<!-- This site is optimized with the Yoast SEO plugin v21.6 - https:\/\/yoast.com\/wordpress\/plugins\/seo\/ -->\n<title>PRIJEDOR\u010cANIN OSUMNJI\u010cEN ZA IZVR\u0160ENJE OSAM KRIVI\u010cNIH DJELA NA PODRU\u010cJU LJUBIJE - PrijedorDanas.com - Prijedorski gradski portal<\/title>\n<meta name=\"robots\" content=\"index, follow, max-snippet:-1, max-image-preview:large, max-video-preview:-1\" \/>\n<link rel=\"canonical\" href=\"https:\/\/www.prijedordanas.com\/?p=97608\" \/>\n<meta property=\"og:locale\" content=\"en_US\" \/>\n<meta property=\"og:type\" content=\"article\" \/>\n<meta property=\"og:title\" content=\"PRIJEDOR\u010cANIN OSUMNJI\u010cEN ZA IZVR\u0160ENJE OSAM KRIVI\u010cNIH DJELA NA PODRU\u010cJU LJUBIJE - PrijedorDanas.com - Prijedorski gradski portal\" \/>\n<meta property=\"og:description\" content=\"Policijski slu\u017ebenici Policijske uprave Prijedor, u okviru operativno-takti\u010dkih i istra\u017enih mjera i radnji sprovedenih tokom protekla dva mjeseca, usmjerenih na rasvjetljavanje krivi\u010dnih djela iz oblasti imovinskih delikata, rasvjetlili su osam [&hellip;]\" \/>\n<meta property=\"og:url\" content=\"https:\/\/www.prijedordanas.com\/?p=97608\" \/>\n<meta property=\"og:site_name\" content=\"PrijedorDanas.com - Prijedorski gradski portal\" \/>\n<meta property=\"article:publisher\" content=\"https:\/\/www.facebook.com\/PrijedorDanasCom\/\" \/>\n<meta property=\"article:published_time\" content=\"2018-01-29T12:03:36+00:00\" \/>\n<meta property=\"og:image\" content=\"https:\/\/www.prijedordanas.com\/wp-content\/uploads\/2018\/01\/ilustracija-kradja-provala-1-300x222.jpg\" \/>\n<meta name=\"author\" content=\"admin\" \/>\n<meta name=\"twitter:card\" content=\"summary_large_image\" \/>\n<meta name=\"twitter:label1\" content=\"Written by\" \/>\n\t<meta name=\"twitter:data1\" content=\"admin\" \/>\n\t<meta name=\"twitter:label2\" content=\"Est. reading time\" \/>\n\t<meta name=\"twitter:data2\" content=\"1 minute\" \/>\n<script type=\"application\/ld+json\" class=\"yoast-schema-graph\">{\"@context\":\"https:\/\/schema.org\",\"@graph\":[{\"@type\":\"Article\",\"@id\":\"https:\/\/www.prijedordanas.com\/?p=97608#article\",\"isPartOf\":{\"@id\":\"https:\/\/www.prijedordanas.com\/?p=97608\"},\"author\":{\"name\":\"admin\",\"@id\":\"https:\/\/www.prijedordanas.com\/#\/schema\/person\/4e08ccf29b506ca916ff86d46bb700e6\"},\"headline\":\"PRIJEDOR\u010cANIN OSUMNJI\u010cEN ZA IZVR\u0160ENJE OSAM KRIVI\u010cNIH DJELA NA PODRU\u010cJU LJUBIJE\",\"datePublished\":\"2018-01-29T12:03:36+00:00\",\"dateModified\":\"2018-01-29T12:03:36+00:00\",\"mainEntityOfPage\":{\"@id\":\"https:\/\/www.prijedordanas.com\/?p=97608\"},\"wordCount\":262,\"publisher\":{\"@id\":\"https:\/\/www.prijedordanas.com\/#organization\"},\"keywords\":[\"kra\u0111a\",\"PU Prijedor\"],\"articleSection\":[\"Hronika\"],\"inLanguage\":\"en-US\"},{\"@type\":\"WebPage\",\"@id\":\"https:\/\/www.prijedordanas.com\/?p=97608\",\"url\":\"https:\/\/www.prijedordanas.com\/?p=97608\",\"name\":\"PRIJEDOR\u010cANIN OSUMNJI\u010cEN ZA IZVR\u0160ENJE OSAM KRIVI\u010cNIH DJELA NA PODRU\u010cJU LJUBIJE - PrijedorDanas.com - Prijedorski gradski portal\",\"isPartOf\":{\"@id\":\"https:\/\/www.prijedordanas.com\/#website\"},\"datePublished\":\"2018-01-29T12:03:36+00:00\",\"dateModified\":\"2018-01-29T12:03:36+00:00\",\"breadcrumb\":{\"@id\":\"https:\/\/www.prijedordanas.com\/?p=97608#breadcrumb\"},\"inLanguage\":\"en-US\",\"potentialAction\":[{\"@type\":\"ReadAction\",\"target\":[\"https:\/\/www.prijedordanas.com\/?p=97608\"]}]},{\"@type\":\"BreadcrumbList\",\"@id\":\"https:\/\/www.prijedordanas.com\/?p=97608#breadcrumb\",\"itemListElement\":[{\"@type\":\"ListItem\",\"position\":1,\"name\":\"Home\",\"item\":\"https:\/\/www.prijedordanas.com\/\"},{\"@type\":\"ListItem\",\"position\":2,\"name\":\"PRIJEDOR\u010cANIN OSUMNJI\u010cEN ZA IZVR\u0160ENJE OSAM KRIVI\u010cNIH DJELA NA PODRU\u010cJU LJUBIJE\"}]},{\"@type\":\"WebSite\",\"@id\":\"https:\/\/www.prijedordanas.com\/#website\",\"url\":\"https:\/\/www.prijedordanas.com\/\",\"name\":\"PrijedorDanas.com - Prijedorski gradski portal\",\"description\":\"Portal o doga\u0111anjima u gradu Prijedoru\",\"publisher\":{\"@id\":\"https:\/\/www.prijedordanas.com\/#organization\"},\"potentialAction\":[{\"@type\":\"SearchAction\",\"target\":{\"@type\":\"EntryPoint\",\"urlTemplate\":\"https:\/\/www.prijedordanas.com\/?s={search_term_string}\"},\"query-input\":\"required name=search_term_string\"}],\"inLanguage\":\"en-US\"},{\"@type\":\"Organization\",\"@id\":\"https:\/\/www.prijedordanas.com\/#organization\",\"name\":\"PrijedorDanas.com\",\"url\":\"https:\/\/www.prijedordanas.com\/\",\"logo\":{\"@type\":\"ImageObject\",\"inLanguage\":\"en-US\",\"@id\":\"https:\/\/www.prijedordanas.com\/#\/schema\/logo\/image\/\",\"url\":\"http:\/\/www.prijedordanas.com\/wp-content\/uploads\/2021\/12\/logopng.png\",\"contentUrl\":\"http:\/\/www.prijedordanas.com\/wp-content\/uploads\/2021\/12\/logopng.png\",\"width\":1019,\"height\":776,\"caption\":\"PrijedorDanas.com\"},\"image\":{\"@id\":\"https:\/\/www.prijedordanas.com\/#\/schema\/logo\/image\/\"},\"sameAs\":[\"https:\/\/www.facebook.com\/PrijedorDanasCom\/\"]},{\"@type\":\"Person\",\"@id\":\"https:\/\/www.prijedordanas.com\/#\/schema\/person\/4e08ccf29b506ca916ff86d46bb700e6\",\"name\":\"admin\",\"image\":{\"@type\":\"ImageObject\",\"inLanguage\":\"en-US\",\"@id\":\"https:\/\/www.prijedordanas.com\/#\/schema\/person\/image\/\",\"url\":\"https:\/\/secure.gravatar.com\/avatar\/1d3fc949d550f0b53a5f0d51e06dfd79?s=96&d=mm&r=g\",\"contentUrl\":\"https:\/\/secure.gravatar.com\/avatar\/1d3fc949d550f0b53a5f0d51e06dfd79?s=96&d=mm&r=g\",\"caption\":\"admin\"},\"url\":\"https:\/\/www.prijedordanas.com\/?author=1\"}]}<\/script>\n<!-- \/ Yoast SEO plugin. -->","yoast_head_json":{"title":"PRIJEDOR\u010cANIN OSUMNJI\u010cEN ZA IZVR\u0160ENJE OSAM KRIVI\u010cNIH DJELA NA PODRU\u010cJU LJUBIJE - PrijedorDanas.com - Prijedorski gradski portal","robots":{"index":"index","follow":"follow","max-snippet":"max-snippet:-1","max-image-preview":"max-image-preview:large","max-video-preview":"max-video-preview:-1"},"canonical":"https:\/\/www.prijedordanas.com\/?p=97608","og_locale":"en_US","og_type":"article","og_title":"PRIJEDOR\u010cANIN OSUMNJI\u010cEN ZA IZVR\u0160ENJE OSAM KRIVI\u010cNIH DJELA NA PODRU\u010cJU LJUBIJE - PrijedorDanas.com - Prijedorski gradski portal","og_description":"Policijski slu\u017ebenici Policijske uprave Prijedor, u okviru operativno-takti\u010dkih i istra\u017enih mjera i radnji sprovedenih tokom protekla dva mjeseca, usmjerenih na rasvjetljavanje krivi\u010dnih djela iz oblasti imovinskih delikata, rasvjetlili su osam [&hellip;]","og_url":"https:\/\/www.prijedordanas.com\/?p=97608","og_site_name":"PrijedorDanas.com - Prijedorski gradski portal","article_publisher":"https:\/\/www.facebook.com\/PrijedorDanasCom\/","article_published_time":"2018-01-29T12:03:36+00:00","og_image":[{"url":"https:\/\/www.prijedordanas.com\/wp-content\/uploads\/2018\/01\/ilustracija-kradja-provala-1-300x222.jpg"}],"author":"admin","twitter_card":"summary_large_image","twitter_misc":{"Written by":"admin","Est. reading time":"1 minute"},"schema":{"@context":"https:\/\/schema.org","@graph":[{"@type":"Article","@id":"https:\/\/www.prijedordanas.com\/?p=97608#article","isPartOf":{"@id":"https:\/\/www.prijedordanas.com\/?p=97608"},"author":{"name":"admin","@id":"https:\/\/www.prijedordanas.com\/#\/schema\/person\/4e08ccf29b506ca916ff86d46bb700e6"},"headline":"PRIJEDOR\u010cANIN OSUMNJI\u010cEN ZA IZVR\u0160ENJE OSAM KRIVI\u010cNIH DJELA NA PODRU\u010cJU LJUBIJE","datePublished":"2018-01-29T12:03:36+00:00","dateModified":"2018-01-29T12:03:36+00:00","mainEntityOfPage":{"@id":"https:\/\/www.prijedordanas.com\/?p=97608"},"wordCount":262,"publisher":{"@id":"https:\/\/www.prijedordanas.com\/#organization"},"keywords":["kra\u0111a","PU Prijedor"],"articleSection":["Hronika"],"inLanguage":"en-US"},{"@type":"WebPage","@id":"https:\/\/www.prijedordanas.com\/?p=97608","url":"https:\/\/www.prijedordanas.com\/?p=97608","name":"PRIJEDOR\u010cANIN OSUMNJI\u010cEN ZA IZVR\u0160ENJE OSAM KRIVI\u010cNIH DJELA NA PODRU\u010cJU LJUBIJE - PrijedorDanas.com - Prijedorski gradski portal","isPartOf":{"@id":"https:\/\/www.prijedordanas.com\/#website"},"datePublished":"2018-01-29T12:03:36+00:00","dateModified":"2018-01-29T12:03:36+00:00","breadcrumb":{"@id":"https:\/\/www.prijedordanas.com\/?p=97608#breadcrumb"},"inLanguage":"en-US","potentialAction":[{"@type":"ReadAction","target":["https:\/\/www.prijedordanas.com\/?p=97608"]}]},{"@type":"BreadcrumbList","@id":"https:\/\/www.prijedordanas.com\/?p=97608#breadcrumb","itemListElement":[{"@type":"ListItem","position":1,"name":"Home","item":"https:\/\/www.prijedordanas.com\/"},{"@type":"ListItem","position":2,"name":"PRIJEDOR\u010cANIN OSUMNJI\u010cEN ZA IZVR\u0160ENJE OSAM KRIVI\u010cNIH DJELA NA PODRU\u010cJU LJUBIJE"}]},{"@type":"WebSite","@id":"https:\/\/www.prijedordanas.com\/#website","url":"https:\/\/www.prijedordanas.com\/","name":"PrijedorDanas.com - Prijedorski gradski portal","description":"Portal o doga\u0111anjima u gradu Prijedoru","publisher":{"@id":"https:\/\/www.prijedordanas.com\/#organization"},"potentialAction":[{"@type":"SearchAction","target":{"@type":"EntryPoint","urlTemplate":"https:\/\/www.prijedordanas.com\/?s={search_term_string}"},"query-input":"required name=search_term_string"}],"inLanguage":"en-US"},{"@type":"Organization","@id":"https:\/\/www.prijedordanas.com\/#organization","name":"PrijedorDanas.com","url":"https:\/\/www.prijedordanas.com\/","logo":{"@type":"ImageObject","inLanguage":"en-US","@id":"https:\/\/www.prijedordanas.com\/#\/schema\/logo\/image\/","url":"http:\/\/www.prijedordanas.com\/wp-content\/uploads\/2021\/12\/logopng.png","contentUrl":"http:\/\/www.prijedordanas.com\/wp-content\/uploads\/2021\/12\/logopng.png","width":1019,"height":776,"caption":"PrijedorDanas.com"},"image":{"@id":"https:\/\/www.prijedordanas.com\/#\/schema\/logo\/image\/"},"sameAs":["https:\/\/www.facebook.com\/PrijedorDanasCom\/"]},{"@type":"Person","@id":"https:\/\/www.prijedordanas.com\/#\/schema\/person\/4e08ccf29b506ca916ff86d46bb700e6","name":"admin","image":{"@type":"ImageObject","inLanguage":"en-US","@id":"https:\/\/www.prijedordanas.com\/#\/schema\/person\/image\/","url":"https:\/\/secure.gravatar.com\/avatar\/1d3fc949d550f0b53a5f0d51e06dfd79?s=96&d=mm&r=g","contentUrl":"https:\/\/secure.gravatar.com\/avatar\/1d3fc949d550f0b53a5f0d51e06dfd79?s=96&d=mm&r=g","caption":"admin"},"url":"https:\/\/www.prijedordanas.com\/?author=1"}]}},"_links":{"self":[{"href":"https:\/\/www.prijedordanas.com\/index.php?rest_route=\/wp\/v2\/posts\/97608"}],"collection":[{"href":"https:\/\/www.prijedordanas.com\/index.php?rest_route=\/wp\/v2\/posts"}],"about":[{"href":"https:\/\/www.prijedordanas.com\/index.php?rest_route=\/wp\/v2\/types\/post"}],"author":[{"embeddable":true,"href":"https:\/\/www.prijedordanas.com\/index.php?rest_route=\/wp\/v2\/users\/1"}],"replies":[{"embeddable":true,"href":"https:\/\/www.prijedordanas.com\/index.php?rest_route=%2Fwp%2Fv2%2Fcomments&post=97608"}],"version-history":[{"count":1,"href":"https:\/\/www.prijedordanas.com\/index.php?rest_route=\/wp\/v2\/posts\/97608\/revisions"}],"predecessor-version":[{"id":97609,"href":"https:\/\/www.prijedordanas.com\/index.php?rest_route=\/wp\/v2\/posts\/97608\/revisions\/97609"}],"wp:attachment":[{"href":"https:\/\/www.prijedordanas.com\/index.php?rest_route=%2Fwp%2Fv2%2Fmedia&parent=97608"}],"wp:term":[{"taxonomy":"category","embeddable":true,"href":"https:\/\/www.prijedordanas.com\/index.php?rest_route=%2Fwp%2Fv2%2Fcategories&post=97608"},{"taxonomy":"post_tag","embeddable":true,"href":"https:\/\/www.prijedordanas.com\/index.php?rest_route=%2Fwp%2Fv2%2Ftags&post=97608"}],"curies":[{"name":"wp","href":"https:\/\/api.w.org\/{rel}","templated":true}]}}