{"id":97450,"date":"2018-01-27T15:08:10","date_gmt":"2018-01-27T14:08:10","guid":{"rendered":"https:\/\/www.prijedordanas.com\/?p=97450"},"modified":"2018-01-27T15:08:10","modified_gmt":"2018-01-27T14:08:10","slug":"policajac-koji-cuva-premijerku-zaustavio-lopova-iz-prijedora","status":"publish","type":"post","link":"https:\/\/www.prijedordanas.com\/?p=97450","title":{"rendered":"POLICAJAC KOJI \u010cUVA PREMIJERKU ZAUSTAVIO LOPOVA IZ PRIJEDORA"},"content":{"rendered":"<p><a href=\"https:\/\/www.prijedordanas.com\/wp-content\/uploads\/2018\/01\/nezavisne-policajac-zaustavio-lopova.jpg\"><img loading=\"lazy\" decoding=\"async\" src=\"https:\/\/www.prijedordanas.com\/wp-content\/uploads\/2018\/01\/nezavisne-policajac-zaustavio-lopova-300x221.jpg\" alt=\"\" width=\"300\" height=\"221\" class=\"alignleft size-medium wp-image-97451\" srcset=\"https:\/\/www.prijedordanas.com\/wp-content\/uploads\/2018\/01\/nezavisne-policajac-zaustavio-lopova-300x221.jpg 300w, https:\/\/www.prijedordanas.com\/wp-content\/uploads\/2018\/01\/nezavisne-policajac-zaustavio-lopova-100x74.jpg 100w, https:\/\/www.prijedordanas.com\/wp-content\/uploads\/2018\/01\/nezavisne-policajac-zaustavio-lopova.jpg 680w\" sizes=\"(max-width: 300px) 100vw, 300px\" \/><\/a>Ekspresnom reakcijom banjalu\u010dke policije, ali i policajca koji radi na obezbje\u0111enju \u017deljke Cvijanovi\u0107, premijerke RS, zaustavljen je lopov koji mi je ispred ku\u0107e u banjalu\u010dkom naselju Lau\u0161 ukrao \u0161koda fabiju.<\/p>\n<p>To je za &#8220;Nezavisne&#8221; prekju\u010de ispri\u010dao vlasnik vozila Ljubi\u0161a \u0160e\u0161i\u0107, isti\u010du\u0107i da mu je automobil prona\u0111en ubrzo nakon \u0161to je u ponedjeljak nave\u010de, oko 18 \u010dasova, ukraden iz dvori\u0161ta u Ulici Du\u0161ana i Vlade Kopanje.<\/p>\n<p>&#8220;Tada sam dovezao djecu iz \u0161kole i u\u0161ao u ku\u0107u kako bi se presvukla i i\u0161la na trening. Nije pro\u0161lo ni pet do 10 minuta kada sam pogledao kroz prozor, te vidio da u dvori\u0161tu nema auta&#8221;, pri\u010da nam \u0160e\u0161i\u0107, koji je, ina\u010de, predsjednik Kinolo\u0161kog dru\u0161tva &#8220;Dragan Stankovi\u0107&#8221; Banjaluka, te \u010dlan Disciplinske komisije u Kinolo\u0161kom savezu RS.<\/p>\n<p>Dodaje da u prvi mah, vidjev\u0161i da je vozilo nestalo, nije vjerovao svojim o\u010dima, te je pomislio da se neko od njegovih prijatelja s njim na\u0161alio, ali je ubrzo shvatio da je vrag odnio \u0161alu.<\/p>\n<p>Pozvao je, prisje\u0107a se, policiju na broj 122, koja mu je rekla da ostavi podatke o vozilu, odnosno opis automobila.<\/p>\n<p>&#8220;Onda su mi rekli da ostanem na vezi, a ubrzo potom i da je vozilo prona\u0111eno. Na\u0111eno je iza ku\u0107e \u017deljke Cvijanovi\u0107. Naknadno sam saznao da je lopov mojim autom tu udario u ne\u0161to, te da je policajac koji \u010duva premijerku \u010duo udar, a zatim istr\u010dao na ulicu, nakon \u010dega je kradljivac uspani\u010deno pobjegao iz auta. Osumnji\u010deni je ne\u0161to kasnije, isto ve\u010de, uhap\u0161en&#8221;, poja\u0161njava \u0160e\u0161i\u0107.<\/p>\n<p>Napominje da mu je vozilo vra\u0107eno, ali da je lopov na njemu svojim bahatim bjekstvom napravio \u0161tetu od oko 1.000 maraka.<\/p>\n<p>&#8220;Prvo je, kada se u mom dvori\u0161tu vra\u0107ao u rikverc, udario u auto-prikolicu. Zatim je, pretpostavljam, bje\u017eao kroz Sansku ulicu prema Paprikovcu, a u me\u0111uvremenu mu je negdje pukla guma, tako da je dio puta i\u0161ao na felgi. Sa lijeve strane vozila primjetna su o\u0161te\u0107enja&#8221;, nagla\u0161ava \u0160e\u0161i\u0107.<\/p>\n<p>Isti\u010de da nakon svega prepu\u0161ta policiji da ovu kra\u0111u do kraja rasvijetli, ali i da im duguje veliku zahvalnost za uspje\u0161no obavljen posao.<\/p>\n<p>&#8220;Pripadnicima MUP-a RS, ali i mojim prijateljima, svaka \u010dast, jer su se odmah digli na noge i prona\u0161li auto&#8221;, isti\u010de \u0160e\u0161i\u0107 za &#8220;Nezavisne&#8221;.<\/p>\n<p>U ulici gdje je pohod kradljivca okon\u010dan, u banjalu\u010dkom naselju Paprikovac, mje\u0161tani ka\u017eu da su vidjeli policijski uvi\u0111aj, ali da detalje ne znaju.<\/p>\n<p>&#8220;Da, u pravu ste, ba\u0161 u ponedjeljak, ne\u0161to poslije 18 sati, tu, nedaleko od premijerkine ku\u0107e, vidjela sam dosta policije oko nekog auta. Ali mrak je bio, pa nisam ni izlazila napolje. Evo, ni sad ne znam o \u010demu se radi&#8221;, pri\u010da nam jedna mje\u0161tanka.<\/p>\n<p>Iz Policijske uprave Banjaluka potvrdili su nam da su u ponedjeljak u 18.20 zaprimili prijavu da je \u0161koda fabija ukradena iz dvori\u0161ta u Ulici Du\u0161ana i Vlade Kopanje.<\/p>\n<p>&#8220;Istog dana, u 18.50, u Ulici Maksima Gorkog policajci su prona\u0161li vozilo koje je bilo o\u0161te\u0107eno. Izvr\u0161en je uvi\u0111aj i vozilo je vra\u0107eno vlasniku&#8221;, rekla je za &#8220;Nezavisne&#8221; Marija Markanovi\u0107, portparol PU Banjaluka.<\/p>\n<p>Nezvani\u010dno saznajemo da je za ovu kra\u0111u osumnji\u010den Ranko R. (22) iz Prijedora, koji je policiji poznat odranije, a iste ve\u010deri je lociran i uhap\u0161en.<\/p>\n<p>&#8220;Nakon kompletiranja i dokumentovanja predmeta, protiv osumnji\u010denog \u0107e u rednovnoj proceduri biti dostavljen izvje\u0161taj za krivi\u010dno djelo o\u0161te\u0107enje i oduzimanje tu\u0111e stvari&#8221;, naglasila je Markanovi\u0107eva.<\/p>\n<p>Nezavisne novine<\/p>\n","protected":false},"excerpt":{"rendered":"<p>Ekspresnom reakcijom banjalu\u010dke policije, ali i policajca koji radi na obezbje\u0111enju \u017deljke Cvijanovi\u0107, premijerke RS, zaustavljen je lopov koji mi je ispred ku\u0107e u banjalu\u010dkom naselju Lau\u0161 ukrao \u0161koda fabiju. [&hellip;]<\/p>\n","protected":false},"author":1,"featured_media":0,"comment_status":"closed","ping_status":"open","sticky":false,"template":"","format":"standard","meta":{"_monsterinsights_skip_tracking":false,"_monsterinsights_sitenote_active":false,"_monsterinsights_sitenote_note":"","_monsterinsights_sitenote_category":0,"footnotes":""},"categories":[5],"tags":[4795,3493],"yoast_head":"<!-- This site is optimized with the Yoast SEO plugin v21.6 - https:\/\/yoast.com\/wordpress\/plugins\/seo\/ -->\n<title>POLICAJAC KOJI \u010cUVA PREMIJERKU ZAUSTAVIO LOPOVA IZ PRIJEDORA - PrijedorDanas.com - Prijedorski gradski portal<\/title>\n<meta name=\"robots\" content=\"index, follow, max-snippet:-1, max-image-preview:large, max-video-preview:-1\" \/>\n<link rel=\"canonical\" href=\"https:\/\/www.prijedordanas.com\/?p=97450\" \/>\n<meta property=\"og:locale\" content=\"en_US\" \/>\n<meta property=\"og:type\" content=\"article\" \/>\n<meta property=\"og:title\" content=\"POLICAJAC KOJI \u010cUVA PREMIJERKU ZAUSTAVIO LOPOVA IZ PRIJEDORA - PrijedorDanas.com - Prijedorski gradski portal\" \/>\n<meta property=\"og:description\" content=\"Ekspresnom reakcijom banjalu\u010dke policije, ali i policajca koji radi na obezbje\u0111enju \u017deljke Cvijanovi\u0107, premijerke RS, zaustavljen je lopov koji mi je ispred ku\u0107e u banjalu\u010dkom naselju Lau\u0161 ukrao \u0161koda fabiju. [&hellip;]\" \/>\n<meta property=\"og:url\" content=\"https:\/\/www.prijedordanas.com\/?p=97450\" \/>\n<meta property=\"og:site_name\" content=\"PrijedorDanas.com - Prijedorski gradski portal\" \/>\n<meta property=\"article:publisher\" content=\"https:\/\/www.facebook.com\/PrijedorDanasCom\/\" \/>\n<meta property=\"article:published_time\" content=\"2018-01-27T14:08:10+00:00\" \/>\n<meta property=\"og:image\" content=\"https:\/\/www.prijedordanas.com\/wp-content\/uploads\/2018\/01\/nezavisne-policajac-zaustavio-lopova-300x221.jpg\" \/>\n<meta name=\"author\" content=\"admin\" \/>\n<meta name=\"twitter:card\" content=\"summary_large_image\" \/>\n<meta name=\"twitter:label1\" content=\"Written by\" \/>\n\t<meta name=\"twitter:data1\" content=\"admin\" \/>\n\t<meta name=\"twitter:label2\" content=\"Est. reading time\" \/>\n\t<meta name=\"twitter:data2\" content=\"3 minutes\" \/>\n<script type=\"application\/ld+json\" class=\"yoast-schema-graph\">{\"@context\":\"https:\/\/schema.org\",\"@graph\":[{\"@type\":\"Article\",\"@id\":\"https:\/\/www.prijedordanas.com\/?p=97450#article\",\"isPartOf\":{\"@id\":\"https:\/\/www.prijedordanas.com\/?p=97450\"},\"author\":{\"name\":\"admin\",\"@id\":\"https:\/\/www.prijedordanas.com\/#\/schema\/person\/4e08ccf29b506ca916ff86d46bb700e6\"},\"headline\":\"POLICAJAC KOJI \u010cUVA PREMIJERKU ZAUSTAVIO LOPOVA IZ PRIJEDORA\",\"datePublished\":\"2018-01-27T14:08:10+00:00\",\"dateModified\":\"2018-01-27T14:08:10+00:00\",\"mainEntityOfPage\":{\"@id\":\"https:\/\/www.prijedordanas.com\/?p=97450\"},\"wordCount\":624,\"publisher\":{\"@id\":\"https:\/\/www.prijedordanas.com\/#organization\"},\"keywords\":[\"lopov\",\"policajac\"],\"articleSection\":[\"Hronika\"],\"inLanguage\":\"en-US\"},{\"@type\":\"WebPage\",\"@id\":\"https:\/\/www.prijedordanas.com\/?p=97450\",\"url\":\"https:\/\/www.prijedordanas.com\/?p=97450\",\"name\":\"POLICAJAC KOJI \u010cUVA PREMIJERKU ZAUSTAVIO LOPOVA IZ PRIJEDORA - PrijedorDanas.com - Prijedorski gradski portal\",\"isPartOf\":{\"@id\":\"https:\/\/www.prijedordanas.com\/#website\"},\"datePublished\":\"2018-01-27T14:08:10+00:00\",\"dateModified\":\"2018-01-27T14:08:10+00:00\",\"breadcrumb\":{\"@id\":\"https:\/\/www.prijedordanas.com\/?p=97450#breadcrumb\"},\"inLanguage\":\"en-US\",\"potentialAction\":[{\"@type\":\"ReadAction\",\"target\":[\"https:\/\/www.prijedordanas.com\/?p=97450\"]}]},{\"@type\":\"BreadcrumbList\",\"@id\":\"https:\/\/www.prijedordanas.com\/?p=97450#breadcrumb\",\"itemListElement\":[{\"@type\":\"ListItem\",\"position\":1,\"name\":\"Home\",\"item\":\"https:\/\/www.prijedordanas.com\/\"},{\"@type\":\"ListItem\",\"position\":2,\"name\":\"POLICAJAC KOJI \u010cUVA PREMIJERKU ZAUSTAVIO LOPOVA IZ PRIJEDORA\"}]},{\"@type\":\"WebSite\",\"@id\":\"https:\/\/www.prijedordanas.com\/#website\",\"url\":\"https:\/\/www.prijedordanas.com\/\",\"name\":\"PrijedorDanas.com - Prijedorski gradski portal\",\"description\":\"Portal o doga\u0111anjima u gradu Prijedoru\",\"publisher\":{\"@id\":\"https:\/\/www.prijedordanas.com\/#organization\"},\"potentialAction\":[{\"@type\":\"SearchAction\",\"target\":{\"@type\":\"EntryPoint\",\"urlTemplate\":\"https:\/\/www.prijedordanas.com\/?s={search_term_string}\"},\"query-input\":\"required name=search_term_string\"}],\"inLanguage\":\"en-US\"},{\"@type\":\"Organization\",\"@id\":\"https:\/\/www.prijedordanas.com\/#organization\",\"name\":\"PrijedorDanas.com\",\"url\":\"https:\/\/www.prijedordanas.com\/\",\"logo\":{\"@type\":\"ImageObject\",\"inLanguage\":\"en-US\",\"@id\":\"https:\/\/www.prijedordanas.com\/#\/schema\/logo\/image\/\",\"url\":\"http:\/\/www.prijedordanas.com\/wp-content\/uploads\/2021\/12\/logopng.png\",\"contentUrl\":\"http:\/\/www.prijedordanas.com\/wp-content\/uploads\/2021\/12\/logopng.png\",\"width\":1019,\"height\":776,\"caption\":\"PrijedorDanas.com\"},\"image\":{\"@id\":\"https:\/\/www.prijedordanas.com\/#\/schema\/logo\/image\/\"},\"sameAs\":[\"https:\/\/www.facebook.com\/PrijedorDanasCom\/\"]},{\"@type\":\"Person\",\"@id\":\"https:\/\/www.prijedordanas.com\/#\/schema\/person\/4e08ccf29b506ca916ff86d46bb700e6\",\"name\":\"admin\",\"image\":{\"@type\":\"ImageObject\",\"inLanguage\":\"en-US\",\"@id\":\"https:\/\/www.prijedordanas.com\/#\/schema\/person\/image\/\",\"url\":\"https:\/\/secure.gravatar.com\/avatar\/1d3fc949d550f0b53a5f0d51e06dfd79?s=96&d=mm&r=g\",\"contentUrl\":\"https:\/\/secure.gravatar.com\/avatar\/1d3fc949d550f0b53a5f0d51e06dfd79?s=96&d=mm&r=g\",\"caption\":\"admin\"},\"url\":\"https:\/\/www.prijedordanas.com\/?author=1\"}]}<\/script>\n<!-- \/ Yoast SEO plugin. -->","yoast_head_json":{"title":"POLICAJAC KOJI \u010cUVA PREMIJERKU ZAUSTAVIO LOPOVA IZ PRIJEDORA - PrijedorDanas.com - Prijedorski gradski portal","robots":{"index":"index","follow":"follow","max-snippet":"max-snippet:-1","max-image-preview":"max-image-preview:large","max-video-preview":"max-video-preview:-1"},"canonical":"https:\/\/www.prijedordanas.com\/?p=97450","og_locale":"en_US","og_type":"article","og_title":"POLICAJAC KOJI \u010cUVA PREMIJERKU ZAUSTAVIO LOPOVA IZ PRIJEDORA - PrijedorDanas.com - Prijedorski gradski portal","og_description":"Ekspresnom reakcijom banjalu\u010dke policije, ali i policajca koji radi na obezbje\u0111enju \u017deljke Cvijanovi\u0107, premijerke RS, zaustavljen je lopov koji mi je ispred ku\u0107e u banjalu\u010dkom naselju Lau\u0161 ukrao \u0161koda fabiju. [&hellip;]","og_url":"https:\/\/www.prijedordanas.com\/?p=97450","og_site_name":"PrijedorDanas.com - Prijedorski gradski portal","article_publisher":"https:\/\/www.facebook.com\/PrijedorDanasCom\/","article_published_time":"2018-01-27T14:08:10+00:00","og_image":[{"url":"https:\/\/www.prijedordanas.com\/wp-content\/uploads\/2018\/01\/nezavisne-policajac-zaustavio-lopova-300x221.jpg"}],"author":"admin","twitter_card":"summary_large_image","twitter_misc":{"Written by":"admin","Est. reading time":"3 minutes"},"schema":{"@context":"https:\/\/schema.org","@graph":[{"@type":"Article","@id":"https:\/\/www.prijedordanas.com\/?p=97450#article","isPartOf":{"@id":"https:\/\/www.prijedordanas.com\/?p=97450"},"author":{"name":"admin","@id":"https:\/\/www.prijedordanas.com\/#\/schema\/person\/4e08ccf29b506ca916ff86d46bb700e6"},"headline":"POLICAJAC KOJI \u010cUVA PREMIJERKU ZAUSTAVIO LOPOVA IZ PRIJEDORA","datePublished":"2018-01-27T14:08:10+00:00","dateModified":"2018-01-27T14:08:10+00:00","mainEntityOfPage":{"@id":"https:\/\/www.prijedordanas.com\/?p=97450"},"wordCount":624,"publisher":{"@id":"https:\/\/www.prijedordanas.com\/#organization"},"keywords":["lopov","policajac"],"articleSection":["Hronika"],"inLanguage":"en-US"},{"@type":"WebPage","@id":"https:\/\/www.prijedordanas.com\/?p=97450","url":"https:\/\/www.prijedordanas.com\/?p=97450","name":"POLICAJAC KOJI \u010cUVA PREMIJERKU ZAUSTAVIO LOPOVA IZ PRIJEDORA - PrijedorDanas.com - Prijedorski gradski portal","isPartOf":{"@id":"https:\/\/www.prijedordanas.com\/#website"},"datePublished":"2018-01-27T14:08:10+00:00","dateModified":"2018-01-27T14:08:10+00:00","breadcrumb":{"@id":"https:\/\/www.prijedordanas.com\/?p=97450#breadcrumb"},"inLanguage":"en-US","potentialAction":[{"@type":"ReadAction","target":["https:\/\/www.prijedordanas.com\/?p=97450"]}]},{"@type":"BreadcrumbList","@id":"https:\/\/www.prijedordanas.com\/?p=97450#breadcrumb","itemListElement":[{"@type":"ListItem","position":1,"name":"Home","item":"https:\/\/www.prijedordanas.com\/"},{"@type":"ListItem","position":2,"name":"POLICAJAC KOJI \u010cUVA PREMIJERKU ZAUSTAVIO LOPOVA IZ PRIJEDORA"}]},{"@type":"WebSite","@id":"https:\/\/www.prijedordanas.com\/#website","url":"https:\/\/www.prijedordanas.com\/","name":"PrijedorDanas.com - Prijedorski gradski portal","description":"Portal o doga\u0111anjima u gradu Prijedoru","publisher":{"@id":"https:\/\/www.prijedordanas.com\/#organization"},"potentialAction":[{"@type":"SearchAction","target":{"@type":"EntryPoint","urlTemplate":"https:\/\/www.prijedordanas.com\/?s={search_term_string}"},"query-input":"required name=search_term_string"}],"inLanguage":"en-US"},{"@type":"Organization","@id":"https:\/\/www.prijedordanas.com\/#organization","name":"PrijedorDanas.com","url":"https:\/\/www.prijedordanas.com\/","logo":{"@type":"ImageObject","inLanguage":"en-US","@id":"https:\/\/www.prijedordanas.com\/#\/schema\/logo\/image\/","url":"http:\/\/www.prijedordanas.com\/wp-content\/uploads\/2021\/12\/logopng.png","contentUrl":"http:\/\/www.prijedordanas.com\/wp-content\/uploads\/2021\/12\/logopng.png","width":1019,"height":776,"caption":"PrijedorDanas.com"},"image":{"@id":"https:\/\/www.prijedordanas.com\/#\/schema\/logo\/image\/"},"sameAs":["https:\/\/www.facebook.com\/PrijedorDanasCom\/"]},{"@type":"Person","@id":"https:\/\/www.prijedordanas.com\/#\/schema\/person\/4e08ccf29b506ca916ff86d46bb700e6","name":"admin","image":{"@type":"ImageObject","inLanguage":"en-US","@id":"https:\/\/www.prijedordanas.com\/#\/schema\/person\/image\/","url":"https:\/\/secure.gravatar.com\/avatar\/1d3fc949d550f0b53a5f0d51e06dfd79?s=96&d=mm&r=g","contentUrl":"https:\/\/secure.gravatar.com\/avatar\/1d3fc949d550f0b53a5f0d51e06dfd79?s=96&d=mm&r=g","caption":"admin"},"url":"https:\/\/www.prijedordanas.com\/?author=1"}]}},"_links":{"self":[{"href":"https:\/\/www.prijedordanas.com\/index.php?rest_route=\/wp\/v2\/posts\/97450"}],"collection":[{"href":"https:\/\/www.prijedordanas.com\/index.php?rest_route=\/wp\/v2\/posts"}],"about":[{"href":"https:\/\/www.prijedordanas.com\/index.php?rest_route=\/wp\/v2\/types\/post"}],"author":[{"embeddable":true,"href":"https:\/\/www.prijedordanas.com\/index.php?rest_route=\/wp\/v2\/users\/1"}],"replies":[{"embeddable":true,"href":"https:\/\/www.prijedordanas.com\/index.php?rest_route=%2Fwp%2Fv2%2Fcomments&post=97450"}],"version-history":[{"count":1,"href":"https:\/\/www.prijedordanas.com\/index.php?rest_route=\/wp\/v2\/posts\/97450\/revisions"}],"predecessor-version":[{"id":97452,"href":"https:\/\/www.prijedordanas.com\/index.php?rest_route=\/wp\/v2\/posts\/97450\/revisions\/97452"}],"wp:attachment":[{"href":"https:\/\/www.prijedordanas.com\/index.php?rest_route=%2Fwp%2Fv2%2Fmedia&parent=97450"}],"wp:term":[{"taxonomy":"category","embeddable":true,"href":"https:\/\/www.prijedordanas.com\/index.php?rest_route=%2Fwp%2Fv2%2Fcategories&post=97450"},{"taxonomy":"post_tag","embeddable":true,"href":"https:\/\/www.prijedordanas.com\/index.php?rest_route=%2Fwp%2Fv2%2Ftags&post=97450"}],"curies":[{"name":"wp","href":"https:\/\/api.w.org\/{rel}","templated":true}]}}