{"id":97342,"date":"2018-01-25T09:39:33","date_gmt":"2018-01-25T08:39:33","guid":{"rendered":"https:\/\/www.prijedordanas.com\/?p=97342"},"modified":"2018-01-25T09:39:33","modified_gmt":"2018-01-25T08:39:33","slug":"nestao-pocetkom-novembra-pronadeno-tijelo-mladana-lazica-iz-prijedora","status":"publish","type":"post","link":"https:\/\/www.prijedordanas.com\/?p=97342","title":{"rendered":"NESTAO PO\u010cETKOM NOVEMBRA: PRONA\u0110ENO TIJELO MLA\u0110ANA LAZI\u0106A IZ PRIJEDORA"},"content":{"rendered":"<p><a href=\"https:\/\/www.prijedordanas.com\/wp-content\/uploads\/2017\/11\/mladjan-lazic-nestanak.jpg\"><img loading=\"lazy\" decoding=\"async\" src=\"https:\/\/www.prijedordanas.com\/wp-content\/uploads\/2017\/11\/mladjan-lazic-nestanak-237x300.jpg\" alt=\"\" width=\"237\" height=\"300\" class=\"alignleft size-medium wp-image-91951\" srcset=\"https:\/\/www.prijedordanas.com\/wp-content\/uploads\/2017\/11\/mladjan-lazic-nestanak-237x300.jpg 237w, https:\/\/www.prijedordanas.com\/wp-content\/uploads\/2017\/11\/mladjan-lazic-nestanak-79x100.jpg 79w, https:\/\/www.prijedordanas.com\/wp-content\/uploads\/2017\/11\/mladjan-lazic-nestanak.jpg 474w\" sizes=\"(max-width: 237px) 100vw, 237px\" \/><\/a>Tijelo sedamdesetogodi\u0161njeg Mla\u0111ana Lazi\u0107a iz Prijedora, koji je nestao drugog novembra pro\u0161le godine, prona\u0111eno je u rijeci Dunav u Beogradu, saop\u0161tili su \u010dlanovi porodice.<\/p>\n<p>Za Mla\u0111anom se tragalo vi\u0161e od dva mjeseca, nakon \u0161to je njegov nestanak prijavljen policiji. <\/p>\n<p>Lazi\u0107 je nestao u blizini porodi\u010dne ku\u0107e u Prijedoru nakon povratka sa sela gdje je pao i povrijedio se. <\/p>\n<p>Sa vidljivim povredama uspio je da do\u0111e do grada, odbijaju\u0107i pomo\u0107 ljudi koji su ga vidjeli. <\/p>\n<p>Posljednji put je vi\u0111en u popodnevnim \u010dasovima drugog novembra, stotinak metara od porodi\u010dne ku\u0107e.<\/p>\n<p>Porodica je nekoliko puta organizovala potragu za njim.<\/p>\n<p>ATV BL<\/p>\n<p><a href=\"https:\/\/www.prijedordanas.com\/wp-content\/uploads\/2017\/11\/mladjan-lazic.jpg\"><img loading=\"lazy\" decoding=\"async\" src=\"https:\/\/www.prijedordanas.com\/wp-content\/uploads\/2017\/11\/mladjan-lazic-268x300.jpg\" alt=\"\" width=\"268\" height=\"300\" class=\"alignleft size-medium wp-image-91755\" srcset=\"https:\/\/www.prijedordanas.com\/wp-content\/uploads\/2017\/11\/mladjan-lazic-268x300.jpg 268w, https:\/\/www.prijedordanas.com\/wp-content\/uploads\/2017\/11\/mladjan-lazic-89x100.jpg 89w, https:\/\/www.prijedordanas.com\/wp-content\/uploads\/2017\/11\/mladjan-lazic.jpg 536w\" sizes=\"(max-width: 268px) 100vw, 268px\" \/><\/a><\/p>\n","protected":false},"excerpt":{"rendered":"<p>Tijelo sedamdesetogodi\u0161njeg Mla\u0111ana Lazi\u0107a iz Prijedora, koji je nestao drugog novembra pro\u0161le godine, prona\u0111eno je u rijeci Dunav u Beogradu, saop\u0161tili su \u010dlanovi porodice. Za Mla\u0111anom se tragalo vi\u0161e od [&hellip;]<\/p>\n","protected":false},"author":1,"featured_media":0,"comment_status":"closed","ping_status":"open","sticky":false,"template":"","format":"standard","meta":{"_monsterinsights_skip_tracking":false,"_monsterinsights_sitenote_active":false,"_monsterinsights_sitenote_note":"","_monsterinsights_sitenote_category":0,"footnotes":""},"categories":[5],"tags":[],"yoast_head":"<!-- This site is optimized with the Yoast SEO plugin v21.6 - https:\/\/yoast.com\/wordpress\/plugins\/seo\/ -->\n<title>NESTAO PO\u010cETKOM NOVEMBRA: PRONA\u0110ENO TIJELO MLA\u0110ANA LAZI\u0106A IZ PRIJEDORA - PrijedorDanas.com - Prijedorski gradski portal<\/title>\n<meta name=\"robots\" content=\"index, follow, max-snippet:-1, max-image-preview:large, max-video-preview:-1\" \/>\n<link rel=\"canonical\" href=\"https:\/\/www.prijedordanas.com\/?p=97342\" \/>\n<meta property=\"og:locale\" content=\"en_US\" \/>\n<meta property=\"og:type\" content=\"article\" \/>\n<meta property=\"og:title\" content=\"NESTAO PO\u010cETKOM NOVEMBRA: PRONA\u0110ENO TIJELO MLA\u0110ANA LAZI\u0106A IZ PRIJEDORA - PrijedorDanas.com - Prijedorski gradski portal\" \/>\n<meta property=\"og:description\" content=\"Tijelo sedamdesetogodi\u0161njeg Mla\u0111ana Lazi\u0107a iz Prijedora, koji je nestao drugog novembra pro\u0161le godine, prona\u0111eno je u rijeci Dunav u Beogradu, saop\u0161tili su \u010dlanovi porodice. Za Mla\u0111anom se tragalo vi\u0161e od [&hellip;]\" \/>\n<meta property=\"og:url\" content=\"https:\/\/www.prijedordanas.com\/?p=97342\" \/>\n<meta property=\"og:site_name\" content=\"PrijedorDanas.com - Prijedorski gradski portal\" \/>\n<meta property=\"article:publisher\" content=\"https:\/\/www.facebook.com\/PrijedorDanasCom\/\" \/>\n<meta property=\"article:published_time\" content=\"2018-01-25T08:39:33+00:00\" \/>\n<meta property=\"og:image\" content=\"https:\/\/www.prijedordanas.com\/wp-content\/uploads\/2017\/11\/mladjan-lazic-nestanak-237x300.jpg\" \/>\n<meta name=\"author\" content=\"admin\" \/>\n<meta name=\"twitter:card\" content=\"summary_large_image\" \/>\n<meta name=\"twitter:label1\" content=\"Written by\" \/>\n\t<meta name=\"twitter:data1\" content=\"admin\" \/>\n\t<meta name=\"twitter:label2\" content=\"Est. reading time\" \/>\n\t<meta name=\"twitter:data2\" content=\"1 minute\" \/>\n<script type=\"application\/ld+json\" class=\"yoast-schema-graph\">{\"@context\":\"https:\/\/schema.org\",\"@graph\":[{\"@type\":\"Article\",\"@id\":\"https:\/\/www.prijedordanas.com\/?p=97342#article\",\"isPartOf\":{\"@id\":\"https:\/\/www.prijedordanas.com\/?p=97342\"},\"author\":{\"name\":\"admin\",\"@id\":\"https:\/\/www.prijedordanas.com\/#\/schema\/person\/4e08ccf29b506ca916ff86d46bb700e6\"},\"headline\":\"NESTAO PO\u010cETKOM NOVEMBRA: PRONA\u0110ENO TIJELO MLA\u0110ANA LAZI\u0106A IZ PRIJEDORA\",\"datePublished\":\"2018-01-25T08:39:33+00:00\",\"dateModified\":\"2018-01-25T08:39:33+00:00\",\"mainEntityOfPage\":{\"@id\":\"https:\/\/www.prijedordanas.com\/?p=97342\"},\"wordCount\":126,\"publisher\":{\"@id\":\"https:\/\/www.prijedordanas.com\/#organization\"},\"articleSection\":[\"Hronika\"],\"inLanguage\":\"en-US\"},{\"@type\":\"WebPage\",\"@id\":\"https:\/\/www.prijedordanas.com\/?p=97342\",\"url\":\"https:\/\/www.prijedordanas.com\/?p=97342\",\"name\":\"NESTAO PO\u010cETKOM NOVEMBRA: PRONA\u0110ENO TIJELO MLA\u0110ANA LAZI\u0106A IZ PRIJEDORA - PrijedorDanas.com - Prijedorski gradski portal\",\"isPartOf\":{\"@id\":\"https:\/\/www.prijedordanas.com\/#website\"},\"datePublished\":\"2018-01-25T08:39:33+00:00\",\"dateModified\":\"2018-01-25T08:39:33+00:00\",\"breadcrumb\":{\"@id\":\"https:\/\/www.prijedordanas.com\/?p=97342#breadcrumb\"},\"inLanguage\":\"en-US\",\"potentialAction\":[{\"@type\":\"ReadAction\",\"target\":[\"https:\/\/www.prijedordanas.com\/?p=97342\"]}]},{\"@type\":\"BreadcrumbList\",\"@id\":\"https:\/\/www.prijedordanas.com\/?p=97342#breadcrumb\",\"itemListElement\":[{\"@type\":\"ListItem\",\"position\":1,\"name\":\"Home\",\"item\":\"https:\/\/www.prijedordanas.com\/\"},{\"@type\":\"ListItem\",\"position\":2,\"name\":\"NESTAO PO\u010cETKOM NOVEMBRA: PRONA\u0110ENO TIJELO MLA\u0110ANA LAZI\u0106A IZ PRIJEDORA\"}]},{\"@type\":\"WebSite\",\"@id\":\"https:\/\/www.prijedordanas.com\/#website\",\"url\":\"https:\/\/www.prijedordanas.com\/\",\"name\":\"PrijedorDanas.com - Prijedorski gradski portal\",\"description\":\"Portal o doga\u0111anjima u gradu Prijedoru\",\"publisher\":{\"@id\":\"https:\/\/www.prijedordanas.com\/#organization\"},\"potentialAction\":[{\"@type\":\"SearchAction\",\"target\":{\"@type\":\"EntryPoint\",\"urlTemplate\":\"https:\/\/www.prijedordanas.com\/?s={search_term_string}\"},\"query-input\":\"required name=search_term_string\"}],\"inLanguage\":\"en-US\"},{\"@type\":\"Organization\",\"@id\":\"https:\/\/www.prijedordanas.com\/#organization\",\"name\":\"PrijedorDanas.com\",\"url\":\"https:\/\/www.prijedordanas.com\/\",\"logo\":{\"@type\":\"ImageObject\",\"inLanguage\":\"en-US\",\"@id\":\"https:\/\/www.prijedordanas.com\/#\/schema\/logo\/image\/\",\"url\":\"http:\/\/www.prijedordanas.com\/wp-content\/uploads\/2021\/12\/logopng.png\",\"contentUrl\":\"http:\/\/www.prijedordanas.com\/wp-content\/uploads\/2021\/12\/logopng.png\",\"width\":1019,\"height\":776,\"caption\":\"PrijedorDanas.com\"},\"image\":{\"@id\":\"https:\/\/www.prijedordanas.com\/#\/schema\/logo\/image\/\"},\"sameAs\":[\"https:\/\/www.facebook.com\/PrijedorDanasCom\/\"]},{\"@type\":\"Person\",\"@id\":\"https:\/\/www.prijedordanas.com\/#\/schema\/person\/4e08ccf29b506ca916ff86d46bb700e6\",\"name\":\"admin\",\"image\":{\"@type\":\"ImageObject\",\"inLanguage\":\"en-US\",\"@id\":\"https:\/\/www.prijedordanas.com\/#\/schema\/person\/image\/\",\"url\":\"https:\/\/secure.gravatar.com\/avatar\/1d3fc949d550f0b53a5f0d51e06dfd79?s=96&d=mm&r=g\",\"contentUrl\":\"https:\/\/secure.gravatar.com\/avatar\/1d3fc949d550f0b53a5f0d51e06dfd79?s=96&d=mm&r=g\",\"caption\":\"admin\"},\"url\":\"https:\/\/www.prijedordanas.com\/?author=1\"}]}<\/script>\n<!-- \/ Yoast SEO plugin. -->","yoast_head_json":{"title":"NESTAO PO\u010cETKOM NOVEMBRA: PRONA\u0110ENO TIJELO MLA\u0110ANA LAZI\u0106A IZ PRIJEDORA - PrijedorDanas.com - Prijedorski gradski portal","robots":{"index":"index","follow":"follow","max-snippet":"max-snippet:-1","max-image-preview":"max-image-preview:large","max-video-preview":"max-video-preview:-1"},"canonical":"https:\/\/www.prijedordanas.com\/?p=97342","og_locale":"en_US","og_type":"article","og_title":"NESTAO PO\u010cETKOM NOVEMBRA: PRONA\u0110ENO TIJELO MLA\u0110ANA LAZI\u0106A IZ PRIJEDORA - PrijedorDanas.com - Prijedorski gradski portal","og_description":"Tijelo sedamdesetogodi\u0161njeg Mla\u0111ana Lazi\u0107a iz Prijedora, koji je nestao drugog novembra pro\u0161le godine, prona\u0111eno je u rijeci Dunav u Beogradu, saop\u0161tili su \u010dlanovi porodice. Za Mla\u0111anom se tragalo vi\u0161e od [&hellip;]","og_url":"https:\/\/www.prijedordanas.com\/?p=97342","og_site_name":"PrijedorDanas.com - Prijedorski gradski portal","article_publisher":"https:\/\/www.facebook.com\/PrijedorDanasCom\/","article_published_time":"2018-01-25T08:39:33+00:00","og_image":[{"url":"https:\/\/www.prijedordanas.com\/wp-content\/uploads\/2017\/11\/mladjan-lazic-nestanak-237x300.jpg"}],"author":"admin","twitter_card":"summary_large_image","twitter_misc":{"Written by":"admin","Est. reading time":"1 minute"},"schema":{"@context":"https:\/\/schema.org","@graph":[{"@type":"Article","@id":"https:\/\/www.prijedordanas.com\/?p=97342#article","isPartOf":{"@id":"https:\/\/www.prijedordanas.com\/?p=97342"},"author":{"name":"admin","@id":"https:\/\/www.prijedordanas.com\/#\/schema\/person\/4e08ccf29b506ca916ff86d46bb700e6"},"headline":"NESTAO PO\u010cETKOM NOVEMBRA: PRONA\u0110ENO TIJELO MLA\u0110ANA LAZI\u0106A IZ PRIJEDORA","datePublished":"2018-01-25T08:39:33+00:00","dateModified":"2018-01-25T08:39:33+00:00","mainEntityOfPage":{"@id":"https:\/\/www.prijedordanas.com\/?p=97342"},"wordCount":126,"publisher":{"@id":"https:\/\/www.prijedordanas.com\/#organization"},"articleSection":["Hronika"],"inLanguage":"en-US"},{"@type":"WebPage","@id":"https:\/\/www.prijedordanas.com\/?p=97342","url":"https:\/\/www.prijedordanas.com\/?p=97342","name":"NESTAO PO\u010cETKOM NOVEMBRA: PRONA\u0110ENO TIJELO MLA\u0110ANA LAZI\u0106A IZ PRIJEDORA - PrijedorDanas.com - Prijedorski gradski portal","isPartOf":{"@id":"https:\/\/www.prijedordanas.com\/#website"},"datePublished":"2018-01-25T08:39:33+00:00","dateModified":"2018-01-25T08:39:33+00:00","breadcrumb":{"@id":"https:\/\/www.prijedordanas.com\/?p=97342#breadcrumb"},"inLanguage":"en-US","potentialAction":[{"@type":"ReadAction","target":["https:\/\/www.prijedordanas.com\/?p=97342"]}]},{"@type":"BreadcrumbList","@id":"https:\/\/www.prijedordanas.com\/?p=97342#breadcrumb","itemListElement":[{"@type":"ListItem","position":1,"name":"Home","item":"https:\/\/www.prijedordanas.com\/"},{"@type":"ListItem","position":2,"name":"NESTAO PO\u010cETKOM NOVEMBRA: PRONA\u0110ENO TIJELO MLA\u0110ANA LAZI\u0106A IZ PRIJEDORA"}]},{"@type":"WebSite","@id":"https:\/\/www.prijedordanas.com\/#website","url":"https:\/\/www.prijedordanas.com\/","name":"PrijedorDanas.com - Prijedorski gradski portal","description":"Portal o doga\u0111anjima u gradu Prijedoru","publisher":{"@id":"https:\/\/www.prijedordanas.com\/#organization"},"potentialAction":[{"@type":"SearchAction","target":{"@type":"EntryPoint","urlTemplate":"https:\/\/www.prijedordanas.com\/?s={search_term_string}"},"query-input":"required name=search_term_string"}],"inLanguage":"en-US"},{"@type":"Organization","@id":"https:\/\/www.prijedordanas.com\/#organization","name":"PrijedorDanas.com","url":"https:\/\/www.prijedordanas.com\/","logo":{"@type":"ImageObject","inLanguage":"en-US","@id":"https:\/\/www.prijedordanas.com\/#\/schema\/logo\/image\/","url":"http:\/\/www.prijedordanas.com\/wp-content\/uploads\/2021\/12\/logopng.png","contentUrl":"http:\/\/www.prijedordanas.com\/wp-content\/uploads\/2021\/12\/logopng.png","width":1019,"height":776,"caption":"PrijedorDanas.com"},"image":{"@id":"https:\/\/www.prijedordanas.com\/#\/schema\/logo\/image\/"},"sameAs":["https:\/\/www.facebook.com\/PrijedorDanasCom\/"]},{"@type":"Person","@id":"https:\/\/www.prijedordanas.com\/#\/schema\/person\/4e08ccf29b506ca916ff86d46bb700e6","name":"admin","image":{"@type":"ImageObject","inLanguage":"en-US","@id":"https:\/\/www.prijedordanas.com\/#\/schema\/person\/image\/","url":"https:\/\/secure.gravatar.com\/avatar\/1d3fc949d550f0b53a5f0d51e06dfd79?s=96&d=mm&r=g","contentUrl":"https:\/\/secure.gravatar.com\/avatar\/1d3fc949d550f0b53a5f0d51e06dfd79?s=96&d=mm&r=g","caption":"admin"},"url":"https:\/\/www.prijedordanas.com\/?author=1"}]}},"_links":{"self":[{"href":"https:\/\/www.prijedordanas.com\/index.php?rest_route=\/wp\/v2\/posts\/97342"}],"collection":[{"href":"https:\/\/www.prijedordanas.com\/index.php?rest_route=\/wp\/v2\/posts"}],"about":[{"href":"https:\/\/www.prijedordanas.com\/index.php?rest_route=\/wp\/v2\/types\/post"}],"author":[{"embeddable":true,"href":"https:\/\/www.prijedordanas.com\/index.php?rest_route=\/wp\/v2\/users\/1"}],"replies":[{"embeddable":true,"href":"https:\/\/www.prijedordanas.com\/index.php?rest_route=%2Fwp%2Fv2%2Fcomments&post=97342"}],"version-history":[{"count":1,"href":"https:\/\/www.prijedordanas.com\/index.php?rest_route=\/wp\/v2\/posts\/97342\/revisions"}],"predecessor-version":[{"id":97343,"href":"https:\/\/www.prijedordanas.com\/index.php?rest_route=\/wp\/v2\/posts\/97342\/revisions\/97343"}],"wp:attachment":[{"href":"https:\/\/www.prijedordanas.com\/index.php?rest_route=%2Fwp%2Fv2%2Fmedia&parent=97342"}],"wp:term":[{"taxonomy":"category","embeddable":true,"href":"https:\/\/www.prijedordanas.com\/index.php?rest_route=%2Fwp%2Fv2%2Fcategories&post=97342"},{"taxonomy":"post_tag","embeddable":true,"href":"https:\/\/www.prijedordanas.com\/index.php?rest_route=%2Fwp%2Fv2%2Ftags&post=97342"}],"curies":[{"name":"wp","href":"https:\/\/api.w.org\/{rel}","templated":true}]}}