{"id":97093,"date":"2018-01-21T09:44:18","date_gmt":"2018-01-21T08:44:18","guid":{"rendered":"https:\/\/www.prijedordanas.com\/?p=97093"},"modified":"2018-01-21T09:44:18","modified_gmt":"2018-01-21T08:44:18","slug":"sudenje-vlasenko-rade-ostali-rodak-odveden-pa-ubijen","status":"publish","type":"post","link":"https:\/\/www.prijedordanas.com\/?p=97093","title":{"rendered":"SU\u0110ENJE VLASENKO RADE I OSTALI: RO\u0110AK ODVEDEN PA UBIJEN"},"content":{"rendered":"<p><a href=\"https:\/\/www.prijedordanas.com\/wp-content\/uploads\/2016\/02\/sud-bih-3-2.jpg\"><img loading=\"lazy\" decoding=\"async\" src=\"https:\/\/www.prijedordanas.com\/wp-content\/uploads\/2016\/02\/sud-bih-3-2-300x225.jpg\" alt=\"\" width=\"300\" height=\"225\" class=\"alignleft size-medium wp-image-42214\" srcset=\"https:\/\/www.prijedordanas.com\/wp-content\/uploads\/2016\/02\/sud-bih-3-2-300x225.jpg 300w, https:\/\/www.prijedordanas.com\/wp-content\/uploads\/2016\/02\/sud-bih-3-2.jpg 600w\" sizes=\"(max-width: 300px) 100vw, 300px\" \/><\/a>Svjedok Tu\u017eila\u0161tva BiH je izjavio da je sredinom jula 1992. godine optu\u017eeni Rade Vlasenko, s jo\u0161 dvije osobe, iz logora Trnopolje kod Prijedora odveo njegovog ro\u0111aka, koji je kasnije ubijen.<\/p>\n<p>Muhamed Mahmuljin se prisjetio 25. maja 1992. godine, kada se civilno stanovni\u0161tvo mjesta Kozaru\u0161a kod Prijedora povla\u010dilo iz \u0161ume prema centru naselja, gdje ih je do\u010dekala srpska vojska. Kako je rekao, tom prilikom je vidio mrtva tijela svoja dva \u0161kolska druga \u2013 Muhameda \u010cirkina i Mirsada Mu\u0161i\u0107a.<\/p>\n<p>Prema njegovim rije\u010dima, kod Mjesne zajednice je vojska razdvojila \u017eene i djecu, dok su mu\u0161karci autobusima odvezeni u logor Trnopolje. Tokom njegovog boravka u logoru, kako je kazao Mahmuljin, civili su svakodnevno odvo\u0111eni, a vidio je kada je odveden njegov ro\u0111ak Midhat, zatim Adem Filovi\u0107 i osoba po prezimenu Mujkanovi\u0107.<\/p>\n<p>\u201cTo se de\u0161avalo sredinom jula 1992. godine. Bili smo vani ispred \u0161kole kada je do\u0161ao kamion koji je vozio Mile Fu\u0161tar, a s njim su bili Rade Vlasenko i jo\u0161 jedan vojnik. Bili su naoru\u017eani, u uniformi. Do\u0161li su da idu tovariti drva u selu Br\u0111ani i tri \u010dovjeka su im trebala. Uzeli su Midhata, Filovi\u0107a i Mujkanovi\u0107a. Rade je pokazao prstom na te ljude\u201d, posvjedo\u010dio je on.<\/p>\n<p><a href=\"https:\/\/www.prijedordanas.com\/wp-content\/uploads\/2017\/01\/sud-bih-sudnica-1.jpg\"><img loading=\"lazy\" decoding=\"async\" src=\"https:\/\/www.prijedordanas.com\/wp-content\/uploads\/2017\/01\/sud-bih-sudnica-1-300x231.jpg\" alt=\"\" width=\"300\" height=\"231\" class=\"alignleft size-medium wp-image-72424\" srcset=\"https:\/\/www.prijedordanas.com\/wp-content\/uploads\/2017\/01\/sud-bih-sudnica-1-300x231.jpg 300w, https:\/\/www.prijedordanas.com\/wp-content\/uploads\/2017\/01\/sud-bih-sudnica-1-100x77.jpg 100w, https:\/\/www.prijedordanas.com\/wp-content\/uploads\/2017\/01\/sud-bih-sudnica-1.jpg 650w\" sizes=\"(max-width: 300px) 100vw, 300px\" \/><\/a>Naredni dan, kako je kazao, vratio se Mujkanovi\u0107 u SMB uniformi, izgreban i isprepadan, i ispri\u010dao mu da su u Br\u0111anima utovarali drva, a potom su postrojeni za strijeljanje. Prema svjedoku, Mujkanovi\u0107 je uspio pobje\u0107i, a ostali su ubijeni.<\/p>\n<p>Nakon toga, kako je istaknuo svjedok, u logoru nije vi\u0111ao Vlasenka.<\/p>\n<p>Vlasenko je, zajedno s Dragom Kon\u010darem i Milanom Krupljaninom, optu\u017een za u\u010de\u0161\u0107e u progonu civilnog stanovni\u0161tva na podru\u010dju Kozarca i okolnih mjesta u op\u0107ini Prijedor.<\/p>\n<p>Vlasenko, Kon\u010dar i Krupljanin optu\u017eeni su za ubistva osam osoba na podru\u010dju Kozarca i Prijedora, me\u0111u kojima su i \u017ertve starije \u017eivotne dobi.<\/p>\n<p>U nastavku su\u0111enja, vje\u0161tak medicinske struke Ibrahim Gavrankapetanovi\u0107 iznio je nalaz i mi\u0161ljenje u kojem je utvrdio da Mirsad Ahmet\u0107ehaji\u0107 mo\u017ee svjedo\u010diti u jednom danu dva sata, s pola sata pauze.<\/p>\n<p>\u201cBez obzira na kardiolo\u0161ke smetnje, mo\u017ee se odazvati svjedo\u010denju\u201d, rekao je vje\u0161tak.<\/p>\n<p>Nastavak su\u0111enja zakazan je za 26. januar.<\/p>\n<p>BIRN<\/p>\n","protected":false},"excerpt":{"rendered":"<p>Svjedok Tu\u017eila\u0161tva BiH je izjavio da je sredinom jula 1992. godine optu\u017eeni Rade Vlasenko, s jo\u0161 dvije osobe, iz logora Trnopolje kod Prijedora odveo njegovog ro\u0111aka, koji je kasnije ubijen. [&hellip;]<\/p>\n","protected":false},"author":1,"featured_media":0,"comment_status":"closed","ping_status":"open","sticky":false,"template":"","format":"standard","meta":{"_monsterinsights_skip_tracking":false,"_monsterinsights_sitenote_active":false,"_monsterinsights_sitenote_note":"","_monsterinsights_sitenote_category":0,"footnotes":""},"categories":[5],"tags":[531],"yoast_head":"<!-- This site is optimized with the Yoast SEO plugin v21.6 - https:\/\/yoast.com\/wordpress\/plugins\/seo\/ -->\n<title>SU\u0110ENJE VLASENKO RADE I OSTALI: RO\u0110AK ODVEDEN PA UBIJEN - PrijedorDanas.com - Prijedorski gradski portal<\/title>\n<meta name=\"robots\" content=\"index, follow, max-snippet:-1, max-image-preview:large, max-video-preview:-1\" \/>\n<link rel=\"canonical\" href=\"https:\/\/www.prijedordanas.com\/?p=97093\" \/>\n<meta property=\"og:locale\" content=\"en_US\" \/>\n<meta property=\"og:type\" content=\"article\" \/>\n<meta property=\"og:title\" content=\"SU\u0110ENJE VLASENKO RADE I OSTALI: RO\u0110AK ODVEDEN PA UBIJEN - PrijedorDanas.com - Prijedorski gradski portal\" \/>\n<meta property=\"og:description\" content=\"Svjedok Tu\u017eila\u0161tva BiH je izjavio da je sredinom jula 1992. godine optu\u017eeni Rade Vlasenko, s jo\u0161 dvije osobe, iz logora Trnopolje kod Prijedora odveo njegovog ro\u0111aka, koji je kasnije ubijen. [&hellip;]\" \/>\n<meta property=\"og:url\" content=\"https:\/\/www.prijedordanas.com\/?p=97093\" \/>\n<meta property=\"og:site_name\" content=\"PrijedorDanas.com - Prijedorski gradski portal\" \/>\n<meta property=\"article:publisher\" content=\"https:\/\/www.facebook.com\/PrijedorDanasCom\/\" \/>\n<meta property=\"article:published_time\" content=\"2018-01-21T08:44:18+00:00\" \/>\n<meta property=\"og:image\" content=\"https:\/\/www.prijedordanas.com\/wp-content\/uploads\/2016\/02\/sud-bih-3-2-300x225.jpg\" \/>\n<meta name=\"author\" content=\"admin\" \/>\n<meta name=\"twitter:card\" content=\"summary_large_image\" \/>\n<meta name=\"twitter:label1\" content=\"Written by\" \/>\n\t<meta name=\"twitter:data1\" content=\"admin\" \/>\n\t<meta name=\"twitter:label2\" content=\"Est. reading time\" \/>\n\t<meta name=\"twitter:data2\" content=\"2 minutes\" \/>\n<script type=\"application\/ld+json\" class=\"yoast-schema-graph\">{\"@context\":\"https:\/\/schema.org\",\"@graph\":[{\"@type\":\"Article\",\"@id\":\"https:\/\/www.prijedordanas.com\/?p=97093#article\",\"isPartOf\":{\"@id\":\"https:\/\/www.prijedordanas.com\/?p=97093\"},\"author\":{\"name\":\"admin\",\"@id\":\"https:\/\/www.prijedordanas.com\/#\/schema\/person\/4e08ccf29b506ca916ff86d46bb700e6\"},\"headline\":\"SU\u0110ENJE VLASENKO RADE I OSTALI: RO\u0110AK ODVEDEN PA UBIJEN\",\"datePublished\":\"2018-01-21T08:44:18+00:00\",\"dateModified\":\"2018-01-21T08:44:18+00:00\",\"mainEntityOfPage\":{\"@id\":\"https:\/\/www.prijedordanas.com\/?p=97093\"},\"wordCount\":398,\"publisher\":{\"@id\":\"https:\/\/www.prijedordanas.com\/#organization\"},\"keywords\":[\"Sud BiH\"],\"articleSection\":[\"Hronika\"],\"inLanguage\":\"en-US\"},{\"@type\":\"WebPage\",\"@id\":\"https:\/\/www.prijedordanas.com\/?p=97093\",\"url\":\"https:\/\/www.prijedordanas.com\/?p=97093\",\"name\":\"SU\u0110ENJE VLASENKO RADE I OSTALI: RO\u0110AK ODVEDEN PA UBIJEN - PrijedorDanas.com - Prijedorski gradski portal\",\"isPartOf\":{\"@id\":\"https:\/\/www.prijedordanas.com\/#website\"},\"datePublished\":\"2018-01-21T08:44:18+00:00\",\"dateModified\":\"2018-01-21T08:44:18+00:00\",\"breadcrumb\":{\"@id\":\"https:\/\/www.prijedordanas.com\/?p=97093#breadcrumb\"},\"inLanguage\":\"en-US\",\"potentialAction\":[{\"@type\":\"ReadAction\",\"target\":[\"https:\/\/www.prijedordanas.com\/?p=97093\"]}]},{\"@type\":\"BreadcrumbList\",\"@id\":\"https:\/\/www.prijedordanas.com\/?p=97093#breadcrumb\",\"itemListElement\":[{\"@type\":\"ListItem\",\"position\":1,\"name\":\"Home\",\"item\":\"https:\/\/www.prijedordanas.com\/\"},{\"@type\":\"ListItem\",\"position\":2,\"name\":\"SU\u0110ENJE VLASENKO RADE I OSTALI: RO\u0110AK ODVEDEN PA UBIJEN\"}]},{\"@type\":\"WebSite\",\"@id\":\"https:\/\/www.prijedordanas.com\/#website\",\"url\":\"https:\/\/www.prijedordanas.com\/\",\"name\":\"PrijedorDanas.com - Prijedorski gradski portal\",\"description\":\"Portal o doga\u0111anjima u gradu Prijedoru\",\"publisher\":{\"@id\":\"https:\/\/www.prijedordanas.com\/#organization\"},\"potentialAction\":[{\"@type\":\"SearchAction\",\"target\":{\"@type\":\"EntryPoint\",\"urlTemplate\":\"https:\/\/www.prijedordanas.com\/?s={search_term_string}\"},\"query-input\":\"required name=search_term_string\"}],\"inLanguage\":\"en-US\"},{\"@type\":\"Organization\",\"@id\":\"https:\/\/www.prijedordanas.com\/#organization\",\"name\":\"PrijedorDanas.com\",\"url\":\"https:\/\/www.prijedordanas.com\/\",\"logo\":{\"@type\":\"ImageObject\",\"inLanguage\":\"en-US\",\"@id\":\"https:\/\/www.prijedordanas.com\/#\/schema\/logo\/image\/\",\"url\":\"http:\/\/www.prijedordanas.com\/wp-content\/uploads\/2021\/12\/logopng.png\",\"contentUrl\":\"http:\/\/www.prijedordanas.com\/wp-content\/uploads\/2021\/12\/logopng.png\",\"width\":1019,\"height\":776,\"caption\":\"PrijedorDanas.com\"},\"image\":{\"@id\":\"https:\/\/www.prijedordanas.com\/#\/schema\/logo\/image\/\"},\"sameAs\":[\"https:\/\/www.facebook.com\/PrijedorDanasCom\/\"]},{\"@type\":\"Person\",\"@id\":\"https:\/\/www.prijedordanas.com\/#\/schema\/person\/4e08ccf29b506ca916ff86d46bb700e6\",\"name\":\"admin\",\"image\":{\"@type\":\"ImageObject\",\"inLanguage\":\"en-US\",\"@id\":\"https:\/\/www.prijedordanas.com\/#\/schema\/person\/image\/\",\"url\":\"https:\/\/secure.gravatar.com\/avatar\/1d3fc949d550f0b53a5f0d51e06dfd79?s=96&d=mm&r=g\",\"contentUrl\":\"https:\/\/secure.gravatar.com\/avatar\/1d3fc949d550f0b53a5f0d51e06dfd79?s=96&d=mm&r=g\",\"caption\":\"admin\"},\"url\":\"https:\/\/www.prijedordanas.com\/?author=1\"}]}<\/script>\n<!-- \/ Yoast SEO plugin. -->","yoast_head_json":{"title":"SU\u0110ENJE VLASENKO RADE I OSTALI: RO\u0110AK ODVEDEN PA UBIJEN - PrijedorDanas.com - Prijedorski gradski portal","robots":{"index":"index","follow":"follow","max-snippet":"max-snippet:-1","max-image-preview":"max-image-preview:large","max-video-preview":"max-video-preview:-1"},"canonical":"https:\/\/www.prijedordanas.com\/?p=97093","og_locale":"en_US","og_type":"article","og_title":"SU\u0110ENJE VLASENKO RADE I OSTALI: RO\u0110AK ODVEDEN PA UBIJEN - PrijedorDanas.com - Prijedorski gradski portal","og_description":"Svjedok Tu\u017eila\u0161tva BiH je izjavio da je sredinom jula 1992. godine optu\u017eeni Rade Vlasenko, s jo\u0161 dvije osobe, iz logora Trnopolje kod Prijedora odveo njegovog ro\u0111aka, koji je kasnije ubijen. [&hellip;]","og_url":"https:\/\/www.prijedordanas.com\/?p=97093","og_site_name":"PrijedorDanas.com - Prijedorski gradski portal","article_publisher":"https:\/\/www.facebook.com\/PrijedorDanasCom\/","article_published_time":"2018-01-21T08:44:18+00:00","og_image":[{"url":"https:\/\/www.prijedordanas.com\/wp-content\/uploads\/2016\/02\/sud-bih-3-2-300x225.jpg"}],"author":"admin","twitter_card":"summary_large_image","twitter_misc":{"Written by":"admin","Est. reading time":"2 minutes"},"schema":{"@context":"https:\/\/schema.org","@graph":[{"@type":"Article","@id":"https:\/\/www.prijedordanas.com\/?p=97093#article","isPartOf":{"@id":"https:\/\/www.prijedordanas.com\/?p=97093"},"author":{"name":"admin","@id":"https:\/\/www.prijedordanas.com\/#\/schema\/person\/4e08ccf29b506ca916ff86d46bb700e6"},"headline":"SU\u0110ENJE VLASENKO RADE I OSTALI: RO\u0110AK ODVEDEN PA UBIJEN","datePublished":"2018-01-21T08:44:18+00:00","dateModified":"2018-01-21T08:44:18+00:00","mainEntityOfPage":{"@id":"https:\/\/www.prijedordanas.com\/?p=97093"},"wordCount":398,"publisher":{"@id":"https:\/\/www.prijedordanas.com\/#organization"},"keywords":["Sud BiH"],"articleSection":["Hronika"],"inLanguage":"en-US"},{"@type":"WebPage","@id":"https:\/\/www.prijedordanas.com\/?p=97093","url":"https:\/\/www.prijedordanas.com\/?p=97093","name":"SU\u0110ENJE VLASENKO RADE I OSTALI: RO\u0110AK ODVEDEN PA UBIJEN - PrijedorDanas.com - Prijedorski gradski portal","isPartOf":{"@id":"https:\/\/www.prijedordanas.com\/#website"},"datePublished":"2018-01-21T08:44:18+00:00","dateModified":"2018-01-21T08:44:18+00:00","breadcrumb":{"@id":"https:\/\/www.prijedordanas.com\/?p=97093#breadcrumb"},"inLanguage":"en-US","potentialAction":[{"@type":"ReadAction","target":["https:\/\/www.prijedordanas.com\/?p=97093"]}]},{"@type":"BreadcrumbList","@id":"https:\/\/www.prijedordanas.com\/?p=97093#breadcrumb","itemListElement":[{"@type":"ListItem","position":1,"name":"Home","item":"https:\/\/www.prijedordanas.com\/"},{"@type":"ListItem","position":2,"name":"SU\u0110ENJE VLASENKO RADE I OSTALI: RO\u0110AK ODVEDEN PA UBIJEN"}]},{"@type":"WebSite","@id":"https:\/\/www.prijedordanas.com\/#website","url":"https:\/\/www.prijedordanas.com\/","name":"PrijedorDanas.com - Prijedorski gradski portal","description":"Portal o doga\u0111anjima u gradu Prijedoru","publisher":{"@id":"https:\/\/www.prijedordanas.com\/#organization"},"potentialAction":[{"@type":"SearchAction","target":{"@type":"EntryPoint","urlTemplate":"https:\/\/www.prijedordanas.com\/?s={search_term_string}"},"query-input":"required name=search_term_string"}],"inLanguage":"en-US"},{"@type":"Organization","@id":"https:\/\/www.prijedordanas.com\/#organization","name":"PrijedorDanas.com","url":"https:\/\/www.prijedordanas.com\/","logo":{"@type":"ImageObject","inLanguage":"en-US","@id":"https:\/\/www.prijedordanas.com\/#\/schema\/logo\/image\/","url":"http:\/\/www.prijedordanas.com\/wp-content\/uploads\/2021\/12\/logopng.png","contentUrl":"http:\/\/www.prijedordanas.com\/wp-content\/uploads\/2021\/12\/logopng.png","width":1019,"height":776,"caption":"PrijedorDanas.com"},"image":{"@id":"https:\/\/www.prijedordanas.com\/#\/schema\/logo\/image\/"},"sameAs":["https:\/\/www.facebook.com\/PrijedorDanasCom\/"]},{"@type":"Person","@id":"https:\/\/www.prijedordanas.com\/#\/schema\/person\/4e08ccf29b506ca916ff86d46bb700e6","name":"admin","image":{"@type":"ImageObject","inLanguage":"en-US","@id":"https:\/\/www.prijedordanas.com\/#\/schema\/person\/image\/","url":"https:\/\/secure.gravatar.com\/avatar\/1d3fc949d550f0b53a5f0d51e06dfd79?s=96&d=mm&r=g","contentUrl":"https:\/\/secure.gravatar.com\/avatar\/1d3fc949d550f0b53a5f0d51e06dfd79?s=96&d=mm&r=g","caption":"admin"},"url":"https:\/\/www.prijedordanas.com\/?author=1"}]}},"_links":{"self":[{"href":"https:\/\/www.prijedordanas.com\/index.php?rest_route=\/wp\/v2\/posts\/97093"}],"collection":[{"href":"https:\/\/www.prijedordanas.com\/index.php?rest_route=\/wp\/v2\/posts"}],"about":[{"href":"https:\/\/www.prijedordanas.com\/index.php?rest_route=\/wp\/v2\/types\/post"}],"author":[{"embeddable":true,"href":"https:\/\/www.prijedordanas.com\/index.php?rest_route=\/wp\/v2\/users\/1"}],"replies":[{"embeddable":true,"href":"https:\/\/www.prijedordanas.com\/index.php?rest_route=%2Fwp%2Fv2%2Fcomments&post=97093"}],"version-history":[{"count":1,"href":"https:\/\/www.prijedordanas.com\/index.php?rest_route=\/wp\/v2\/posts\/97093\/revisions"}],"predecessor-version":[{"id":97094,"href":"https:\/\/www.prijedordanas.com\/index.php?rest_route=\/wp\/v2\/posts\/97093\/revisions\/97094"}],"wp:attachment":[{"href":"https:\/\/www.prijedordanas.com\/index.php?rest_route=%2Fwp%2Fv2%2Fmedia&parent=97093"}],"wp:term":[{"taxonomy":"category","embeddable":true,"href":"https:\/\/www.prijedordanas.com\/index.php?rest_route=%2Fwp%2Fv2%2Fcategories&post=97093"},{"taxonomy":"post_tag","embeddable":true,"href":"https:\/\/www.prijedordanas.com\/index.php?rest_route=%2Fwp%2Fv2%2Ftags&post=97093"}],"curies":[{"name":"wp","href":"https:\/\/api.w.org\/{rel}","templated":true}]}}