{"id":96789,"date":"2018-01-16T17:32:08","date_gmt":"2018-01-16T16:32:08","guid":{"rendered":"https:\/\/www.prijedordanas.com\/?p=96789"},"modified":"2018-01-16T17:32:08","modified_gmt":"2018-01-16T16:32:08","slug":"prijedorski-lovci-odstrijelili-sakala-foto","status":"publish","type":"post","link":"https:\/\/www.prijedordanas.com\/?p=96789","title":{"rendered":"PRIJEDORSKI LOVCI ODSTRIJELILI \u0160AKALA &#8211; FOTO"},"content":{"rendered":"<p><a href=\"https:\/\/www.prijedordanas.com\/wp-content\/uploads\/2018\/01\/odstrijeljen-sakal-2.jpg\"><img loading=\"lazy\" decoding=\"async\" src=\"https:\/\/www.prijedordanas.com\/wp-content\/uploads\/2018\/01\/odstrijeljen-sakal-2-300x229.jpg\" alt=\"\" width=\"300\" height=\"229\" class=\"alignleft size-medium wp-image-96791\" srcset=\"https:\/\/www.prijedordanas.com\/wp-content\/uploads\/2018\/01\/odstrijeljen-sakal-2-300x229.jpg 300w, https:\/\/www.prijedordanas.com\/wp-content\/uploads\/2018\/01\/odstrijeljen-sakal-2-100x76.jpg 100w, https:\/\/www.prijedordanas.com\/wp-content\/uploads\/2018\/01\/odstrijeljen-sakal-2.jpg 656w\" sizes=\"(max-width: 300px) 100vw, 300px\" \/><\/a>\u010clanovi Lova\u010dkog udru\u017eenja \u201eLjubija\u201c iz Prijedora odstrijelili su na podru\u010dju sela Cikote \u0161akala, a sigurnu ruku i precizno oko tokom organizirane hajke imao je Nemanja Batoz, mje\u0161tanin Cikota i jedan od najmla\u0111ih lovaca ove sekcije.  <\/p>\n<p>Lovo\u010duvar Borislav Novakovi\u0107 poja\u0161njava da je rije\u010d o \u0161teto\u010dini koja je ove godine na podru\u010dju ovog lova\u010dkog gazdinstva usmrtila dvije srne.<\/p>\n<p>&#8211; Rije\u010d je o mu\u017ejaku i \u017eenki \u0161akala. \u017denka je odstrijeljena, ostao je jo\u0161 mu\u017ejak. Oni su prakti\u010dno dolazili do sela. Me\u0111utim, za razliku od pro\u0161lih godina, kada su napadali ovce i sitne \u017eivotinje, ove nisu pravili ve\u0107e \u0161tete, pa su mje\u0161tani, vjerovatno, mislili da je rije\u010d o psima, eventualno lisicama &#8211; kazao je Novakovi\u0107 i dodao da se \u0161akal na ovom podru\u010dju, na koje je stigao iz isto\u010dne Evrope, odoma\u0107io posljednjih nekoliko godina.<\/p>\n<p>Dnevni avaz<br \/>\nFoto &#8211; Milan \u0110urica<\/p>\n<p><a href=\"https:\/\/www.prijedordanas.com\/wp-content\/uploads\/2018\/01\/odstrijeljen-sakal-3.jpg\"><img loading=\"lazy\" decoding=\"async\" src=\"https:\/\/www.prijedordanas.com\/wp-content\/uploads\/2018\/01\/odstrijeljen-sakal-3-300x217.jpg\" alt=\"\" width=\"300\" height=\"217\" class=\"alignleft size-medium wp-image-96792\" srcset=\"https:\/\/www.prijedordanas.com\/wp-content\/uploads\/2018\/01\/odstrijeljen-sakal-3-300x217.jpg 300w, https:\/\/www.prijedordanas.com\/wp-content\/uploads\/2018\/01\/odstrijeljen-sakal-3-100x72.jpg 100w, https:\/\/www.prijedordanas.com\/wp-content\/uploads\/2018\/01\/odstrijeljen-sakal-3.jpg 690w\" sizes=\"(max-width: 300px) 100vw, 300px\" \/><\/a> <a href=\"https:\/\/www.prijedordanas.com\/wp-content\/uploads\/2018\/01\/odstrijeljen-sakal-4.jpg\"><img loading=\"lazy\" decoding=\"async\" src=\"https:\/\/www.prijedordanas.com\/wp-content\/uploads\/2018\/01\/odstrijeljen-sakal-4-300x217.jpg\" alt=\"\" width=\"300\" height=\"217\" class=\"alignleft size-medium wp-image-96793\" srcset=\"https:\/\/www.prijedordanas.com\/wp-content\/uploads\/2018\/01\/odstrijeljen-sakal-4-300x217.jpg 300w, https:\/\/www.prijedordanas.com\/wp-content\/uploads\/2018\/01\/odstrijeljen-sakal-4-100x72.jpg 100w, https:\/\/www.prijedordanas.com\/wp-content\/uploads\/2018\/01\/odstrijeljen-sakal-4.jpg 690w\" sizes=\"(max-width: 300px) 100vw, 300px\" \/><\/a> <a href=\"https:\/\/www.prijedordanas.com\/wp-content\/uploads\/2018\/01\/odstrijeljen-sakal-1.jpg\"><img loading=\"lazy\" decoding=\"async\" src=\"https:\/\/www.prijedordanas.com\/wp-content\/uploads\/2018\/01\/odstrijeljen-sakal-1-233x300.jpg\" alt=\"\" width=\"233\" height=\"300\" class=\"alignleft size-medium wp-image-96794\" srcset=\"https:\/\/www.prijedordanas.com\/wp-content\/uploads\/2018\/01\/odstrijeljen-sakal-1-233x300.jpg 233w, https:\/\/www.prijedordanas.com\/wp-content\/uploads\/2018\/01\/odstrijeljen-sakal-1-78x100.jpg 78w, https:\/\/www.prijedordanas.com\/wp-content\/uploads\/2018\/01\/odstrijeljen-sakal-1.jpg 466w\" sizes=\"(max-width: 233px) 100vw, 233px\" \/><\/a> <a href=\"https:\/\/www.prijedordanas.com\/wp-content\/uploads\/2018\/01\/odstrijeljen-sakal-5.jpg\"><img loading=\"lazy\" decoding=\"async\" src=\"https:\/\/www.prijedordanas.com\/wp-content\/uploads\/2018\/01\/odstrijeljen-sakal-5-300x217.jpg\" alt=\"\" width=\"300\" height=\"217\" class=\"alignleft size-medium wp-image-96795\" srcset=\"https:\/\/www.prijedordanas.com\/wp-content\/uploads\/2018\/01\/odstrijeljen-sakal-5-300x217.jpg 300w, https:\/\/www.prijedordanas.com\/wp-content\/uploads\/2018\/01\/odstrijeljen-sakal-5-100x72.jpg 100w, https:\/\/www.prijedordanas.com\/wp-content\/uploads\/2018\/01\/odstrijeljen-sakal-5.jpg 690w\" sizes=\"(max-width: 300px) 100vw, 300px\" \/><\/a> <a href=\"https:\/\/www.prijedordanas.com\/wp-content\/uploads\/2018\/01\/odstrijeljen-sakal-6.jpg\"><img loading=\"lazy\" decoding=\"async\" src=\"https:\/\/www.prijedordanas.com\/wp-content\/uploads\/2018\/01\/odstrijeljen-sakal-6-300x217.jpg\" alt=\"\" width=\"300\" height=\"217\" class=\"alignleft size-medium wp-image-96796\" srcset=\"https:\/\/www.prijedordanas.com\/wp-content\/uploads\/2018\/01\/odstrijeljen-sakal-6-300x217.jpg 300w, https:\/\/www.prijedordanas.com\/wp-content\/uploads\/2018\/01\/odstrijeljen-sakal-6-100x72.jpg 100w, https:\/\/www.prijedordanas.com\/wp-content\/uploads\/2018\/01\/odstrijeljen-sakal-6.jpg 690w\" sizes=\"(max-width: 300px) 100vw, 300px\" \/><\/a><\/p>\n","protected":false},"excerpt":{"rendered":"<p>\u010clanovi Lova\u010dkog udru\u017eenja \u201eLjubija\u201c iz Prijedora odstrijelili su na podru\u010dju sela Cikote \u0161akala, a sigurnu ruku i precizno oko tokom organizirane hajke imao je Nemanja Batoz, mje\u0161tanin Cikota i jedan [&hellip;]<\/p>\n","protected":false},"author":1,"featured_media":0,"comment_status":"closed","ping_status":"open","sticky":false,"template":"","format":"standard","meta":{"_monsterinsights_skip_tracking":false,"_monsterinsights_sitenote_active":false,"_monsterinsights_sitenote_note":"","_monsterinsights_sitenote_category":0,"footnotes":""},"categories":[3],"tags":[3098,10331],"yoast_head":"<!-- This site is optimized with the Yoast SEO plugin v21.6 - https:\/\/yoast.com\/wordpress\/plugins\/seo\/ -->\n<title>PRIJEDORSKI LOVCI ODSTRIJELILI \u0160AKALA - FOTO - PrijedorDanas.com - Prijedorski gradski portal<\/title>\n<meta name=\"robots\" content=\"index, follow, max-snippet:-1, max-image-preview:large, max-video-preview:-1\" \/>\n<link rel=\"canonical\" href=\"https:\/\/www.prijedordanas.com\/?p=96789\" \/>\n<meta property=\"og:locale\" content=\"en_US\" \/>\n<meta property=\"og:type\" content=\"article\" \/>\n<meta property=\"og:title\" content=\"PRIJEDORSKI LOVCI ODSTRIJELILI \u0160AKALA - FOTO - PrijedorDanas.com - Prijedorski gradski portal\" \/>\n<meta property=\"og:description\" content=\"\u010clanovi Lova\u010dkog udru\u017eenja \u201eLjubija\u201c iz Prijedora odstrijelili su na podru\u010dju sela Cikote \u0161akala, a sigurnu ruku i precizno oko tokom organizirane hajke imao je Nemanja Batoz, mje\u0161tanin Cikota i jedan [&hellip;]\" \/>\n<meta property=\"og:url\" content=\"https:\/\/www.prijedordanas.com\/?p=96789\" \/>\n<meta property=\"og:site_name\" content=\"PrijedorDanas.com - Prijedorski gradski portal\" \/>\n<meta property=\"article:publisher\" content=\"https:\/\/www.facebook.com\/PrijedorDanasCom\/\" \/>\n<meta property=\"article:published_time\" content=\"2018-01-16T16:32:08+00:00\" \/>\n<meta property=\"og:image\" content=\"https:\/\/www.prijedordanas.com\/wp-content\/uploads\/2018\/01\/odstrijeljen-sakal-2-300x229.jpg\" \/>\n<meta name=\"author\" content=\"admin\" \/>\n<meta name=\"twitter:card\" content=\"summary_large_image\" \/>\n<meta name=\"twitter:label1\" content=\"Written by\" \/>\n\t<meta name=\"twitter:data1\" content=\"admin\" \/>\n\t<meta name=\"twitter:label2\" content=\"Est. reading time\" \/>\n\t<meta name=\"twitter:data2\" content=\"1 minute\" \/>\n<script type=\"application\/ld+json\" class=\"yoast-schema-graph\">{\"@context\":\"https:\/\/schema.org\",\"@graph\":[{\"@type\":\"Article\",\"@id\":\"https:\/\/www.prijedordanas.com\/?p=96789#article\",\"isPartOf\":{\"@id\":\"https:\/\/www.prijedordanas.com\/?p=96789\"},\"author\":{\"name\":\"admin\",\"@id\":\"https:\/\/www.prijedordanas.com\/#\/schema\/person\/4e08ccf29b506ca916ff86d46bb700e6\"},\"headline\":\"PRIJEDORSKI LOVCI ODSTRIJELILI \u0160AKALA &#8211; FOTO\",\"datePublished\":\"2018-01-16T16:32:08+00:00\",\"dateModified\":\"2018-01-16T16:32:08+00:00\",\"mainEntityOfPage\":{\"@id\":\"https:\/\/www.prijedordanas.com\/?p=96789\"},\"wordCount\":162,\"publisher\":{\"@id\":\"https:\/\/www.prijedordanas.com\/#organization\"},\"keywords\":[\"lovci\",\"\u0161akal\"],\"articleSection\":[\"\u017divot\"],\"inLanguage\":\"en-US\"},{\"@type\":\"WebPage\",\"@id\":\"https:\/\/www.prijedordanas.com\/?p=96789\",\"url\":\"https:\/\/www.prijedordanas.com\/?p=96789\",\"name\":\"PRIJEDORSKI LOVCI ODSTRIJELILI \u0160AKALA - FOTO - PrijedorDanas.com - Prijedorski gradski portal\",\"isPartOf\":{\"@id\":\"https:\/\/www.prijedordanas.com\/#website\"},\"datePublished\":\"2018-01-16T16:32:08+00:00\",\"dateModified\":\"2018-01-16T16:32:08+00:00\",\"breadcrumb\":{\"@id\":\"https:\/\/www.prijedordanas.com\/?p=96789#breadcrumb\"},\"inLanguage\":\"en-US\",\"potentialAction\":[{\"@type\":\"ReadAction\",\"target\":[\"https:\/\/www.prijedordanas.com\/?p=96789\"]}]},{\"@type\":\"BreadcrumbList\",\"@id\":\"https:\/\/www.prijedordanas.com\/?p=96789#breadcrumb\",\"itemListElement\":[{\"@type\":\"ListItem\",\"position\":1,\"name\":\"Home\",\"item\":\"https:\/\/www.prijedordanas.com\/\"},{\"@type\":\"ListItem\",\"position\":2,\"name\":\"PRIJEDORSKI LOVCI ODSTRIJELILI \u0160AKALA &#8211; FOTO\"}]},{\"@type\":\"WebSite\",\"@id\":\"https:\/\/www.prijedordanas.com\/#website\",\"url\":\"https:\/\/www.prijedordanas.com\/\",\"name\":\"PrijedorDanas.com - Prijedorski gradski portal\",\"description\":\"Portal o doga\u0111anjima u gradu Prijedoru\",\"publisher\":{\"@id\":\"https:\/\/www.prijedordanas.com\/#organization\"},\"potentialAction\":[{\"@type\":\"SearchAction\",\"target\":{\"@type\":\"EntryPoint\",\"urlTemplate\":\"https:\/\/www.prijedordanas.com\/?s={search_term_string}\"},\"query-input\":\"required name=search_term_string\"}],\"inLanguage\":\"en-US\"},{\"@type\":\"Organization\",\"@id\":\"https:\/\/www.prijedordanas.com\/#organization\",\"name\":\"PrijedorDanas.com\",\"url\":\"https:\/\/www.prijedordanas.com\/\",\"logo\":{\"@type\":\"ImageObject\",\"inLanguage\":\"en-US\",\"@id\":\"https:\/\/www.prijedordanas.com\/#\/schema\/logo\/image\/\",\"url\":\"http:\/\/www.prijedordanas.com\/wp-content\/uploads\/2021\/12\/logopng.png\",\"contentUrl\":\"http:\/\/www.prijedordanas.com\/wp-content\/uploads\/2021\/12\/logopng.png\",\"width\":1019,\"height\":776,\"caption\":\"PrijedorDanas.com\"},\"image\":{\"@id\":\"https:\/\/www.prijedordanas.com\/#\/schema\/logo\/image\/\"},\"sameAs\":[\"https:\/\/www.facebook.com\/PrijedorDanasCom\/\"]},{\"@type\":\"Person\",\"@id\":\"https:\/\/www.prijedordanas.com\/#\/schema\/person\/4e08ccf29b506ca916ff86d46bb700e6\",\"name\":\"admin\",\"image\":{\"@type\":\"ImageObject\",\"inLanguage\":\"en-US\",\"@id\":\"https:\/\/www.prijedordanas.com\/#\/schema\/person\/image\/\",\"url\":\"https:\/\/secure.gravatar.com\/avatar\/1d3fc949d550f0b53a5f0d51e06dfd79?s=96&d=mm&r=g\",\"contentUrl\":\"https:\/\/secure.gravatar.com\/avatar\/1d3fc949d550f0b53a5f0d51e06dfd79?s=96&d=mm&r=g\",\"caption\":\"admin\"},\"url\":\"https:\/\/www.prijedordanas.com\/?author=1\"}]}<\/script>\n<!-- \/ Yoast SEO plugin. -->","yoast_head_json":{"title":"PRIJEDORSKI LOVCI ODSTRIJELILI \u0160AKALA - FOTO - PrijedorDanas.com - Prijedorski gradski portal","robots":{"index":"index","follow":"follow","max-snippet":"max-snippet:-1","max-image-preview":"max-image-preview:large","max-video-preview":"max-video-preview:-1"},"canonical":"https:\/\/www.prijedordanas.com\/?p=96789","og_locale":"en_US","og_type":"article","og_title":"PRIJEDORSKI LOVCI ODSTRIJELILI \u0160AKALA - FOTO - PrijedorDanas.com - Prijedorski gradski portal","og_description":"\u010clanovi Lova\u010dkog udru\u017eenja \u201eLjubija\u201c iz Prijedora odstrijelili su na podru\u010dju sela Cikote \u0161akala, a sigurnu ruku i precizno oko tokom organizirane hajke imao je Nemanja Batoz, mje\u0161tanin Cikota i jedan [&hellip;]","og_url":"https:\/\/www.prijedordanas.com\/?p=96789","og_site_name":"PrijedorDanas.com - Prijedorski gradski portal","article_publisher":"https:\/\/www.facebook.com\/PrijedorDanasCom\/","article_published_time":"2018-01-16T16:32:08+00:00","og_image":[{"url":"https:\/\/www.prijedordanas.com\/wp-content\/uploads\/2018\/01\/odstrijeljen-sakal-2-300x229.jpg"}],"author":"admin","twitter_card":"summary_large_image","twitter_misc":{"Written by":"admin","Est. reading time":"1 minute"},"schema":{"@context":"https:\/\/schema.org","@graph":[{"@type":"Article","@id":"https:\/\/www.prijedordanas.com\/?p=96789#article","isPartOf":{"@id":"https:\/\/www.prijedordanas.com\/?p=96789"},"author":{"name":"admin","@id":"https:\/\/www.prijedordanas.com\/#\/schema\/person\/4e08ccf29b506ca916ff86d46bb700e6"},"headline":"PRIJEDORSKI LOVCI ODSTRIJELILI \u0160AKALA &#8211; FOTO","datePublished":"2018-01-16T16:32:08+00:00","dateModified":"2018-01-16T16:32:08+00:00","mainEntityOfPage":{"@id":"https:\/\/www.prijedordanas.com\/?p=96789"},"wordCount":162,"publisher":{"@id":"https:\/\/www.prijedordanas.com\/#organization"},"keywords":["lovci","\u0161akal"],"articleSection":["\u017divot"],"inLanguage":"en-US"},{"@type":"WebPage","@id":"https:\/\/www.prijedordanas.com\/?p=96789","url":"https:\/\/www.prijedordanas.com\/?p=96789","name":"PRIJEDORSKI LOVCI ODSTRIJELILI \u0160AKALA - FOTO - PrijedorDanas.com - Prijedorski gradski portal","isPartOf":{"@id":"https:\/\/www.prijedordanas.com\/#website"},"datePublished":"2018-01-16T16:32:08+00:00","dateModified":"2018-01-16T16:32:08+00:00","breadcrumb":{"@id":"https:\/\/www.prijedordanas.com\/?p=96789#breadcrumb"},"inLanguage":"en-US","potentialAction":[{"@type":"ReadAction","target":["https:\/\/www.prijedordanas.com\/?p=96789"]}]},{"@type":"BreadcrumbList","@id":"https:\/\/www.prijedordanas.com\/?p=96789#breadcrumb","itemListElement":[{"@type":"ListItem","position":1,"name":"Home","item":"https:\/\/www.prijedordanas.com\/"},{"@type":"ListItem","position":2,"name":"PRIJEDORSKI LOVCI ODSTRIJELILI \u0160AKALA &#8211; FOTO"}]},{"@type":"WebSite","@id":"https:\/\/www.prijedordanas.com\/#website","url":"https:\/\/www.prijedordanas.com\/","name":"PrijedorDanas.com - Prijedorski gradski portal","description":"Portal o doga\u0111anjima u gradu Prijedoru","publisher":{"@id":"https:\/\/www.prijedordanas.com\/#organization"},"potentialAction":[{"@type":"SearchAction","target":{"@type":"EntryPoint","urlTemplate":"https:\/\/www.prijedordanas.com\/?s={search_term_string}"},"query-input":"required name=search_term_string"}],"inLanguage":"en-US"},{"@type":"Organization","@id":"https:\/\/www.prijedordanas.com\/#organization","name":"PrijedorDanas.com","url":"https:\/\/www.prijedordanas.com\/","logo":{"@type":"ImageObject","inLanguage":"en-US","@id":"https:\/\/www.prijedordanas.com\/#\/schema\/logo\/image\/","url":"http:\/\/www.prijedordanas.com\/wp-content\/uploads\/2021\/12\/logopng.png","contentUrl":"http:\/\/www.prijedordanas.com\/wp-content\/uploads\/2021\/12\/logopng.png","width":1019,"height":776,"caption":"PrijedorDanas.com"},"image":{"@id":"https:\/\/www.prijedordanas.com\/#\/schema\/logo\/image\/"},"sameAs":["https:\/\/www.facebook.com\/PrijedorDanasCom\/"]},{"@type":"Person","@id":"https:\/\/www.prijedordanas.com\/#\/schema\/person\/4e08ccf29b506ca916ff86d46bb700e6","name":"admin","image":{"@type":"ImageObject","inLanguage":"en-US","@id":"https:\/\/www.prijedordanas.com\/#\/schema\/person\/image\/","url":"https:\/\/secure.gravatar.com\/avatar\/1d3fc949d550f0b53a5f0d51e06dfd79?s=96&d=mm&r=g","contentUrl":"https:\/\/secure.gravatar.com\/avatar\/1d3fc949d550f0b53a5f0d51e06dfd79?s=96&d=mm&r=g","caption":"admin"},"url":"https:\/\/www.prijedordanas.com\/?author=1"}]}},"_links":{"self":[{"href":"https:\/\/www.prijedordanas.com\/index.php?rest_route=\/wp\/v2\/posts\/96789"}],"collection":[{"href":"https:\/\/www.prijedordanas.com\/index.php?rest_route=\/wp\/v2\/posts"}],"about":[{"href":"https:\/\/www.prijedordanas.com\/index.php?rest_route=\/wp\/v2\/types\/post"}],"author":[{"embeddable":true,"href":"https:\/\/www.prijedordanas.com\/index.php?rest_route=\/wp\/v2\/users\/1"}],"replies":[{"embeddable":true,"href":"https:\/\/www.prijedordanas.com\/index.php?rest_route=%2Fwp%2Fv2%2Fcomments&post=96789"}],"version-history":[{"count":2,"href":"https:\/\/www.prijedordanas.com\/index.php?rest_route=\/wp\/v2\/posts\/96789\/revisions"}],"predecessor-version":[{"id":96797,"href":"https:\/\/www.prijedordanas.com\/index.php?rest_route=\/wp\/v2\/posts\/96789\/revisions\/96797"}],"wp:attachment":[{"href":"https:\/\/www.prijedordanas.com\/index.php?rest_route=%2Fwp%2Fv2%2Fmedia&parent=96789"}],"wp:term":[{"taxonomy":"category","embeddable":true,"href":"https:\/\/www.prijedordanas.com\/index.php?rest_route=%2Fwp%2Fv2%2Fcategories&post=96789"},{"taxonomy":"post_tag","embeddable":true,"href":"https:\/\/www.prijedordanas.com\/index.php?rest_route=%2Fwp%2Fv2%2Ftags&post=96789"}],"curies":[{"name":"wp","href":"https:\/\/api.w.org\/{rel}","templated":true}]}}