{"id":9638,"date":"2014-10-24T14:37:23","date_gmt":"2014-10-24T13:37:23","guid":{"rendered":"https:\/\/www.prijedordanas.com\/?p=9638"},"modified":"2014-10-24T14:37:23","modified_gmt":"2014-10-24T13:37:23","slug":"izvjestaj-gradskog-odsjeka-za-civilnu-zastitu-o-jutrosnjoj-situaciji-i-preduzetim-mjerama-zastite-na-podrucju-prijedora-foto","status":"publish","type":"post","link":"https:\/\/www.prijedordanas.com\/?p=9638","title":{"rendered":"IZVJE\u0160TAJ GRADSKOG ODSJEKA ZA CIVILNU ZA\u0160TITU O JUTRO\u0160NJOJ SITUACIJI I PREDUZETIM MJERAMA ZA\u0160TITE NA PODRU\u010cJU PRIJEDORA &#8211; FOTO"},"content":{"rendered":"<p><a href=\"https:\/\/www.prijedordanas.com\/wp-content\/uploads\/2014\/10\/prijedorgrad-stanje-24oktobar-1.jpg\"><img loading=\"lazy\" decoding=\"async\" src=\"https:\/\/www.prijedordanas.com\/wp-content\/uploads\/2014\/10\/prijedorgrad-stanje-24oktobar-1-300x201.jpg\" alt=\"prijedorgrad-stanje-24oktobar (1)\" width=\"300\" height=\"201\" class=\"alignleft size-medium wp-image-9639\" srcset=\"https:\/\/www.prijedordanas.com\/wp-content\/uploads\/2014\/10\/prijedorgrad-stanje-24oktobar-1-300x201.jpg 300w, https:\/\/www.prijedordanas.com\/wp-content\/uploads\/2014\/10\/prijedorgrad-stanje-24oktobar-1-624x419.jpg 624w, https:\/\/www.prijedordanas.com\/wp-content\/uploads\/2014\/10\/prijedorgrad-stanje-24oktobar-1.jpg 640w\" sizes=\"(max-width: 300px) 100vw, 300px\" \/><\/a>Izvje\u0161taj o hidrolo\u0161koj situaciji  i preduzetim  mjerama za\u0161tite na podru\u010dju Grada Prijedora na dan 24.10.2014.godine(07,00)<\/p>\n<p>Na bazi prikupljenih podataka i uvida u postoje\u0107e stanje na podru\u010dju grada Prijedora mo\u017ee se konstatovati sljede\u0107e:<\/p>\n<p>POSTOJE\u0106E STANJE<\/p>\n<p>1.Usljed intenzivnih padavina na podru\u010dju grada Prijedora u toku no\u0107i 23\/24. 10. 2014.godine do\u0161lo je do naglog rasta vodostaja rijeke Milo\u0161evice   \u0161to je uzrokovalo njeno izlijevanje i plavljnje u zoni  naselja Topolik u kojem je zaplavljeno je oko 70 stambenih objekata a u 4 stambena obkjekta je u\u0161la voda<br \/>\n2.U naselju Donji Orlovci tako\u0111e je zaplavljeno oko 10 stambenih objekata.<br \/>\n3.Plavne vode su djelimi\u010dno poplavile put Prijedoor Trnopolje tako da je u zoni naselja Donji Orlovci ote\u017ean saobra\u0107aj kao i u zoni naselja Ra\u0161kovac kod prelaza (\u201eTrinnaesta).<br \/>\n4.Prema informacijama sa terena do\u0161lo je do izlijevanja rijeke Gomjenica u zoni naselja Omarska i plavljenja puta Omarska \u2013 Mari\u0107ka.<br \/>\n5.Vodostaji drugih rijeka tako\u0111e su u porastu ali nisu blizu kriti\u010dnog nivoa i trenutno ne prijeti izlijevanje iz korita i plavljenje od strane rijeke Sane (\u010diji je vodostaj trenutno 300 cm) i Gomjenice<\/p>\n<p><a href=\"https:\/\/www.prijedordanas.com\/wp-content\/uploads\/2014\/10\/prijedorgrad-stanje-24oktobar-2.jpg\"><img loading=\"lazy\" decoding=\"async\" src=\"https:\/\/www.prijedordanas.com\/wp-content\/uploads\/2014\/10\/prijedorgrad-stanje-24oktobar-2-300x201.jpg\" alt=\"prijedorgrad-stanje-24oktobar (2)\" width=\"300\" height=\"201\" class=\"alignleft size-medium wp-image-9640\" srcset=\"https:\/\/www.prijedordanas.com\/wp-content\/uploads\/2014\/10\/prijedorgrad-stanje-24oktobar-2-300x201.jpg 300w, https:\/\/www.prijedordanas.com\/wp-content\/uploads\/2014\/10\/prijedorgrad-stanje-24oktobar-2-624x419.jpg 624w, https:\/\/www.prijedordanas.com\/wp-content\/uploads\/2014\/10\/prijedorgrad-stanje-24oktobar-2.jpg 640w\" sizes=\"(max-width: 300px) 100vw, 300px\" \/><\/a>PREDUZETE MJERE<\/p>\n<p>-U zonu naselja Topolik je upu\u0107ena ekipa Teritorijalne vatrogasne jedinice za za\u0161titi i spasavanje na vodi koja  prema potrebama pru\u017ea pomo\u0107 stanovni\u0161tvu.<br \/>\n-Tako\u0111e je vr\u0161eno ispumpavanje vode iz prostorija u koje je prodrla plavna voda,<br \/>\n-Radovi na \u010di\u0161\u0107enju korita Milo\u0161eviva u zoni naselja Vrbice zna\u010dajno su doprinijeli da u ovoj fazi nije do\u0161lo do plavljenja stambenih objekata u naselju Vrbice.<\/p>\n<p>PRIJEDLOG MJERA<\/p>\n<p>1.Nastaviti sa aktivnostima pru\u017eanja pomo\u0107i stanovni\u0161tvu koje je ugro\u017eeno poplavom u naselju Topolik<br \/>\n2.Preduzeti potrebne mjere radi spre\u010davanja daljeg plavljenja stambenih objekata u ovom naselju.<br \/>\n3.Obavezuje se Odsjek civilne za\u0161tite da stalno preti stanje na terenu i prema ukazanim potrebama predla\u017ee preduzimanje potrebnih mjera.<\/p>\n<p>www.prijedorgrad.org<br \/>\n<a href=\"https:\/\/www.prijedordanas.com\/wp-content\/uploads\/2014\/10\/prijedorgrad-stanje-24oktobar-3.jpg\"><img loading=\"lazy\" decoding=\"async\" src=\"https:\/\/www.prijedordanas.com\/wp-content\/uploads\/2014\/10\/prijedorgrad-stanje-24oktobar-3-300x201.jpg\" alt=\"prijedorgrad-stanje-24oktobar (3)\" width=\"300\" height=\"201\" class=\"alignleft size-medium wp-image-9641\" srcset=\"https:\/\/www.prijedordanas.com\/wp-content\/uploads\/2014\/10\/prijedorgrad-stanje-24oktobar-3-300x201.jpg 300w, https:\/\/www.prijedordanas.com\/wp-content\/uploads\/2014\/10\/prijedorgrad-stanje-24oktobar-3-624x419.jpg 624w, https:\/\/www.prijedordanas.com\/wp-content\/uploads\/2014\/10\/prijedorgrad-stanje-24oktobar-3.jpg 640w\" sizes=\"(max-width: 300px) 100vw, 300px\" \/><\/a> <a href=\"https:\/\/www.prijedordanas.com\/wp-content\/uploads\/2014\/10\/prijedorgrad-stanje-24oktobar-4.jpg\"><img loading=\"lazy\" decoding=\"async\" src=\"https:\/\/www.prijedordanas.com\/wp-content\/uploads\/2014\/10\/prijedorgrad-stanje-24oktobar-4-300x201.jpg\" alt=\"prijedorgrad-stanje-24oktobar (4)\" width=\"300\" height=\"201\" class=\"alignleft size-medium wp-image-9642\" srcset=\"https:\/\/www.prijedordanas.com\/wp-content\/uploads\/2014\/10\/prijedorgrad-stanje-24oktobar-4-300x201.jpg 300w, https:\/\/www.prijedordanas.com\/wp-content\/uploads\/2014\/10\/prijedorgrad-stanje-24oktobar-4-624x419.jpg 624w, https:\/\/www.prijedordanas.com\/wp-content\/uploads\/2014\/10\/prijedorgrad-stanje-24oktobar-4.jpg 640w\" sizes=\"(max-width: 300px) 100vw, 300px\" \/><\/a> <a href=\"https:\/\/www.prijedordanas.com\/wp-content\/uploads\/2014\/10\/prijedorgrad-stanje-24oktobar-5.jpg\"><img loading=\"lazy\" decoding=\"async\" src=\"https:\/\/www.prijedordanas.com\/wp-content\/uploads\/2014\/10\/prijedorgrad-stanje-24oktobar-5-300x201.jpg\" alt=\"prijedorgrad-stanje-24oktobar (5)\" width=\"300\" height=\"201\" class=\"alignleft size-medium wp-image-9643\" srcset=\"https:\/\/www.prijedordanas.com\/wp-content\/uploads\/2014\/10\/prijedorgrad-stanje-24oktobar-5-300x201.jpg 300w, https:\/\/www.prijedordanas.com\/wp-content\/uploads\/2014\/10\/prijedorgrad-stanje-24oktobar-5-624x418.jpg 624w, https:\/\/www.prijedordanas.com\/wp-content\/uploads\/2014\/10\/prijedorgrad-stanje-24oktobar-5.jpg 639w\" sizes=\"(max-width: 300px) 100vw, 300px\" \/><\/a><\/p>\n","protected":false},"excerpt":{"rendered":"<p>Izvje\u0161taj o hidrolo\u0161koj situaciji i preduzetim mjerama za\u0161tite na podru\u010dju Grada Prijedora na dan 24.10.2014.godine(07,00) Na bazi prikupljenih podataka i uvida u postoje\u0107e stanje na podru\u010dju grada Prijedora mo\u017ee se [&hellip;]<\/p>\n","protected":false},"author":1,"featured_media":0,"comment_status":"closed","ping_status":"open","sticky":false,"template":"","format":"standard","meta":{"_monsterinsights_skip_tracking":false,"_monsterinsights_sitenote_active":false,"_monsterinsights_sitenote_note":"","_monsterinsights_sitenote_category":0,"footnotes":""},"categories":[4],"tags":[],"yoast_head":"<!-- This site is optimized with the Yoast SEO plugin v21.6 - https:\/\/yoast.com\/wordpress\/plugins\/seo\/ -->\n<title>IZVJE\u0160TAJ GRADSKOG ODSJEKA ZA CIVILNU ZA\u0160TITU O JUTRO\u0160NJOJ SITUACIJI I PREDUZETIM MJERAMA ZA\u0160TITE NA PODRU\u010cJU PRIJEDORA - FOTO - PrijedorDanas.com - Prijedorski gradski portal<\/title>\n<meta name=\"robots\" content=\"index, follow, max-snippet:-1, max-image-preview:large, max-video-preview:-1\" \/>\n<link rel=\"canonical\" href=\"https:\/\/www.prijedordanas.com\/?p=9638\" \/>\n<meta property=\"og:locale\" content=\"en_US\" \/>\n<meta property=\"og:type\" content=\"article\" \/>\n<meta property=\"og:title\" content=\"IZVJE\u0160TAJ GRADSKOG ODSJEKA ZA CIVILNU ZA\u0160TITU O JUTRO\u0160NJOJ SITUACIJI I PREDUZETIM MJERAMA ZA\u0160TITE NA PODRU\u010cJU PRIJEDORA - FOTO - PrijedorDanas.com - Prijedorski gradski portal\" \/>\n<meta property=\"og:description\" content=\"Izvje\u0161taj o hidrolo\u0161koj situaciji i preduzetim mjerama za\u0161tite na podru\u010dju Grada Prijedora na dan 24.10.2014.godine(07,00) Na bazi prikupljenih podataka i uvida u postoje\u0107e stanje na podru\u010dju grada Prijedora mo\u017ee se [&hellip;]\" \/>\n<meta property=\"og:url\" content=\"https:\/\/www.prijedordanas.com\/?p=9638\" \/>\n<meta property=\"og:site_name\" content=\"PrijedorDanas.com - Prijedorski gradski portal\" \/>\n<meta property=\"article:publisher\" content=\"https:\/\/www.facebook.com\/PrijedorDanasCom\/\" \/>\n<meta property=\"article:published_time\" content=\"2014-10-24T13:37:23+00:00\" \/>\n<meta property=\"og:image\" content=\"https:\/\/www.prijedordanas.com\/wp-content\/uploads\/2014\/10\/prijedorgrad-stanje-24oktobar-1-300x201.jpg\" \/>\n<meta name=\"author\" content=\"admin\" \/>\n<meta name=\"twitter:card\" content=\"summary_large_image\" \/>\n<meta name=\"twitter:label1\" content=\"Written by\" \/>\n\t<meta name=\"twitter:data1\" content=\"admin\" \/>\n\t<meta name=\"twitter:label2\" content=\"Est. reading time\" \/>\n\t<meta name=\"twitter:data2\" content=\"2 minutes\" \/>\n<script type=\"application\/ld+json\" class=\"yoast-schema-graph\">{\"@context\":\"https:\/\/schema.org\",\"@graph\":[{\"@type\":\"Article\",\"@id\":\"https:\/\/www.prijedordanas.com\/?p=9638#article\",\"isPartOf\":{\"@id\":\"https:\/\/www.prijedordanas.com\/?p=9638\"},\"author\":{\"name\":\"admin\",\"@id\":\"https:\/\/www.prijedordanas.com\/#\/schema\/person\/4e08ccf29b506ca916ff86d46bb700e6\"},\"headline\":\"IZVJE\u0160TAJ GRADSKOG ODSJEKA ZA CIVILNU ZA\u0160TITU O JUTRO\u0160NJOJ SITUACIJI I PREDUZETIM MJERAMA ZA\u0160TITE NA PODRU\u010cJU PRIJEDORA &#8211; FOTO\",\"datePublished\":\"2014-10-24T13:37:23+00:00\",\"dateModified\":\"2014-10-24T13:37:23+00:00\",\"mainEntityOfPage\":{\"@id\":\"https:\/\/www.prijedordanas.com\/?p=9638\"},\"wordCount\":341,\"publisher\":{\"@id\":\"https:\/\/www.prijedordanas.com\/#organization\"},\"articleSection\":[\"Dru\u0161tvo\"],\"inLanguage\":\"en-US\"},{\"@type\":\"WebPage\",\"@id\":\"https:\/\/www.prijedordanas.com\/?p=9638\",\"url\":\"https:\/\/www.prijedordanas.com\/?p=9638\",\"name\":\"IZVJE\u0160TAJ GRADSKOG ODSJEKA ZA CIVILNU ZA\u0160TITU O JUTRO\u0160NJOJ SITUACIJI I PREDUZETIM MJERAMA ZA\u0160TITE NA PODRU\u010cJU PRIJEDORA - FOTO - PrijedorDanas.com - Prijedorski gradski portal\",\"isPartOf\":{\"@id\":\"https:\/\/www.prijedordanas.com\/#website\"},\"datePublished\":\"2014-10-24T13:37:23+00:00\",\"dateModified\":\"2014-10-24T13:37:23+00:00\",\"breadcrumb\":{\"@id\":\"https:\/\/www.prijedordanas.com\/?p=9638#breadcrumb\"},\"inLanguage\":\"en-US\",\"potentialAction\":[{\"@type\":\"ReadAction\",\"target\":[\"https:\/\/www.prijedordanas.com\/?p=9638\"]}]},{\"@type\":\"BreadcrumbList\",\"@id\":\"https:\/\/www.prijedordanas.com\/?p=9638#breadcrumb\",\"itemListElement\":[{\"@type\":\"ListItem\",\"position\":1,\"name\":\"Home\",\"item\":\"https:\/\/www.prijedordanas.com\/\"},{\"@type\":\"ListItem\",\"position\":2,\"name\":\"IZVJE\u0160TAJ GRADSKOG ODSJEKA ZA CIVILNU ZA\u0160TITU O JUTRO\u0160NJOJ SITUACIJI I PREDUZETIM MJERAMA ZA\u0160TITE NA PODRU\u010cJU PRIJEDORA &#8211; FOTO\"}]},{\"@type\":\"WebSite\",\"@id\":\"https:\/\/www.prijedordanas.com\/#website\",\"url\":\"https:\/\/www.prijedordanas.com\/\",\"name\":\"PrijedorDanas.com - Prijedorski gradski portal\",\"description\":\"Portal o doga\u0111anjima u gradu Prijedoru\",\"publisher\":{\"@id\":\"https:\/\/www.prijedordanas.com\/#organization\"},\"potentialAction\":[{\"@type\":\"SearchAction\",\"target\":{\"@type\":\"EntryPoint\",\"urlTemplate\":\"https:\/\/www.prijedordanas.com\/?s={search_term_string}\"},\"query-input\":\"required name=search_term_string\"}],\"inLanguage\":\"en-US\"},{\"@type\":\"Organization\",\"@id\":\"https:\/\/www.prijedordanas.com\/#organization\",\"name\":\"PrijedorDanas.com\",\"url\":\"https:\/\/www.prijedordanas.com\/\",\"logo\":{\"@type\":\"ImageObject\",\"inLanguage\":\"en-US\",\"@id\":\"https:\/\/www.prijedordanas.com\/#\/schema\/logo\/image\/\",\"url\":\"http:\/\/www.prijedordanas.com\/wp-content\/uploads\/2021\/12\/logopng.png\",\"contentUrl\":\"http:\/\/www.prijedordanas.com\/wp-content\/uploads\/2021\/12\/logopng.png\",\"width\":1019,\"height\":776,\"caption\":\"PrijedorDanas.com\"},\"image\":{\"@id\":\"https:\/\/www.prijedordanas.com\/#\/schema\/logo\/image\/\"},\"sameAs\":[\"https:\/\/www.facebook.com\/PrijedorDanasCom\/\"]},{\"@type\":\"Person\",\"@id\":\"https:\/\/www.prijedordanas.com\/#\/schema\/person\/4e08ccf29b506ca916ff86d46bb700e6\",\"name\":\"admin\",\"image\":{\"@type\":\"ImageObject\",\"inLanguage\":\"en-US\",\"@id\":\"https:\/\/www.prijedordanas.com\/#\/schema\/person\/image\/\",\"url\":\"https:\/\/secure.gravatar.com\/avatar\/1d3fc949d550f0b53a5f0d51e06dfd79?s=96&d=mm&r=g\",\"contentUrl\":\"https:\/\/secure.gravatar.com\/avatar\/1d3fc949d550f0b53a5f0d51e06dfd79?s=96&d=mm&r=g\",\"caption\":\"admin\"},\"url\":\"https:\/\/www.prijedordanas.com\/?author=1\"}]}<\/script>\n<!-- \/ Yoast SEO plugin. -->","yoast_head_json":{"title":"IZVJE\u0160TAJ GRADSKOG ODSJEKA ZA CIVILNU ZA\u0160TITU O JUTRO\u0160NJOJ SITUACIJI I PREDUZETIM MJERAMA ZA\u0160TITE NA PODRU\u010cJU PRIJEDORA - FOTO - PrijedorDanas.com - Prijedorski gradski portal","robots":{"index":"index","follow":"follow","max-snippet":"max-snippet:-1","max-image-preview":"max-image-preview:large","max-video-preview":"max-video-preview:-1"},"canonical":"https:\/\/www.prijedordanas.com\/?p=9638","og_locale":"en_US","og_type":"article","og_title":"IZVJE\u0160TAJ GRADSKOG ODSJEKA ZA CIVILNU ZA\u0160TITU O JUTRO\u0160NJOJ SITUACIJI I PREDUZETIM MJERAMA ZA\u0160TITE NA PODRU\u010cJU PRIJEDORA - FOTO - PrijedorDanas.com - Prijedorski gradski portal","og_description":"Izvje\u0161taj o hidrolo\u0161koj situaciji i preduzetim mjerama za\u0161tite na podru\u010dju Grada Prijedora na dan 24.10.2014.godine(07,00) Na bazi prikupljenih podataka i uvida u postoje\u0107e stanje na podru\u010dju grada Prijedora mo\u017ee se [&hellip;]","og_url":"https:\/\/www.prijedordanas.com\/?p=9638","og_site_name":"PrijedorDanas.com - Prijedorski gradski portal","article_publisher":"https:\/\/www.facebook.com\/PrijedorDanasCom\/","article_published_time":"2014-10-24T13:37:23+00:00","og_image":[{"url":"https:\/\/www.prijedordanas.com\/wp-content\/uploads\/2014\/10\/prijedorgrad-stanje-24oktobar-1-300x201.jpg"}],"author":"admin","twitter_card":"summary_large_image","twitter_misc":{"Written by":"admin","Est. reading time":"2 minutes"},"schema":{"@context":"https:\/\/schema.org","@graph":[{"@type":"Article","@id":"https:\/\/www.prijedordanas.com\/?p=9638#article","isPartOf":{"@id":"https:\/\/www.prijedordanas.com\/?p=9638"},"author":{"name":"admin","@id":"https:\/\/www.prijedordanas.com\/#\/schema\/person\/4e08ccf29b506ca916ff86d46bb700e6"},"headline":"IZVJE\u0160TAJ GRADSKOG ODSJEKA ZA CIVILNU ZA\u0160TITU O JUTRO\u0160NJOJ SITUACIJI I PREDUZETIM MJERAMA ZA\u0160TITE NA PODRU\u010cJU PRIJEDORA &#8211; FOTO","datePublished":"2014-10-24T13:37:23+00:00","dateModified":"2014-10-24T13:37:23+00:00","mainEntityOfPage":{"@id":"https:\/\/www.prijedordanas.com\/?p=9638"},"wordCount":341,"publisher":{"@id":"https:\/\/www.prijedordanas.com\/#organization"},"articleSection":["Dru\u0161tvo"],"inLanguage":"en-US"},{"@type":"WebPage","@id":"https:\/\/www.prijedordanas.com\/?p=9638","url":"https:\/\/www.prijedordanas.com\/?p=9638","name":"IZVJE\u0160TAJ GRADSKOG ODSJEKA ZA CIVILNU ZA\u0160TITU O JUTRO\u0160NJOJ SITUACIJI I PREDUZETIM MJERAMA ZA\u0160TITE NA PODRU\u010cJU PRIJEDORA - FOTO - PrijedorDanas.com - Prijedorski gradski portal","isPartOf":{"@id":"https:\/\/www.prijedordanas.com\/#website"},"datePublished":"2014-10-24T13:37:23+00:00","dateModified":"2014-10-24T13:37:23+00:00","breadcrumb":{"@id":"https:\/\/www.prijedordanas.com\/?p=9638#breadcrumb"},"inLanguage":"en-US","potentialAction":[{"@type":"ReadAction","target":["https:\/\/www.prijedordanas.com\/?p=9638"]}]},{"@type":"BreadcrumbList","@id":"https:\/\/www.prijedordanas.com\/?p=9638#breadcrumb","itemListElement":[{"@type":"ListItem","position":1,"name":"Home","item":"https:\/\/www.prijedordanas.com\/"},{"@type":"ListItem","position":2,"name":"IZVJE\u0160TAJ GRADSKOG ODSJEKA ZA CIVILNU ZA\u0160TITU O JUTRO\u0160NJOJ SITUACIJI I PREDUZETIM MJERAMA ZA\u0160TITE NA PODRU\u010cJU PRIJEDORA &#8211; FOTO"}]},{"@type":"WebSite","@id":"https:\/\/www.prijedordanas.com\/#website","url":"https:\/\/www.prijedordanas.com\/","name":"PrijedorDanas.com - Prijedorski gradski portal","description":"Portal o doga\u0111anjima u gradu Prijedoru","publisher":{"@id":"https:\/\/www.prijedordanas.com\/#organization"},"potentialAction":[{"@type":"SearchAction","target":{"@type":"EntryPoint","urlTemplate":"https:\/\/www.prijedordanas.com\/?s={search_term_string}"},"query-input":"required name=search_term_string"}],"inLanguage":"en-US"},{"@type":"Organization","@id":"https:\/\/www.prijedordanas.com\/#organization","name":"PrijedorDanas.com","url":"https:\/\/www.prijedordanas.com\/","logo":{"@type":"ImageObject","inLanguage":"en-US","@id":"https:\/\/www.prijedordanas.com\/#\/schema\/logo\/image\/","url":"http:\/\/www.prijedordanas.com\/wp-content\/uploads\/2021\/12\/logopng.png","contentUrl":"http:\/\/www.prijedordanas.com\/wp-content\/uploads\/2021\/12\/logopng.png","width":1019,"height":776,"caption":"PrijedorDanas.com"},"image":{"@id":"https:\/\/www.prijedordanas.com\/#\/schema\/logo\/image\/"},"sameAs":["https:\/\/www.facebook.com\/PrijedorDanasCom\/"]},{"@type":"Person","@id":"https:\/\/www.prijedordanas.com\/#\/schema\/person\/4e08ccf29b506ca916ff86d46bb700e6","name":"admin","image":{"@type":"ImageObject","inLanguage":"en-US","@id":"https:\/\/www.prijedordanas.com\/#\/schema\/person\/image\/","url":"https:\/\/secure.gravatar.com\/avatar\/1d3fc949d550f0b53a5f0d51e06dfd79?s=96&d=mm&r=g","contentUrl":"https:\/\/secure.gravatar.com\/avatar\/1d3fc949d550f0b53a5f0d51e06dfd79?s=96&d=mm&r=g","caption":"admin"},"url":"https:\/\/www.prijedordanas.com\/?author=1"}]}},"_links":{"self":[{"href":"https:\/\/www.prijedordanas.com\/index.php?rest_route=\/wp\/v2\/posts\/9638"}],"collection":[{"href":"https:\/\/www.prijedordanas.com\/index.php?rest_route=\/wp\/v2\/posts"}],"about":[{"href":"https:\/\/www.prijedordanas.com\/index.php?rest_route=\/wp\/v2\/types\/post"}],"author":[{"embeddable":true,"href":"https:\/\/www.prijedordanas.com\/index.php?rest_route=\/wp\/v2\/users\/1"}],"replies":[{"embeddable":true,"href":"https:\/\/www.prijedordanas.com\/index.php?rest_route=%2Fwp%2Fv2%2Fcomments&post=9638"}],"version-history":[{"count":1,"href":"https:\/\/www.prijedordanas.com\/index.php?rest_route=\/wp\/v2\/posts\/9638\/revisions"}],"predecessor-version":[{"id":9644,"href":"https:\/\/www.prijedordanas.com\/index.php?rest_route=\/wp\/v2\/posts\/9638\/revisions\/9644"}],"wp:attachment":[{"href":"https:\/\/www.prijedordanas.com\/index.php?rest_route=%2Fwp%2Fv2%2Fmedia&parent=9638"}],"wp:term":[{"taxonomy":"category","embeddable":true,"href":"https:\/\/www.prijedordanas.com\/index.php?rest_route=%2Fwp%2Fv2%2Fcategories&post=9638"},{"taxonomy":"post_tag","embeddable":true,"href":"https:\/\/www.prijedordanas.com\/index.php?rest_route=%2Fwp%2Fv2%2Ftags&post=9638"}],"curies":[{"name":"wp","href":"https:\/\/api.w.org\/{rel}","templated":true}]}}