{"id":96358,"date":"2018-01-17T09:35:59","date_gmt":"2018-01-17T08:35:59","guid":{"rendered":"https:\/\/www.prijedordanas.com\/?p=96358"},"modified":"2018-01-17T09:35:59","modified_gmt":"2018-01-17T08:35:59","slug":"jelena-govedarica-sve-moje-ljubavi-su-se-burno-zavrsavale-jer-su-bile-prave","status":"publish","type":"post","link":"https:\/\/www.prijedordanas.com\/?p=96358","title":{"rendered":"JELENA GOVEDARICA: SVE MOJE LJUBAVI SU SE BURNO ZAVR\u0160AVALE JER SU BILE PRAVE"},"content":{"rendered":"<p><a href=\"https:\/\/www.prijedordanas.com\/wp-content\/uploads\/2018\/01\/jelena-govedarica.jpg\"><img loading=\"lazy\" decoding=\"async\" class=\"alignleft size-medium wp-image-96359\" src=\"https:\/\/www.prijedordanas.com\/wp-content\/uploads\/2018\/01\/jelena-govedarica-300x300.jpg\" alt=\"\" width=\"300\" height=\"300\" srcset=\"https:\/\/www.prijedordanas.com\/wp-content\/uploads\/2018\/01\/jelena-govedarica-300x300.jpg 300w, https:\/\/www.prijedordanas.com\/wp-content\/uploads\/2018\/01\/jelena-govedarica-150x150.jpg 150w, https:\/\/www.prijedordanas.com\/wp-content\/uploads\/2018\/01\/jelena-govedarica-100x100.jpg 100w, https:\/\/www.prijedordanas.com\/wp-content\/uploads\/2018\/01\/jelena-govedarica-50x50.jpg 50w, https:\/\/www.prijedordanas.com\/wp-content\/uploads\/2018\/01\/jelena-govedarica.jpg 600w\" sizes=\"(max-width: 300px) 100vw, 300px\" \/><\/a>Bilo je puno te\u0161kih trenutaka, ali kada vam Bog da talenat i mo\u0107 da vladate sobom ne morate da brinete, jer je uspjeh zagarantovan \u2013 kroz osmijeh je kazala<\/p>\n<p>Stilistica Jelena Govedarica tokom deset godina svoje karijere uspjela je sakriti privatni \u017eivot. Krila ga je kao zmija noge. I to s razlogom. \u017deljela je svoj posao staviti u prvi plan i u tome je i uspjela. Svoju desetu godi\u0161njicu proslavila je 53. Fashion Show-om.<\/p>\n<p>Mo\u017eemo sa pravom re\u0107i da je to neobi\u010dno za osobe iz javnog svijeta. Jelena je svoju karijeru radila sama, bez i\u010dije pomo\u0107i. Rano je postala samostalna i svojim trudom i zalaganjem je dospjela ovdje gdje je danas. Na pitanje o ljubavi, kazala je:<\/p>\n<p>\u2013 Sve moje ljubavi su burno zavr\u0161avale, jer su i bile prave (osmijeh). Ljubav je mentalna telepatska veza izme\u0111u dvoje ljudi koja preraste u stabilan odnos uz ozbiljan trud partnera. A ja sam imala takvu jednu \u2013 rekla je Jelena.<\/p>\n<p><a href=\"https:\/\/www.prijedordanas.com\/wp-content\/uploads\/2017\/02\/jelena-govedarica-promo-lice-modne-revije-2.jpg\"><img loading=\"lazy\" decoding=\"async\" class=\"alignleft size-medium wp-image-75315\" src=\"https:\/\/www.prijedordanas.com\/wp-content\/uploads\/2017\/02\/jelena-govedarica-promo-lice-modne-revije-2-264x300.jpg\" alt=\"\" width=\"264\" height=\"300\" srcset=\"https:\/\/www.prijedordanas.com\/wp-content\/uploads\/2017\/02\/jelena-govedarica-promo-lice-modne-revije-2-264x300.jpg 264w, https:\/\/www.prijedordanas.com\/wp-content\/uploads\/2017\/02\/jelena-govedarica-promo-lice-modne-revije-2-88x100.jpg 88w, https:\/\/www.prijedordanas.com\/wp-content\/uploads\/2017\/02\/jelena-govedarica-promo-lice-modne-revije-2.jpg 528w\" sizes=\"(max-width: 264px) 100vw, 264px\" \/><\/a>Kada bi birala koji ti je najte\u017ei period \u017eivota, koji bi izabrala. Jelena je uz kratko \u0161utanje odgovorila:<\/p>\n<p>\u2013 Prije sedam godina uzela sam \u017eivot u svoje ruke, bez para. Samo sam imala snagu i viziju te sam uz pomo\u0107 te dvije svari otvorila \u0161kolu \u201eModels by JG\u201c. Bilo je puno te\u0161kih trenutaka , ali kada vam Bog da talenat i mo\u0107 da vladate sobom ne morate da brinete, jer je uspjeh zagarantovan \u2013 kroz osmijeh je kazala.<\/p>\n<p>Osvrnuli smo se na te\u017einu i surovost posla kojim se ona bavi, te smo je upitali koliko je zapravo te\u0161ko \u201evladati\u201c u ovakvom svijetu dje postoje velike koli\u010dine ljubomore:<\/p>\n<p>\u2013 Sve one koji su surovi smatram velikim fanovima i opra\u0161tam im, jer pru\u017eaju ono \u0161to imaju u sebi. Previ\u0161e sam ulo\u017eila u ljude, po\u010dev\u0161i od suza do strpljena\u2026 Nije va\u017eno \u0161ta misle ljudi, bitno je \u0161ta misli Bog. \u010cim vas neko napada ili konstantno primje\u0107uje, kako ga ne vole i optere\u0107en je time i tada \u010dovjek nije u harmoniji sa samim sobom i nema problem sa vama ve\u0107 sa sobom \u2013 zavr\u0161ava Govedarica.<\/p>\n<p>Express Magazin<\/p>\n<p><a href=\"https:\/\/www.prijedordanas.com\/wp-content\/uploads\/2017\/11\/fatalna-zena-5.jpg\"><img loading=\"lazy\" decoding=\"async\" class=\"alignleft size-medium wp-image-93076\" src=\"https:\/\/www.prijedordanas.com\/wp-content\/uploads\/2017\/11\/fatalna-zena-5-300x217.jpg\" alt=\"\" width=\"300\" height=\"217\" srcset=\"https:\/\/www.prijedordanas.com\/wp-content\/uploads\/2017\/11\/fatalna-zena-5-300x217.jpg 300w, https:\/\/www.prijedordanas.com\/wp-content\/uploads\/2017\/11\/fatalna-zena-5-100x72.jpg 100w, https:\/\/www.prijedordanas.com\/wp-content\/uploads\/2017\/11\/fatalna-zena-5.jpg 690w\" sizes=\"(max-width: 300px) 100vw, 300px\" \/><\/a><\/p>\n","protected":false},"excerpt":{"rendered":"<p>Bilo je puno te\u0161kih trenutaka, ali kada vam Bog da talenat i mo\u0107 da vladate sobom ne morate da brinete, jer je uspjeh zagarantovan \u2013 kroz osmijeh je kazala Stilistica [&hellip;]<\/p>\n","protected":false},"author":1,"featured_media":0,"comment_status":"closed","ping_status":"open","sticky":false,"template":"","format":"standard","meta":{"_monsterinsights_skip_tracking":false,"_monsterinsights_sitenote_active":false,"_monsterinsights_sitenote_note":"","_monsterinsights_sitenote_category":0,"footnotes":""},"categories":[3],"tags":[831,3568],"yoast_head":"<!-- This site is optimized with the Yoast SEO plugin v21.6 - https:\/\/yoast.com\/wordpress\/plugins\/seo\/ -->\n<title>JELENA GOVEDARICA: SVE MOJE LJUBAVI SU SE BURNO ZAVR\u0160AVALE JER SU BILE PRAVE - PrijedorDanas.com - Prijedorski gradski portal<\/title>\n<meta name=\"robots\" content=\"index, follow, max-snippet:-1, max-image-preview:large, max-video-preview:-1\" \/>\n<link rel=\"canonical\" href=\"https:\/\/www.prijedordanas.com\/?p=96358\" \/>\n<meta property=\"og:locale\" content=\"en_US\" \/>\n<meta property=\"og:type\" content=\"article\" \/>\n<meta property=\"og:title\" content=\"JELENA GOVEDARICA: SVE MOJE LJUBAVI SU SE BURNO ZAVR\u0160AVALE JER SU BILE PRAVE - PrijedorDanas.com - Prijedorski gradski portal\" \/>\n<meta property=\"og:description\" content=\"Bilo je puno te\u0161kih trenutaka, ali kada vam Bog da talenat i mo\u0107 da vladate sobom ne morate da brinete, jer je uspjeh zagarantovan \u2013 kroz osmijeh je kazala Stilistica [&hellip;]\" \/>\n<meta property=\"og:url\" content=\"https:\/\/www.prijedordanas.com\/?p=96358\" \/>\n<meta property=\"og:site_name\" content=\"PrijedorDanas.com - Prijedorski gradski portal\" \/>\n<meta property=\"article:publisher\" content=\"https:\/\/www.facebook.com\/PrijedorDanasCom\/\" \/>\n<meta property=\"article:published_time\" content=\"2018-01-17T08:35:59+00:00\" \/>\n<meta property=\"og:image\" content=\"https:\/\/www.prijedordanas.com\/wp-content\/uploads\/2018\/01\/jelena-govedarica-300x300.jpg\" \/>\n<meta name=\"author\" content=\"admin\" \/>\n<meta name=\"twitter:card\" content=\"summary_large_image\" \/>\n<meta name=\"twitter:label1\" content=\"Written by\" \/>\n\t<meta name=\"twitter:data1\" content=\"admin\" \/>\n\t<meta name=\"twitter:label2\" content=\"Est. reading time\" \/>\n\t<meta name=\"twitter:data2\" content=\"2 minutes\" \/>\n<script type=\"application\/ld+json\" class=\"yoast-schema-graph\">{\"@context\":\"https:\/\/schema.org\",\"@graph\":[{\"@type\":\"Article\",\"@id\":\"https:\/\/www.prijedordanas.com\/?p=96358#article\",\"isPartOf\":{\"@id\":\"https:\/\/www.prijedordanas.com\/?p=96358\"},\"author\":{\"name\":\"admin\",\"@id\":\"https:\/\/www.prijedordanas.com\/#\/schema\/person\/4e08ccf29b506ca916ff86d46bb700e6\"},\"headline\":\"JELENA GOVEDARICA: SVE MOJE LJUBAVI SU SE BURNO ZAVR\u0160AVALE JER SU BILE PRAVE\",\"datePublished\":\"2018-01-17T08:35:59+00:00\",\"dateModified\":\"2018-01-17T08:35:59+00:00\",\"mainEntityOfPage\":{\"@id\":\"https:\/\/www.prijedordanas.com\/?p=96358\"},\"wordCount\":369,\"publisher\":{\"@id\":\"https:\/\/www.prijedordanas.com\/#organization\"},\"keywords\":[\"Jelena Govedarica\",\"ljubav\"],\"articleSection\":[\"\u017divot\"],\"inLanguage\":\"en-US\"},{\"@type\":\"WebPage\",\"@id\":\"https:\/\/www.prijedordanas.com\/?p=96358\",\"url\":\"https:\/\/www.prijedordanas.com\/?p=96358\",\"name\":\"JELENA GOVEDARICA: SVE MOJE LJUBAVI SU SE BURNO ZAVR\u0160AVALE JER SU BILE PRAVE - PrijedorDanas.com - Prijedorski gradski portal\",\"isPartOf\":{\"@id\":\"https:\/\/www.prijedordanas.com\/#website\"},\"datePublished\":\"2018-01-17T08:35:59+00:00\",\"dateModified\":\"2018-01-17T08:35:59+00:00\",\"breadcrumb\":{\"@id\":\"https:\/\/www.prijedordanas.com\/?p=96358#breadcrumb\"},\"inLanguage\":\"en-US\",\"potentialAction\":[{\"@type\":\"ReadAction\",\"target\":[\"https:\/\/www.prijedordanas.com\/?p=96358\"]}]},{\"@type\":\"BreadcrumbList\",\"@id\":\"https:\/\/www.prijedordanas.com\/?p=96358#breadcrumb\",\"itemListElement\":[{\"@type\":\"ListItem\",\"position\":1,\"name\":\"Home\",\"item\":\"https:\/\/www.prijedordanas.com\/\"},{\"@type\":\"ListItem\",\"position\":2,\"name\":\"JELENA GOVEDARICA: SVE MOJE LJUBAVI SU SE BURNO ZAVR\u0160AVALE JER SU BILE PRAVE\"}]},{\"@type\":\"WebSite\",\"@id\":\"https:\/\/www.prijedordanas.com\/#website\",\"url\":\"https:\/\/www.prijedordanas.com\/\",\"name\":\"PrijedorDanas.com - Prijedorski gradski portal\",\"description\":\"Portal o doga\u0111anjima u gradu Prijedoru\",\"publisher\":{\"@id\":\"https:\/\/www.prijedordanas.com\/#organization\"},\"potentialAction\":[{\"@type\":\"SearchAction\",\"target\":{\"@type\":\"EntryPoint\",\"urlTemplate\":\"https:\/\/www.prijedordanas.com\/?s={search_term_string}\"},\"query-input\":\"required name=search_term_string\"}],\"inLanguage\":\"en-US\"},{\"@type\":\"Organization\",\"@id\":\"https:\/\/www.prijedordanas.com\/#organization\",\"name\":\"PrijedorDanas.com\",\"url\":\"https:\/\/www.prijedordanas.com\/\",\"logo\":{\"@type\":\"ImageObject\",\"inLanguage\":\"en-US\",\"@id\":\"https:\/\/www.prijedordanas.com\/#\/schema\/logo\/image\/\",\"url\":\"http:\/\/www.prijedordanas.com\/wp-content\/uploads\/2021\/12\/logopng.png\",\"contentUrl\":\"http:\/\/www.prijedordanas.com\/wp-content\/uploads\/2021\/12\/logopng.png\",\"width\":1019,\"height\":776,\"caption\":\"PrijedorDanas.com\"},\"image\":{\"@id\":\"https:\/\/www.prijedordanas.com\/#\/schema\/logo\/image\/\"},\"sameAs\":[\"https:\/\/www.facebook.com\/PrijedorDanasCom\/\"]},{\"@type\":\"Person\",\"@id\":\"https:\/\/www.prijedordanas.com\/#\/schema\/person\/4e08ccf29b506ca916ff86d46bb700e6\",\"name\":\"admin\",\"image\":{\"@type\":\"ImageObject\",\"inLanguage\":\"en-US\",\"@id\":\"https:\/\/www.prijedordanas.com\/#\/schema\/person\/image\/\",\"url\":\"https:\/\/secure.gravatar.com\/avatar\/1d3fc949d550f0b53a5f0d51e06dfd79?s=96&d=mm&r=g\",\"contentUrl\":\"https:\/\/secure.gravatar.com\/avatar\/1d3fc949d550f0b53a5f0d51e06dfd79?s=96&d=mm&r=g\",\"caption\":\"admin\"},\"url\":\"https:\/\/www.prijedordanas.com\/?author=1\"}]}<\/script>\n<!-- \/ Yoast SEO plugin. -->","yoast_head_json":{"title":"JELENA GOVEDARICA: SVE MOJE LJUBAVI SU SE BURNO ZAVR\u0160AVALE JER SU BILE PRAVE - PrijedorDanas.com - Prijedorski gradski portal","robots":{"index":"index","follow":"follow","max-snippet":"max-snippet:-1","max-image-preview":"max-image-preview:large","max-video-preview":"max-video-preview:-1"},"canonical":"https:\/\/www.prijedordanas.com\/?p=96358","og_locale":"en_US","og_type":"article","og_title":"JELENA GOVEDARICA: SVE MOJE LJUBAVI SU SE BURNO ZAVR\u0160AVALE JER SU BILE PRAVE - PrijedorDanas.com - Prijedorski gradski portal","og_description":"Bilo je puno te\u0161kih trenutaka, ali kada vam Bog da talenat i mo\u0107 da vladate sobom ne morate da brinete, jer je uspjeh zagarantovan \u2013 kroz osmijeh je kazala Stilistica [&hellip;]","og_url":"https:\/\/www.prijedordanas.com\/?p=96358","og_site_name":"PrijedorDanas.com - Prijedorski gradski portal","article_publisher":"https:\/\/www.facebook.com\/PrijedorDanasCom\/","article_published_time":"2018-01-17T08:35:59+00:00","og_image":[{"url":"https:\/\/www.prijedordanas.com\/wp-content\/uploads\/2018\/01\/jelena-govedarica-300x300.jpg"}],"author":"admin","twitter_card":"summary_large_image","twitter_misc":{"Written by":"admin","Est. reading time":"2 minutes"},"schema":{"@context":"https:\/\/schema.org","@graph":[{"@type":"Article","@id":"https:\/\/www.prijedordanas.com\/?p=96358#article","isPartOf":{"@id":"https:\/\/www.prijedordanas.com\/?p=96358"},"author":{"name":"admin","@id":"https:\/\/www.prijedordanas.com\/#\/schema\/person\/4e08ccf29b506ca916ff86d46bb700e6"},"headline":"JELENA GOVEDARICA: SVE MOJE LJUBAVI SU SE BURNO ZAVR\u0160AVALE JER SU BILE PRAVE","datePublished":"2018-01-17T08:35:59+00:00","dateModified":"2018-01-17T08:35:59+00:00","mainEntityOfPage":{"@id":"https:\/\/www.prijedordanas.com\/?p=96358"},"wordCount":369,"publisher":{"@id":"https:\/\/www.prijedordanas.com\/#organization"},"keywords":["Jelena Govedarica","ljubav"],"articleSection":["\u017divot"],"inLanguage":"en-US"},{"@type":"WebPage","@id":"https:\/\/www.prijedordanas.com\/?p=96358","url":"https:\/\/www.prijedordanas.com\/?p=96358","name":"JELENA GOVEDARICA: SVE MOJE LJUBAVI SU SE BURNO ZAVR\u0160AVALE JER SU BILE PRAVE - PrijedorDanas.com - Prijedorski gradski portal","isPartOf":{"@id":"https:\/\/www.prijedordanas.com\/#website"},"datePublished":"2018-01-17T08:35:59+00:00","dateModified":"2018-01-17T08:35:59+00:00","breadcrumb":{"@id":"https:\/\/www.prijedordanas.com\/?p=96358#breadcrumb"},"inLanguage":"en-US","potentialAction":[{"@type":"ReadAction","target":["https:\/\/www.prijedordanas.com\/?p=96358"]}]},{"@type":"BreadcrumbList","@id":"https:\/\/www.prijedordanas.com\/?p=96358#breadcrumb","itemListElement":[{"@type":"ListItem","position":1,"name":"Home","item":"https:\/\/www.prijedordanas.com\/"},{"@type":"ListItem","position":2,"name":"JELENA GOVEDARICA: SVE MOJE LJUBAVI SU SE BURNO ZAVR\u0160AVALE JER SU BILE PRAVE"}]},{"@type":"WebSite","@id":"https:\/\/www.prijedordanas.com\/#website","url":"https:\/\/www.prijedordanas.com\/","name":"PrijedorDanas.com - Prijedorski gradski portal","description":"Portal o doga\u0111anjima u gradu Prijedoru","publisher":{"@id":"https:\/\/www.prijedordanas.com\/#organization"},"potentialAction":[{"@type":"SearchAction","target":{"@type":"EntryPoint","urlTemplate":"https:\/\/www.prijedordanas.com\/?s={search_term_string}"},"query-input":"required name=search_term_string"}],"inLanguage":"en-US"},{"@type":"Organization","@id":"https:\/\/www.prijedordanas.com\/#organization","name":"PrijedorDanas.com","url":"https:\/\/www.prijedordanas.com\/","logo":{"@type":"ImageObject","inLanguage":"en-US","@id":"https:\/\/www.prijedordanas.com\/#\/schema\/logo\/image\/","url":"http:\/\/www.prijedordanas.com\/wp-content\/uploads\/2021\/12\/logopng.png","contentUrl":"http:\/\/www.prijedordanas.com\/wp-content\/uploads\/2021\/12\/logopng.png","width":1019,"height":776,"caption":"PrijedorDanas.com"},"image":{"@id":"https:\/\/www.prijedordanas.com\/#\/schema\/logo\/image\/"},"sameAs":["https:\/\/www.facebook.com\/PrijedorDanasCom\/"]},{"@type":"Person","@id":"https:\/\/www.prijedordanas.com\/#\/schema\/person\/4e08ccf29b506ca916ff86d46bb700e6","name":"admin","image":{"@type":"ImageObject","inLanguage":"en-US","@id":"https:\/\/www.prijedordanas.com\/#\/schema\/person\/image\/","url":"https:\/\/secure.gravatar.com\/avatar\/1d3fc949d550f0b53a5f0d51e06dfd79?s=96&d=mm&r=g","contentUrl":"https:\/\/secure.gravatar.com\/avatar\/1d3fc949d550f0b53a5f0d51e06dfd79?s=96&d=mm&r=g","caption":"admin"},"url":"https:\/\/www.prijedordanas.com\/?author=1"}]}},"_links":{"self":[{"href":"https:\/\/www.prijedordanas.com\/index.php?rest_route=\/wp\/v2\/posts\/96358"}],"collection":[{"href":"https:\/\/www.prijedordanas.com\/index.php?rest_route=\/wp\/v2\/posts"}],"about":[{"href":"https:\/\/www.prijedordanas.com\/index.php?rest_route=\/wp\/v2\/types\/post"}],"author":[{"embeddable":true,"href":"https:\/\/www.prijedordanas.com\/index.php?rest_route=\/wp\/v2\/users\/1"}],"replies":[{"embeddable":true,"href":"https:\/\/www.prijedordanas.com\/index.php?rest_route=%2Fwp%2Fv2%2Fcomments&post=96358"}],"version-history":[{"count":1,"href":"https:\/\/www.prijedordanas.com\/index.php?rest_route=\/wp\/v2\/posts\/96358\/revisions"}],"predecessor-version":[{"id":96360,"href":"https:\/\/www.prijedordanas.com\/index.php?rest_route=\/wp\/v2\/posts\/96358\/revisions\/96360"}],"wp:attachment":[{"href":"https:\/\/www.prijedordanas.com\/index.php?rest_route=%2Fwp%2Fv2%2Fmedia&parent=96358"}],"wp:term":[{"taxonomy":"category","embeddable":true,"href":"https:\/\/www.prijedordanas.com\/index.php?rest_route=%2Fwp%2Fv2%2Fcategories&post=96358"},{"taxonomy":"post_tag","embeddable":true,"href":"https:\/\/www.prijedordanas.com\/index.php?rest_route=%2Fwp%2Fv2%2Ftags&post=96358"}],"curies":[{"name":"wp","href":"https:\/\/api.w.org\/{rel}","templated":true}]}}