{"id":96355,"date":"2018-01-13T09:36:01","date_gmt":"2018-01-13T08:36:01","guid":{"rendered":"https:\/\/www.prijedordanas.com\/?p=96355"},"modified":"2018-01-13T09:36:01","modified_gmt":"2018-01-13T08:36:01","slug":"zeljko-stegic-iz-prijedora-svako-ko-ude-u-ring-je-hrabar-covjek","status":"publish","type":"post","link":"https:\/\/www.prijedordanas.com\/?p=96355","title":{"rendered":"\u017dELJKO STEGI\u0106 IZ PRIJEDORA: SVAKO KO U\u0110E U RING JE HRABAR \u010cOVJEK"},"content":{"rendered":"<p><a href=\"https:\/\/www.prijedordanas.com\/wp-content\/uploads\/2018\/01\/zeljko-stegic.jpg\"><img loading=\"lazy\" decoding=\"async\" class=\"alignleft size-medium wp-image-96356\" src=\"https:\/\/www.prijedordanas.com\/wp-content\/uploads\/2018\/01\/zeljko-stegic-300x217.jpg\" alt=\"\" width=\"300\" height=\"217\" srcset=\"https:\/\/www.prijedordanas.com\/wp-content\/uploads\/2018\/01\/zeljko-stegic-300x217.jpg 300w, https:\/\/www.prijedordanas.com\/wp-content\/uploads\/2018\/01\/zeljko-stegic-100x72.jpg 100w, https:\/\/www.prijedordanas.com\/wp-content\/uploads\/2018\/01\/zeljko-stegic.jpg 690w\" sizes=\"(max-width: 300px) 100vw, 300px\" \/><\/a>\u017deljko Stegi\u0107 iz Prijedora je dugi niz godina u borila\u010dkom sportu. Bavljenje, ka\u017ee on, profesionalnim boksom je jako zahtjevno. Potrebna su mnoga odricanja, koja nisu velika u pore\u0111enju sa \u017eeljom za ovim sportom.<\/p>\n<p>\u2013 Moj prvi trening je bio u kick boksu. Bio sam impresioniran treningom pa od tog dana nisam propustio ni jedan. Nakon nekog vremena sam se prebacio na klasi\u010dni boks \u2013 pri\u010da \u017deljko.<\/p>\n<p>U ovom poslu ga je odr\u017eala \u017eelja za uspjehom. Ka\u017ee da je jako uporan i tvrdoglav i kada ne\u0161to voli ne odustaje dok ne ostvari svoj cilj. Iza sebe ima osam pobjeda, a samo jedan poraz.<\/p>\n<p><a href=\"https:\/\/www.prijedordanas.com\/wp-content\/uploads\/2016\/12\/zeljko-stegic.jpg\"><img loading=\"lazy\" decoding=\"async\" class=\"alignleft size-medium wp-image-67844\" src=\"https:\/\/www.prijedordanas.com\/wp-content\/uploads\/2016\/12\/zeljko-stegic-249x300.jpg\" alt=\"\" width=\"249\" height=\"300\" srcset=\"https:\/\/www.prijedordanas.com\/wp-content\/uploads\/2016\/12\/zeljko-stegic-249x300.jpg 249w, https:\/\/www.prijedordanas.com\/wp-content\/uploads\/2016\/12\/zeljko-stegic-83x100.jpg 83w, https:\/\/www.prijedordanas.com\/wp-content\/uploads\/2016\/12\/zeljko-stegic.jpg 498w\" sizes=\"(max-width: 249px) 100vw, 249px\" \/><\/a>-Taj jedan poraz je bio na samom po\u010detku moje profesionalne karijere, i kao \u0161to se vidi po rezultatu nije me sputao da nastavim da pratim svoje snove. Nakon svake pobjede budem zadovoljan i to me stimuli\u0161e da nastavim da treniram jo\u0161 ja\u010de \u2013 govori on.<\/p>\n<p>Kod nas je, dodaje on, profesionalni boks u zadnjih nekoliko godina krenuo uzlaznom putanjom.<\/p>\n<p>-Mo\u017eemo po medijama da vidimo sve vi\u0161e boksera koji su dobro rangirani na svjetskim rang listama. Jako mnogo puta sam u\u0161ao u ring i bilo je tu sjajnih boksera i kick boksera, tako da ne bih mogao da izdvojim nikog posebno ko bi mi bio najve\u0107i izazov \u2013 dodaje \u017deljko kazav\u0161i kako pored redovnih treninga je veoma va\u017ean zdrav \u017eivot, naravno uz podr\u0161ku najbli\u017eih.<\/p>\n<p>Cilj u budu\u0107nosti mu je da boksuje sa borcima iz top 10 boksera svijeta, u njegovoj kategoriji.<\/p>\n<p>-A za one koji se ne razumiju u ovaj sport re\u0107i \u0107u da je boks najte\u017ei sport na svijetu. Svako ko u\u0111e u ring je jako hrabar \u010dovjek \u2013 zavr\u0161io je Stegi\u0107.<\/p>\n<p>Express Magazin<\/p>\n","protected":false},"excerpt":{"rendered":"<p>\u017deljko Stegi\u0107 iz Prijedora je dugi niz godina u borila\u010dkom sportu. Bavljenje, ka\u017ee on, profesionalnim boksom je jako zahtjevno. Potrebna su mnoga odricanja, koja nisu velika u pore\u0111enju sa \u017eeljom [&hellip;]<\/p>\n","protected":false},"author":1,"featured_media":0,"comment_status":"closed","ping_status":"open","sticky":false,"template":"","format":"standard","meta":{"_monsterinsights_skip_tracking":false,"_monsterinsights_sitenote_active":false,"_monsterinsights_sitenote_note":"","_monsterinsights_sitenote_category":0,"footnotes":""},"categories":[7],"tags":[479],"yoast_head":"<!-- This site is optimized with the Yoast SEO plugin v21.6 - https:\/\/yoast.com\/wordpress\/plugins\/seo\/ -->\n<title>\u017dELJKO STEGI\u0106 IZ PRIJEDORA: SVAKO KO U\u0110E U RING JE HRABAR \u010cOVJEK - PrijedorDanas.com - Prijedorski gradski portal<\/title>\n<meta name=\"robots\" content=\"index, follow, max-snippet:-1, max-image-preview:large, max-video-preview:-1\" \/>\n<link rel=\"canonical\" href=\"https:\/\/www.prijedordanas.com\/?p=96355\" \/>\n<meta property=\"og:locale\" content=\"en_US\" \/>\n<meta property=\"og:type\" content=\"article\" \/>\n<meta property=\"og:title\" content=\"\u017dELJKO STEGI\u0106 IZ PRIJEDORA: SVAKO KO U\u0110E U RING JE HRABAR \u010cOVJEK - PrijedorDanas.com - Prijedorski gradski portal\" \/>\n<meta property=\"og:description\" content=\"\u017deljko Stegi\u0107 iz Prijedora je dugi niz godina u borila\u010dkom sportu. Bavljenje, ka\u017ee on, profesionalnim boksom je jako zahtjevno. Potrebna su mnoga odricanja, koja nisu velika u pore\u0111enju sa \u017eeljom [&hellip;]\" \/>\n<meta property=\"og:url\" content=\"https:\/\/www.prijedordanas.com\/?p=96355\" \/>\n<meta property=\"og:site_name\" content=\"PrijedorDanas.com - Prijedorski gradski portal\" \/>\n<meta property=\"article:publisher\" content=\"https:\/\/www.facebook.com\/PrijedorDanasCom\/\" \/>\n<meta property=\"article:published_time\" content=\"2018-01-13T08:36:01+00:00\" \/>\n<meta property=\"og:image\" content=\"https:\/\/www.prijedordanas.com\/wp-content\/uploads\/2018\/01\/zeljko-stegic-300x217.jpg\" \/>\n<meta name=\"author\" content=\"admin\" \/>\n<meta name=\"twitter:card\" content=\"summary_large_image\" \/>\n<meta name=\"twitter:label1\" content=\"Written by\" \/>\n\t<meta name=\"twitter:data1\" content=\"admin\" \/>\n\t<meta name=\"twitter:label2\" content=\"Est. reading time\" \/>\n\t<meta name=\"twitter:data2\" content=\"1 minute\" \/>\n<script type=\"application\/ld+json\" class=\"yoast-schema-graph\">{\"@context\":\"https:\/\/schema.org\",\"@graph\":[{\"@type\":\"Article\",\"@id\":\"https:\/\/www.prijedordanas.com\/?p=96355#article\",\"isPartOf\":{\"@id\":\"https:\/\/www.prijedordanas.com\/?p=96355\"},\"author\":{\"name\":\"admin\",\"@id\":\"https:\/\/www.prijedordanas.com\/#\/schema\/person\/4e08ccf29b506ca916ff86d46bb700e6\"},\"headline\":\"\u017dELJKO STEGI\u0106 IZ PRIJEDORA: SVAKO KO U\u0110E U RING JE HRABAR \u010cOVJEK\",\"datePublished\":\"2018-01-13T08:36:01+00:00\",\"dateModified\":\"2018-01-13T08:36:01+00:00\",\"mainEntityOfPage\":{\"@id\":\"https:\/\/www.prijedordanas.com\/?p=96355\"},\"wordCount\":307,\"publisher\":{\"@id\":\"https:\/\/www.prijedordanas.com\/#organization\"},\"keywords\":[\"\u017deljko Stegi\u0107\"],\"articleSection\":[\"Sport\"],\"inLanguage\":\"en-US\"},{\"@type\":\"WebPage\",\"@id\":\"https:\/\/www.prijedordanas.com\/?p=96355\",\"url\":\"https:\/\/www.prijedordanas.com\/?p=96355\",\"name\":\"\u017dELJKO STEGI\u0106 IZ PRIJEDORA: SVAKO KO U\u0110E U RING JE HRABAR \u010cOVJEK - PrijedorDanas.com - Prijedorski gradski portal\",\"isPartOf\":{\"@id\":\"https:\/\/www.prijedordanas.com\/#website\"},\"datePublished\":\"2018-01-13T08:36:01+00:00\",\"dateModified\":\"2018-01-13T08:36:01+00:00\",\"breadcrumb\":{\"@id\":\"https:\/\/www.prijedordanas.com\/?p=96355#breadcrumb\"},\"inLanguage\":\"en-US\",\"potentialAction\":[{\"@type\":\"ReadAction\",\"target\":[\"https:\/\/www.prijedordanas.com\/?p=96355\"]}]},{\"@type\":\"BreadcrumbList\",\"@id\":\"https:\/\/www.prijedordanas.com\/?p=96355#breadcrumb\",\"itemListElement\":[{\"@type\":\"ListItem\",\"position\":1,\"name\":\"Home\",\"item\":\"https:\/\/www.prijedordanas.com\/\"},{\"@type\":\"ListItem\",\"position\":2,\"name\":\"\u017dELJKO STEGI\u0106 IZ PRIJEDORA: SVAKO KO U\u0110E U RING JE HRABAR \u010cOVJEK\"}]},{\"@type\":\"WebSite\",\"@id\":\"https:\/\/www.prijedordanas.com\/#website\",\"url\":\"https:\/\/www.prijedordanas.com\/\",\"name\":\"PrijedorDanas.com - Prijedorski gradski portal\",\"description\":\"Portal o doga\u0111anjima u gradu Prijedoru\",\"publisher\":{\"@id\":\"https:\/\/www.prijedordanas.com\/#organization\"},\"potentialAction\":[{\"@type\":\"SearchAction\",\"target\":{\"@type\":\"EntryPoint\",\"urlTemplate\":\"https:\/\/www.prijedordanas.com\/?s={search_term_string}\"},\"query-input\":\"required name=search_term_string\"}],\"inLanguage\":\"en-US\"},{\"@type\":\"Organization\",\"@id\":\"https:\/\/www.prijedordanas.com\/#organization\",\"name\":\"PrijedorDanas.com\",\"url\":\"https:\/\/www.prijedordanas.com\/\",\"logo\":{\"@type\":\"ImageObject\",\"inLanguage\":\"en-US\",\"@id\":\"https:\/\/www.prijedordanas.com\/#\/schema\/logo\/image\/\",\"url\":\"http:\/\/www.prijedordanas.com\/wp-content\/uploads\/2021\/12\/logopng.png\",\"contentUrl\":\"http:\/\/www.prijedordanas.com\/wp-content\/uploads\/2021\/12\/logopng.png\",\"width\":1019,\"height\":776,\"caption\":\"PrijedorDanas.com\"},\"image\":{\"@id\":\"https:\/\/www.prijedordanas.com\/#\/schema\/logo\/image\/\"},\"sameAs\":[\"https:\/\/www.facebook.com\/PrijedorDanasCom\/\"]},{\"@type\":\"Person\",\"@id\":\"https:\/\/www.prijedordanas.com\/#\/schema\/person\/4e08ccf29b506ca916ff86d46bb700e6\",\"name\":\"admin\",\"image\":{\"@type\":\"ImageObject\",\"inLanguage\":\"en-US\",\"@id\":\"https:\/\/www.prijedordanas.com\/#\/schema\/person\/image\/\",\"url\":\"https:\/\/secure.gravatar.com\/avatar\/1d3fc949d550f0b53a5f0d51e06dfd79?s=96&d=mm&r=g\",\"contentUrl\":\"https:\/\/secure.gravatar.com\/avatar\/1d3fc949d550f0b53a5f0d51e06dfd79?s=96&d=mm&r=g\",\"caption\":\"admin\"},\"url\":\"https:\/\/www.prijedordanas.com\/?author=1\"}]}<\/script>\n<!-- \/ Yoast SEO plugin. -->","yoast_head_json":{"title":"\u017dELJKO STEGI\u0106 IZ PRIJEDORA: SVAKO KO U\u0110E U RING JE HRABAR \u010cOVJEK - PrijedorDanas.com - Prijedorski gradski portal","robots":{"index":"index","follow":"follow","max-snippet":"max-snippet:-1","max-image-preview":"max-image-preview:large","max-video-preview":"max-video-preview:-1"},"canonical":"https:\/\/www.prijedordanas.com\/?p=96355","og_locale":"en_US","og_type":"article","og_title":"\u017dELJKO STEGI\u0106 IZ PRIJEDORA: SVAKO KO U\u0110E U RING JE HRABAR \u010cOVJEK - PrijedorDanas.com - Prijedorski gradski portal","og_description":"\u017deljko Stegi\u0107 iz Prijedora je dugi niz godina u borila\u010dkom sportu. Bavljenje, ka\u017ee on, profesionalnim boksom je jako zahtjevno. Potrebna su mnoga odricanja, koja nisu velika u pore\u0111enju sa \u017eeljom [&hellip;]","og_url":"https:\/\/www.prijedordanas.com\/?p=96355","og_site_name":"PrijedorDanas.com - Prijedorski gradski portal","article_publisher":"https:\/\/www.facebook.com\/PrijedorDanasCom\/","article_published_time":"2018-01-13T08:36:01+00:00","og_image":[{"url":"https:\/\/www.prijedordanas.com\/wp-content\/uploads\/2018\/01\/zeljko-stegic-300x217.jpg"}],"author":"admin","twitter_card":"summary_large_image","twitter_misc":{"Written by":"admin","Est. reading time":"1 minute"},"schema":{"@context":"https:\/\/schema.org","@graph":[{"@type":"Article","@id":"https:\/\/www.prijedordanas.com\/?p=96355#article","isPartOf":{"@id":"https:\/\/www.prijedordanas.com\/?p=96355"},"author":{"name":"admin","@id":"https:\/\/www.prijedordanas.com\/#\/schema\/person\/4e08ccf29b506ca916ff86d46bb700e6"},"headline":"\u017dELJKO STEGI\u0106 IZ PRIJEDORA: SVAKO KO U\u0110E U RING JE HRABAR \u010cOVJEK","datePublished":"2018-01-13T08:36:01+00:00","dateModified":"2018-01-13T08:36:01+00:00","mainEntityOfPage":{"@id":"https:\/\/www.prijedordanas.com\/?p=96355"},"wordCount":307,"publisher":{"@id":"https:\/\/www.prijedordanas.com\/#organization"},"keywords":["\u017deljko Stegi\u0107"],"articleSection":["Sport"],"inLanguage":"en-US"},{"@type":"WebPage","@id":"https:\/\/www.prijedordanas.com\/?p=96355","url":"https:\/\/www.prijedordanas.com\/?p=96355","name":"\u017dELJKO STEGI\u0106 IZ PRIJEDORA: SVAKO KO U\u0110E U RING JE HRABAR \u010cOVJEK - PrijedorDanas.com - Prijedorski gradski portal","isPartOf":{"@id":"https:\/\/www.prijedordanas.com\/#website"},"datePublished":"2018-01-13T08:36:01+00:00","dateModified":"2018-01-13T08:36:01+00:00","breadcrumb":{"@id":"https:\/\/www.prijedordanas.com\/?p=96355#breadcrumb"},"inLanguage":"en-US","potentialAction":[{"@type":"ReadAction","target":["https:\/\/www.prijedordanas.com\/?p=96355"]}]},{"@type":"BreadcrumbList","@id":"https:\/\/www.prijedordanas.com\/?p=96355#breadcrumb","itemListElement":[{"@type":"ListItem","position":1,"name":"Home","item":"https:\/\/www.prijedordanas.com\/"},{"@type":"ListItem","position":2,"name":"\u017dELJKO STEGI\u0106 IZ PRIJEDORA: SVAKO KO U\u0110E U RING JE HRABAR \u010cOVJEK"}]},{"@type":"WebSite","@id":"https:\/\/www.prijedordanas.com\/#website","url":"https:\/\/www.prijedordanas.com\/","name":"PrijedorDanas.com - Prijedorski gradski portal","description":"Portal o doga\u0111anjima u gradu Prijedoru","publisher":{"@id":"https:\/\/www.prijedordanas.com\/#organization"},"potentialAction":[{"@type":"SearchAction","target":{"@type":"EntryPoint","urlTemplate":"https:\/\/www.prijedordanas.com\/?s={search_term_string}"},"query-input":"required name=search_term_string"}],"inLanguage":"en-US"},{"@type":"Organization","@id":"https:\/\/www.prijedordanas.com\/#organization","name":"PrijedorDanas.com","url":"https:\/\/www.prijedordanas.com\/","logo":{"@type":"ImageObject","inLanguage":"en-US","@id":"https:\/\/www.prijedordanas.com\/#\/schema\/logo\/image\/","url":"http:\/\/www.prijedordanas.com\/wp-content\/uploads\/2021\/12\/logopng.png","contentUrl":"http:\/\/www.prijedordanas.com\/wp-content\/uploads\/2021\/12\/logopng.png","width":1019,"height":776,"caption":"PrijedorDanas.com"},"image":{"@id":"https:\/\/www.prijedordanas.com\/#\/schema\/logo\/image\/"},"sameAs":["https:\/\/www.facebook.com\/PrijedorDanasCom\/"]},{"@type":"Person","@id":"https:\/\/www.prijedordanas.com\/#\/schema\/person\/4e08ccf29b506ca916ff86d46bb700e6","name":"admin","image":{"@type":"ImageObject","inLanguage":"en-US","@id":"https:\/\/www.prijedordanas.com\/#\/schema\/person\/image\/","url":"https:\/\/secure.gravatar.com\/avatar\/1d3fc949d550f0b53a5f0d51e06dfd79?s=96&d=mm&r=g","contentUrl":"https:\/\/secure.gravatar.com\/avatar\/1d3fc949d550f0b53a5f0d51e06dfd79?s=96&d=mm&r=g","caption":"admin"},"url":"https:\/\/www.prijedordanas.com\/?author=1"}]}},"_links":{"self":[{"href":"https:\/\/www.prijedordanas.com\/index.php?rest_route=\/wp\/v2\/posts\/96355"}],"collection":[{"href":"https:\/\/www.prijedordanas.com\/index.php?rest_route=\/wp\/v2\/posts"}],"about":[{"href":"https:\/\/www.prijedordanas.com\/index.php?rest_route=\/wp\/v2\/types\/post"}],"author":[{"embeddable":true,"href":"https:\/\/www.prijedordanas.com\/index.php?rest_route=\/wp\/v2\/users\/1"}],"replies":[{"embeddable":true,"href":"https:\/\/www.prijedordanas.com\/index.php?rest_route=%2Fwp%2Fv2%2Fcomments&post=96355"}],"version-history":[{"count":1,"href":"https:\/\/www.prijedordanas.com\/index.php?rest_route=\/wp\/v2\/posts\/96355\/revisions"}],"predecessor-version":[{"id":96357,"href":"https:\/\/www.prijedordanas.com\/index.php?rest_route=\/wp\/v2\/posts\/96355\/revisions\/96357"}],"wp:attachment":[{"href":"https:\/\/www.prijedordanas.com\/index.php?rest_route=%2Fwp%2Fv2%2Fmedia&parent=96355"}],"wp:term":[{"taxonomy":"category","embeddable":true,"href":"https:\/\/www.prijedordanas.com\/index.php?rest_route=%2Fwp%2Fv2%2Fcategories&post=96355"},{"taxonomy":"post_tag","embeddable":true,"href":"https:\/\/www.prijedordanas.com\/index.php?rest_route=%2Fwp%2Fv2%2Ftags&post=96355"}],"curies":[{"name":"wp","href":"https:\/\/api.w.org\/{rel}","templated":true}]}}