{"id":9601,"date":"2014-10-24T09:16:14","date_gmt":"2014-10-24T08:16:14","guid":{"rendered":"https:\/\/www.prijedordanas.com\/?p=9601"},"modified":"2014-10-24T09:16:14","modified_gmt":"2014-10-24T08:16:14","slug":"prijedor-zaplavljeno-oko-80-domacinstava-poplavljene-cetiri-kuce-foto","status":"publish","type":"post","link":"https:\/\/www.prijedordanas.com\/?p=9601","title":{"rendered":"PRIJEDOR: ZAPLAVLJENO OKO 80 DOMA\u0106INSTAVA, POPLAVLJENE \u010cETIRI KU\u0106E &#8211; FOTO"},"content":{"rendered":"<p><a href=\"https:\/\/www.prijedordanas.com\/wp-content\/uploads\/2014\/10\/topolik-zaplavljene-kuce-24oktobar-1.jpg\"><img loading=\"lazy\" decoding=\"async\" src=\"https:\/\/www.prijedordanas.com\/wp-content\/uploads\/2014\/10\/topolik-zaplavljene-kuce-24oktobar-1-300x225.jpg\" alt=\"topolik-zaplavljene kuce-24oktobar (1)\" width=\"300\" height=\"225\" class=\"alignleft size-medium wp-image-9602\" srcset=\"https:\/\/www.prijedordanas.com\/wp-content\/uploads\/2014\/10\/topolik-zaplavljene-kuce-24oktobar-1-300x225.jpg 300w, https:\/\/www.prijedordanas.com\/wp-content\/uploads\/2014\/10\/topolik-zaplavljene-kuce-24oktobar-1-640x480.jpg 640w, https:\/\/www.prijedordanas.com\/wp-content\/uploads\/2014\/10\/topolik-zaplavljene-kuce-24oktobar-1-624x468.jpg 624w, https:\/\/www.prijedordanas.com\/wp-content\/uploads\/2014\/10\/topolik-zaplavljene-kuce-24oktobar-1.jpg 800w\" sizes=\"(max-width: 300px) 100vw, 300px\" \/><\/a>U naselju Topolik kod Prijedora zaplavljeno je 70 domac\u0301instava, a \u010detiri kuc\u0301e su i poplavljene, dok je u naselju Donji Orlovci zaplavljeno deset stambenih objekata, rekao je \u0161ef Odsjeka civilne za\u0161tite grada Prijedora Du\u0161an Vranje\u0161.<\/p>\n<p>&#8220;Vodostaj rje\u010dice Milo\u0161evice naglo je porastao i izlio se usljed intenzivnih padavina tokom protekle noc\u0301i, dok vodostaji rijeke Sane i rijeke Gomjenici zasad nisu kriti\u010dni&#8221;, kazao je Vranje\u0161 Srni.<\/p>\n<p>Prema njegovim rije\u010dima, ekipe civilne za\u0161tite i teritorijalne vatrogasne jedinice su na terenu i prevoze \u010damcima mje\u0161tane zaplavljenih podru\u010dja.<\/p>\n<p>&#8220;U naselju Vrbice uz isti ovaj vodotok trenutno stanje je dobro, \u0161to zna\u010di da je pro\u010di\u0161c\u0301avanje korita koje je ura\u0111eno nakon majskih poplava vec\u0301 sada pokazalo pozitivne rezultate&#8221;, dodao je Vranje\u0161. <\/p>\n<p>On je naveo da, prema sada\u0161njim vremenskim prognozama, u toku dana nec\u0301e biti intenzivnih padavina i da se u tom slu\u010daju o\u010dekuje povla\u010denje buji\u010dnih voda u korito Milo\u0161evice. <\/p>\n<p>SRNA<br \/>\nFoto \u2013 Vatrogasci Prijedor<br \/>\n<a href=\"https:\/\/www.prijedordanas.com\/wp-content\/uploads\/2014\/10\/topolik-zaplavljene-kuce-24oktobar-4.jpg\"><img loading=\"lazy\" decoding=\"async\" src=\"https:\/\/www.prijedordanas.com\/wp-content\/uploads\/2014\/10\/topolik-zaplavljene-kuce-24oktobar-4-225x300.jpg\" alt=\"topolik-zaplavljene kuce-24oktobar (4)\" width=\"225\" height=\"300\" class=\"alignleft size-medium wp-image-9603\" srcset=\"https:\/\/www.prijedordanas.com\/wp-content\/uploads\/2014\/10\/topolik-zaplavljene-kuce-24oktobar-4-225x300.jpg 225w, https:\/\/www.prijedordanas.com\/wp-content\/uploads\/2014\/10\/topolik-zaplavljene-kuce-24oktobar-4.jpg 600w\" sizes=\"(max-width: 225px) 100vw, 225px\" \/><\/a> <a href=\"https:\/\/www.prijedordanas.com\/wp-content\/uploads\/2014\/10\/topolik-zaplavljene-kuce-24oktobar-2.jpg\"><img loading=\"lazy\" decoding=\"async\" src=\"https:\/\/www.prijedordanas.com\/wp-content\/uploads\/2014\/10\/topolik-zaplavljene-kuce-24oktobar-2-225x300.jpg\" alt=\"topolik-zaplavljene kuce-24oktobar (2)\" width=\"225\" height=\"300\" class=\"alignleft size-medium wp-image-9604\" srcset=\"https:\/\/www.prijedordanas.com\/wp-content\/uploads\/2014\/10\/topolik-zaplavljene-kuce-24oktobar-2-225x300.jpg 225w, https:\/\/www.prijedordanas.com\/wp-content\/uploads\/2014\/10\/topolik-zaplavljene-kuce-24oktobar-2.jpg 600w\" sizes=\"(max-width: 225px) 100vw, 225px\" \/><\/a> <a href=\"https:\/\/www.prijedordanas.com\/wp-content\/uploads\/2014\/10\/topolik-zaplavljene-kuce-24oktobar-3.jpg\"><img loading=\"lazy\" decoding=\"async\" src=\"https:\/\/www.prijedordanas.com\/wp-content\/uploads\/2014\/10\/topolik-zaplavljene-kuce-24oktobar-3-225x300.jpg\" alt=\"topolik-zaplavljene kuce-24oktobar (3)\" width=\"225\" height=\"300\" class=\"alignleft size-medium wp-image-9605\" srcset=\"https:\/\/www.prijedordanas.com\/wp-content\/uploads\/2014\/10\/topolik-zaplavljene-kuce-24oktobar-3-225x300.jpg 225w, https:\/\/www.prijedordanas.com\/wp-content\/uploads\/2014\/10\/topolik-zaplavljene-kuce-24oktobar-3.jpg 600w\" sizes=\"(max-width: 225px) 100vw, 225px\" \/><\/a> <a href=\"https:\/\/www.prijedordanas.com\/wp-content\/uploads\/2014\/10\/topolik-zaplavljene-kuce-24oktobar-5.jpg\"><img loading=\"lazy\" decoding=\"async\" src=\"https:\/\/www.prijedordanas.com\/wp-content\/uploads\/2014\/10\/topolik-zaplavljene-kuce-24oktobar-5-225x300.jpg\" alt=\"topolik-zaplavljene kuce-24oktobar (5)\" width=\"225\" height=\"300\" class=\"alignleft size-medium wp-image-9606\" srcset=\"https:\/\/www.prijedordanas.com\/wp-content\/uploads\/2014\/10\/topolik-zaplavljene-kuce-24oktobar-5-225x300.jpg 225w, https:\/\/www.prijedordanas.com\/wp-content\/uploads\/2014\/10\/topolik-zaplavljene-kuce-24oktobar-5.jpg 600w\" sizes=\"(max-width: 225px) 100vw, 225px\" \/><\/a><\/p>\n","protected":false},"excerpt":{"rendered":"<p>U naselju Topolik kod Prijedora zaplavljeno je 70 domac\u0301instava, a \u010detiri kuc\u0301e su i poplavljene, dok je u naselju Donji Orlovci zaplavljeno deset stambenih objekata, rekao je \u0161ef Odsjeka civilne [&hellip;]<\/p>\n","protected":false},"author":1,"featured_media":0,"comment_status":"closed","ping_status":"open","sticky":false,"template":"","format":"standard","meta":{"_monsterinsights_skip_tracking":false,"_monsterinsights_sitenote_active":false,"_monsterinsights_sitenote_note":"","_monsterinsights_sitenote_category":0,"footnotes":""},"categories":[4],"tags":[2492],"yoast_head":"<!-- This site is optimized with the Yoast SEO plugin v21.6 - https:\/\/yoast.com\/wordpress\/plugins\/seo\/ -->\n<title>PRIJEDOR: ZAPLAVLJENO OKO 80 DOMA\u0106INSTAVA, POPLAVLJENE \u010cETIRI KU\u0106E - FOTO - PrijedorDanas.com - Prijedorski gradski portal<\/title>\n<meta name=\"robots\" content=\"index, follow, max-snippet:-1, max-image-preview:large, max-video-preview:-1\" \/>\n<link rel=\"canonical\" href=\"https:\/\/www.prijedordanas.com\/?p=9601\" \/>\n<meta property=\"og:locale\" content=\"en_US\" \/>\n<meta property=\"og:type\" content=\"article\" \/>\n<meta property=\"og:title\" content=\"PRIJEDOR: ZAPLAVLJENO OKO 80 DOMA\u0106INSTAVA, POPLAVLJENE \u010cETIRI KU\u0106E - FOTO - PrijedorDanas.com - Prijedorski gradski portal\" \/>\n<meta property=\"og:description\" content=\"U naselju Topolik kod Prijedora zaplavljeno je 70 domac\u0301instava, a \u010detiri kuc\u0301e su i poplavljene, dok je u naselju Donji Orlovci zaplavljeno deset stambenih objekata, rekao je \u0161ef Odsjeka civilne [&hellip;]\" \/>\n<meta property=\"og:url\" content=\"https:\/\/www.prijedordanas.com\/?p=9601\" \/>\n<meta property=\"og:site_name\" content=\"PrijedorDanas.com - Prijedorski gradski portal\" \/>\n<meta property=\"article:publisher\" content=\"https:\/\/www.facebook.com\/PrijedorDanasCom\/\" \/>\n<meta property=\"article:published_time\" content=\"2014-10-24T08:16:14+00:00\" \/>\n<meta property=\"og:image\" content=\"https:\/\/www.prijedordanas.com\/wp-content\/uploads\/2014\/10\/topolik-zaplavljene-kuce-24oktobar-1-300x225.jpg\" \/>\n<meta name=\"author\" content=\"admin\" \/>\n<meta name=\"twitter:card\" content=\"summary_large_image\" \/>\n<meta name=\"twitter:label1\" content=\"Written by\" \/>\n\t<meta name=\"twitter:data1\" content=\"admin\" \/>\n\t<meta name=\"twitter:label2\" content=\"Est. reading time\" \/>\n\t<meta name=\"twitter:data2\" content=\"1 minute\" \/>\n<script type=\"application\/ld+json\" class=\"yoast-schema-graph\">{\"@context\":\"https:\/\/schema.org\",\"@graph\":[{\"@type\":\"Article\",\"@id\":\"https:\/\/www.prijedordanas.com\/?p=9601#article\",\"isPartOf\":{\"@id\":\"https:\/\/www.prijedordanas.com\/?p=9601\"},\"author\":{\"name\":\"admin\",\"@id\":\"https:\/\/www.prijedordanas.com\/#\/schema\/person\/4e08ccf29b506ca916ff86d46bb700e6\"},\"headline\":\"PRIJEDOR: ZAPLAVLJENO OKO 80 DOMA\u0106INSTAVA, POPLAVLJENE \u010cETIRI KU\u0106E &#8211; FOTO\",\"datePublished\":\"2014-10-24T08:16:14+00:00\",\"dateModified\":\"2014-10-24T08:16:14+00:00\",\"mainEntityOfPage\":{\"@id\":\"https:\/\/www.prijedordanas.com\/?p=9601\"},\"wordCount\":180,\"publisher\":{\"@id\":\"https:\/\/www.prijedordanas.com\/#organization\"},\"keywords\":[\"Topolik\"],\"articleSection\":[\"Dru\u0161tvo\"],\"inLanguage\":\"en-US\"},{\"@type\":\"WebPage\",\"@id\":\"https:\/\/www.prijedordanas.com\/?p=9601\",\"url\":\"https:\/\/www.prijedordanas.com\/?p=9601\",\"name\":\"PRIJEDOR: ZAPLAVLJENO OKO 80 DOMA\u0106INSTAVA, POPLAVLJENE \u010cETIRI KU\u0106E - FOTO - PrijedorDanas.com - Prijedorski gradski portal\",\"isPartOf\":{\"@id\":\"https:\/\/www.prijedordanas.com\/#website\"},\"datePublished\":\"2014-10-24T08:16:14+00:00\",\"dateModified\":\"2014-10-24T08:16:14+00:00\",\"breadcrumb\":{\"@id\":\"https:\/\/www.prijedordanas.com\/?p=9601#breadcrumb\"},\"inLanguage\":\"en-US\",\"potentialAction\":[{\"@type\":\"ReadAction\",\"target\":[\"https:\/\/www.prijedordanas.com\/?p=9601\"]}]},{\"@type\":\"BreadcrumbList\",\"@id\":\"https:\/\/www.prijedordanas.com\/?p=9601#breadcrumb\",\"itemListElement\":[{\"@type\":\"ListItem\",\"position\":1,\"name\":\"Home\",\"item\":\"https:\/\/www.prijedordanas.com\/\"},{\"@type\":\"ListItem\",\"position\":2,\"name\":\"PRIJEDOR: ZAPLAVLJENO OKO 80 DOMA\u0106INSTAVA, POPLAVLJENE \u010cETIRI KU\u0106E &#8211; FOTO\"}]},{\"@type\":\"WebSite\",\"@id\":\"https:\/\/www.prijedordanas.com\/#website\",\"url\":\"https:\/\/www.prijedordanas.com\/\",\"name\":\"PrijedorDanas.com - Prijedorski gradski portal\",\"description\":\"Portal o doga\u0111anjima u gradu Prijedoru\",\"publisher\":{\"@id\":\"https:\/\/www.prijedordanas.com\/#organization\"},\"potentialAction\":[{\"@type\":\"SearchAction\",\"target\":{\"@type\":\"EntryPoint\",\"urlTemplate\":\"https:\/\/www.prijedordanas.com\/?s={search_term_string}\"},\"query-input\":\"required name=search_term_string\"}],\"inLanguage\":\"en-US\"},{\"@type\":\"Organization\",\"@id\":\"https:\/\/www.prijedordanas.com\/#organization\",\"name\":\"PrijedorDanas.com\",\"url\":\"https:\/\/www.prijedordanas.com\/\",\"logo\":{\"@type\":\"ImageObject\",\"inLanguage\":\"en-US\",\"@id\":\"https:\/\/www.prijedordanas.com\/#\/schema\/logo\/image\/\",\"url\":\"http:\/\/www.prijedordanas.com\/wp-content\/uploads\/2021\/12\/logopng.png\",\"contentUrl\":\"http:\/\/www.prijedordanas.com\/wp-content\/uploads\/2021\/12\/logopng.png\",\"width\":1019,\"height\":776,\"caption\":\"PrijedorDanas.com\"},\"image\":{\"@id\":\"https:\/\/www.prijedordanas.com\/#\/schema\/logo\/image\/\"},\"sameAs\":[\"https:\/\/www.facebook.com\/PrijedorDanasCom\/\"]},{\"@type\":\"Person\",\"@id\":\"https:\/\/www.prijedordanas.com\/#\/schema\/person\/4e08ccf29b506ca916ff86d46bb700e6\",\"name\":\"admin\",\"image\":{\"@type\":\"ImageObject\",\"inLanguage\":\"en-US\",\"@id\":\"https:\/\/www.prijedordanas.com\/#\/schema\/person\/image\/\",\"url\":\"https:\/\/secure.gravatar.com\/avatar\/1d3fc949d550f0b53a5f0d51e06dfd79?s=96&d=mm&r=g\",\"contentUrl\":\"https:\/\/secure.gravatar.com\/avatar\/1d3fc949d550f0b53a5f0d51e06dfd79?s=96&d=mm&r=g\",\"caption\":\"admin\"},\"url\":\"https:\/\/www.prijedordanas.com\/?author=1\"}]}<\/script>\n<!-- \/ Yoast SEO plugin. -->","yoast_head_json":{"title":"PRIJEDOR: ZAPLAVLJENO OKO 80 DOMA\u0106INSTAVA, POPLAVLJENE \u010cETIRI KU\u0106E - FOTO - PrijedorDanas.com - Prijedorski gradski portal","robots":{"index":"index","follow":"follow","max-snippet":"max-snippet:-1","max-image-preview":"max-image-preview:large","max-video-preview":"max-video-preview:-1"},"canonical":"https:\/\/www.prijedordanas.com\/?p=9601","og_locale":"en_US","og_type":"article","og_title":"PRIJEDOR: ZAPLAVLJENO OKO 80 DOMA\u0106INSTAVA, POPLAVLJENE \u010cETIRI KU\u0106E - FOTO - PrijedorDanas.com - Prijedorski gradski portal","og_description":"U naselju Topolik kod Prijedora zaplavljeno je 70 domac\u0301instava, a \u010detiri kuc\u0301e su i poplavljene, dok je u naselju Donji Orlovci zaplavljeno deset stambenih objekata, rekao je \u0161ef Odsjeka civilne [&hellip;]","og_url":"https:\/\/www.prijedordanas.com\/?p=9601","og_site_name":"PrijedorDanas.com - Prijedorski gradski portal","article_publisher":"https:\/\/www.facebook.com\/PrijedorDanasCom\/","article_published_time":"2014-10-24T08:16:14+00:00","og_image":[{"url":"https:\/\/www.prijedordanas.com\/wp-content\/uploads\/2014\/10\/topolik-zaplavljene-kuce-24oktobar-1-300x225.jpg"}],"author":"admin","twitter_card":"summary_large_image","twitter_misc":{"Written by":"admin","Est. reading time":"1 minute"},"schema":{"@context":"https:\/\/schema.org","@graph":[{"@type":"Article","@id":"https:\/\/www.prijedordanas.com\/?p=9601#article","isPartOf":{"@id":"https:\/\/www.prijedordanas.com\/?p=9601"},"author":{"name":"admin","@id":"https:\/\/www.prijedordanas.com\/#\/schema\/person\/4e08ccf29b506ca916ff86d46bb700e6"},"headline":"PRIJEDOR: ZAPLAVLJENO OKO 80 DOMA\u0106INSTAVA, POPLAVLJENE \u010cETIRI KU\u0106E &#8211; FOTO","datePublished":"2014-10-24T08:16:14+00:00","dateModified":"2014-10-24T08:16:14+00:00","mainEntityOfPage":{"@id":"https:\/\/www.prijedordanas.com\/?p=9601"},"wordCount":180,"publisher":{"@id":"https:\/\/www.prijedordanas.com\/#organization"},"keywords":["Topolik"],"articleSection":["Dru\u0161tvo"],"inLanguage":"en-US"},{"@type":"WebPage","@id":"https:\/\/www.prijedordanas.com\/?p=9601","url":"https:\/\/www.prijedordanas.com\/?p=9601","name":"PRIJEDOR: ZAPLAVLJENO OKO 80 DOMA\u0106INSTAVA, POPLAVLJENE \u010cETIRI KU\u0106E - FOTO - PrijedorDanas.com - Prijedorski gradski portal","isPartOf":{"@id":"https:\/\/www.prijedordanas.com\/#website"},"datePublished":"2014-10-24T08:16:14+00:00","dateModified":"2014-10-24T08:16:14+00:00","breadcrumb":{"@id":"https:\/\/www.prijedordanas.com\/?p=9601#breadcrumb"},"inLanguage":"en-US","potentialAction":[{"@type":"ReadAction","target":["https:\/\/www.prijedordanas.com\/?p=9601"]}]},{"@type":"BreadcrumbList","@id":"https:\/\/www.prijedordanas.com\/?p=9601#breadcrumb","itemListElement":[{"@type":"ListItem","position":1,"name":"Home","item":"https:\/\/www.prijedordanas.com\/"},{"@type":"ListItem","position":2,"name":"PRIJEDOR: ZAPLAVLJENO OKO 80 DOMA\u0106INSTAVA, POPLAVLJENE \u010cETIRI KU\u0106E &#8211; FOTO"}]},{"@type":"WebSite","@id":"https:\/\/www.prijedordanas.com\/#website","url":"https:\/\/www.prijedordanas.com\/","name":"PrijedorDanas.com - Prijedorski gradski portal","description":"Portal o doga\u0111anjima u gradu Prijedoru","publisher":{"@id":"https:\/\/www.prijedordanas.com\/#organization"},"potentialAction":[{"@type":"SearchAction","target":{"@type":"EntryPoint","urlTemplate":"https:\/\/www.prijedordanas.com\/?s={search_term_string}"},"query-input":"required name=search_term_string"}],"inLanguage":"en-US"},{"@type":"Organization","@id":"https:\/\/www.prijedordanas.com\/#organization","name":"PrijedorDanas.com","url":"https:\/\/www.prijedordanas.com\/","logo":{"@type":"ImageObject","inLanguage":"en-US","@id":"https:\/\/www.prijedordanas.com\/#\/schema\/logo\/image\/","url":"http:\/\/www.prijedordanas.com\/wp-content\/uploads\/2021\/12\/logopng.png","contentUrl":"http:\/\/www.prijedordanas.com\/wp-content\/uploads\/2021\/12\/logopng.png","width":1019,"height":776,"caption":"PrijedorDanas.com"},"image":{"@id":"https:\/\/www.prijedordanas.com\/#\/schema\/logo\/image\/"},"sameAs":["https:\/\/www.facebook.com\/PrijedorDanasCom\/"]},{"@type":"Person","@id":"https:\/\/www.prijedordanas.com\/#\/schema\/person\/4e08ccf29b506ca916ff86d46bb700e6","name":"admin","image":{"@type":"ImageObject","inLanguage":"en-US","@id":"https:\/\/www.prijedordanas.com\/#\/schema\/person\/image\/","url":"https:\/\/secure.gravatar.com\/avatar\/1d3fc949d550f0b53a5f0d51e06dfd79?s=96&d=mm&r=g","contentUrl":"https:\/\/secure.gravatar.com\/avatar\/1d3fc949d550f0b53a5f0d51e06dfd79?s=96&d=mm&r=g","caption":"admin"},"url":"https:\/\/www.prijedordanas.com\/?author=1"}]}},"_links":{"self":[{"href":"https:\/\/www.prijedordanas.com\/index.php?rest_route=\/wp\/v2\/posts\/9601"}],"collection":[{"href":"https:\/\/www.prijedordanas.com\/index.php?rest_route=\/wp\/v2\/posts"}],"about":[{"href":"https:\/\/www.prijedordanas.com\/index.php?rest_route=\/wp\/v2\/types\/post"}],"author":[{"embeddable":true,"href":"https:\/\/www.prijedordanas.com\/index.php?rest_route=\/wp\/v2\/users\/1"}],"replies":[{"embeddable":true,"href":"https:\/\/www.prijedordanas.com\/index.php?rest_route=%2Fwp%2Fv2%2Fcomments&post=9601"}],"version-history":[{"count":1,"href":"https:\/\/www.prijedordanas.com\/index.php?rest_route=\/wp\/v2\/posts\/9601\/revisions"}],"predecessor-version":[{"id":9607,"href":"https:\/\/www.prijedordanas.com\/index.php?rest_route=\/wp\/v2\/posts\/9601\/revisions\/9607"}],"wp:attachment":[{"href":"https:\/\/www.prijedordanas.com\/index.php?rest_route=%2Fwp%2Fv2%2Fmedia&parent=9601"}],"wp:term":[{"taxonomy":"category","embeddable":true,"href":"https:\/\/www.prijedordanas.com\/index.php?rest_route=%2Fwp%2Fv2%2Fcategories&post=9601"},{"taxonomy":"post_tag","embeddable":true,"href":"https:\/\/www.prijedordanas.com\/index.php?rest_route=%2Fwp%2Fv2%2Ftags&post=9601"}],"curies":[{"name":"wp","href":"https:\/\/api.w.org\/{rel}","templated":true}]}}