{"id":95778,"date":"2018-01-03T16:31:28","date_gmt":"2018-01-03T15:31:28","guid":{"rendered":"https:\/\/www.prijedordanas.com\/?p=95778"},"modified":"2018-01-03T16:31:28","modified_gmt":"2018-01-03T15:31:28","slug":"kraseva-slatka-bajka-stize-u-slatku-zimsku-caroliju","status":"publish","type":"post","link":"https:\/\/www.prijedordanas.com\/?p=95778","title":{"rendered":"KRA\u0160EVA SLATKA BAJKA STI\u017dE U SLATKU ZIMSKU \u010cAROLIJU"},"content":{"rendered":"<p><a href=\"https:\/\/www.prijedordanas.com\/wp-content\/uploads\/2018\/01\/kraseva-slatka-bajka.jpg\"><img loading=\"lazy\" decoding=\"async\" src=\"https:\/\/www.prijedordanas.com\/wp-content\/uploads\/2018\/01\/kraseva-slatka-bajka-300x217.jpg\" alt=\"\" width=\"300\" height=\"217\" class=\"alignleft size-medium wp-image-95779\" srcset=\"https:\/\/www.prijedordanas.com\/wp-content\/uploads\/2018\/01\/kraseva-slatka-bajka-300x217.jpg 300w, https:\/\/www.prijedordanas.com\/wp-content\/uploads\/2018\/01\/kraseva-slatka-bajka-100x72.jpg 100w, https:\/\/www.prijedordanas.com\/wp-content\/uploads\/2018\/01\/kraseva-slatka-bajka.jpg 692w\" sizes=\"(max-width: 300px) 100vw, 300px\" \/><\/a>Tradicija organizovanja slatkih priredbi prenijela se iz Kra\u0161a i u \u010dlanicu Kra\u0161 grupe, tvornicu Mira a.d. iz Prijedora. Tvornica keksa Mira i Grad Prijedor  prvi put ove godine za svoje sugra\u0111ane organiziraju Slatku zimsku  \u010daroliju, najsla\u0111u zimsku zabavu s mnogo smijeha, poklona i raznovrsnih gastronomskih poslastica za sve uzraste i ukuse.<\/p>\n<p>U  sklopu Slatke zimske \u010darolije 3.1.2018. godine u na\u0161 Grad Prijedor sti\u017ee i predstava &#8220;11. Kra\u0161eva slatka bajka&#8221; koju je tokom decembra 2017. godine u Zagrebu  pogledalo preko 10.000 mali\u0161ana i njihovih roditelja, a karte su rasprodane u rekordnom roku. <\/p>\n<p>Kako je Bo\u017ei\u0107 vrijeme dru\u017eenja i okupljanja, tako se u Slatkoj bajci dru\u017ee Kra\u0161evi slatki\u0161i koji se ove godine spremaju na posebnu potragu za draguljem talenta.<\/p>\n<p>Ko je ukrao dragulj? Za\u0161to je va\u017ean Napolitanki i kakve zagonetke se kriju u potrazi, otkrijte dolaskom na ovu prekrasnu bo\u017ei\u0107nu dje\u010dju predstavu, koja je osmi\u0161ljena i producirana u saradnji s pozori\u0161nim rediteljem Kre\u0161imirom Dolen\u010di\u0107em.<\/p>\n<p>Mali\u0161ane \u0107e kroz predstavu voditi poznati muzi\u010dari Jacques Houdek, Giuliano i mnogi drugi.<\/p>\n<p>Do\u0111iteu Slatku zimsku \u010daroliju 3.1.2018. godine od 18:00 \u010dasova na naji\u0161\u010dekivaniju prazni\u010dnu predstavu u gradu, Kra\u0161evu slatku bajku, i u\u017eivajte u zabavi za cijelu porodicu!<\/p>\n","protected":false},"excerpt":{"rendered":"<p>Tradicija organizovanja slatkih priredbi prenijela se iz Kra\u0161a i u \u010dlanicu Kra\u0161 grupe, tvornicu Mira a.d. iz Prijedora. Tvornica keksa Mira i Grad Prijedor prvi put ove godine za svoje [&hellip;]<\/p>\n","protected":false},"author":1,"featured_media":0,"comment_status":"closed","ping_status":"open","sticky":false,"template":"","format":"standard","meta":{"_monsterinsights_skip_tracking":false,"_monsterinsights_sitenote_active":false,"_monsterinsights_sitenote_note":"","_monsterinsights_sitenote_category":0,"footnotes":""},"categories":[7518],"tags":[10249],"yoast_head":"<!-- This site is optimized with the Yoast SEO plugin v21.6 - https:\/\/yoast.com\/wordpress\/plugins\/seo\/ -->\n<title>KRA\u0160EVA SLATKA BAJKA STI\u017dE U SLATKU ZIMSKU \u010cAROLIJU - PrijedorDanas.com - Prijedorski gradski portal<\/title>\n<meta name=\"robots\" content=\"index, follow, max-snippet:-1, max-image-preview:large, max-video-preview:-1\" \/>\n<link rel=\"canonical\" href=\"https:\/\/www.prijedordanas.com\/?p=95778\" \/>\n<meta property=\"og:locale\" content=\"en_US\" \/>\n<meta property=\"og:type\" content=\"article\" \/>\n<meta property=\"og:title\" content=\"KRA\u0160EVA SLATKA BAJKA STI\u017dE U SLATKU ZIMSKU \u010cAROLIJU - PrijedorDanas.com - Prijedorski gradski portal\" \/>\n<meta property=\"og:description\" content=\"Tradicija organizovanja slatkih priredbi prenijela se iz Kra\u0161a i u \u010dlanicu Kra\u0161 grupe, tvornicu Mira a.d. iz Prijedora. Tvornica keksa Mira i Grad Prijedor prvi put ove godine za svoje [&hellip;]\" \/>\n<meta property=\"og:url\" content=\"https:\/\/www.prijedordanas.com\/?p=95778\" \/>\n<meta property=\"og:site_name\" content=\"PrijedorDanas.com - Prijedorski gradski portal\" \/>\n<meta property=\"article:publisher\" content=\"https:\/\/www.facebook.com\/PrijedorDanasCom\/\" \/>\n<meta property=\"article:published_time\" content=\"2018-01-03T15:31:28+00:00\" \/>\n<meta property=\"og:image\" content=\"https:\/\/www.prijedordanas.com\/wp-content\/uploads\/2018\/01\/kraseva-slatka-bajka-300x217.jpg\" \/>\n<meta name=\"author\" content=\"admin\" \/>\n<meta name=\"twitter:card\" content=\"summary_large_image\" \/>\n<meta name=\"twitter:label1\" content=\"Written by\" \/>\n\t<meta name=\"twitter:data1\" content=\"admin\" \/>\n\t<meta name=\"twitter:label2\" content=\"Est. reading time\" \/>\n\t<meta name=\"twitter:data2\" content=\"1 minute\" \/>\n<script type=\"application\/ld+json\" class=\"yoast-schema-graph\">{\"@context\":\"https:\/\/schema.org\",\"@graph\":[{\"@type\":\"Article\",\"@id\":\"https:\/\/www.prijedordanas.com\/?p=95778#article\",\"isPartOf\":{\"@id\":\"https:\/\/www.prijedordanas.com\/?p=95778\"},\"author\":{\"name\":\"admin\",\"@id\":\"https:\/\/www.prijedordanas.com\/#\/schema\/person\/4e08ccf29b506ca916ff86d46bb700e6\"},\"headline\":\"KRA\u0160EVA SLATKA BAJKA STI\u017dE U SLATKU ZIMSKU \u010cAROLIJU\",\"datePublished\":\"2018-01-03T15:31:28+00:00\",\"dateModified\":\"2018-01-03T15:31:28+00:00\",\"mainEntityOfPage\":{\"@id\":\"https:\/\/www.prijedordanas.com\/?p=95778\"},\"wordCount\":223,\"publisher\":{\"@id\":\"https:\/\/www.prijedordanas.com\/#organization\"},\"keywords\":[\"Slatka zimska \u010darolija\"],\"articleSection\":[\"Mladi\"],\"inLanguage\":\"en-US\"},{\"@type\":\"WebPage\",\"@id\":\"https:\/\/www.prijedordanas.com\/?p=95778\",\"url\":\"https:\/\/www.prijedordanas.com\/?p=95778\",\"name\":\"KRA\u0160EVA SLATKA BAJKA STI\u017dE U SLATKU ZIMSKU \u010cAROLIJU - PrijedorDanas.com - Prijedorski gradski portal\",\"isPartOf\":{\"@id\":\"https:\/\/www.prijedordanas.com\/#website\"},\"datePublished\":\"2018-01-03T15:31:28+00:00\",\"dateModified\":\"2018-01-03T15:31:28+00:00\",\"breadcrumb\":{\"@id\":\"https:\/\/www.prijedordanas.com\/?p=95778#breadcrumb\"},\"inLanguage\":\"en-US\",\"potentialAction\":[{\"@type\":\"ReadAction\",\"target\":[\"https:\/\/www.prijedordanas.com\/?p=95778\"]}]},{\"@type\":\"BreadcrumbList\",\"@id\":\"https:\/\/www.prijedordanas.com\/?p=95778#breadcrumb\",\"itemListElement\":[{\"@type\":\"ListItem\",\"position\":1,\"name\":\"Home\",\"item\":\"https:\/\/www.prijedordanas.com\/\"},{\"@type\":\"ListItem\",\"position\":2,\"name\":\"KRA\u0160EVA SLATKA BAJKA STI\u017dE U SLATKU ZIMSKU \u010cAROLIJU\"}]},{\"@type\":\"WebSite\",\"@id\":\"https:\/\/www.prijedordanas.com\/#website\",\"url\":\"https:\/\/www.prijedordanas.com\/\",\"name\":\"PrijedorDanas.com - Prijedorski gradski portal\",\"description\":\"Portal o doga\u0111anjima u gradu Prijedoru\",\"publisher\":{\"@id\":\"https:\/\/www.prijedordanas.com\/#organization\"},\"potentialAction\":[{\"@type\":\"SearchAction\",\"target\":{\"@type\":\"EntryPoint\",\"urlTemplate\":\"https:\/\/www.prijedordanas.com\/?s={search_term_string}\"},\"query-input\":\"required name=search_term_string\"}],\"inLanguage\":\"en-US\"},{\"@type\":\"Organization\",\"@id\":\"https:\/\/www.prijedordanas.com\/#organization\",\"name\":\"PrijedorDanas.com\",\"url\":\"https:\/\/www.prijedordanas.com\/\",\"logo\":{\"@type\":\"ImageObject\",\"inLanguage\":\"en-US\",\"@id\":\"https:\/\/www.prijedordanas.com\/#\/schema\/logo\/image\/\",\"url\":\"http:\/\/www.prijedordanas.com\/wp-content\/uploads\/2021\/12\/logopng.png\",\"contentUrl\":\"http:\/\/www.prijedordanas.com\/wp-content\/uploads\/2021\/12\/logopng.png\",\"width\":1019,\"height\":776,\"caption\":\"PrijedorDanas.com\"},\"image\":{\"@id\":\"https:\/\/www.prijedordanas.com\/#\/schema\/logo\/image\/\"},\"sameAs\":[\"https:\/\/www.facebook.com\/PrijedorDanasCom\/\"]},{\"@type\":\"Person\",\"@id\":\"https:\/\/www.prijedordanas.com\/#\/schema\/person\/4e08ccf29b506ca916ff86d46bb700e6\",\"name\":\"admin\",\"image\":{\"@type\":\"ImageObject\",\"inLanguage\":\"en-US\",\"@id\":\"https:\/\/www.prijedordanas.com\/#\/schema\/person\/image\/\",\"url\":\"https:\/\/secure.gravatar.com\/avatar\/1d3fc949d550f0b53a5f0d51e06dfd79?s=96&d=mm&r=g\",\"contentUrl\":\"https:\/\/secure.gravatar.com\/avatar\/1d3fc949d550f0b53a5f0d51e06dfd79?s=96&d=mm&r=g\",\"caption\":\"admin\"},\"url\":\"https:\/\/www.prijedordanas.com\/?author=1\"}]}<\/script>\n<!-- \/ Yoast SEO plugin. -->","yoast_head_json":{"title":"KRA\u0160EVA SLATKA BAJKA STI\u017dE U SLATKU ZIMSKU \u010cAROLIJU - PrijedorDanas.com - Prijedorski gradski portal","robots":{"index":"index","follow":"follow","max-snippet":"max-snippet:-1","max-image-preview":"max-image-preview:large","max-video-preview":"max-video-preview:-1"},"canonical":"https:\/\/www.prijedordanas.com\/?p=95778","og_locale":"en_US","og_type":"article","og_title":"KRA\u0160EVA SLATKA BAJKA STI\u017dE U SLATKU ZIMSKU \u010cAROLIJU - PrijedorDanas.com - Prijedorski gradski portal","og_description":"Tradicija organizovanja slatkih priredbi prenijela se iz Kra\u0161a i u \u010dlanicu Kra\u0161 grupe, tvornicu Mira a.d. iz Prijedora. Tvornica keksa Mira i Grad Prijedor prvi put ove godine za svoje [&hellip;]","og_url":"https:\/\/www.prijedordanas.com\/?p=95778","og_site_name":"PrijedorDanas.com - Prijedorski gradski portal","article_publisher":"https:\/\/www.facebook.com\/PrijedorDanasCom\/","article_published_time":"2018-01-03T15:31:28+00:00","og_image":[{"url":"https:\/\/www.prijedordanas.com\/wp-content\/uploads\/2018\/01\/kraseva-slatka-bajka-300x217.jpg"}],"author":"admin","twitter_card":"summary_large_image","twitter_misc":{"Written by":"admin","Est. reading time":"1 minute"},"schema":{"@context":"https:\/\/schema.org","@graph":[{"@type":"Article","@id":"https:\/\/www.prijedordanas.com\/?p=95778#article","isPartOf":{"@id":"https:\/\/www.prijedordanas.com\/?p=95778"},"author":{"name":"admin","@id":"https:\/\/www.prijedordanas.com\/#\/schema\/person\/4e08ccf29b506ca916ff86d46bb700e6"},"headline":"KRA\u0160EVA SLATKA BAJKA STI\u017dE U SLATKU ZIMSKU \u010cAROLIJU","datePublished":"2018-01-03T15:31:28+00:00","dateModified":"2018-01-03T15:31:28+00:00","mainEntityOfPage":{"@id":"https:\/\/www.prijedordanas.com\/?p=95778"},"wordCount":223,"publisher":{"@id":"https:\/\/www.prijedordanas.com\/#organization"},"keywords":["Slatka zimska \u010darolija"],"articleSection":["Mladi"],"inLanguage":"en-US"},{"@type":"WebPage","@id":"https:\/\/www.prijedordanas.com\/?p=95778","url":"https:\/\/www.prijedordanas.com\/?p=95778","name":"KRA\u0160EVA SLATKA BAJKA STI\u017dE U SLATKU ZIMSKU \u010cAROLIJU - PrijedorDanas.com - Prijedorski gradski portal","isPartOf":{"@id":"https:\/\/www.prijedordanas.com\/#website"},"datePublished":"2018-01-03T15:31:28+00:00","dateModified":"2018-01-03T15:31:28+00:00","breadcrumb":{"@id":"https:\/\/www.prijedordanas.com\/?p=95778#breadcrumb"},"inLanguage":"en-US","potentialAction":[{"@type":"ReadAction","target":["https:\/\/www.prijedordanas.com\/?p=95778"]}]},{"@type":"BreadcrumbList","@id":"https:\/\/www.prijedordanas.com\/?p=95778#breadcrumb","itemListElement":[{"@type":"ListItem","position":1,"name":"Home","item":"https:\/\/www.prijedordanas.com\/"},{"@type":"ListItem","position":2,"name":"KRA\u0160EVA SLATKA BAJKA STI\u017dE U SLATKU ZIMSKU \u010cAROLIJU"}]},{"@type":"WebSite","@id":"https:\/\/www.prijedordanas.com\/#website","url":"https:\/\/www.prijedordanas.com\/","name":"PrijedorDanas.com - Prijedorski gradski portal","description":"Portal o doga\u0111anjima u gradu Prijedoru","publisher":{"@id":"https:\/\/www.prijedordanas.com\/#organization"},"potentialAction":[{"@type":"SearchAction","target":{"@type":"EntryPoint","urlTemplate":"https:\/\/www.prijedordanas.com\/?s={search_term_string}"},"query-input":"required name=search_term_string"}],"inLanguage":"en-US"},{"@type":"Organization","@id":"https:\/\/www.prijedordanas.com\/#organization","name":"PrijedorDanas.com","url":"https:\/\/www.prijedordanas.com\/","logo":{"@type":"ImageObject","inLanguage":"en-US","@id":"https:\/\/www.prijedordanas.com\/#\/schema\/logo\/image\/","url":"http:\/\/www.prijedordanas.com\/wp-content\/uploads\/2021\/12\/logopng.png","contentUrl":"http:\/\/www.prijedordanas.com\/wp-content\/uploads\/2021\/12\/logopng.png","width":1019,"height":776,"caption":"PrijedorDanas.com"},"image":{"@id":"https:\/\/www.prijedordanas.com\/#\/schema\/logo\/image\/"},"sameAs":["https:\/\/www.facebook.com\/PrijedorDanasCom\/"]},{"@type":"Person","@id":"https:\/\/www.prijedordanas.com\/#\/schema\/person\/4e08ccf29b506ca916ff86d46bb700e6","name":"admin","image":{"@type":"ImageObject","inLanguage":"en-US","@id":"https:\/\/www.prijedordanas.com\/#\/schema\/person\/image\/","url":"https:\/\/secure.gravatar.com\/avatar\/1d3fc949d550f0b53a5f0d51e06dfd79?s=96&d=mm&r=g","contentUrl":"https:\/\/secure.gravatar.com\/avatar\/1d3fc949d550f0b53a5f0d51e06dfd79?s=96&d=mm&r=g","caption":"admin"},"url":"https:\/\/www.prijedordanas.com\/?author=1"}]}},"_links":{"self":[{"href":"https:\/\/www.prijedordanas.com\/index.php?rest_route=\/wp\/v2\/posts\/95778"}],"collection":[{"href":"https:\/\/www.prijedordanas.com\/index.php?rest_route=\/wp\/v2\/posts"}],"about":[{"href":"https:\/\/www.prijedordanas.com\/index.php?rest_route=\/wp\/v2\/types\/post"}],"author":[{"embeddable":true,"href":"https:\/\/www.prijedordanas.com\/index.php?rest_route=\/wp\/v2\/users\/1"}],"replies":[{"embeddable":true,"href":"https:\/\/www.prijedordanas.com\/index.php?rest_route=%2Fwp%2Fv2%2Fcomments&post=95778"}],"version-history":[{"count":1,"href":"https:\/\/www.prijedordanas.com\/index.php?rest_route=\/wp\/v2\/posts\/95778\/revisions"}],"predecessor-version":[{"id":95780,"href":"https:\/\/www.prijedordanas.com\/index.php?rest_route=\/wp\/v2\/posts\/95778\/revisions\/95780"}],"wp:attachment":[{"href":"https:\/\/www.prijedordanas.com\/index.php?rest_route=%2Fwp%2Fv2%2Fmedia&parent=95778"}],"wp:term":[{"taxonomy":"category","embeddable":true,"href":"https:\/\/www.prijedordanas.com\/index.php?rest_route=%2Fwp%2Fv2%2Fcategories&post=95778"},{"taxonomy":"post_tag","embeddable":true,"href":"https:\/\/www.prijedordanas.com\/index.php?rest_route=%2Fwp%2Fv2%2Ftags&post=95778"}],"curies":[{"name":"wp","href":"https:\/\/api.w.org\/{rel}","templated":true}]}}