{"id":95296,"date":"2017-12-27T17:45:23","date_gmt":"2017-12-27T16:45:23","guid":{"rendered":"https:\/\/www.prijedordanas.com\/?p=95296"},"modified":"2017-12-27T17:45:23","modified_gmt":"2017-12-27T16:45:23","slug":"u-petak-otvaranje-izlozbe-slika-dalibora-popovica-mikse","status":"publish","type":"post","link":"https:\/\/www.prijedordanas.com\/?p=95296","title":{"rendered":"U PETAK OTVARANJE IZLO\u017dBE SLIKA DALIBORA POPOVI\u0106A MIK\u0160E"},"content":{"rendered":"<p><a href=\"https:\/\/www.prijedordanas.com\/wp-content\/uploads\/2017\/12\/miksa-izlozba-plakat.jpg\"><img loading=\"lazy\" decoding=\"async\" class=\"alignleft size-medium wp-image-95257\" src=\"https:\/\/www.prijedordanas.com\/wp-content\/uploads\/2017\/12\/miksa-izlozba-plakat-210x300.jpg\" alt=\"\" width=\"210\" height=\"300\" srcset=\"https:\/\/www.prijedordanas.com\/wp-content\/uploads\/2017\/12\/miksa-izlozba-plakat-210x300.jpg 210w, https:\/\/www.prijedordanas.com\/wp-content\/uploads\/2017\/12\/miksa-izlozba-plakat-70x100.jpg 70w, https:\/\/www.prijedordanas.com\/wp-content\/uploads\/2017\/12\/miksa-izlozba-plakat.jpg 455w\" sizes=\"(max-width: 210px) 100vw, 210px\" \/><\/a>Kao \u0161to je nedavno i najavio Tihomir Ilija\u0161evi\u0107, direktor prijedorske Galerije 96, pred kraj 2017. godine u ovom izlo\u017ebenom prostoru \u0107e biti otvorena izlo\u017eba slika Dalibora Popovi\u0107a Mik\u0161e.<\/p>\n<p>Talentovani umjetnik, slikar i muzi\u010dar, frontmen prijedorskog benda \u201cTattoo\u201d, iznenada je preminuo 13.oktobra u 37.godini \u017eivota.<\/p>\n<p>Otvaranje izlo\u017ebe slika Dalibora Popovic\u0301a Mik\u0161e zakazano je za petak, 29. decembar od 20:00 \u010dasova.<\/p>\n<p>Priredio &#8211; Aleksandar Drakuli\u0107 \u2013 <a href=\"https:\/\/www.prijedordanas.com\" target=\"_blank\" rel=\"noopener noreferrer\">www.prijedordanas.com<\/a><\/p>\n<p><a href=\"https:\/\/www.prijedordanas.com\/wp-content\/uploads\/2017\/12\/miksa-slike-1.jpg\"><img loading=\"lazy\" decoding=\"async\" class=\"alignleft size-medium wp-image-95258\" src=\"https:\/\/www.prijedordanas.com\/wp-content\/uploads\/2017\/12\/miksa-slike-1-300x221.jpg\" alt=\"\" width=\"300\" height=\"221\" srcset=\"https:\/\/www.prijedordanas.com\/wp-content\/uploads\/2017\/12\/miksa-slike-1-300x221.jpg 300w, https:\/\/www.prijedordanas.com\/wp-content\/uploads\/2017\/12\/miksa-slike-1-100x74.jpg 100w, https:\/\/www.prijedordanas.com\/wp-content\/uploads\/2017\/12\/miksa-slike-1.jpg 680w\" sizes=\"(max-width: 300px) 100vw, 300px\" \/><\/a> <a href=\"https:\/\/www.prijedordanas.com\/wp-content\/uploads\/2017\/12\/miksa-slike-2.jpg\"><img loading=\"lazy\" decoding=\"async\" class=\"alignleft size-medium wp-image-95259\" src=\"https:\/\/www.prijedordanas.com\/wp-content\/uploads\/2017\/12\/miksa-slike-2-300x223.jpg\" alt=\"\" width=\"300\" height=\"223\" srcset=\"https:\/\/www.prijedordanas.com\/wp-content\/uploads\/2017\/12\/miksa-slike-2-300x223.jpg 300w, https:\/\/www.prijedordanas.com\/wp-content\/uploads\/2017\/12\/miksa-slike-2-100x74.jpg 100w, https:\/\/www.prijedordanas.com\/wp-content\/uploads\/2017\/12\/miksa-slike-2.jpg 674w\" sizes=\"(max-width: 300px) 100vw, 300px\" \/><\/a><\/p>\n","protected":false},"excerpt":{"rendered":"<p>Kao \u0161to je nedavno i najavio Tihomir Ilija\u0161evi\u0107, direktor prijedorske Galerije 96, pred kraj 2017. godine u ovom izlo\u017ebenom prostoru \u0107e biti otvorena izlo\u017eba slika Dalibora Popovi\u0107a Mik\u0161e. Talentovani umjetnik, [&hellip;]<\/p>\n","protected":false},"author":1,"featured_media":0,"comment_status":"closed","ping_status":"open","sticky":false,"template":"","format":"standard","meta":{"_monsterinsights_skip_tracking":false,"_monsterinsights_sitenote_active":false,"_monsterinsights_sitenote_note":"","_monsterinsights_sitenote_category":0,"footnotes":""},"categories":[6],"tags":[9728,81,7592],"yoast_head":"<!-- This site is optimized with the Yoast SEO plugin v21.6 - https:\/\/yoast.com\/wordpress\/plugins\/seo\/ -->\n<title>U PETAK OTVARANJE IZLO\u017dBE SLIKA DALIBORA POPOVI\u0106A MIK\u0160E - PrijedorDanas.com - Prijedorski gradski portal<\/title>\n<meta name=\"robots\" content=\"index, follow, max-snippet:-1, max-image-preview:large, max-video-preview:-1\" \/>\n<link rel=\"canonical\" href=\"https:\/\/www.prijedordanas.com\/?p=95296\" \/>\n<meta property=\"og:locale\" content=\"en_US\" \/>\n<meta property=\"og:type\" content=\"article\" \/>\n<meta property=\"og:title\" content=\"U PETAK OTVARANJE IZLO\u017dBE SLIKA DALIBORA POPOVI\u0106A MIK\u0160E - PrijedorDanas.com - Prijedorski gradski portal\" \/>\n<meta property=\"og:description\" content=\"Kao \u0161to je nedavno i najavio Tihomir Ilija\u0161evi\u0107, direktor prijedorske Galerije 96, pred kraj 2017. godine u ovom izlo\u017ebenom prostoru \u0107e biti otvorena izlo\u017eba slika Dalibora Popovi\u0107a Mik\u0161e. Talentovani umjetnik, [&hellip;]\" \/>\n<meta property=\"og:url\" content=\"https:\/\/www.prijedordanas.com\/?p=95296\" \/>\n<meta property=\"og:site_name\" content=\"PrijedorDanas.com - Prijedorski gradski portal\" \/>\n<meta property=\"article:publisher\" content=\"https:\/\/www.facebook.com\/PrijedorDanasCom\/\" \/>\n<meta property=\"article:published_time\" content=\"2017-12-27T16:45:23+00:00\" \/>\n<meta property=\"og:image\" content=\"https:\/\/www.prijedordanas.com\/wp-content\/uploads\/2017\/12\/miksa-izlozba-plakat-210x300.jpg\" \/>\n<meta name=\"author\" content=\"admin\" \/>\n<meta name=\"twitter:card\" content=\"summary_large_image\" \/>\n<meta name=\"twitter:label1\" content=\"Written by\" \/>\n\t<meta name=\"twitter:data1\" content=\"admin\" \/>\n<script type=\"application\/ld+json\" class=\"yoast-schema-graph\">{\"@context\":\"https:\/\/schema.org\",\"@graph\":[{\"@type\":\"Article\",\"@id\":\"https:\/\/www.prijedordanas.com\/?p=95296#article\",\"isPartOf\":{\"@id\":\"https:\/\/www.prijedordanas.com\/?p=95296\"},\"author\":{\"name\":\"admin\",\"@id\":\"https:\/\/www.prijedordanas.com\/#\/schema\/person\/4e08ccf29b506ca916ff86d46bb700e6\"},\"headline\":\"U PETAK OTVARANJE IZLO\u017dBE SLIKA DALIBORA POPOVI\u0106A MIK\u0160E\",\"datePublished\":\"2017-12-27T16:45:23+00:00\",\"dateModified\":\"2017-12-27T16:45:23+00:00\",\"mainEntityOfPage\":{\"@id\":\"https:\/\/www.prijedordanas.com\/?p=95296\"},\"wordCount\":82,\"publisher\":{\"@id\":\"https:\/\/www.prijedordanas.com\/#organization\"},\"keywords\":[\"Dalibor Popovi\u0107 Mik\u0161a\",\"Galerija 96\",\"izlo\u017eba slika\"],\"articleSection\":[\"Kultura\"],\"inLanguage\":\"en-US\"},{\"@type\":\"WebPage\",\"@id\":\"https:\/\/www.prijedordanas.com\/?p=95296\",\"url\":\"https:\/\/www.prijedordanas.com\/?p=95296\",\"name\":\"U PETAK OTVARANJE IZLO\u017dBE SLIKA DALIBORA POPOVI\u0106A MIK\u0160E - PrijedorDanas.com - Prijedorski gradski portal\",\"isPartOf\":{\"@id\":\"https:\/\/www.prijedordanas.com\/#website\"},\"datePublished\":\"2017-12-27T16:45:23+00:00\",\"dateModified\":\"2017-12-27T16:45:23+00:00\",\"breadcrumb\":{\"@id\":\"https:\/\/www.prijedordanas.com\/?p=95296#breadcrumb\"},\"inLanguage\":\"en-US\",\"potentialAction\":[{\"@type\":\"ReadAction\",\"target\":[\"https:\/\/www.prijedordanas.com\/?p=95296\"]}]},{\"@type\":\"BreadcrumbList\",\"@id\":\"https:\/\/www.prijedordanas.com\/?p=95296#breadcrumb\",\"itemListElement\":[{\"@type\":\"ListItem\",\"position\":1,\"name\":\"Home\",\"item\":\"https:\/\/www.prijedordanas.com\/\"},{\"@type\":\"ListItem\",\"position\":2,\"name\":\"U PETAK OTVARANJE IZLO\u017dBE SLIKA DALIBORA POPOVI\u0106A MIK\u0160E\"}]},{\"@type\":\"WebSite\",\"@id\":\"https:\/\/www.prijedordanas.com\/#website\",\"url\":\"https:\/\/www.prijedordanas.com\/\",\"name\":\"PrijedorDanas.com - Prijedorski gradski portal\",\"description\":\"Portal o doga\u0111anjima u gradu Prijedoru\",\"publisher\":{\"@id\":\"https:\/\/www.prijedordanas.com\/#organization\"},\"potentialAction\":[{\"@type\":\"SearchAction\",\"target\":{\"@type\":\"EntryPoint\",\"urlTemplate\":\"https:\/\/www.prijedordanas.com\/?s={search_term_string}\"},\"query-input\":\"required name=search_term_string\"}],\"inLanguage\":\"en-US\"},{\"@type\":\"Organization\",\"@id\":\"https:\/\/www.prijedordanas.com\/#organization\",\"name\":\"PrijedorDanas.com\",\"url\":\"https:\/\/www.prijedordanas.com\/\",\"logo\":{\"@type\":\"ImageObject\",\"inLanguage\":\"en-US\",\"@id\":\"https:\/\/www.prijedordanas.com\/#\/schema\/logo\/image\/\",\"url\":\"http:\/\/www.prijedordanas.com\/wp-content\/uploads\/2021\/12\/logopng.png\",\"contentUrl\":\"http:\/\/www.prijedordanas.com\/wp-content\/uploads\/2021\/12\/logopng.png\",\"width\":1019,\"height\":776,\"caption\":\"PrijedorDanas.com\"},\"image\":{\"@id\":\"https:\/\/www.prijedordanas.com\/#\/schema\/logo\/image\/\"},\"sameAs\":[\"https:\/\/www.facebook.com\/PrijedorDanasCom\/\"]},{\"@type\":\"Person\",\"@id\":\"https:\/\/www.prijedordanas.com\/#\/schema\/person\/4e08ccf29b506ca916ff86d46bb700e6\",\"name\":\"admin\",\"image\":{\"@type\":\"ImageObject\",\"inLanguage\":\"en-US\",\"@id\":\"https:\/\/www.prijedordanas.com\/#\/schema\/person\/image\/\",\"url\":\"https:\/\/secure.gravatar.com\/avatar\/1d3fc949d550f0b53a5f0d51e06dfd79?s=96&d=mm&r=g\",\"contentUrl\":\"https:\/\/secure.gravatar.com\/avatar\/1d3fc949d550f0b53a5f0d51e06dfd79?s=96&d=mm&r=g\",\"caption\":\"admin\"},\"url\":\"https:\/\/www.prijedordanas.com\/?author=1\"}]}<\/script>\n<!-- \/ Yoast SEO plugin. -->","yoast_head_json":{"title":"U PETAK OTVARANJE IZLO\u017dBE SLIKA DALIBORA POPOVI\u0106A MIK\u0160E - PrijedorDanas.com - Prijedorski gradski portal","robots":{"index":"index","follow":"follow","max-snippet":"max-snippet:-1","max-image-preview":"max-image-preview:large","max-video-preview":"max-video-preview:-1"},"canonical":"https:\/\/www.prijedordanas.com\/?p=95296","og_locale":"en_US","og_type":"article","og_title":"U PETAK OTVARANJE IZLO\u017dBE SLIKA DALIBORA POPOVI\u0106A MIK\u0160E - PrijedorDanas.com - Prijedorski gradski portal","og_description":"Kao \u0161to je nedavno i najavio Tihomir Ilija\u0161evi\u0107, direktor prijedorske Galerije 96, pred kraj 2017. godine u ovom izlo\u017ebenom prostoru \u0107e biti otvorena izlo\u017eba slika Dalibora Popovi\u0107a Mik\u0161e. Talentovani umjetnik, [&hellip;]","og_url":"https:\/\/www.prijedordanas.com\/?p=95296","og_site_name":"PrijedorDanas.com - Prijedorski gradski portal","article_publisher":"https:\/\/www.facebook.com\/PrijedorDanasCom\/","article_published_time":"2017-12-27T16:45:23+00:00","og_image":[{"url":"https:\/\/www.prijedordanas.com\/wp-content\/uploads\/2017\/12\/miksa-izlozba-plakat-210x300.jpg"}],"author":"admin","twitter_card":"summary_large_image","twitter_misc":{"Written by":"admin"},"schema":{"@context":"https:\/\/schema.org","@graph":[{"@type":"Article","@id":"https:\/\/www.prijedordanas.com\/?p=95296#article","isPartOf":{"@id":"https:\/\/www.prijedordanas.com\/?p=95296"},"author":{"name":"admin","@id":"https:\/\/www.prijedordanas.com\/#\/schema\/person\/4e08ccf29b506ca916ff86d46bb700e6"},"headline":"U PETAK OTVARANJE IZLO\u017dBE SLIKA DALIBORA POPOVI\u0106A MIK\u0160E","datePublished":"2017-12-27T16:45:23+00:00","dateModified":"2017-12-27T16:45:23+00:00","mainEntityOfPage":{"@id":"https:\/\/www.prijedordanas.com\/?p=95296"},"wordCount":82,"publisher":{"@id":"https:\/\/www.prijedordanas.com\/#organization"},"keywords":["Dalibor Popovi\u0107 Mik\u0161a","Galerija 96","izlo\u017eba slika"],"articleSection":["Kultura"],"inLanguage":"en-US"},{"@type":"WebPage","@id":"https:\/\/www.prijedordanas.com\/?p=95296","url":"https:\/\/www.prijedordanas.com\/?p=95296","name":"U PETAK OTVARANJE IZLO\u017dBE SLIKA DALIBORA POPOVI\u0106A MIK\u0160E - PrijedorDanas.com - Prijedorski gradski portal","isPartOf":{"@id":"https:\/\/www.prijedordanas.com\/#website"},"datePublished":"2017-12-27T16:45:23+00:00","dateModified":"2017-12-27T16:45:23+00:00","breadcrumb":{"@id":"https:\/\/www.prijedordanas.com\/?p=95296#breadcrumb"},"inLanguage":"en-US","potentialAction":[{"@type":"ReadAction","target":["https:\/\/www.prijedordanas.com\/?p=95296"]}]},{"@type":"BreadcrumbList","@id":"https:\/\/www.prijedordanas.com\/?p=95296#breadcrumb","itemListElement":[{"@type":"ListItem","position":1,"name":"Home","item":"https:\/\/www.prijedordanas.com\/"},{"@type":"ListItem","position":2,"name":"U PETAK OTVARANJE IZLO\u017dBE SLIKA DALIBORA POPOVI\u0106A MIK\u0160E"}]},{"@type":"WebSite","@id":"https:\/\/www.prijedordanas.com\/#website","url":"https:\/\/www.prijedordanas.com\/","name":"PrijedorDanas.com - Prijedorski gradski portal","description":"Portal o doga\u0111anjima u gradu Prijedoru","publisher":{"@id":"https:\/\/www.prijedordanas.com\/#organization"},"potentialAction":[{"@type":"SearchAction","target":{"@type":"EntryPoint","urlTemplate":"https:\/\/www.prijedordanas.com\/?s={search_term_string}"},"query-input":"required name=search_term_string"}],"inLanguage":"en-US"},{"@type":"Organization","@id":"https:\/\/www.prijedordanas.com\/#organization","name":"PrijedorDanas.com","url":"https:\/\/www.prijedordanas.com\/","logo":{"@type":"ImageObject","inLanguage":"en-US","@id":"https:\/\/www.prijedordanas.com\/#\/schema\/logo\/image\/","url":"http:\/\/www.prijedordanas.com\/wp-content\/uploads\/2021\/12\/logopng.png","contentUrl":"http:\/\/www.prijedordanas.com\/wp-content\/uploads\/2021\/12\/logopng.png","width":1019,"height":776,"caption":"PrijedorDanas.com"},"image":{"@id":"https:\/\/www.prijedordanas.com\/#\/schema\/logo\/image\/"},"sameAs":["https:\/\/www.facebook.com\/PrijedorDanasCom\/"]},{"@type":"Person","@id":"https:\/\/www.prijedordanas.com\/#\/schema\/person\/4e08ccf29b506ca916ff86d46bb700e6","name":"admin","image":{"@type":"ImageObject","inLanguage":"en-US","@id":"https:\/\/www.prijedordanas.com\/#\/schema\/person\/image\/","url":"https:\/\/secure.gravatar.com\/avatar\/1d3fc949d550f0b53a5f0d51e06dfd79?s=96&d=mm&r=g","contentUrl":"https:\/\/secure.gravatar.com\/avatar\/1d3fc949d550f0b53a5f0d51e06dfd79?s=96&d=mm&r=g","caption":"admin"},"url":"https:\/\/www.prijedordanas.com\/?author=1"}]}},"_links":{"self":[{"href":"https:\/\/www.prijedordanas.com\/index.php?rest_route=\/wp\/v2\/posts\/95296"}],"collection":[{"href":"https:\/\/www.prijedordanas.com\/index.php?rest_route=\/wp\/v2\/posts"}],"about":[{"href":"https:\/\/www.prijedordanas.com\/index.php?rest_route=\/wp\/v2\/types\/post"}],"author":[{"embeddable":true,"href":"https:\/\/www.prijedordanas.com\/index.php?rest_route=\/wp\/v2\/users\/1"}],"replies":[{"embeddable":true,"href":"https:\/\/www.prijedordanas.com\/index.php?rest_route=%2Fwp%2Fv2%2Fcomments&post=95296"}],"version-history":[{"count":1,"href":"https:\/\/www.prijedordanas.com\/index.php?rest_route=\/wp\/v2\/posts\/95296\/revisions"}],"predecessor-version":[{"id":95297,"href":"https:\/\/www.prijedordanas.com\/index.php?rest_route=\/wp\/v2\/posts\/95296\/revisions\/95297"}],"wp:attachment":[{"href":"https:\/\/www.prijedordanas.com\/index.php?rest_route=%2Fwp%2Fv2%2Fmedia&parent=95296"}],"wp:term":[{"taxonomy":"category","embeddable":true,"href":"https:\/\/www.prijedordanas.com\/index.php?rest_route=%2Fwp%2Fv2%2Fcategories&post=95296"},{"taxonomy":"post_tag","embeddable":true,"href":"https:\/\/www.prijedordanas.com\/index.php?rest_route=%2Fwp%2Fv2%2Ftags&post=95296"}],"curies":[{"name":"wp","href":"https:\/\/api.w.org\/{rel}","templated":true}]}}