{"id":95056,"date":"2017-12-24T22:21:21","date_gmt":"2017-12-24T21:21:21","guid":{"rendered":"https:\/\/www.prijedordanas.com\/?p=95056"},"modified":"2017-12-24T22:27:20","modified_gmt":"2017-12-24T21:27:20","slug":"jedan-prijedorcanin-teze-jedan-lakse-povrijeden-nakon-sto-su-ih-napala-cetvorica-mladica","status":"publish","type":"post","link":"https:\/\/www.prijedordanas.com\/?p=95056","title":{"rendered":"JEDAN PRIJEDOR\u010cANIN TE\u017dE A JEDAN LAK\u0160E POVRIJE\u0110EN NAKON \u0160TO SU IH NAPALA \u010cETVORICA MLADI\u0106A"},"content":{"rendered":"<p><a href=\"https:\/\/www.prijedordanas.com\/wp-content\/uploads\/2017\/12\/policija-noc-uvidjaj-2.jpg\"><img loading=\"lazy\" decoding=\"async\" class=\"alignleft size-medium wp-image-95057\" src=\"https:\/\/www.prijedordanas.com\/wp-content\/uploads\/2017\/12\/policija-noc-uvidjaj-2-300x222.jpg\" alt=\"\" width=\"300\" height=\"222\" srcset=\"https:\/\/www.prijedordanas.com\/wp-content\/uploads\/2017\/12\/policija-noc-uvidjaj-2-300x222.jpg 300w, https:\/\/www.prijedordanas.com\/wp-content\/uploads\/2017\/12\/policija-noc-uvidjaj-2-100x74.jpg 100w, https:\/\/www.prijedordanas.com\/wp-content\/uploads\/2017\/12\/policija-noc-uvidjaj-2.jpg 675w\" sizes=\"(max-width: 300px) 100vw, 300px\" \/><\/a>Burna no\u0107 bila je na prijedorskim ulicama izme\u0111u petka i subote.<\/p>\n<p>Kako smo saznali, u naselju Urije do\u0161lo je do napada na dvojicu mladi\u0107a.<\/p>\n<p>-Dana 23.12. oko 4:10 \u010dasova Policijskoj upravi Prijedor prijavljeno je da su u Kozarskoj ulici ispred jednog objekta dva lica fizi\u010dki napadnuta od strane \u010detiri nepoznata lica koja su se potom udaljila sa mjesta doga\u0111aja. Preduzete su operativne mjere i radnje na utvr\u0111ivanju okolnosti prijave te utvr\u0111ivanju identiteta NN lica. Policijski slu\u017ebenici PU Prijedor su istog dana li\u0161ili slobode N.G. (1999) iz Kami\u010dana, A.D. (1996) iz Kozaru\u0161e, E.G. (1991) iz Kami\u010dana i E.J. (1986) dr\u017eavljanina \u0160vedske. Oni su uhap\u0161eni zbog postojanja osnova sumnje da je lice E.J. nanijelo te\u0161ke tjelesne povrede licu S.D. (1998) iz Prijedora dok su sva \u010detiri lica, N.G., E.G., A.D. i E.J. licu S.K. (1998) iz Trnopolja nanijeli lake tjelesne povrede \u2013 re\u010deno nam je iz PU Prijedor.<\/p>\n<p><a href=\"https:\/\/www.prijedordanas.com\/wp-content\/uploads\/2017\/10\/policija-uvidjaj-nocni-3.jpg\"><img loading=\"lazy\" decoding=\"async\" class=\"alignleft size-medium wp-image-90179\" src=\"https:\/\/www.prijedordanas.com\/wp-content\/uploads\/2017\/10\/policija-uvidjaj-nocni-3-300x222.jpg\" alt=\"\" width=\"300\" height=\"222\" srcset=\"https:\/\/www.prijedordanas.com\/wp-content\/uploads\/2017\/10\/policija-uvidjaj-nocni-3-300x222.jpg 300w, https:\/\/www.prijedordanas.com\/wp-content\/uploads\/2017\/10\/policija-uvidjaj-nocni-3-100x74.jpg 100w, https:\/\/www.prijedordanas.com\/wp-content\/uploads\/2017\/10\/policija-uvidjaj-nocni-3.jpg 675w\" sizes=\"(max-width: 300px) 100vw, 300px\" \/><\/a>Tako\u0111e saznajemo da je dvojici povrije\u0111enih ljekarska pomo\u0107 ukazana u bolnici \u201eDr Mladen Stojanovi\u0107\u201c Prijedor.<\/p>\n<p>Iz PU Prijedor nam je potvr\u0111eno da je po ovla\u0161tenju de\u017eurnog tu\u017eioca Okru\u017enog javnog tu\u017eila\u0161tva Prijedor na licu mjesta izvr\u0161en uvi\u0111aj, a nakon zavr\u0161ene kriminalisti\u010dke obrade osumnji\u010dena lica su otpu\u0161tena iz slu\u017ebenih prostorija.<\/p>\n<p>-Po kompletiranju predmeta, iz Okru\u017enog javnog tu\u017eila\u0161tva Prijedor slijedi podno\u0161enje izvje\u0161taja protiv osumnji\u010denih zbog po\u010dinjenih krivilnih djela \u201eTe\u0161ka tjelesna povreda\u201c i \u201eTjelesna povreda\u201c i \u201eU\u010destvovanje u tu\u010di\u201c \u2013 ka\u017eu iz prijedorske policije.<\/p>\n<p>S obzirom da je E.J. strani dr\u017eavljanin, o svemu je obavije\u0161tena Ambasada \u0160vedske u BiH kao i terenska kancelarija Slu\u017ebe za poslove sa strancima Banja Luka.<\/p>\n<p>Tekst I foto ilustracija \u2013 Aleksandar Drakuli\u0107 \u2013 <a href=\"https:\/\/www.prijedordanas.com\" target=\"_blank\" rel=\"noopener noreferrer\">www.prijedordanas.com<\/a><\/p>\n","protected":false},"excerpt":{"rendered":"<p>Burna no\u0107 bila je na prijedorskim ulicama izme\u0111u petka i subote. Kako smo saznali, u naselju Urije do\u0161lo je do napada na dvojicu mladi\u0107a. -Dana 23.12. oko 4:10 \u010dasova Policijskoj [&hellip;]<\/p>\n","protected":false},"author":1,"featured_media":0,"comment_status":"closed","ping_status":"open","sticky":false,"template":"","format":"standard","meta":{"_monsterinsights_skip_tracking":false,"_monsterinsights_sitenote_active":false,"_monsterinsights_sitenote_note":"","_monsterinsights_sitenote_category":0,"footnotes":""},"categories":[5],"tags":[9834,305],"yoast_head":"<!-- This site is optimized with the Yoast SEO plugin v21.6 - https:\/\/yoast.com\/wordpress\/plugins\/seo\/ -->\n<title>JEDAN PRIJEDOR\u010cANIN TE\u017dE A JEDAN LAK\u0160E POVRIJE\u0110EN NAKON \u0160TO SU IH NAPALA \u010cETVORICA MLADI\u0106A - PrijedorDanas.com - Prijedorski gradski portal<\/title>\n<meta name=\"robots\" content=\"index, follow, max-snippet:-1, max-image-preview:large, max-video-preview:-1\" \/>\n<link rel=\"canonical\" href=\"https:\/\/www.prijedordanas.com\/?p=95056\" \/>\n<meta property=\"og:locale\" content=\"en_US\" \/>\n<meta property=\"og:type\" content=\"article\" \/>\n<meta property=\"og:title\" content=\"JEDAN PRIJEDOR\u010cANIN TE\u017dE A JEDAN LAK\u0160E POVRIJE\u0110EN NAKON \u0160TO SU IH NAPALA \u010cETVORICA MLADI\u0106A - PrijedorDanas.com - Prijedorski gradski portal\" \/>\n<meta property=\"og:description\" content=\"Burna no\u0107 bila je na prijedorskim ulicama izme\u0111u petka i subote. Kako smo saznali, u naselju Urije do\u0161lo je do napada na dvojicu mladi\u0107a. -Dana 23.12. oko 4:10 \u010dasova Policijskoj [&hellip;]\" \/>\n<meta property=\"og:url\" content=\"https:\/\/www.prijedordanas.com\/?p=95056\" \/>\n<meta property=\"og:site_name\" content=\"PrijedorDanas.com - Prijedorski gradski portal\" \/>\n<meta property=\"article:publisher\" content=\"https:\/\/www.facebook.com\/PrijedorDanasCom\/\" \/>\n<meta property=\"article:published_time\" content=\"2017-12-24T21:21:21+00:00\" \/>\n<meta property=\"article:modified_time\" content=\"2017-12-24T21:27:20+00:00\" \/>\n<meta property=\"og:image\" content=\"https:\/\/www.prijedordanas.com\/wp-content\/uploads\/2017\/12\/policija-noc-uvidjaj-2-300x222.jpg\" \/>\n<meta name=\"author\" content=\"admin\" \/>\n<meta name=\"twitter:card\" content=\"summary_large_image\" \/>\n<meta name=\"twitter:label1\" content=\"Written by\" \/>\n\t<meta name=\"twitter:data1\" content=\"admin\" \/>\n\t<meta name=\"twitter:label2\" content=\"Est. reading time\" \/>\n\t<meta name=\"twitter:data2\" content=\"2 minutes\" \/>\n<script type=\"application\/ld+json\" class=\"yoast-schema-graph\">{\"@context\":\"https:\/\/schema.org\",\"@graph\":[{\"@type\":\"Article\",\"@id\":\"https:\/\/www.prijedordanas.com\/?p=95056#article\",\"isPartOf\":{\"@id\":\"https:\/\/www.prijedordanas.com\/?p=95056\"},\"author\":{\"name\":\"admin\",\"@id\":\"https:\/\/www.prijedordanas.com\/#\/schema\/person\/4e08ccf29b506ca916ff86d46bb700e6\"},\"headline\":\"JEDAN PRIJEDOR\u010cANIN TE\u017dE A JEDAN LAK\u0160E POVRIJE\u0110EN NAKON \u0160TO SU IH NAPALA \u010cETVORICA MLADI\u0106A\",\"datePublished\":\"2017-12-24T21:21:21+00:00\",\"dateModified\":\"2017-12-24T21:27:20+00:00\",\"mainEntityOfPage\":{\"@id\":\"https:\/\/www.prijedordanas.com\/?p=95056\"},\"wordCount\":328,\"publisher\":{\"@id\":\"https:\/\/www.prijedordanas.com\/#organization\"},\"keywords\":[\"PU Prijedor\",\"tu\u010da\"],\"articleSection\":[\"Hronika\"],\"inLanguage\":\"en-US\"},{\"@type\":\"WebPage\",\"@id\":\"https:\/\/www.prijedordanas.com\/?p=95056\",\"url\":\"https:\/\/www.prijedordanas.com\/?p=95056\",\"name\":\"JEDAN PRIJEDOR\u010cANIN TE\u017dE A JEDAN LAK\u0160E POVRIJE\u0110EN NAKON \u0160TO SU IH NAPALA \u010cETVORICA MLADI\u0106A - PrijedorDanas.com - Prijedorski gradski portal\",\"isPartOf\":{\"@id\":\"https:\/\/www.prijedordanas.com\/#website\"},\"datePublished\":\"2017-12-24T21:21:21+00:00\",\"dateModified\":\"2017-12-24T21:27:20+00:00\",\"breadcrumb\":{\"@id\":\"https:\/\/www.prijedordanas.com\/?p=95056#breadcrumb\"},\"inLanguage\":\"en-US\",\"potentialAction\":[{\"@type\":\"ReadAction\",\"target\":[\"https:\/\/www.prijedordanas.com\/?p=95056\"]}]},{\"@type\":\"BreadcrumbList\",\"@id\":\"https:\/\/www.prijedordanas.com\/?p=95056#breadcrumb\",\"itemListElement\":[{\"@type\":\"ListItem\",\"position\":1,\"name\":\"Home\",\"item\":\"https:\/\/www.prijedordanas.com\/\"},{\"@type\":\"ListItem\",\"position\":2,\"name\":\"JEDAN PRIJEDOR\u010cANIN TE\u017dE A JEDAN LAK\u0160E POVRIJE\u0110EN NAKON \u0160TO SU IH NAPALA \u010cETVORICA MLADI\u0106A\"}]},{\"@type\":\"WebSite\",\"@id\":\"https:\/\/www.prijedordanas.com\/#website\",\"url\":\"https:\/\/www.prijedordanas.com\/\",\"name\":\"PrijedorDanas.com - Prijedorski gradski portal\",\"description\":\"Portal o doga\u0111anjima u gradu Prijedoru\",\"publisher\":{\"@id\":\"https:\/\/www.prijedordanas.com\/#organization\"},\"potentialAction\":[{\"@type\":\"SearchAction\",\"target\":{\"@type\":\"EntryPoint\",\"urlTemplate\":\"https:\/\/www.prijedordanas.com\/?s={search_term_string}\"},\"query-input\":\"required name=search_term_string\"}],\"inLanguage\":\"en-US\"},{\"@type\":\"Organization\",\"@id\":\"https:\/\/www.prijedordanas.com\/#organization\",\"name\":\"PrijedorDanas.com\",\"url\":\"https:\/\/www.prijedordanas.com\/\",\"logo\":{\"@type\":\"ImageObject\",\"inLanguage\":\"en-US\",\"@id\":\"https:\/\/www.prijedordanas.com\/#\/schema\/logo\/image\/\",\"url\":\"http:\/\/www.prijedordanas.com\/wp-content\/uploads\/2021\/12\/logopng.png\",\"contentUrl\":\"http:\/\/www.prijedordanas.com\/wp-content\/uploads\/2021\/12\/logopng.png\",\"width\":1019,\"height\":776,\"caption\":\"PrijedorDanas.com\"},\"image\":{\"@id\":\"https:\/\/www.prijedordanas.com\/#\/schema\/logo\/image\/\"},\"sameAs\":[\"https:\/\/www.facebook.com\/PrijedorDanasCom\/\"]},{\"@type\":\"Person\",\"@id\":\"https:\/\/www.prijedordanas.com\/#\/schema\/person\/4e08ccf29b506ca916ff86d46bb700e6\",\"name\":\"admin\",\"image\":{\"@type\":\"ImageObject\",\"inLanguage\":\"en-US\",\"@id\":\"https:\/\/www.prijedordanas.com\/#\/schema\/person\/image\/\",\"url\":\"https:\/\/secure.gravatar.com\/avatar\/1d3fc949d550f0b53a5f0d51e06dfd79?s=96&d=mm&r=g\",\"contentUrl\":\"https:\/\/secure.gravatar.com\/avatar\/1d3fc949d550f0b53a5f0d51e06dfd79?s=96&d=mm&r=g\",\"caption\":\"admin\"},\"url\":\"https:\/\/www.prijedordanas.com\/?author=1\"}]}<\/script>\n<!-- \/ Yoast SEO plugin. -->","yoast_head_json":{"title":"JEDAN PRIJEDOR\u010cANIN TE\u017dE A JEDAN LAK\u0160E POVRIJE\u0110EN NAKON \u0160TO SU IH NAPALA \u010cETVORICA MLADI\u0106A - PrijedorDanas.com - Prijedorski gradski portal","robots":{"index":"index","follow":"follow","max-snippet":"max-snippet:-1","max-image-preview":"max-image-preview:large","max-video-preview":"max-video-preview:-1"},"canonical":"https:\/\/www.prijedordanas.com\/?p=95056","og_locale":"en_US","og_type":"article","og_title":"JEDAN PRIJEDOR\u010cANIN TE\u017dE A JEDAN LAK\u0160E POVRIJE\u0110EN NAKON \u0160TO SU IH NAPALA \u010cETVORICA MLADI\u0106A - PrijedorDanas.com - Prijedorski gradski portal","og_description":"Burna no\u0107 bila je na prijedorskim ulicama izme\u0111u petka i subote. Kako smo saznali, u naselju Urije do\u0161lo je do napada na dvojicu mladi\u0107a. -Dana 23.12. oko 4:10 \u010dasova Policijskoj [&hellip;]","og_url":"https:\/\/www.prijedordanas.com\/?p=95056","og_site_name":"PrijedorDanas.com - Prijedorski gradski portal","article_publisher":"https:\/\/www.facebook.com\/PrijedorDanasCom\/","article_published_time":"2017-12-24T21:21:21+00:00","article_modified_time":"2017-12-24T21:27:20+00:00","og_image":[{"url":"https:\/\/www.prijedordanas.com\/wp-content\/uploads\/2017\/12\/policija-noc-uvidjaj-2-300x222.jpg"}],"author":"admin","twitter_card":"summary_large_image","twitter_misc":{"Written by":"admin","Est. reading time":"2 minutes"},"schema":{"@context":"https:\/\/schema.org","@graph":[{"@type":"Article","@id":"https:\/\/www.prijedordanas.com\/?p=95056#article","isPartOf":{"@id":"https:\/\/www.prijedordanas.com\/?p=95056"},"author":{"name":"admin","@id":"https:\/\/www.prijedordanas.com\/#\/schema\/person\/4e08ccf29b506ca916ff86d46bb700e6"},"headline":"JEDAN PRIJEDOR\u010cANIN TE\u017dE A JEDAN LAK\u0160E POVRIJE\u0110EN NAKON \u0160TO SU IH NAPALA \u010cETVORICA MLADI\u0106A","datePublished":"2017-12-24T21:21:21+00:00","dateModified":"2017-12-24T21:27:20+00:00","mainEntityOfPage":{"@id":"https:\/\/www.prijedordanas.com\/?p=95056"},"wordCount":328,"publisher":{"@id":"https:\/\/www.prijedordanas.com\/#organization"},"keywords":["PU Prijedor","tu\u010da"],"articleSection":["Hronika"],"inLanguage":"en-US"},{"@type":"WebPage","@id":"https:\/\/www.prijedordanas.com\/?p=95056","url":"https:\/\/www.prijedordanas.com\/?p=95056","name":"JEDAN PRIJEDOR\u010cANIN TE\u017dE A JEDAN LAK\u0160E POVRIJE\u0110EN NAKON \u0160TO SU IH NAPALA \u010cETVORICA MLADI\u0106A - PrijedorDanas.com - Prijedorski gradski portal","isPartOf":{"@id":"https:\/\/www.prijedordanas.com\/#website"},"datePublished":"2017-12-24T21:21:21+00:00","dateModified":"2017-12-24T21:27:20+00:00","breadcrumb":{"@id":"https:\/\/www.prijedordanas.com\/?p=95056#breadcrumb"},"inLanguage":"en-US","potentialAction":[{"@type":"ReadAction","target":["https:\/\/www.prijedordanas.com\/?p=95056"]}]},{"@type":"BreadcrumbList","@id":"https:\/\/www.prijedordanas.com\/?p=95056#breadcrumb","itemListElement":[{"@type":"ListItem","position":1,"name":"Home","item":"https:\/\/www.prijedordanas.com\/"},{"@type":"ListItem","position":2,"name":"JEDAN PRIJEDOR\u010cANIN TE\u017dE A JEDAN LAK\u0160E POVRIJE\u0110EN NAKON \u0160TO SU IH NAPALA \u010cETVORICA MLADI\u0106A"}]},{"@type":"WebSite","@id":"https:\/\/www.prijedordanas.com\/#website","url":"https:\/\/www.prijedordanas.com\/","name":"PrijedorDanas.com - Prijedorski gradski portal","description":"Portal o doga\u0111anjima u gradu Prijedoru","publisher":{"@id":"https:\/\/www.prijedordanas.com\/#organization"},"potentialAction":[{"@type":"SearchAction","target":{"@type":"EntryPoint","urlTemplate":"https:\/\/www.prijedordanas.com\/?s={search_term_string}"},"query-input":"required name=search_term_string"}],"inLanguage":"en-US"},{"@type":"Organization","@id":"https:\/\/www.prijedordanas.com\/#organization","name":"PrijedorDanas.com","url":"https:\/\/www.prijedordanas.com\/","logo":{"@type":"ImageObject","inLanguage":"en-US","@id":"https:\/\/www.prijedordanas.com\/#\/schema\/logo\/image\/","url":"http:\/\/www.prijedordanas.com\/wp-content\/uploads\/2021\/12\/logopng.png","contentUrl":"http:\/\/www.prijedordanas.com\/wp-content\/uploads\/2021\/12\/logopng.png","width":1019,"height":776,"caption":"PrijedorDanas.com"},"image":{"@id":"https:\/\/www.prijedordanas.com\/#\/schema\/logo\/image\/"},"sameAs":["https:\/\/www.facebook.com\/PrijedorDanasCom\/"]},{"@type":"Person","@id":"https:\/\/www.prijedordanas.com\/#\/schema\/person\/4e08ccf29b506ca916ff86d46bb700e6","name":"admin","image":{"@type":"ImageObject","inLanguage":"en-US","@id":"https:\/\/www.prijedordanas.com\/#\/schema\/person\/image\/","url":"https:\/\/secure.gravatar.com\/avatar\/1d3fc949d550f0b53a5f0d51e06dfd79?s=96&d=mm&r=g","contentUrl":"https:\/\/secure.gravatar.com\/avatar\/1d3fc949d550f0b53a5f0d51e06dfd79?s=96&d=mm&r=g","caption":"admin"},"url":"https:\/\/www.prijedordanas.com\/?author=1"}]}},"_links":{"self":[{"href":"https:\/\/www.prijedordanas.com\/index.php?rest_route=\/wp\/v2\/posts\/95056"}],"collection":[{"href":"https:\/\/www.prijedordanas.com\/index.php?rest_route=\/wp\/v2\/posts"}],"about":[{"href":"https:\/\/www.prijedordanas.com\/index.php?rest_route=\/wp\/v2\/types\/post"}],"author":[{"embeddable":true,"href":"https:\/\/www.prijedordanas.com\/index.php?rest_route=\/wp\/v2\/users\/1"}],"replies":[{"embeddable":true,"href":"https:\/\/www.prijedordanas.com\/index.php?rest_route=%2Fwp%2Fv2%2Fcomments&post=95056"}],"version-history":[{"count":2,"href":"https:\/\/www.prijedordanas.com\/index.php?rest_route=\/wp\/v2\/posts\/95056\/revisions"}],"predecessor-version":[{"id":95059,"href":"https:\/\/www.prijedordanas.com\/index.php?rest_route=\/wp\/v2\/posts\/95056\/revisions\/95059"}],"wp:attachment":[{"href":"https:\/\/www.prijedordanas.com\/index.php?rest_route=%2Fwp%2Fv2%2Fmedia&parent=95056"}],"wp:term":[{"taxonomy":"category","embeddable":true,"href":"https:\/\/www.prijedordanas.com\/index.php?rest_route=%2Fwp%2Fv2%2Fcategories&post=95056"},{"taxonomy":"post_tag","embeddable":true,"href":"https:\/\/www.prijedordanas.com\/index.php?rest_route=%2Fwp%2Fv2%2Ftags&post=95056"}],"curies":[{"name":"wp","href":"https:\/\/api.w.org\/{rel}","templated":true}]}}