{"id":94994,"date":"2017-12-24T06:58:56","date_gmt":"2017-12-24T05:58:56","guid":{"rendered":"https:\/\/www.prijedordanas.com\/?p=94994"},"modified":"2017-12-24T06:58:56","modified_gmt":"2017-12-24T05:58:56","slug":"sudenje-vlasenko-ostali-lose-zdravstveno-stanje-svjedoka","status":"publish","type":"post","link":"https:\/\/www.prijedordanas.com\/?p=94994","title":{"rendered":"SU\u0110ENJE VLASENKO I OSTALI: LO\u0160E ZDRAVSTVENO STANJE SVJEDOKA"},"content":{"rendered":"<p><a href=\"https:\/\/www.prijedordanas.com\/wp-content\/uploads\/2017\/12\/sud-bih-15.jpg\"><img loading=\"lazy\" decoding=\"async\" class=\"alignleft size-medium wp-image-93729\" src=\"https:\/\/www.prijedordanas.com\/wp-content\/uploads\/2017\/12\/sud-bih-15-300x217.jpg\" alt=\"\" width=\"300\" height=\"217\" srcset=\"https:\/\/www.prijedordanas.com\/wp-content\/uploads\/2017\/12\/sud-bih-15-300x217.jpg 300w, https:\/\/www.prijedordanas.com\/wp-content\/uploads\/2017\/12\/sud-bih-15-100x72.jpg 100w, https:\/\/www.prijedordanas.com\/wp-content\/uploads\/2017\/12\/sud-bih-15.jpg 690w\" sizes=\"(max-width: 300px) 100vw, 300px\" \/><\/a>Zbog lo\u0161eg zdravstvenog stanja svjedoka odgo\u0111en je nastavak su\u0111enja trojici biv\u0161ih pripadnika Vojske Republike Srpske (VRS) optu\u017eenih za ratni zlo\u010din po\u010dinjen u Prijedoru.<\/p>\n<p>Tu\u017eilac \u0106azim Hasanspahi\u0107 je kazao da se situacija sa svjedokovim stanjem dodatno pogor\u0161ala i da ne\u0107e mo\u0107i izdr\u017eati saslu\u0161anje.<\/p>\n<p>\u201cRanije je svjedo\u010dio u Banjoj Luci, a poslije je pre\u017eivio infarkt. Sino\u0107 nije spavao, u lo\u0161em je stanju\u201d, rekao je tu\u017eilac, dodav\u0161i da \u0107e biti izvr\u0161eno vje\u0161ta\u010denje zdravstvenog stanja ovog svjedoka.<\/p>\n<p><a href=\"https:\/\/www.prijedordanas.com\/wp-content\/uploads\/2017\/12\/sud-bih-14.jpg\"><img loading=\"lazy\" decoding=\"async\" src=\"https:\/\/www.prijedordanas.com\/wp-content\/uploads\/2017\/12\/sud-bih-14-300x217.jpg\" alt=\"\" width=\"300\" height=\"217\" class=\"alignleft size-medium wp-image-93728\" srcset=\"https:\/\/www.prijedordanas.com\/wp-content\/uploads\/2017\/12\/sud-bih-14-300x217.jpg 300w, https:\/\/www.prijedordanas.com\/wp-content\/uploads\/2017\/12\/sud-bih-14-100x72.jpg 100w, https:\/\/www.prijedordanas.com\/wp-content\/uploads\/2017\/12\/sud-bih-14.jpg 690w\" sizes=\"(max-width: 300px) 100vw, 300px\" \/><\/a>Svjedok je trebao svjedo\u010diti u nastavku su\u0111enja Radetu Vlasenku, Dragi Kon\u010daru i Milanu Krupljaninu, optu\u017eenima za u\u010de\u0161\u0107e u progonu civilnog nesrpskog stanovni\u0161tva na podru\u010dju Kozarca i okolnih mjesta u op\u0161tini Prijedor.<\/p>\n<p>Vlasenko, Kon\u010dar i Krupljanin optu\u017eeni su za ubistva osam osoba na podru\u010dju Kozarca i Prijedora, me\u0111u kojima su i \u017ertve starije \u017eivotne dobi.<\/p>\n<p>Nastavak su\u0111enja zakazan je za 29. decembar, kada je planirano saslu\u0161anje dva svjedoka.<\/p>\n<p>BIRN<\/p>\n","protected":false},"excerpt":{"rendered":"<p>Zbog lo\u0161eg zdravstvenog stanja svjedoka odgo\u0111en je nastavak su\u0111enja trojici biv\u0161ih pripadnika Vojske Republike Srpske (VRS) optu\u017eenih za ratni zlo\u010din po\u010dinjen u Prijedoru. Tu\u017eilac \u0106azim Hasanspahi\u0107 je kazao da se [&hellip;]<\/p>\n","protected":false},"author":1,"featured_media":0,"comment_status":"closed","ping_status":"open","sticky":false,"template":"","format":"standard","meta":{"_monsterinsights_skip_tracking":false,"_monsterinsights_sitenote_active":false,"_monsterinsights_sitenote_note":"","_monsterinsights_sitenote_category":0,"footnotes":""},"categories":[5],"tags":[531],"yoast_head":"<!-- This site is optimized with the Yoast SEO plugin v21.6 - https:\/\/yoast.com\/wordpress\/plugins\/seo\/ -->\n<title>SU\u0110ENJE VLASENKO I OSTALI: LO\u0160E ZDRAVSTVENO STANJE SVJEDOKA - PrijedorDanas.com - Prijedorski gradski portal<\/title>\n<meta name=\"robots\" content=\"index, follow, max-snippet:-1, max-image-preview:large, max-video-preview:-1\" \/>\n<link rel=\"canonical\" href=\"https:\/\/www.prijedordanas.com\/?p=94994\" \/>\n<meta property=\"og:locale\" content=\"en_US\" \/>\n<meta property=\"og:type\" content=\"article\" \/>\n<meta property=\"og:title\" content=\"SU\u0110ENJE VLASENKO I OSTALI: LO\u0160E ZDRAVSTVENO STANJE SVJEDOKA - PrijedorDanas.com - Prijedorski gradski portal\" \/>\n<meta property=\"og:description\" content=\"Zbog lo\u0161eg zdravstvenog stanja svjedoka odgo\u0111en je nastavak su\u0111enja trojici biv\u0161ih pripadnika Vojske Republike Srpske (VRS) optu\u017eenih za ratni zlo\u010din po\u010dinjen u Prijedoru. Tu\u017eilac \u0106azim Hasanspahi\u0107 je kazao da se [&hellip;]\" \/>\n<meta property=\"og:url\" content=\"https:\/\/www.prijedordanas.com\/?p=94994\" \/>\n<meta property=\"og:site_name\" content=\"PrijedorDanas.com - Prijedorski gradski portal\" \/>\n<meta property=\"article:publisher\" content=\"https:\/\/www.facebook.com\/PrijedorDanasCom\/\" \/>\n<meta property=\"article:published_time\" content=\"2017-12-24T05:58:56+00:00\" \/>\n<meta property=\"og:image\" content=\"https:\/\/www.prijedordanas.com\/wp-content\/uploads\/2017\/12\/sud-bih-15-300x217.jpg\" \/>\n<meta name=\"author\" content=\"admin\" \/>\n<meta name=\"twitter:card\" content=\"summary_large_image\" \/>\n<meta name=\"twitter:label1\" content=\"Written by\" \/>\n\t<meta name=\"twitter:data1\" content=\"admin\" \/>\n\t<meta name=\"twitter:label2\" content=\"Est. reading time\" \/>\n\t<meta name=\"twitter:data2\" content=\"1 minute\" \/>\n<script type=\"application\/ld+json\" class=\"yoast-schema-graph\">{\"@context\":\"https:\/\/schema.org\",\"@graph\":[{\"@type\":\"Article\",\"@id\":\"https:\/\/www.prijedordanas.com\/?p=94994#article\",\"isPartOf\":{\"@id\":\"https:\/\/www.prijedordanas.com\/?p=94994\"},\"author\":{\"name\":\"admin\",\"@id\":\"https:\/\/www.prijedordanas.com\/#\/schema\/person\/4e08ccf29b506ca916ff86d46bb700e6\"},\"headline\":\"SU\u0110ENJE VLASENKO I OSTALI: LO\u0160E ZDRAVSTVENO STANJE SVJEDOKA\",\"datePublished\":\"2017-12-24T05:58:56+00:00\",\"dateModified\":\"2017-12-24T05:58:56+00:00\",\"mainEntityOfPage\":{\"@id\":\"https:\/\/www.prijedordanas.com\/?p=94994\"},\"wordCount\":186,\"publisher\":{\"@id\":\"https:\/\/www.prijedordanas.com\/#organization\"},\"keywords\":[\"Sud BiH\"],\"articleSection\":[\"Hronika\"],\"inLanguage\":\"en-US\"},{\"@type\":\"WebPage\",\"@id\":\"https:\/\/www.prijedordanas.com\/?p=94994\",\"url\":\"https:\/\/www.prijedordanas.com\/?p=94994\",\"name\":\"SU\u0110ENJE VLASENKO I OSTALI: LO\u0160E ZDRAVSTVENO STANJE SVJEDOKA - PrijedorDanas.com - Prijedorski gradski portal\",\"isPartOf\":{\"@id\":\"https:\/\/www.prijedordanas.com\/#website\"},\"datePublished\":\"2017-12-24T05:58:56+00:00\",\"dateModified\":\"2017-12-24T05:58:56+00:00\",\"breadcrumb\":{\"@id\":\"https:\/\/www.prijedordanas.com\/?p=94994#breadcrumb\"},\"inLanguage\":\"en-US\",\"potentialAction\":[{\"@type\":\"ReadAction\",\"target\":[\"https:\/\/www.prijedordanas.com\/?p=94994\"]}]},{\"@type\":\"BreadcrumbList\",\"@id\":\"https:\/\/www.prijedordanas.com\/?p=94994#breadcrumb\",\"itemListElement\":[{\"@type\":\"ListItem\",\"position\":1,\"name\":\"Home\",\"item\":\"https:\/\/www.prijedordanas.com\/\"},{\"@type\":\"ListItem\",\"position\":2,\"name\":\"SU\u0110ENJE VLASENKO I OSTALI: LO\u0160E ZDRAVSTVENO STANJE SVJEDOKA\"}]},{\"@type\":\"WebSite\",\"@id\":\"https:\/\/www.prijedordanas.com\/#website\",\"url\":\"https:\/\/www.prijedordanas.com\/\",\"name\":\"PrijedorDanas.com - Prijedorski gradski portal\",\"description\":\"Portal o doga\u0111anjima u gradu Prijedoru\",\"publisher\":{\"@id\":\"https:\/\/www.prijedordanas.com\/#organization\"},\"potentialAction\":[{\"@type\":\"SearchAction\",\"target\":{\"@type\":\"EntryPoint\",\"urlTemplate\":\"https:\/\/www.prijedordanas.com\/?s={search_term_string}\"},\"query-input\":\"required name=search_term_string\"}],\"inLanguage\":\"en-US\"},{\"@type\":\"Organization\",\"@id\":\"https:\/\/www.prijedordanas.com\/#organization\",\"name\":\"PrijedorDanas.com\",\"url\":\"https:\/\/www.prijedordanas.com\/\",\"logo\":{\"@type\":\"ImageObject\",\"inLanguage\":\"en-US\",\"@id\":\"https:\/\/www.prijedordanas.com\/#\/schema\/logo\/image\/\",\"url\":\"http:\/\/www.prijedordanas.com\/wp-content\/uploads\/2021\/12\/logopng.png\",\"contentUrl\":\"http:\/\/www.prijedordanas.com\/wp-content\/uploads\/2021\/12\/logopng.png\",\"width\":1019,\"height\":776,\"caption\":\"PrijedorDanas.com\"},\"image\":{\"@id\":\"https:\/\/www.prijedordanas.com\/#\/schema\/logo\/image\/\"},\"sameAs\":[\"https:\/\/www.facebook.com\/PrijedorDanasCom\/\"]},{\"@type\":\"Person\",\"@id\":\"https:\/\/www.prijedordanas.com\/#\/schema\/person\/4e08ccf29b506ca916ff86d46bb700e6\",\"name\":\"admin\",\"image\":{\"@type\":\"ImageObject\",\"inLanguage\":\"en-US\",\"@id\":\"https:\/\/www.prijedordanas.com\/#\/schema\/person\/image\/\",\"url\":\"https:\/\/secure.gravatar.com\/avatar\/1d3fc949d550f0b53a5f0d51e06dfd79?s=96&d=mm&r=g\",\"contentUrl\":\"https:\/\/secure.gravatar.com\/avatar\/1d3fc949d550f0b53a5f0d51e06dfd79?s=96&d=mm&r=g\",\"caption\":\"admin\"},\"url\":\"https:\/\/www.prijedordanas.com\/?author=1\"}]}<\/script>\n<!-- \/ Yoast SEO plugin. -->","yoast_head_json":{"title":"SU\u0110ENJE VLASENKO I OSTALI: LO\u0160E ZDRAVSTVENO STANJE SVJEDOKA - PrijedorDanas.com - Prijedorski gradski portal","robots":{"index":"index","follow":"follow","max-snippet":"max-snippet:-1","max-image-preview":"max-image-preview:large","max-video-preview":"max-video-preview:-1"},"canonical":"https:\/\/www.prijedordanas.com\/?p=94994","og_locale":"en_US","og_type":"article","og_title":"SU\u0110ENJE VLASENKO I OSTALI: LO\u0160E ZDRAVSTVENO STANJE SVJEDOKA - PrijedorDanas.com - Prijedorski gradski portal","og_description":"Zbog lo\u0161eg zdravstvenog stanja svjedoka odgo\u0111en je nastavak su\u0111enja trojici biv\u0161ih pripadnika Vojske Republike Srpske (VRS) optu\u017eenih za ratni zlo\u010din po\u010dinjen u Prijedoru. Tu\u017eilac \u0106azim Hasanspahi\u0107 je kazao da se [&hellip;]","og_url":"https:\/\/www.prijedordanas.com\/?p=94994","og_site_name":"PrijedorDanas.com - Prijedorski gradski portal","article_publisher":"https:\/\/www.facebook.com\/PrijedorDanasCom\/","article_published_time":"2017-12-24T05:58:56+00:00","og_image":[{"url":"https:\/\/www.prijedordanas.com\/wp-content\/uploads\/2017\/12\/sud-bih-15-300x217.jpg"}],"author":"admin","twitter_card":"summary_large_image","twitter_misc":{"Written by":"admin","Est. reading time":"1 minute"},"schema":{"@context":"https:\/\/schema.org","@graph":[{"@type":"Article","@id":"https:\/\/www.prijedordanas.com\/?p=94994#article","isPartOf":{"@id":"https:\/\/www.prijedordanas.com\/?p=94994"},"author":{"name":"admin","@id":"https:\/\/www.prijedordanas.com\/#\/schema\/person\/4e08ccf29b506ca916ff86d46bb700e6"},"headline":"SU\u0110ENJE VLASENKO I OSTALI: LO\u0160E ZDRAVSTVENO STANJE SVJEDOKA","datePublished":"2017-12-24T05:58:56+00:00","dateModified":"2017-12-24T05:58:56+00:00","mainEntityOfPage":{"@id":"https:\/\/www.prijedordanas.com\/?p=94994"},"wordCount":186,"publisher":{"@id":"https:\/\/www.prijedordanas.com\/#organization"},"keywords":["Sud BiH"],"articleSection":["Hronika"],"inLanguage":"en-US"},{"@type":"WebPage","@id":"https:\/\/www.prijedordanas.com\/?p=94994","url":"https:\/\/www.prijedordanas.com\/?p=94994","name":"SU\u0110ENJE VLASENKO I OSTALI: LO\u0160E ZDRAVSTVENO STANJE SVJEDOKA - PrijedorDanas.com - Prijedorski gradski portal","isPartOf":{"@id":"https:\/\/www.prijedordanas.com\/#website"},"datePublished":"2017-12-24T05:58:56+00:00","dateModified":"2017-12-24T05:58:56+00:00","breadcrumb":{"@id":"https:\/\/www.prijedordanas.com\/?p=94994#breadcrumb"},"inLanguage":"en-US","potentialAction":[{"@type":"ReadAction","target":["https:\/\/www.prijedordanas.com\/?p=94994"]}]},{"@type":"BreadcrumbList","@id":"https:\/\/www.prijedordanas.com\/?p=94994#breadcrumb","itemListElement":[{"@type":"ListItem","position":1,"name":"Home","item":"https:\/\/www.prijedordanas.com\/"},{"@type":"ListItem","position":2,"name":"SU\u0110ENJE VLASENKO I OSTALI: LO\u0160E ZDRAVSTVENO STANJE SVJEDOKA"}]},{"@type":"WebSite","@id":"https:\/\/www.prijedordanas.com\/#website","url":"https:\/\/www.prijedordanas.com\/","name":"PrijedorDanas.com - Prijedorski gradski portal","description":"Portal o doga\u0111anjima u gradu Prijedoru","publisher":{"@id":"https:\/\/www.prijedordanas.com\/#organization"},"potentialAction":[{"@type":"SearchAction","target":{"@type":"EntryPoint","urlTemplate":"https:\/\/www.prijedordanas.com\/?s={search_term_string}"},"query-input":"required name=search_term_string"}],"inLanguage":"en-US"},{"@type":"Organization","@id":"https:\/\/www.prijedordanas.com\/#organization","name":"PrijedorDanas.com","url":"https:\/\/www.prijedordanas.com\/","logo":{"@type":"ImageObject","inLanguage":"en-US","@id":"https:\/\/www.prijedordanas.com\/#\/schema\/logo\/image\/","url":"http:\/\/www.prijedordanas.com\/wp-content\/uploads\/2021\/12\/logopng.png","contentUrl":"http:\/\/www.prijedordanas.com\/wp-content\/uploads\/2021\/12\/logopng.png","width":1019,"height":776,"caption":"PrijedorDanas.com"},"image":{"@id":"https:\/\/www.prijedordanas.com\/#\/schema\/logo\/image\/"},"sameAs":["https:\/\/www.facebook.com\/PrijedorDanasCom\/"]},{"@type":"Person","@id":"https:\/\/www.prijedordanas.com\/#\/schema\/person\/4e08ccf29b506ca916ff86d46bb700e6","name":"admin","image":{"@type":"ImageObject","inLanguage":"en-US","@id":"https:\/\/www.prijedordanas.com\/#\/schema\/person\/image\/","url":"https:\/\/secure.gravatar.com\/avatar\/1d3fc949d550f0b53a5f0d51e06dfd79?s=96&d=mm&r=g","contentUrl":"https:\/\/secure.gravatar.com\/avatar\/1d3fc949d550f0b53a5f0d51e06dfd79?s=96&d=mm&r=g","caption":"admin"},"url":"https:\/\/www.prijedordanas.com\/?author=1"}]}},"_links":{"self":[{"href":"https:\/\/www.prijedordanas.com\/index.php?rest_route=\/wp\/v2\/posts\/94994"}],"collection":[{"href":"https:\/\/www.prijedordanas.com\/index.php?rest_route=\/wp\/v2\/posts"}],"about":[{"href":"https:\/\/www.prijedordanas.com\/index.php?rest_route=\/wp\/v2\/types\/post"}],"author":[{"embeddable":true,"href":"https:\/\/www.prijedordanas.com\/index.php?rest_route=\/wp\/v2\/users\/1"}],"replies":[{"embeddable":true,"href":"https:\/\/www.prijedordanas.com\/index.php?rest_route=%2Fwp%2Fv2%2Fcomments&post=94994"}],"version-history":[{"count":1,"href":"https:\/\/www.prijedordanas.com\/index.php?rest_route=\/wp\/v2\/posts\/94994\/revisions"}],"predecessor-version":[{"id":94995,"href":"https:\/\/www.prijedordanas.com\/index.php?rest_route=\/wp\/v2\/posts\/94994\/revisions\/94995"}],"wp:attachment":[{"href":"https:\/\/www.prijedordanas.com\/index.php?rest_route=%2Fwp%2Fv2%2Fmedia&parent=94994"}],"wp:term":[{"taxonomy":"category","embeddable":true,"href":"https:\/\/www.prijedordanas.com\/index.php?rest_route=%2Fwp%2Fv2%2Fcategories&post=94994"},{"taxonomy":"post_tag","embeddable":true,"href":"https:\/\/www.prijedordanas.com\/index.php?rest_route=%2Fwp%2Fv2%2Ftags&post=94994"}],"curies":[{"name":"wp","href":"https:\/\/api.w.org\/{rel}","templated":true}]}}