{"id":93533,"date":"2017-12-02T10:25:29","date_gmt":"2017-12-02T09:25:29","guid":{"rendered":"https:\/\/www.prijedordanas.com\/?p=93533"},"modified":"2017-12-02T10:25:29","modified_gmt":"2017-12-02T09:25:29","slug":"odrzano-vece-kulturnog-stvaralastva-u-donjem-petrovom-gaju-foto-2","status":"publish","type":"post","link":"https:\/\/www.prijedordanas.com\/?p=93533","title":{"rendered":"ODR\u017dANO \u201cVE\u010cE KULTURNOG STVARALA\u0160TVA\u201d U DONJEM PETROVOM GAJU &#8211; FOTO"},"content":{"rendered":"<p><a href=\"https:\/\/www.prijedordanas.com\/wp-content\/uploads\/2017\/12\/vece-kulturnog-stvaralastva-donji-petrov-gaj-2017-1.jpg\"><img loading=\"lazy\" decoding=\"async\" src=\"https:\/\/www.prijedordanas.com\/wp-content\/uploads\/2017\/12\/vece-kulturnog-stvaralastva-donji-petrov-gaj-2017-1-300x225.jpg\" alt=\"\" width=\"300\" height=\"225\" class=\"alignleft size-medium wp-image-93534\" srcset=\"https:\/\/www.prijedordanas.com\/wp-content\/uploads\/2017\/12\/vece-kulturnog-stvaralastva-donji-petrov-gaj-2017-1-300x225.jpg 300w, https:\/\/www.prijedordanas.com\/wp-content\/uploads\/2017\/12\/vece-kulturnog-stvaralastva-donji-petrov-gaj-2017-1-100x75.jpg 100w, https:\/\/www.prijedordanas.com\/wp-content\/uploads\/2017\/12\/vece-kulturnog-stvaralastva-donji-petrov-gaj-2017-1-640x480.jpg 640w, https:\/\/www.prijedordanas.com\/wp-content\/uploads\/2017\/12\/vece-kulturnog-stvaralastva-donji-petrov-gaj-2017-1.jpg 667w\" sizes=\"(max-width: 300px) 100vw, 300px\" \/><\/a>Na drugoj ovosezonskoj \u201cVe\u010deri kulturnog stvarala\u0161tva\u201d, odr\u017eanoj 1. decembra 2017. godine, u prepunoj sali dru\u0161tvenog doma u Donjem Petrovom Gaju, nastupili su: u\u010denici O\u0160 \u201eC\u0301irilo i Metodije\u201c iz Trnopolja i Podru\u010dnog odjeljenja u Donjem Petrovom Gaju, \u010dlanovi foklornog ansambla Ukrajinskog udru\u017eenja \u201eKozak\u201c iz Trnopolja, vokalni solista Ljiljana Savic\u0301 i mu\u0161ka izvorna grupa \u201ePetrov Gaj\u201c.<\/p>\n<p>Brojnoj publici obratio se zamjenik gradona\u010delnika Prijedora Aleksandar Milju\u0161 koji je istakao veliki zna\u010daj ove manifestacije za kulturni \u017eivot u prijedorskim selima. <\/p>\n<p>\u201eVe\u010deri kulturnog stvarala\u0161tva\u201c organizovane su s ciljem promovisanja i podsticanja rada kulturnih stvaralaca svih generacija, posebno mladih, uz o\u017eivljavanje i unapre\u0111enje kulturnog \u017eivota i njegovog vrac\u0301anja u dru\u0161tvene domove.<\/p>\n<p>Pokrovitelj \u201eVe\u010deri kulturnog stvarala\u0161tva\u201c je Grad Prijedor, a prijatelj manifestacije Tvornica keksa Mira, \u010dlanica Kra\u0161 grupe.<\/p>\n<p>Sa\u0161a Goronja<\/p>\n<p><a href=\"https:\/\/www.prijedordanas.com\/wp-content\/uploads\/2017\/12\/vece-kulturnog-stvaralastva-donji-petrov-gaj-2017-2.jpg\"><img loading=\"lazy\" decoding=\"async\" src=\"https:\/\/www.prijedordanas.com\/wp-content\/uploads\/2017\/12\/vece-kulturnog-stvaralastva-donji-petrov-gaj-2017-2-300x225.jpg\" alt=\"\" width=\"300\" height=\"225\" class=\"alignleft size-medium wp-image-93535\" srcset=\"https:\/\/www.prijedordanas.com\/wp-content\/uploads\/2017\/12\/vece-kulturnog-stvaralastva-donji-petrov-gaj-2017-2-300x225.jpg 300w, https:\/\/www.prijedordanas.com\/wp-content\/uploads\/2017\/12\/vece-kulturnog-stvaralastva-donji-petrov-gaj-2017-2-100x75.jpg 100w, https:\/\/www.prijedordanas.com\/wp-content\/uploads\/2017\/12\/vece-kulturnog-stvaralastva-donji-petrov-gaj-2017-2-640x480.jpg 640w, https:\/\/www.prijedordanas.com\/wp-content\/uploads\/2017\/12\/vece-kulturnog-stvaralastva-donji-petrov-gaj-2017-2.jpg 667w\" sizes=\"(max-width: 300px) 100vw, 300px\" \/><\/a> <a href=\"https:\/\/www.prijedordanas.com\/wp-content\/uploads\/2017\/12\/vece-kulturnog-stvaralastva-donji-petrov-gaj-2017-3.jpg\"><img loading=\"lazy\" decoding=\"async\" src=\"https:\/\/www.prijedordanas.com\/wp-content\/uploads\/2017\/12\/vece-kulturnog-stvaralastva-donji-petrov-gaj-2017-3-300x225.jpg\" alt=\"\" width=\"300\" height=\"225\" class=\"alignleft size-medium wp-image-93536\" srcset=\"https:\/\/www.prijedordanas.com\/wp-content\/uploads\/2017\/12\/vece-kulturnog-stvaralastva-donji-petrov-gaj-2017-3-300x225.jpg 300w, https:\/\/www.prijedordanas.com\/wp-content\/uploads\/2017\/12\/vece-kulturnog-stvaralastva-donji-petrov-gaj-2017-3-100x75.jpg 100w, https:\/\/www.prijedordanas.com\/wp-content\/uploads\/2017\/12\/vece-kulturnog-stvaralastva-donji-petrov-gaj-2017-3-640x480.jpg 640w, https:\/\/www.prijedordanas.com\/wp-content\/uploads\/2017\/12\/vece-kulturnog-stvaralastva-donji-petrov-gaj-2017-3.jpg 667w\" sizes=\"(max-width: 300px) 100vw, 300px\" \/><\/a> <a href=\"https:\/\/www.prijedordanas.com\/wp-content\/uploads\/2017\/12\/vece-kulturnog-stvaralastva-donji-petrov-gaj-2017-4.jpg\"><img loading=\"lazy\" decoding=\"async\" src=\"https:\/\/www.prijedordanas.com\/wp-content\/uploads\/2017\/12\/vece-kulturnog-stvaralastva-donji-petrov-gaj-2017-4-300x225.jpg\" alt=\"\" width=\"300\" height=\"225\" class=\"alignleft size-medium wp-image-93537\" srcset=\"https:\/\/www.prijedordanas.com\/wp-content\/uploads\/2017\/12\/vece-kulturnog-stvaralastva-donji-petrov-gaj-2017-4-300x225.jpg 300w, https:\/\/www.prijedordanas.com\/wp-content\/uploads\/2017\/12\/vece-kulturnog-stvaralastva-donji-petrov-gaj-2017-4-100x75.jpg 100w, https:\/\/www.prijedordanas.com\/wp-content\/uploads\/2017\/12\/vece-kulturnog-stvaralastva-donji-petrov-gaj-2017-4-640x480.jpg 640w, https:\/\/www.prijedordanas.com\/wp-content\/uploads\/2017\/12\/vece-kulturnog-stvaralastva-donji-petrov-gaj-2017-4.jpg 667w\" sizes=\"(max-width: 300px) 100vw, 300px\" \/><\/a> <a href=\"https:\/\/www.prijedordanas.com\/wp-content\/uploads\/2017\/12\/vece-kulturnog-stvaralastva-donji-petrov-gaj-2017-5.jpg\"><img loading=\"lazy\" decoding=\"async\" src=\"https:\/\/www.prijedordanas.com\/wp-content\/uploads\/2017\/12\/vece-kulturnog-stvaralastva-donji-petrov-gaj-2017-5-300x225.jpg\" alt=\"\" width=\"300\" height=\"225\" class=\"alignleft size-medium wp-image-93538\" srcset=\"https:\/\/www.prijedordanas.com\/wp-content\/uploads\/2017\/12\/vece-kulturnog-stvaralastva-donji-petrov-gaj-2017-5-300x225.jpg 300w, https:\/\/www.prijedordanas.com\/wp-content\/uploads\/2017\/12\/vece-kulturnog-stvaralastva-donji-petrov-gaj-2017-5-100x75.jpg 100w, https:\/\/www.prijedordanas.com\/wp-content\/uploads\/2017\/12\/vece-kulturnog-stvaralastva-donji-petrov-gaj-2017-5-640x480.jpg 640w, https:\/\/www.prijedordanas.com\/wp-content\/uploads\/2017\/12\/vece-kulturnog-stvaralastva-donji-petrov-gaj-2017-5.jpg 667w\" sizes=\"(max-width: 300px) 100vw, 300px\" \/><\/a> <a href=\"https:\/\/www.prijedordanas.com\/wp-content\/uploads\/2017\/12\/vece-kulturnog-stvaralastva-donji-petrov-gaj-2017-6.jpg\"><img loading=\"lazy\" decoding=\"async\" src=\"https:\/\/www.prijedordanas.com\/wp-content\/uploads\/2017\/12\/vece-kulturnog-stvaralastva-donji-petrov-gaj-2017-6-300x225.jpg\" alt=\"\" width=\"300\" height=\"225\" class=\"alignleft size-medium wp-image-93539\" srcset=\"https:\/\/www.prijedordanas.com\/wp-content\/uploads\/2017\/12\/vece-kulturnog-stvaralastva-donji-petrov-gaj-2017-6-300x225.jpg 300w, https:\/\/www.prijedordanas.com\/wp-content\/uploads\/2017\/12\/vece-kulturnog-stvaralastva-donji-petrov-gaj-2017-6-100x75.jpg 100w, https:\/\/www.prijedordanas.com\/wp-content\/uploads\/2017\/12\/vece-kulturnog-stvaralastva-donji-petrov-gaj-2017-6-640x480.jpg 640w, https:\/\/www.prijedordanas.com\/wp-content\/uploads\/2017\/12\/vece-kulturnog-stvaralastva-donji-petrov-gaj-2017-6.jpg 667w\" sizes=\"(max-width: 300px) 100vw, 300px\" \/><\/a> <a href=\"https:\/\/www.prijedordanas.com\/wp-content\/uploads\/2017\/12\/vece-kulturnog-stvaralastva-donji-petrov-gaj-2017-10.jpg\"><img loading=\"lazy\" decoding=\"async\" src=\"https:\/\/www.prijedordanas.com\/wp-content\/uploads\/2017\/12\/vece-kulturnog-stvaralastva-donji-petrov-gaj-2017-10-300x180.jpg\" alt=\"\" width=\"300\" height=\"180\" class=\"alignleft size-medium wp-image-93540\" srcset=\"https:\/\/www.prijedordanas.com\/wp-content\/uploads\/2017\/12\/vece-kulturnog-stvaralastva-donji-petrov-gaj-2017-10-300x180.jpg 300w, https:\/\/www.prijedordanas.com\/wp-content\/uploads\/2017\/12\/vece-kulturnog-stvaralastva-donji-petrov-gaj-2017-10-100x60.jpg 100w, https:\/\/www.prijedordanas.com\/wp-content\/uploads\/2017\/12\/vece-kulturnog-stvaralastva-donji-petrov-gaj-2017-10.jpg 600w\" sizes=\"(max-width: 300px) 100vw, 300px\" \/><\/a> <a href=\"https:\/\/www.prijedordanas.com\/wp-content\/uploads\/2017\/12\/vece-kulturnog-stvaralastva-donji-petrov-gaj-2017-7.jpg\"><img loading=\"lazy\" decoding=\"async\" src=\"https:\/\/www.prijedordanas.com\/wp-content\/uploads\/2017\/12\/vece-kulturnog-stvaralastva-donji-petrov-gaj-2017-7-225x300.jpg\" alt=\"\" width=\"225\" height=\"300\" class=\"alignleft size-medium wp-image-93541\" srcset=\"https:\/\/www.prijedordanas.com\/wp-content\/uploads\/2017\/12\/vece-kulturnog-stvaralastva-donji-petrov-gaj-2017-7-225x300.jpg 225w, https:\/\/www.prijedordanas.com\/wp-content\/uploads\/2017\/12\/vece-kulturnog-stvaralastva-donji-petrov-gaj-2017-7-75x100.jpg 75w, https:\/\/www.prijedordanas.com\/wp-content\/uploads\/2017\/12\/vece-kulturnog-stvaralastva-donji-petrov-gaj-2017-7.jpg 450w\" sizes=\"(max-width: 225px) 100vw, 225px\" \/><\/a> <a href=\"https:\/\/www.prijedordanas.com\/wp-content\/uploads\/2017\/12\/vece-kulturnog-stvaralastva-donji-petrov-gaj-2017-8.jpg\"><img loading=\"lazy\" decoding=\"async\" src=\"https:\/\/www.prijedordanas.com\/wp-content\/uploads\/2017\/12\/vece-kulturnog-stvaralastva-donji-petrov-gaj-2017-8-225x300.jpg\" alt=\"\" width=\"225\" height=\"300\" class=\"alignleft size-medium wp-image-93542\" srcset=\"https:\/\/www.prijedordanas.com\/wp-content\/uploads\/2017\/12\/vece-kulturnog-stvaralastva-donji-petrov-gaj-2017-8-225x300.jpg 225w, https:\/\/www.prijedordanas.com\/wp-content\/uploads\/2017\/12\/vece-kulturnog-stvaralastva-donji-petrov-gaj-2017-8-75x100.jpg 75w, https:\/\/www.prijedordanas.com\/wp-content\/uploads\/2017\/12\/vece-kulturnog-stvaralastva-donji-petrov-gaj-2017-8.jpg 450w\" sizes=\"(max-width: 225px) 100vw, 225px\" \/><\/a> <a href=\"https:\/\/www.prijedordanas.com\/wp-content\/uploads\/2017\/12\/vece-kulturnog-stvaralastva-donji-petrov-gaj-2017-9.jpg\"><img loading=\"lazy\" decoding=\"async\" src=\"https:\/\/www.prijedordanas.com\/wp-content\/uploads\/2017\/12\/vece-kulturnog-stvaralastva-donji-petrov-gaj-2017-9-225x300.jpg\" alt=\"\" width=\"225\" height=\"300\" class=\"alignleft size-medium wp-image-93543\" srcset=\"https:\/\/www.prijedordanas.com\/wp-content\/uploads\/2017\/12\/vece-kulturnog-stvaralastva-donji-petrov-gaj-2017-9-225x300.jpg 225w, https:\/\/www.prijedordanas.com\/wp-content\/uploads\/2017\/12\/vece-kulturnog-stvaralastva-donji-petrov-gaj-2017-9-75x100.jpg 75w, https:\/\/www.prijedordanas.com\/wp-content\/uploads\/2017\/12\/vece-kulturnog-stvaralastva-donji-petrov-gaj-2017-9.jpg 450w\" sizes=\"(max-width: 225px) 100vw, 225px\" \/><\/a><\/p>\n","protected":false},"excerpt":{"rendered":"<p>Na drugoj ovosezonskoj \u201cVe\u010deri kulturnog stvarala\u0161tva\u201d, odr\u017eanoj 1. decembra 2017. godine, u prepunoj sali dru\u0161tvenog doma u Donjem Petrovom Gaju, nastupili su: u\u010denici O\u0160 \u201eC\u0301irilo i Metodije\u201c iz Trnopolja i [&hellip;]<\/p>\n","protected":false},"author":1,"featured_media":0,"comment_status":"closed","ping_status":"open","sticky":false,"template":"","format":"standard","meta":{"_monsterinsights_skip_tracking":false,"_monsterinsights_sitenote_active":false,"_monsterinsights_sitenote_note":"","_monsterinsights_sitenote_category":0,"footnotes":""},"categories":[6],"tags":[6608,5845],"yoast_head":"<!-- This site is optimized with the Yoast SEO plugin v21.6 - https:\/\/yoast.com\/wordpress\/plugins\/seo\/ -->\n<title>ODR\u017dANO \u201cVE\u010cE KULTURNOG STVARALA\u0160TVA\u201d U DONJEM PETROVOM GAJU - FOTO - PrijedorDanas.com - Prijedorski gradski portal<\/title>\n<meta name=\"robots\" content=\"index, follow, max-snippet:-1, max-image-preview:large, max-video-preview:-1\" \/>\n<link rel=\"canonical\" href=\"https:\/\/www.prijedordanas.com\/?p=93533\" \/>\n<meta property=\"og:locale\" content=\"en_US\" \/>\n<meta property=\"og:type\" content=\"article\" \/>\n<meta property=\"og:title\" content=\"ODR\u017dANO \u201cVE\u010cE KULTURNOG STVARALA\u0160TVA\u201d U DONJEM PETROVOM GAJU - FOTO - PrijedorDanas.com - Prijedorski gradski portal\" \/>\n<meta property=\"og:description\" content=\"Na drugoj ovosezonskoj \u201cVe\u010deri kulturnog stvarala\u0161tva\u201d, odr\u017eanoj 1. decembra 2017. godine, u prepunoj sali dru\u0161tvenog doma u Donjem Petrovom Gaju, nastupili su: u\u010denici O\u0160 \u201eC\u0301irilo i Metodije\u201c iz Trnopolja i [&hellip;]\" \/>\n<meta property=\"og:url\" content=\"https:\/\/www.prijedordanas.com\/?p=93533\" \/>\n<meta property=\"og:site_name\" content=\"PrijedorDanas.com - Prijedorski gradski portal\" \/>\n<meta property=\"article:publisher\" content=\"https:\/\/www.facebook.com\/PrijedorDanasCom\/\" \/>\n<meta property=\"article:published_time\" content=\"2017-12-02T09:25:29+00:00\" \/>\n<meta property=\"og:image\" content=\"https:\/\/www.prijedordanas.com\/wp-content\/uploads\/2017\/12\/vece-kulturnog-stvaralastva-donji-petrov-gaj-2017-1-300x225.jpg\" \/>\n<meta name=\"author\" content=\"admin\" \/>\n<meta name=\"twitter:card\" content=\"summary_large_image\" \/>\n<meta name=\"twitter:label1\" content=\"Written by\" \/>\n\t<meta name=\"twitter:data1\" content=\"admin\" \/>\n\t<meta name=\"twitter:label2\" content=\"Est. reading time\" \/>\n\t<meta name=\"twitter:data2\" content=\"1 minute\" \/>\n<script type=\"application\/ld+json\" class=\"yoast-schema-graph\">{\"@context\":\"https:\/\/schema.org\",\"@graph\":[{\"@type\":\"Article\",\"@id\":\"https:\/\/www.prijedordanas.com\/?p=93533#article\",\"isPartOf\":{\"@id\":\"https:\/\/www.prijedordanas.com\/?p=93533\"},\"author\":{\"name\":\"admin\",\"@id\":\"https:\/\/www.prijedordanas.com\/#\/schema\/person\/4e08ccf29b506ca916ff86d46bb700e6\"},\"headline\":\"ODR\u017dANO \u201cVE\u010cE KULTURNOG STVARALA\u0160TVA\u201d U DONJEM PETROVOM GAJU &#8211; FOTO\",\"datePublished\":\"2017-12-02T09:25:29+00:00\",\"dateModified\":\"2017-12-02T09:25:29+00:00\",\"mainEntityOfPage\":{\"@id\":\"https:\/\/www.prijedordanas.com\/?p=93533\"},\"wordCount\":154,\"publisher\":{\"@id\":\"https:\/\/www.prijedordanas.com\/#organization\"},\"keywords\":[\"Donji Petrov Gaj\",\"Ve\u010de kulturnog stvarala\u0161tva\"],\"articleSection\":[\"Kultura\"],\"inLanguage\":\"en-US\"},{\"@type\":\"WebPage\",\"@id\":\"https:\/\/www.prijedordanas.com\/?p=93533\",\"url\":\"https:\/\/www.prijedordanas.com\/?p=93533\",\"name\":\"ODR\u017dANO \u201cVE\u010cE KULTURNOG STVARALA\u0160TVA\u201d U DONJEM PETROVOM GAJU - FOTO - PrijedorDanas.com - Prijedorski gradski portal\",\"isPartOf\":{\"@id\":\"https:\/\/www.prijedordanas.com\/#website\"},\"datePublished\":\"2017-12-02T09:25:29+00:00\",\"dateModified\":\"2017-12-02T09:25:29+00:00\",\"breadcrumb\":{\"@id\":\"https:\/\/www.prijedordanas.com\/?p=93533#breadcrumb\"},\"inLanguage\":\"en-US\",\"potentialAction\":[{\"@type\":\"ReadAction\",\"target\":[\"https:\/\/www.prijedordanas.com\/?p=93533\"]}]},{\"@type\":\"BreadcrumbList\",\"@id\":\"https:\/\/www.prijedordanas.com\/?p=93533#breadcrumb\",\"itemListElement\":[{\"@type\":\"ListItem\",\"position\":1,\"name\":\"Home\",\"item\":\"https:\/\/www.prijedordanas.com\/\"},{\"@type\":\"ListItem\",\"position\":2,\"name\":\"ODR\u017dANO \u201cVE\u010cE KULTURNOG STVARALA\u0160TVA\u201d U DONJEM PETROVOM GAJU &#8211; FOTO\"}]},{\"@type\":\"WebSite\",\"@id\":\"https:\/\/www.prijedordanas.com\/#website\",\"url\":\"https:\/\/www.prijedordanas.com\/\",\"name\":\"PrijedorDanas.com - Prijedorski gradski portal\",\"description\":\"Portal o doga\u0111anjima u gradu Prijedoru\",\"publisher\":{\"@id\":\"https:\/\/www.prijedordanas.com\/#organization\"},\"potentialAction\":[{\"@type\":\"SearchAction\",\"target\":{\"@type\":\"EntryPoint\",\"urlTemplate\":\"https:\/\/www.prijedordanas.com\/?s={search_term_string}\"},\"query-input\":\"required name=search_term_string\"}],\"inLanguage\":\"en-US\"},{\"@type\":\"Organization\",\"@id\":\"https:\/\/www.prijedordanas.com\/#organization\",\"name\":\"PrijedorDanas.com\",\"url\":\"https:\/\/www.prijedordanas.com\/\",\"logo\":{\"@type\":\"ImageObject\",\"inLanguage\":\"en-US\",\"@id\":\"https:\/\/www.prijedordanas.com\/#\/schema\/logo\/image\/\",\"url\":\"http:\/\/www.prijedordanas.com\/wp-content\/uploads\/2021\/12\/logopng.png\",\"contentUrl\":\"http:\/\/www.prijedordanas.com\/wp-content\/uploads\/2021\/12\/logopng.png\",\"width\":1019,\"height\":776,\"caption\":\"PrijedorDanas.com\"},\"image\":{\"@id\":\"https:\/\/www.prijedordanas.com\/#\/schema\/logo\/image\/\"},\"sameAs\":[\"https:\/\/www.facebook.com\/PrijedorDanasCom\/\"]},{\"@type\":\"Person\",\"@id\":\"https:\/\/www.prijedordanas.com\/#\/schema\/person\/4e08ccf29b506ca916ff86d46bb700e6\",\"name\":\"admin\",\"image\":{\"@type\":\"ImageObject\",\"inLanguage\":\"en-US\",\"@id\":\"https:\/\/www.prijedordanas.com\/#\/schema\/person\/image\/\",\"url\":\"https:\/\/secure.gravatar.com\/avatar\/1d3fc949d550f0b53a5f0d51e06dfd79?s=96&d=mm&r=g\",\"contentUrl\":\"https:\/\/secure.gravatar.com\/avatar\/1d3fc949d550f0b53a5f0d51e06dfd79?s=96&d=mm&r=g\",\"caption\":\"admin\"},\"url\":\"https:\/\/www.prijedordanas.com\/?author=1\"}]}<\/script>\n<!-- \/ Yoast SEO plugin. -->","yoast_head_json":{"title":"ODR\u017dANO \u201cVE\u010cE KULTURNOG STVARALA\u0160TVA\u201d U DONJEM PETROVOM GAJU - FOTO - PrijedorDanas.com - Prijedorski gradski portal","robots":{"index":"index","follow":"follow","max-snippet":"max-snippet:-1","max-image-preview":"max-image-preview:large","max-video-preview":"max-video-preview:-1"},"canonical":"https:\/\/www.prijedordanas.com\/?p=93533","og_locale":"en_US","og_type":"article","og_title":"ODR\u017dANO \u201cVE\u010cE KULTURNOG STVARALA\u0160TVA\u201d U DONJEM PETROVOM GAJU - FOTO - PrijedorDanas.com - Prijedorski gradski portal","og_description":"Na drugoj ovosezonskoj \u201cVe\u010deri kulturnog stvarala\u0161tva\u201d, odr\u017eanoj 1. decembra 2017. godine, u prepunoj sali dru\u0161tvenog doma u Donjem Petrovom Gaju, nastupili su: u\u010denici O\u0160 \u201eC\u0301irilo i Metodije\u201c iz Trnopolja i [&hellip;]","og_url":"https:\/\/www.prijedordanas.com\/?p=93533","og_site_name":"PrijedorDanas.com - Prijedorski gradski portal","article_publisher":"https:\/\/www.facebook.com\/PrijedorDanasCom\/","article_published_time":"2017-12-02T09:25:29+00:00","og_image":[{"url":"https:\/\/www.prijedordanas.com\/wp-content\/uploads\/2017\/12\/vece-kulturnog-stvaralastva-donji-petrov-gaj-2017-1-300x225.jpg"}],"author":"admin","twitter_card":"summary_large_image","twitter_misc":{"Written by":"admin","Est. reading time":"1 minute"},"schema":{"@context":"https:\/\/schema.org","@graph":[{"@type":"Article","@id":"https:\/\/www.prijedordanas.com\/?p=93533#article","isPartOf":{"@id":"https:\/\/www.prijedordanas.com\/?p=93533"},"author":{"name":"admin","@id":"https:\/\/www.prijedordanas.com\/#\/schema\/person\/4e08ccf29b506ca916ff86d46bb700e6"},"headline":"ODR\u017dANO \u201cVE\u010cE KULTURNOG STVARALA\u0160TVA\u201d U DONJEM PETROVOM GAJU &#8211; FOTO","datePublished":"2017-12-02T09:25:29+00:00","dateModified":"2017-12-02T09:25:29+00:00","mainEntityOfPage":{"@id":"https:\/\/www.prijedordanas.com\/?p=93533"},"wordCount":154,"publisher":{"@id":"https:\/\/www.prijedordanas.com\/#organization"},"keywords":["Donji Petrov Gaj","Ve\u010de kulturnog stvarala\u0161tva"],"articleSection":["Kultura"],"inLanguage":"en-US"},{"@type":"WebPage","@id":"https:\/\/www.prijedordanas.com\/?p=93533","url":"https:\/\/www.prijedordanas.com\/?p=93533","name":"ODR\u017dANO \u201cVE\u010cE KULTURNOG STVARALA\u0160TVA\u201d U DONJEM PETROVOM GAJU - FOTO - PrijedorDanas.com - Prijedorski gradski portal","isPartOf":{"@id":"https:\/\/www.prijedordanas.com\/#website"},"datePublished":"2017-12-02T09:25:29+00:00","dateModified":"2017-12-02T09:25:29+00:00","breadcrumb":{"@id":"https:\/\/www.prijedordanas.com\/?p=93533#breadcrumb"},"inLanguage":"en-US","potentialAction":[{"@type":"ReadAction","target":["https:\/\/www.prijedordanas.com\/?p=93533"]}]},{"@type":"BreadcrumbList","@id":"https:\/\/www.prijedordanas.com\/?p=93533#breadcrumb","itemListElement":[{"@type":"ListItem","position":1,"name":"Home","item":"https:\/\/www.prijedordanas.com\/"},{"@type":"ListItem","position":2,"name":"ODR\u017dANO \u201cVE\u010cE KULTURNOG STVARALA\u0160TVA\u201d U DONJEM PETROVOM GAJU &#8211; FOTO"}]},{"@type":"WebSite","@id":"https:\/\/www.prijedordanas.com\/#website","url":"https:\/\/www.prijedordanas.com\/","name":"PrijedorDanas.com - Prijedorski gradski portal","description":"Portal o doga\u0111anjima u gradu Prijedoru","publisher":{"@id":"https:\/\/www.prijedordanas.com\/#organization"},"potentialAction":[{"@type":"SearchAction","target":{"@type":"EntryPoint","urlTemplate":"https:\/\/www.prijedordanas.com\/?s={search_term_string}"},"query-input":"required name=search_term_string"}],"inLanguage":"en-US"},{"@type":"Organization","@id":"https:\/\/www.prijedordanas.com\/#organization","name":"PrijedorDanas.com","url":"https:\/\/www.prijedordanas.com\/","logo":{"@type":"ImageObject","inLanguage":"en-US","@id":"https:\/\/www.prijedordanas.com\/#\/schema\/logo\/image\/","url":"http:\/\/www.prijedordanas.com\/wp-content\/uploads\/2021\/12\/logopng.png","contentUrl":"http:\/\/www.prijedordanas.com\/wp-content\/uploads\/2021\/12\/logopng.png","width":1019,"height":776,"caption":"PrijedorDanas.com"},"image":{"@id":"https:\/\/www.prijedordanas.com\/#\/schema\/logo\/image\/"},"sameAs":["https:\/\/www.facebook.com\/PrijedorDanasCom\/"]},{"@type":"Person","@id":"https:\/\/www.prijedordanas.com\/#\/schema\/person\/4e08ccf29b506ca916ff86d46bb700e6","name":"admin","image":{"@type":"ImageObject","inLanguage":"en-US","@id":"https:\/\/www.prijedordanas.com\/#\/schema\/person\/image\/","url":"https:\/\/secure.gravatar.com\/avatar\/1d3fc949d550f0b53a5f0d51e06dfd79?s=96&d=mm&r=g","contentUrl":"https:\/\/secure.gravatar.com\/avatar\/1d3fc949d550f0b53a5f0d51e06dfd79?s=96&d=mm&r=g","caption":"admin"},"url":"https:\/\/www.prijedordanas.com\/?author=1"}]}},"_links":{"self":[{"href":"https:\/\/www.prijedordanas.com\/index.php?rest_route=\/wp\/v2\/posts\/93533"}],"collection":[{"href":"https:\/\/www.prijedordanas.com\/index.php?rest_route=\/wp\/v2\/posts"}],"about":[{"href":"https:\/\/www.prijedordanas.com\/index.php?rest_route=\/wp\/v2\/types\/post"}],"author":[{"embeddable":true,"href":"https:\/\/www.prijedordanas.com\/index.php?rest_route=\/wp\/v2\/users\/1"}],"replies":[{"embeddable":true,"href":"https:\/\/www.prijedordanas.com\/index.php?rest_route=%2Fwp%2Fv2%2Fcomments&post=93533"}],"version-history":[{"count":1,"href":"https:\/\/www.prijedordanas.com\/index.php?rest_route=\/wp\/v2\/posts\/93533\/revisions"}],"predecessor-version":[{"id":93544,"href":"https:\/\/www.prijedordanas.com\/index.php?rest_route=\/wp\/v2\/posts\/93533\/revisions\/93544"}],"wp:attachment":[{"href":"https:\/\/www.prijedordanas.com\/index.php?rest_route=%2Fwp%2Fv2%2Fmedia&parent=93533"}],"wp:term":[{"taxonomy":"category","embeddable":true,"href":"https:\/\/www.prijedordanas.com\/index.php?rest_route=%2Fwp%2Fv2%2Fcategories&post=93533"},{"taxonomy":"post_tag","embeddable":true,"href":"https:\/\/www.prijedordanas.com\/index.php?rest_route=%2Fwp%2Fv2%2Ftags&post=93533"}],"curies":[{"name":"wp","href":"https:\/\/api.w.org\/{rel}","templated":true}]}}