{"id":93511,"date":"2017-12-03T10:23:43","date_gmt":"2017-12-03T09:23:43","guid":{"rendered":"https:\/\/www.prijedordanas.com\/?p=93511"},"modified":"2017-12-03T10:23:43","modified_gmt":"2017-12-03T09:23:43","slug":"konstituisan-organizacioni-odbor-manifestacije-dani-zime-na-kozari","status":"publish","type":"post","link":"https:\/\/www.prijedordanas.com\/?p=93511","title":{"rendered":"KONSTITUISAN ORGANIZACIONI ODBOR MANIFESTACIJE \u201cDANI ZIME NA KOZARI\u201d"},"content":{"rendered":"<p><a href=\"https:\/\/www.prijedordanas.com\/wp-content\/uploads\/2017\/12\/prijedorgradorg-oo-dani-zime-na-kozari-2018.jpg\"><img loading=\"lazy\" decoding=\"async\" src=\"https:\/\/www.prijedordanas.com\/wp-content\/uploads\/2017\/12\/prijedorgradorg-oo-dani-zime-na-kozari-2018-300x217.jpg\" alt=\"\" width=\"300\" height=\"217\" class=\"alignleft size-medium wp-image-93512\" srcset=\"https:\/\/www.prijedordanas.com\/wp-content\/uploads\/2017\/12\/prijedorgradorg-oo-dani-zime-na-kozari-2018-300x217.jpg 300w, https:\/\/www.prijedordanas.com\/wp-content\/uploads\/2017\/12\/prijedorgradorg-oo-dani-zime-na-kozari-2018-100x72.jpg 100w, https:\/\/www.prijedordanas.com\/wp-content\/uploads\/2017\/12\/prijedorgradorg-oo-dani-zime-na-kozari-2018.jpg 690w\" sizes=\"(max-width: 300px) 100vw, 300px\" \/><\/a>U Gradskoj upravi Prijedor konstituisan je Organizacioni odbor manifestacije &#8220;Dani zime na Kozari 2018&#8221; koja \u0107e se odr\u017eati 3.i 4. februara na Mrakovici.<\/p>\n<p>Odbor je usaglasio stav da \u0107e manifestacija trajati dva dana te da \u0107e u subotu 3.februara, prvog dana manifestacije,biti odr\u017ean planinarski mar\u0161 na ruti Lamovita-Lisina-Mrakovica  u organizaciji Kluba ekstremnih sportova \u201eAlbatros\u201c Prijedor, kao i ski kup osnovaca i srednjo\u0161kolaca u \u0161est kategorija.<\/p>\n<p>U nedjelju, drugog dana manifestacije koja je regionalnog  karaktera  bi\u0107e odr\u017eana sportska takmi\u010denja gradova i op\u0161tina u \u0161est disciplina u kombinaciji sa i bez snijega, dok \u0107e gastro takmi\u010denje biti podijeljeno na takmi\u010denje turisti\u010dko-ugostiteljskih \u0161kola, planinarskih  dru\u0161tava i izvi\u0111a\u010dkih odreda u pripremanju kotli\u0107a, te posebno lova\u010dkih udru\u017eenja sa podru\u010dja Potkozarja  u pripremi lova\u010dkih kotli\u0107a.<\/p>\n<p><a href=\"https:\/\/www.prijedordanas.com\/wp-content\/uploads\/2017\/01\/dani-zime-na-kozari-arhiva-2.jpg\"><img loading=\"lazy\" decoding=\"async\" src=\"https:\/\/www.prijedordanas.com\/wp-content\/uploads\/2017\/01\/dani-zime-na-kozari-arhiva-2-300x222.jpg\" alt=\"\" width=\"300\" height=\"222\" class=\"alignleft size-medium wp-image-72930\" srcset=\"https:\/\/www.prijedordanas.com\/wp-content\/uploads\/2017\/01\/dani-zime-na-kozari-arhiva-2-300x222.jpg 300w, https:\/\/www.prijedordanas.com\/wp-content\/uploads\/2017\/01\/dani-zime-na-kozari-arhiva-2-100x74.jpg 100w, https:\/\/www.prijedordanas.com\/wp-content\/uploads\/2017\/01\/dani-zime-na-kozari-arhiva-2.jpg 675w\" sizes=\"(max-width: 300px) 100vw, 300px\" \/><\/a>Budu\u0107i da se na Kozari i ovoga puta o\u010dekuje veliki broj posjetilaca, iz Prijedora i okolnih gradova bi\u0107e obezbije\u0111en besplatan prevoz, kao i ulazak u Nacionalni park \u201eKozara\u201c po promotivnoj cijeni od jedne umjesto redovne 2 KM.<\/p>\n<p>Organizatori manifestacije su, pored Turisti\u010dke organizacije Prijedor i grad Prijedor, a saorganizatori Nacionalni park &#8220;Kozara&#8221; te turisti\u010dke organizacije op\u0161tina  Novi Grad, Gradi\u0161ka i Kozarska Dubica.<\/p>\n<p>Pokrovitelji &#8220;12.Dana zime na Kozari 2018&#8221; su grad Prijedor i Ministarstvo uprave i lokalne samouprave. <\/p>\n<p>Prijedorgrad.org<\/p>\n","protected":false},"excerpt":{"rendered":"<p>U Gradskoj upravi Prijedor konstituisan je Organizacioni odbor manifestacije &#8220;Dani zime na Kozari 2018&#8221; koja \u0107e se odr\u017eati 3.i 4. februara na Mrakovici. Odbor je usaglasio stav da \u0107e manifestacija [&hellip;]<\/p>\n","protected":false},"author":1,"featured_media":0,"comment_status":"closed","ping_status":"open","sticky":false,"template":"","format":"standard","meta":{"_monsterinsights_skip_tracking":false,"_monsterinsights_sitenote_active":false,"_monsterinsights_sitenote_note":"","_monsterinsights_sitenote_category":0,"footnotes":""},"categories":[8],"tags":[2998],"yoast_head":"<!-- This site is optimized with the Yoast SEO plugin v21.6 - https:\/\/yoast.com\/wordpress\/plugins\/seo\/ -->\n<title>KONSTITUISAN ORGANIZACIONI ODBOR MANIFESTACIJE \u201cDANI ZIME NA KOZARI\u201d - PrijedorDanas.com - Prijedorski gradski portal<\/title>\n<meta name=\"robots\" content=\"index, follow, max-snippet:-1, max-image-preview:large, max-video-preview:-1\" \/>\n<link rel=\"canonical\" href=\"https:\/\/www.prijedordanas.com\/?p=93511\" \/>\n<meta property=\"og:locale\" content=\"en_US\" \/>\n<meta property=\"og:type\" content=\"article\" \/>\n<meta property=\"og:title\" content=\"KONSTITUISAN ORGANIZACIONI ODBOR MANIFESTACIJE \u201cDANI ZIME NA KOZARI\u201d - PrijedorDanas.com - Prijedorski gradski portal\" \/>\n<meta property=\"og:description\" content=\"U Gradskoj upravi Prijedor konstituisan je Organizacioni odbor manifestacije &#8220;Dani zime na Kozari 2018&#8221; koja \u0107e se odr\u017eati 3.i 4. februara na Mrakovici. Odbor je usaglasio stav da \u0107e manifestacija [&hellip;]\" \/>\n<meta property=\"og:url\" content=\"https:\/\/www.prijedordanas.com\/?p=93511\" \/>\n<meta property=\"og:site_name\" content=\"PrijedorDanas.com - Prijedorski gradski portal\" \/>\n<meta property=\"article:publisher\" content=\"https:\/\/www.facebook.com\/PrijedorDanasCom\/\" \/>\n<meta property=\"article:published_time\" content=\"2017-12-03T09:23:43+00:00\" \/>\n<meta property=\"og:image\" content=\"https:\/\/www.prijedordanas.com\/wp-content\/uploads\/2017\/12\/prijedorgradorg-oo-dani-zime-na-kozari-2018-300x217.jpg\" \/>\n<meta name=\"author\" content=\"admin\" \/>\n<meta name=\"twitter:card\" content=\"summary_large_image\" \/>\n<meta name=\"twitter:label1\" content=\"Written by\" \/>\n\t<meta name=\"twitter:data1\" content=\"admin\" \/>\n\t<meta name=\"twitter:label2\" content=\"Est. reading time\" \/>\n\t<meta name=\"twitter:data2\" content=\"1 minute\" \/>\n<script type=\"application\/ld+json\" class=\"yoast-schema-graph\">{\"@context\":\"https:\/\/schema.org\",\"@graph\":[{\"@type\":\"Article\",\"@id\":\"https:\/\/www.prijedordanas.com\/?p=93511#article\",\"isPartOf\":{\"@id\":\"https:\/\/www.prijedordanas.com\/?p=93511\"},\"author\":{\"name\":\"admin\",\"@id\":\"https:\/\/www.prijedordanas.com\/#\/schema\/person\/4e08ccf29b506ca916ff86d46bb700e6\"},\"headline\":\"KONSTITUISAN ORGANIZACIONI ODBOR MANIFESTACIJE \u201cDANI ZIME NA KOZARI\u201d\",\"datePublished\":\"2017-12-03T09:23:43+00:00\",\"dateModified\":\"2017-12-03T09:23:43+00:00\",\"mainEntityOfPage\":{\"@id\":\"https:\/\/www.prijedordanas.com\/?p=93511\"},\"wordCount\":230,\"publisher\":{\"@id\":\"https:\/\/www.prijedordanas.com\/#organization\"},\"keywords\":[\"Dani zime na Kozari\"],\"articleSection\":[\"Svakodnevno\"],\"inLanguage\":\"en-US\"},{\"@type\":\"WebPage\",\"@id\":\"https:\/\/www.prijedordanas.com\/?p=93511\",\"url\":\"https:\/\/www.prijedordanas.com\/?p=93511\",\"name\":\"KONSTITUISAN ORGANIZACIONI ODBOR MANIFESTACIJE \u201cDANI ZIME NA KOZARI\u201d - PrijedorDanas.com - Prijedorski gradski portal\",\"isPartOf\":{\"@id\":\"https:\/\/www.prijedordanas.com\/#website\"},\"datePublished\":\"2017-12-03T09:23:43+00:00\",\"dateModified\":\"2017-12-03T09:23:43+00:00\",\"breadcrumb\":{\"@id\":\"https:\/\/www.prijedordanas.com\/?p=93511#breadcrumb\"},\"inLanguage\":\"en-US\",\"potentialAction\":[{\"@type\":\"ReadAction\",\"target\":[\"https:\/\/www.prijedordanas.com\/?p=93511\"]}]},{\"@type\":\"BreadcrumbList\",\"@id\":\"https:\/\/www.prijedordanas.com\/?p=93511#breadcrumb\",\"itemListElement\":[{\"@type\":\"ListItem\",\"position\":1,\"name\":\"Home\",\"item\":\"https:\/\/www.prijedordanas.com\/\"},{\"@type\":\"ListItem\",\"position\":2,\"name\":\"KONSTITUISAN ORGANIZACIONI ODBOR MANIFESTACIJE \u201cDANI ZIME NA KOZARI\u201d\"}]},{\"@type\":\"WebSite\",\"@id\":\"https:\/\/www.prijedordanas.com\/#website\",\"url\":\"https:\/\/www.prijedordanas.com\/\",\"name\":\"PrijedorDanas.com - Prijedorski gradski portal\",\"description\":\"Portal o doga\u0111anjima u gradu Prijedoru\",\"publisher\":{\"@id\":\"https:\/\/www.prijedordanas.com\/#organization\"},\"potentialAction\":[{\"@type\":\"SearchAction\",\"target\":{\"@type\":\"EntryPoint\",\"urlTemplate\":\"https:\/\/www.prijedordanas.com\/?s={search_term_string}\"},\"query-input\":\"required name=search_term_string\"}],\"inLanguage\":\"en-US\"},{\"@type\":\"Organization\",\"@id\":\"https:\/\/www.prijedordanas.com\/#organization\",\"name\":\"PrijedorDanas.com\",\"url\":\"https:\/\/www.prijedordanas.com\/\",\"logo\":{\"@type\":\"ImageObject\",\"inLanguage\":\"en-US\",\"@id\":\"https:\/\/www.prijedordanas.com\/#\/schema\/logo\/image\/\",\"url\":\"http:\/\/www.prijedordanas.com\/wp-content\/uploads\/2021\/12\/logopng.png\",\"contentUrl\":\"http:\/\/www.prijedordanas.com\/wp-content\/uploads\/2021\/12\/logopng.png\",\"width\":1019,\"height\":776,\"caption\":\"PrijedorDanas.com\"},\"image\":{\"@id\":\"https:\/\/www.prijedordanas.com\/#\/schema\/logo\/image\/\"},\"sameAs\":[\"https:\/\/www.facebook.com\/PrijedorDanasCom\/\"]},{\"@type\":\"Person\",\"@id\":\"https:\/\/www.prijedordanas.com\/#\/schema\/person\/4e08ccf29b506ca916ff86d46bb700e6\",\"name\":\"admin\",\"image\":{\"@type\":\"ImageObject\",\"inLanguage\":\"en-US\",\"@id\":\"https:\/\/www.prijedordanas.com\/#\/schema\/person\/image\/\",\"url\":\"https:\/\/secure.gravatar.com\/avatar\/1d3fc949d550f0b53a5f0d51e06dfd79?s=96&d=mm&r=g\",\"contentUrl\":\"https:\/\/secure.gravatar.com\/avatar\/1d3fc949d550f0b53a5f0d51e06dfd79?s=96&d=mm&r=g\",\"caption\":\"admin\"},\"url\":\"https:\/\/www.prijedordanas.com\/?author=1\"}]}<\/script>\n<!-- \/ Yoast SEO plugin. -->","yoast_head_json":{"title":"KONSTITUISAN ORGANIZACIONI ODBOR MANIFESTACIJE \u201cDANI ZIME NA KOZARI\u201d - PrijedorDanas.com - Prijedorski gradski portal","robots":{"index":"index","follow":"follow","max-snippet":"max-snippet:-1","max-image-preview":"max-image-preview:large","max-video-preview":"max-video-preview:-1"},"canonical":"https:\/\/www.prijedordanas.com\/?p=93511","og_locale":"en_US","og_type":"article","og_title":"KONSTITUISAN ORGANIZACIONI ODBOR MANIFESTACIJE \u201cDANI ZIME NA KOZARI\u201d - PrijedorDanas.com - Prijedorski gradski portal","og_description":"U Gradskoj upravi Prijedor konstituisan je Organizacioni odbor manifestacije &#8220;Dani zime na Kozari 2018&#8221; koja \u0107e se odr\u017eati 3.i 4. februara na Mrakovici. Odbor je usaglasio stav da \u0107e manifestacija [&hellip;]","og_url":"https:\/\/www.prijedordanas.com\/?p=93511","og_site_name":"PrijedorDanas.com - Prijedorski gradski portal","article_publisher":"https:\/\/www.facebook.com\/PrijedorDanasCom\/","article_published_time":"2017-12-03T09:23:43+00:00","og_image":[{"url":"https:\/\/www.prijedordanas.com\/wp-content\/uploads\/2017\/12\/prijedorgradorg-oo-dani-zime-na-kozari-2018-300x217.jpg"}],"author":"admin","twitter_card":"summary_large_image","twitter_misc":{"Written by":"admin","Est. reading time":"1 minute"},"schema":{"@context":"https:\/\/schema.org","@graph":[{"@type":"Article","@id":"https:\/\/www.prijedordanas.com\/?p=93511#article","isPartOf":{"@id":"https:\/\/www.prijedordanas.com\/?p=93511"},"author":{"name":"admin","@id":"https:\/\/www.prijedordanas.com\/#\/schema\/person\/4e08ccf29b506ca916ff86d46bb700e6"},"headline":"KONSTITUISAN ORGANIZACIONI ODBOR MANIFESTACIJE \u201cDANI ZIME NA KOZARI\u201d","datePublished":"2017-12-03T09:23:43+00:00","dateModified":"2017-12-03T09:23:43+00:00","mainEntityOfPage":{"@id":"https:\/\/www.prijedordanas.com\/?p=93511"},"wordCount":230,"publisher":{"@id":"https:\/\/www.prijedordanas.com\/#organization"},"keywords":["Dani zime na Kozari"],"articleSection":["Svakodnevno"],"inLanguage":"en-US"},{"@type":"WebPage","@id":"https:\/\/www.prijedordanas.com\/?p=93511","url":"https:\/\/www.prijedordanas.com\/?p=93511","name":"KONSTITUISAN ORGANIZACIONI ODBOR MANIFESTACIJE \u201cDANI ZIME NA KOZARI\u201d - PrijedorDanas.com - Prijedorski gradski portal","isPartOf":{"@id":"https:\/\/www.prijedordanas.com\/#website"},"datePublished":"2017-12-03T09:23:43+00:00","dateModified":"2017-12-03T09:23:43+00:00","breadcrumb":{"@id":"https:\/\/www.prijedordanas.com\/?p=93511#breadcrumb"},"inLanguage":"en-US","potentialAction":[{"@type":"ReadAction","target":["https:\/\/www.prijedordanas.com\/?p=93511"]}]},{"@type":"BreadcrumbList","@id":"https:\/\/www.prijedordanas.com\/?p=93511#breadcrumb","itemListElement":[{"@type":"ListItem","position":1,"name":"Home","item":"https:\/\/www.prijedordanas.com\/"},{"@type":"ListItem","position":2,"name":"KONSTITUISAN ORGANIZACIONI ODBOR MANIFESTACIJE \u201cDANI ZIME NA KOZARI\u201d"}]},{"@type":"WebSite","@id":"https:\/\/www.prijedordanas.com\/#website","url":"https:\/\/www.prijedordanas.com\/","name":"PrijedorDanas.com - Prijedorski gradski portal","description":"Portal o doga\u0111anjima u gradu Prijedoru","publisher":{"@id":"https:\/\/www.prijedordanas.com\/#organization"},"potentialAction":[{"@type":"SearchAction","target":{"@type":"EntryPoint","urlTemplate":"https:\/\/www.prijedordanas.com\/?s={search_term_string}"},"query-input":"required name=search_term_string"}],"inLanguage":"en-US"},{"@type":"Organization","@id":"https:\/\/www.prijedordanas.com\/#organization","name":"PrijedorDanas.com","url":"https:\/\/www.prijedordanas.com\/","logo":{"@type":"ImageObject","inLanguage":"en-US","@id":"https:\/\/www.prijedordanas.com\/#\/schema\/logo\/image\/","url":"http:\/\/www.prijedordanas.com\/wp-content\/uploads\/2021\/12\/logopng.png","contentUrl":"http:\/\/www.prijedordanas.com\/wp-content\/uploads\/2021\/12\/logopng.png","width":1019,"height":776,"caption":"PrijedorDanas.com"},"image":{"@id":"https:\/\/www.prijedordanas.com\/#\/schema\/logo\/image\/"},"sameAs":["https:\/\/www.facebook.com\/PrijedorDanasCom\/"]},{"@type":"Person","@id":"https:\/\/www.prijedordanas.com\/#\/schema\/person\/4e08ccf29b506ca916ff86d46bb700e6","name":"admin","image":{"@type":"ImageObject","inLanguage":"en-US","@id":"https:\/\/www.prijedordanas.com\/#\/schema\/person\/image\/","url":"https:\/\/secure.gravatar.com\/avatar\/1d3fc949d550f0b53a5f0d51e06dfd79?s=96&d=mm&r=g","contentUrl":"https:\/\/secure.gravatar.com\/avatar\/1d3fc949d550f0b53a5f0d51e06dfd79?s=96&d=mm&r=g","caption":"admin"},"url":"https:\/\/www.prijedordanas.com\/?author=1"}]}},"_links":{"self":[{"href":"https:\/\/www.prijedordanas.com\/index.php?rest_route=\/wp\/v2\/posts\/93511"}],"collection":[{"href":"https:\/\/www.prijedordanas.com\/index.php?rest_route=\/wp\/v2\/posts"}],"about":[{"href":"https:\/\/www.prijedordanas.com\/index.php?rest_route=\/wp\/v2\/types\/post"}],"author":[{"embeddable":true,"href":"https:\/\/www.prijedordanas.com\/index.php?rest_route=\/wp\/v2\/users\/1"}],"replies":[{"embeddable":true,"href":"https:\/\/www.prijedordanas.com\/index.php?rest_route=%2Fwp%2Fv2%2Fcomments&post=93511"}],"version-history":[{"count":1,"href":"https:\/\/www.prijedordanas.com\/index.php?rest_route=\/wp\/v2\/posts\/93511\/revisions"}],"predecessor-version":[{"id":93513,"href":"https:\/\/www.prijedordanas.com\/index.php?rest_route=\/wp\/v2\/posts\/93511\/revisions\/93513"}],"wp:attachment":[{"href":"https:\/\/www.prijedordanas.com\/index.php?rest_route=%2Fwp%2Fv2%2Fmedia&parent=93511"}],"wp:term":[{"taxonomy":"category","embeddable":true,"href":"https:\/\/www.prijedordanas.com\/index.php?rest_route=%2Fwp%2Fv2%2Fcategories&post=93511"},{"taxonomy":"post_tag","embeddable":true,"href":"https:\/\/www.prijedordanas.com\/index.php?rest_route=%2Fwp%2Fv2%2Ftags&post=93511"}],"curies":[{"name":"wp","href":"https:\/\/api.w.org\/{rel}","templated":true}]}}