{"id":93510,"date":"2017-12-02T16:58:06","date_gmt":"2017-12-02T15:58:06","guid":{"rendered":"https:\/\/www.prijedordanas.com\/?p=93510"},"modified":"2017-12-02T16:58:06","modified_gmt":"2017-12-02T15:58:06","slug":"predstavnici-slovenacke-firme-kolektor-u-posjeti-prijedoru-razmatranje-poslovne-saradnje","status":"publish","type":"post","link":"https:\/\/www.prijedordanas.com\/?p=93510","title":{"rendered":"PREDSTAVNICI SLOVENA\u010cKE FIRME \u201cKOLEKTOR\u201d U POSJETI PRIJEDORU: RAZMATRANJE POSLOVNE SARADNJE"},"content":{"rendered":"<p><a href=\"https:\/\/www.prijedordanas.com\/wp-content\/uploads\/2017\/12\/prijedorgradorg-firma-kolektor-posjeta.jpg\"><img loading=\"lazy\" decoding=\"async\" src=\"https:\/\/www.prijedordanas.com\/wp-content\/uploads\/2017\/12\/prijedorgradorg-firma-kolektor-posjeta-300x217.jpg\" alt=\"\" width=\"300\" height=\"217\" class=\"alignleft size-medium wp-image-93515\" srcset=\"https:\/\/www.prijedordanas.com\/wp-content\/uploads\/2017\/12\/prijedorgradorg-firma-kolektor-posjeta-300x217.jpg 300w, https:\/\/www.prijedordanas.com\/wp-content\/uploads\/2017\/12\/prijedorgradorg-firma-kolektor-posjeta-100x72.jpg 100w, https:\/\/www.prijedordanas.com\/wp-content\/uploads\/2017\/12\/prijedorgradorg-firma-kolektor-posjeta.jpg 690w\" sizes=\"(max-width: 300px) 100vw, 300px\" \/><\/a>Predstavnici slovena\u010dke kompanije \u201cKolektor\u201d posjetili su grad Prijedor i tom prilikom je uprili\u010den sastanak u Gradskoj upravi sa gradona\u010delnikom Prijedora, Milenkom \u0110akovi\u0107em i njegovim saradnicima.<\/p>\n<p>Posjeta je organizovana u cilju razmatranja mogu\u0107nosti poslovne saradnje izme\u0111u \u201cKolektora\u201d i Gradske uprave, \u0161to je rezultat ranije zapo\u010detih pregovora i poslovnih planova na nivou koncerna \u201cKolektor\u201d u smislu \u0161irenja kapaciteta na podru\u010dju Bosne i Hercegovine.<\/p>\n<p>U proizvodnom programu \u201cKolektora\u201d se izme\u0111u ostalog nalaze komutatori za automobilsku industriju, komutatori za ru\u010dne i ku\u0107anske aparate i elektrokomponente, kao \u0161to su prigu\u0161nice i komutatori.<\/p>\n<p>Na nivou Grupacije zaposleno je preko 4.500 radnika, dok svoje proizvodne kapacitete u BiH ve\u0107 imaju u Lakta\u0161ima, Kla\u0161nicama i odskoro u Srpcu, gdje je zaposleno preko 450 radnika.<\/p>\n<p>U narednom periodu aktivno \u0107e se raditi na stvaranju uslova za realizaciju poslovnih aktivnosti na podru\u010dju Prijedora.<\/p>\n<p>Prijedorgrad.org<\/p>\n","protected":false},"excerpt":{"rendered":"<p>Predstavnici slovena\u010dke kompanije \u201cKolektor\u201d posjetili su grad Prijedor i tom prilikom je uprili\u010den sastanak u Gradskoj upravi sa gradona\u010delnikom Prijedora, Milenkom \u0110akovi\u0107em i njegovim saradnicima. Posjeta je organizovana u cilju [&hellip;]<\/p>\n","protected":false},"author":1,"featured_media":0,"comment_status":"closed","ping_status":"open","sticky":false,"template":"","format":"standard","meta":{"_monsterinsights_skip_tracking":false,"_monsterinsights_sitenote_active":false,"_monsterinsights_sitenote_note":"","_monsterinsights_sitenote_category":0,"footnotes":""},"categories":[8],"tags":[10202,723],"yoast_head":"<!-- This site is optimized with the Yoast SEO plugin v21.6 - https:\/\/yoast.com\/wordpress\/plugins\/seo\/ -->\n<title>PREDSTAVNICI SLOVENA\u010cKE FIRME \u201cKOLEKTOR\u201d U POSJETI PRIJEDORU: RAZMATRANJE POSLOVNE SARADNJE - PrijedorDanas.com - Prijedorski gradski portal<\/title>\n<meta name=\"robots\" content=\"index, follow, max-snippet:-1, max-image-preview:large, max-video-preview:-1\" \/>\n<link rel=\"canonical\" href=\"https:\/\/www.prijedordanas.com\/?p=93510\" \/>\n<meta property=\"og:locale\" content=\"en_US\" \/>\n<meta property=\"og:type\" content=\"article\" \/>\n<meta property=\"og:title\" content=\"PREDSTAVNICI SLOVENA\u010cKE FIRME \u201cKOLEKTOR\u201d U POSJETI PRIJEDORU: RAZMATRANJE POSLOVNE SARADNJE - PrijedorDanas.com - Prijedorski gradski portal\" \/>\n<meta property=\"og:description\" content=\"Predstavnici slovena\u010dke kompanije \u201cKolektor\u201d posjetili su grad Prijedor i tom prilikom je uprili\u010den sastanak u Gradskoj upravi sa gradona\u010delnikom Prijedora, Milenkom \u0110akovi\u0107em i njegovim saradnicima. Posjeta je organizovana u cilju [&hellip;]\" \/>\n<meta property=\"og:url\" content=\"https:\/\/www.prijedordanas.com\/?p=93510\" \/>\n<meta property=\"og:site_name\" content=\"PrijedorDanas.com - Prijedorski gradski portal\" \/>\n<meta property=\"article:publisher\" content=\"https:\/\/www.facebook.com\/PrijedorDanasCom\/\" \/>\n<meta property=\"article:published_time\" content=\"2017-12-02T15:58:06+00:00\" \/>\n<meta property=\"og:image\" content=\"https:\/\/www.prijedordanas.com\/wp-content\/uploads\/2017\/12\/prijedorgradorg-firma-kolektor-posjeta-300x217.jpg\" \/>\n<meta name=\"author\" content=\"admin\" \/>\n<meta name=\"twitter:card\" content=\"summary_large_image\" \/>\n<meta name=\"twitter:label1\" content=\"Written by\" \/>\n\t<meta name=\"twitter:data1\" content=\"admin\" \/>\n\t<meta name=\"twitter:label2\" content=\"Est. reading time\" \/>\n\t<meta name=\"twitter:data2\" content=\"1 minute\" \/>\n<script type=\"application\/ld+json\" class=\"yoast-schema-graph\">{\"@context\":\"https:\/\/schema.org\",\"@graph\":[{\"@type\":\"Article\",\"@id\":\"https:\/\/www.prijedordanas.com\/?p=93510#article\",\"isPartOf\":{\"@id\":\"https:\/\/www.prijedordanas.com\/?p=93510\"},\"author\":{\"name\":\"admin\",\"@id\":\"https:\/\/www.prijedordanas.com\/#\/schema\/person\/4e08ccf29b506ca916ff86d46bb700e6\"},\"headline\":\"PREDSTAVNICI SLOVENA\u010cKE FIRME \u201cKOLEKTOR\u201d U POSJETI PRIJEDORU: RAZMATRANJE POSLOVNE SARADNJE\",\"datePublished\":\"2017-12-02T15:58:06+00:00\",\"dateModified\":\"2017-12-02T15:58:06+00:00\",\"mainEntityOfPage\":{\"@id\":\"https:\/\/www.prijedordanas.com\/?p=93510\"},\"wordCount\":159,\"publisher\":{\"@id\":\"https:\/\/www.prijedordanas.com\/#organization\"},\"keywords\":[\"Kolektor\",\"posjeta\"],\"articleSection\":[\"Svakodnevno\"],\"inLanguage\":\"en-US\"},{\"@type\":\"WebPage\",\"@id\":\"https:\/\/www.prijedordanas.com\/?p=93510\",\"url\":\"https:\/\/www.prijedordanas.com\/?p=93510\",\"name\":\"PREDSTAVNICI SLOVENA\u010cKE FIRME \u201cKOLEKTOR\u201d U POSJETI PRIJEDORU: RAZMATRANJE POSLOVNE SARADNJE - PrijedorDanas.com - Prijedorski gradski portal\",\"isPartOf\":{\"@id\":\"https:\/\/www.prijedordanas.com\/#website\"},\"datePublished\":\"2017-12-02T15:58:06+00:00\",\"dateModified\":\"2017-12-02T15:58:06+00:00\",\"breadcrumb\":{\"@id\":\"https:\/\/www.prijedordanas.com\/?p=93510#breadcrumb\"},\"inLanguage\":\"en-US\",\"potentialAction\":[{\"@type\":\"ReadAction\",\"target\":[\"https:\/\/www.prijedordanas.com\/?p=93510\"]}]},{\"@type\":\"BreadcrumbList\",\"@id\":\"https:\/\/www.prijedordanas.com\/?p=93510#breadcrumb\",\"itemListElement\":[{\"@type\":\"ListItem\",\"position\":1,\"name\":\"Home\",\"item\":\"https:\/\/www.prijedordanas.com\/\"},{\"@type\":\"ListItem\",\"position\":2,\"name\":\"PREDSTAVNICI SLOVENA\u010cKE FIRME \u201cKOLEKTOR\u201d U POSJETI PRIJEDORU: RAZMATRANJE POSLOVNE SARADNJE\"}]},{\"@type\":\"WebSite\",\"@id\":\"https:\/\/www.prijedordanas.com\/#website\",\"url\":\"https:\/\/www.prijedordanas.com\/\",\"name\":\"PrijedorDanas.com - Prijedorski gradski portal\",\"description\":\"Portal o doga\u0111anjima u gradu Prijedoru\",\"publisher\":{\"@id\":\"https:\/\/www.prijedordanas.com\/#organization\"},\"potentialAction\":[{\"@type\":\"SearchAction\",\"target\":{\"@type\":\"EntryPoint\",\"urlTemplate\":\"https:\/\/www.prijedordanas.com\/?s={search_term_string}\"},\"query-input\":\"required name=search_term_string\"}],\"inLanguage\":\"en-US\"},{\"@type\":\"Organization\",\"@id\":\"https:\/\/www.prijedordanas.com\/#organization\",\"name\":\"PrijedorDanas.com\",\"url\":\"https:\/\/www.prijedordanas.com\/\",\"logo\":{\"@type\":\"ImageObject\",\"inLanguage\":\"en-US\",\"@id\":\"https:\/\/www.prijedordanas.com\/#\/schema\/logo\/image\/\",\"url\":\"http:\/\/www.prijedordanas.com\/wp-content\/uploads\/2021\/12\/logopng.png\",\"contentUrl\":\"http:\/\/www.prijedordanas.com\/wp-content\/uploads\/2021\/12\/logopng.png\",\"width\":1019,\"height\":776,\"caption\":\"PrijedorDanas.com\"},\"image\":{\"@id\":\"https:\/\/www.prijedordanas.com\/#\/schema\/logo\/image\/\"},\"sameAs\":[\"https:\/\/www.facebook.com\/PrijedorDanasCom\/\"]},{\"@type\":\"Person\",\"@id\":\"https:\/\/www.prijedordanas.com\/#\/schema\/person\/4e08ccf29b506ca916ff86d46bb700e6\",\"name\":\"admin\",\"image\":{\"@type\":\"ImageObject\",\"inLanguage\":\"en-US\",\"@id\":\"https:\/\/www.prijedordanas.com\/#\/schema\/person\/image\/\",\"url\":\"https:\/\/secure.gravatar.com\/avatar\/1d3fc949d550f0b53a5f0d51e06dfd79?s=96&d=mm&r=g\",\"contentUrl\":\"https:\/\/secure.gravatar.com\/avatar\/1d3fc949d550f0b53a5f0d51e06dfd79?s=96&d=mm&r=g\",\"caption\":\"admin\"},\"url\":\"https:\/\/www.prijedordanas.com\/?author=1\"}]}<\/script>\n<!-- \/ Yoast SEO plugin. -->","yoast_head_json":{"title":"PREDSTAVNICI SLOVENA\u010cKE FIRME \u201cKOLEKTOR\u201d U POSJETI PRIJEDORU: RAZMATRANJE POSLOVNE SARADNJE - PrijedorDanas.com - Prijedorski gradski portal","robots":{"index":"index","follow":"follow","max-snippet":"max-snippet:-1","max-image-preview":"max-image-preview:large","max-video-preview":"max-video-preview:-1"},"canonical":"https:\/\/www.prijedordanas.com\/?p=93510","og_locale":"en_US","og_type":"article","og_title":"PREDSTAVNICI SLOVENA\u010cKE FIRME \u201cKOLEKTOR\u201d U POSJETI PRIJEDORU: RAZMATRANJE POSLOVNE SARADNJE - PrijedorDanas.com - Prijedorski gradski portal","og_description":"Predstavnici slovena\u010dke kompanije \u201cKolektor\u201d posjetili su grad Prijedor i tom prilikom je uprili\u010den sastanak u Gradskoj upravi sa gradona\u010delnikom Prijedora, Milenkom \u0110akovi\u0107em i njegovim saradnicima. Posjeta je organizovana u cilju [&hellip;]","og_url":"https:\/\/www.prijedordanas.com\/?p=93510","og_site_name":"PrijedorDanas.com - Prijedorski gradski portal","article_publisher":"https:\/\/www.facebook.com\/PrijedorDanasCom\/","article_published_time":"2017-12-02T15:58:06+00:00","og_image":[{"url":"https:\/\/www.prijedordanas.com\/wp-content\/uploads\/2017\/12\/prijedorgradorg-firma-kolektor-posjeta-300x217.jpg"}],"author":"admin","twitter_card":"summary_large_image","twitter_misc":{"Written by":"admin","Est. reading time":"1 minute"},"schema":{"@context":"https:\/\/schema.org","@graph":[{"@type":"Article","@id":"https:\/\/www.prijedordanas.com\/?p=93510#article","isPartOf":{"@id":"https:\/\/www.prijedordanas.com\/?p=93510"},"author":{"name":"admin","@id":"https:\/\/www.prijedordanas.com\/#\/schema\/person\/4e08ccf29b506ca916ff86d46bb700e6"},"headline":"PREDSTAVNICI SLOVENA\u010cKE FIRME \u201cKOLEKTOR\u201d U POSJETI PRIJEDORU: RAZMATRANJE POSLOVNE SARADNJE","datePublished":"2017-12-02T15:58:06+00:00","dateModified":"2017-12-02T15:58:06+00:00","mainEntityOfPage":{"@id":"https:\/\/www.prijedordanas.com\/?p=93510"},"wordCount":159,"publisher":{"@id":"https:\/\/www.prijedordanas.com\/#organization"},"keywords":["Kolektor","posjeta"],"articleSection":["Svakodnevno"],"inLanguage":"en-US"},{"@type":"WebPage","@id":"https:\/\/www.prijedordanas.com\/?p=93510","url":"https:\/\/www.prijedordanas.com\/?p=93510","name":"PREDSTAVNICI SLOVENA\u010cKE FIRME \u201cKOLEKTOR\u201d U POSJETI PRIJEDORU: RAZMATRANJE POSLOVNE SARADNJE - PrijedorDanas.com - Prijedorski gradski portal","isPartOf":{"@id":"https:\/\/www.prijedordanas.com\/#website"},"datePublished":"2017-12-02T15:58:06+00:00","dateModified":"2017-12-02T15:58:06+00:00","breadcrumb":{"@id":"https:\/\/www.prijedordanas.com\/?p=93510#breadcrumb"},"inLanguage":"en-US","potentialAction":[{"@type":"ReadAction","target":["https:\/\/www.prijedordanas.com\/?p=93510"]}]},{"@type":"BreadcrumbList","@id":"https:\/\/www.prijedordanas.com\/?p=93510#breadcrumb","itemListElement":[{"@type":"ListItem","position":1,"name":"Home","item":"https:\/\/www.prijedordanas.com\/"},{"@type":"ListItem","position":2,"name":"PREDSTAVNICI SLOVENA\u010cKE FIRME \u201cKOLEKTOR\u201d U POSJETI PRIJEDORU: RAZMATRANJE POSLOVNE SARADNJE"}]},{"@type":"WebSite","@id":"https:\/\/www.prijedordanas.com\/#website","url":"https:\/\/www.prijedordanas.com\/","name":"PrijedorDanas.com - Prijedorski gradski portal","description":"Portal o doga\u0111anjima u gradu Prijedoru","publisher":{"@id":"https:\/\/www.prijedordanas.com\/#organization"},"potentialAction":[{"@type":"SearchAction","target":{"@type":"EntryPoint","urlTemplate":"https:\/\/www.prijedordanas.com\/?s={search_term_string}"},"query-input":"required name=search_term_string"}],"inLanguage":"en-US"},{"@type":"Organization","@id":"https:\/\/www.prijedordanas.com\/#organization","name":"PrijedorDanas.com","url":"https:\/\/www.prijedordanas.com\/","logo":{"@type":"ImageObject","inLanguage":"en-US","@id":"https:\/\/www.prijedordanas.com\/#\/schema\/logo\/image\/","url":"http:\/\/www.prijedordanas.com\/wp-content\/uploads\/2021\/12\/logopng.png","contentUrl":"http:\/\/www.prijedordanas.com\/wp-content\/uploads\/2021\/12\/logopng.png","width":1019,"height":776,"caption":"PrijedorDanas.com"},"image":{"@id":"https:\/\/www.prijedordanas.com\/#\/schema\/logo\/image\/"},"sameAs":["https:\/\/www.facebook.com\/PrijedorDanasCom\/"]},{"@type":"Person","@id":"https:\/\/www.prijedordanas.com\/#\/schema\/person\/4e08ccf29b506ca916ff86d46bb700e6","name":"admin","image":{"@type":"ImageObject","inLanguage":"en-US","@id":"https:\/\/www.prijedordanas.com\/#\/schema\/person\/image\/","url":"https:\/\/secure.gravatar.com\/avatar\/1d3fc949d550f0b53a5f0d51e06dfd79?s=96&d=mm&r=g","contentUrl":"https:\/\/secure.gravatar.com\/avatar\/1d3fc949d550f0b53a5f0d51e06dfd79?s=96&d=mm&r=g","caption":"admin"},"url":"https:\/\/www.prijedordanas.com\/?author=1"}]}},"_links":{"self":[{"href":"https:\/\/www.prijedordanas.com\/index.php?rest_route=\/wp\/v2\/posts\/93510"}],"collection":[{"href":"https:\/\/www.prijedordanas.com\/index.php?rest_route=\/wp\/v2\/posts"}],"about":[{"href":"https:\/\/www.prijedordanas.com\/index.php?rest_route=\/wp\/v2\/types\/post"}],"author":[{"embeddable":true,"href":"https:\/\/www.prijedordanas.com\/index.php?rest_route=\/wp\/v2\/users\/1"}],"replies":[{"embeddable":true,"href":"https:\/\/www.prijedordanas.com\/index.php?rest_route=%2Fwp%2Fv2%2Fcomments&post=93510"}],"version-history":[{"count":1,"href":"https:\/\/www.prijedordanas.com\/index.php?rest_route=\/wp\/v2\/posts\/93510\/revisions"}],"predecessor-version":[{"id":93516,"href":"https:\/\/www.prijedordanas.com\/index.php?rest_route=\/wp\/v2\/posts\/93510\/revisions\/93516"}],"wp:attachment":[{"href":"https:\/\/www.prijedordanas.com\/index.php?rest_route=%2Fwp%2Fv2%2Fmedia&parent=93510"}],"wp:term":[{"taxonomy":"category","embeddable":true,"href":"https:\/\/www.prijedordanas.com\/index.php?rest_route=%2Fwp%2Fv2%2Fcategories&post=93510"},{"taxonomy":"post_tag","embeddable":true,"href":"https:\/\/www.prijedordanas.com\/index.php?rest_route=%2Fwp%2Fv2%2Ftags&post=93510"}],"curies":[{"name":"wp","href":"https:\/\/api.w.org\/{rel}","templated":true}]}}