{"id":93008,"date":"2017-11-25T09:20:58","date_gmt":"2017-11-25T08:20:58","guid":{"rendered":"https:\/\/www.prijedordanas.com\/?p=93008"},"modified":"2017-11-25T09:20:58","modified_gmt":"2017-11-25T08:20:58","slug":"kako-se-ne-utice-na-donosenje-budzeta-poniznoscu-asfalta","status":"publish","type":"post","link":"https:\/\/www.prijedordanas.com\/?p=93008","title":{"rendered":"KAKO SE (NE) UTI\u010cE NA DONO\u0160ENJE BUD\u017dETA: PONIZNO\u0160\u0106U DO ASFALTA"},"content":{"rendered":"<p><a href=\"https:\/\/www.prijedordanas.com\/wp-content\/uploads\/2017\/11\/zamisliba-prijedor-javna-rasprava.jpg\"><img loading=\"lazy\" decoding=\"async\" src=\"https:\/\/www.prijedordanas.com\/wp-content\/uploads\/2017\/11\/zamisliba-prijedor-javna-rasprava-300x225.jpg\" alt=\"\" width=\"300\" height=\"225\" class=\"alignleft size-medium wp-image-93009\" srcset=\"https:\/\/www.prijedordanas.com\/wp-content\/uploads\/2017\/11\/zamisliba-prijedor-javna-rasprava-300x225.jpg 300w, https:\/\/www.prijedordanas.com\/wp-content\/uploads\/2017\/11\/zamisliba-prijedor-javna-rasprava-100x75.jpg 100w, https:\/\/www.prijedordanas.com\/wp-content\/uploads\/2017\/11\/zamisliba-prijedor-javna-rasprava-640x480.jpg 640w, https:\/\/www.prijedordanas.com\/wp-content\/uploads\/2017\/11\/zamisliba-prijedor-javna-rasprava.jpg 667w\" sizes=\"(max-width: 300px) 100vw, 300px\" \/><\/a>\u201cOd onih \u0161to ne razmi\u0161ljaju, gori su samo oni \u0161to razmi\u0161ljaju o komadu asfalta\u201d, pro\u010ditah ovaj tvit nedugo nakon javne rasprave o nacrtu bud\u017eeta grada Prijedora za 2018. godinu koja je odr\u017eana u petak, 17. novembra. Prvi ne izlaze na izbore, drugi glasaju za onoga ko im dovede asfalt pred ku\u0107u.<\/p>\n<p>Na javnoj raspravi od 40-ak prisutnih vi\u0161e od polovine su zaposlenici gradske uprave; nekoliko je \u010dlanova mjesnih zajednica, tri nevladine organizacije koje su u\u010destvovale u raspravi, nekolicina koje nisu i to je sve. A poziv je upu\u0107en gra\u0111anima Prijedora, dok se ona druga, namijenjena bud\u017eetskim korisnicima, odr\u017eava odvojeno \/i obi\u010dno nema disonantnih tonova\/.<\/p>\n<p>Predlaga\u010d bud\u017eeta time je ispunio zakonsku obavezu da dokument pro\u0111e kroz javnu raspravu, a gra\u0111ani, uglavnom, nisu iskoristili mogu\u0107nost da odlu\u010de kako \u0107e se njihov novac tro\u0161iti. Bio im je namijenjen dvo\u010dasovni termin, a sve se zavr\u0161ilo za manje od sat vremena.<\/p>\n<p>Za\u0161to je to tako odgovorio je upravo na samoj raspravi jedan od najredovnijih u\u010desnika ispred nevladinog sektora, izrekav\u0161i klju\u010dnu re\u010denicu da su se ljudi navikli na to da se novac iz bud\u017eeta dijeli raznim pre\u010dicama tokom cijele godine, a ne u institucionalnom okviru kakav je i javna rasprava, te da stoga ni ne dolaze vi\u0161e na ovakve skupove.<\/p>\n<p>Ove godine nije bilo ni onih najupornijih koji su ranijih godina uvijek aktivno u\u010destvovali: predstavnici vjerskih zajednica, logora\u0161i, roditelji djece s posebnim potrebama, organizacije koje okupljaju mlade\u2026<\/p>\n<p><a href=\"https:\/\/www.prijedordanas.com\/wp-content\/uploads\/2017\/11\/ilustracija-novi-asfalt.jpg\"><img loading=\"lazy\" decoding=\"async\" src=\"https:\/\/www.prijedordanas.com\/wp-content\/uploads\/2017\/11\/ilustracija-novi-asfalt-300x222.jpg\" alt=\"\" width=\"300\" height=\"222\" class=\"alignleft size-medium wp-image-93010\" srcset=\"https:\/\/www.prijedordanas.com\/wp-content\/uploads\/2017\/11\/ilustracija-novi-asfalt-300x222.jpg 300w, https:\/\/www.prijedordanas.com\/wp-content\/uploads\/2017\/11\/ilustracija-novi-asfalt-100x74.jpg 100w, https:\/\/www.prijedordanas.com\/wp-content\/uploads\/2017\/11\/ilustracija-novi-asfalt.jpg 675w\" sizes=\"(max-width: 300px) 100vw, 300px\" \/><\/a>Sjetili se ovi najuporniji i kako je prva javna rasprava o bud\u017eetu u Prijedoru odr\u017eana 2003. godine, kako je bila izuzetno posje\u0107ena, kako ju je prenosila lokalna televizija\u2026a kako posljednjih godina zainteresovanost za ovaj mehanizam odlu\u010divanja opada.<\/p>\n<p>O kakvim je pre\u010dicama rije\u010d mo\u017ee se naga\u0111ati \/s velikom vjerovatno\u0107om\/, a da ih ima, u vi\u0161e navrata potvrdio je i sam predlaga\u010d. Naime, na pitanja o mogu\u0107nosti pove\u0107anja za odre\u0111ene stavke odgovarano je da u bud\u017eetu postoje \u017eive stavke koje se tokom godine mogu mijenjati. \/Dajte ma\u0161ti na volju ko i kako mo\u017ee do\u0107i do toga, a ko ne mo\u017ee.\/<\/p>\n<p>I u ono malo ovogodi\u0161njih diskusija preovladale su dvije teme koje i godinama unazad dominiraju: socijala i infrastruktura. Kao \u0161to \u0107e o istim temama najvi\u0161e diskusija biti i danas i na narednom zasjedanju Skup\u0161tine grada Prijedora kada se bude donosio novi bud\u017eet.<\/p>\n<p>Ispred mene sjedi \u010dovjek koji povremeno ne\u0161to zapisuje na mali komad papira, a povremeno \u010dovjeku do sebe govori: \u201c\u2018Aj\u2019 sad ti, pa \u0107u poslije tebe ja.\u201d Izgleda nervozan, a ovaj do njega hladan. Nikako da se jave za rije\u010d ni jedan ni drugi.<\/p>\n<p>Udru\u017eenje gra\u0111ana \u201cOptimisti\u201d tra\u017ei da se udvostru\u010di 12.500 KM za javnu kuhinju koju vodi ovo udru\u017eenje. Nabraja da se u njoj hrani 81 Bo\u0161njak, 49 Roma, 32 Srba i petero ostalih. Kao da su \u0161anse tako ve\u0107e\u2026 Briga glad\u2026<\/p>\n<p>Predlaga\u010d odgovara da je stavka za javne kuhinje ve\u0107 uve\u0107ana za vi\u0161e od 100 odsto. Brojke pokazuju druga\u010dije \u2013 za 28,87 odsto. Jer za 2017. bilo je planirano 70.000 KM za javne kuhinje, rebalansom je to uve\u0107ano na 77.600 KM, a prijedlog za 2018. godinu je 100.000 KM.<\/p>\n<p>Voditelj javne rasprave ostavlja dovoljno vremena da se prijavi naredni diskutant. Svaki put pauza izme\u0111u i ti\u0161ina, neprijatna\u2026 Onaj ispred mene lomi prste, nema vi\u0161e prijavljenih, on mora, sad il\u2019 nikad. Nosi onaj papiri\u0107 na govornicu. On bi asfalt, kanalizaciju i struju. I dru\u0161tveni dom. Tolika sela dobila dru\u0161tvene domove, njegovo nije, iako je jedno od rijetkih koje bilje\u017ei porast broja stanovnika. Moli, a kr\u0161an, kosmat, brkat, pa ne prili\u010di\u2026 Gleda u onaj papiri\u0107, eto, valjda sam sve rek&#8217;o. Opet moli. I da im za nasipanje puteva bude odgovaraju\u0107i materijal, a ne, kao do sada, zemlja\u2026<\/p>\n<p>Opozicione stranke znaju na konferencijama za novinare optu\u017eivati vlast da se putevi asfaltiraju samo u onim mjesnim zajednicama koje su lojalne vlastima i da se to jasno vidi ako se uporede izborni rezultati sa mapom asfaltiranih ili nasutih puteva. Isto biste i vi, da mo\u017eete, i isto \u0107ete, ako opet budete vlast. A institucionalno odlu\u010divanje \u0107e ostati samo privid.<\/p>\n<p>Tako je biv\u0161i gradona\u010delnik i u neformalnim situacijama, ali i sa govornice Skup\u0161tine grada, prepri\u010davao svoj do\u017eivljaj u jednom od prijedorskih naselja. Kada je grupa gra\u0111ana idu\u0107i iza njega komentarisala kako vlast ho\u0107e da njihove glasove kupi asfaltom, a on odgovorio da nikad nikog nije kupovao asfaltom. I dodao neka im asfaltira ko ho\u0107e, a on dok se pita, asfalt dobiti ne\u0107e. \u010cak ni oni iz opozicije ni\u0161ta na to ne reko\u0161e. Haj&#8217;te, molim vas, ko jo\u0161 donosi odluke u institucijama. Zato, za razumjeti su i onaj tvitera\u0161, a i oni koji su do\u0161li da za asfalt mole.<\/p>\n<p>Zamisli.ba<\/p>\n","protected":false},"excerpt":{"rendered":"<p>\u201cOd onih \u0161to ne razmi\u0161ljaju, gori su samo oni \u0161to razmi\u0161ljaju o komadu asfalta\u201d, pro\u010ditah ovaj tvit nedugo nakon javne rasprave o nacrtu bud\u017eeta grada Prijedora za 2018. godinu koja [&hellip;]<\/p>\n","protected":false},"author":1,"featured_media":0,"comment_status":"closed","ping_status":"open","sticky":false,"template":"","format":"standard","meta":{"_monsterinsights_skip_tracking":false,"_monsterinsights_sitenote_active":false,"_monsterinsights_sitenote_note":"","_monsterinsights_sitenote_category":0,"footnotes":""},"categories":[8],"tags":[2432],"yoast_head":"<!-- This site is optimized with the Yoast SEO plugin v21.6 - https:\/\/yoast.com\/wordpress\/plugins\/seo\/ -->\n<title>KAKO SE (NE) UTI\u010cE NA DONO\u0160ENJE BUD\u017dETA: PONIZNO\u0160\u0106U DO ASFALTA - PrijedorDanas.com - Prijedorski gradski portal<\/title>\n<meta name=\"robots\" content=\"index, follow, max-snippet:-1, max-image-preview:large, max-video-preview:-1\" \/>\n<link rel=\"canonical\" href=\"https:\/\/www.prijedordanas.com\/?p=93008\" \/>\n<meta property=\"og:locale\" content=\"en_US\" \/>\n<meta property=\"og:type\" content=\"article\" \/>\n<meta property=\"og:title\" content=\"KAKO SE (NE) UTI\u010cE NA DONO\u0160ENJE BUD\u017dETA: PONIZNO\u0160\u0106U DO ASFALTA - PrijedorDanas.com - Prijedorski gradski portal\" \/>\n<meta property=\"og:description\" content=\"\u201cOd onih \u0161to ne razmi\u0161ljaju, gori su samo oni \u0161to razmi\u0161ljaju o komadu asfalta\u201d, pro\u010ditah ovaj tvit nedugo nakon javne rasprave o nacrtu bud\u017eeta grada Prijedora za 2018. godinu koja [&hellip;]\" \/>\n<meta property=\"og:url\" content=\"https:\/\/www.prijedordanas.com\/?p=93008\" \/>\n<meta property=\"og:site_name\" content=\"PrijedorDanas.com - Prijedorski gradski portal\" \/>\n<meta property=\"article:publisher\" content=\"https:\/\/www.facebook.com\/PrijedorDanasCom\/\" \/>\n<meta property=\"article:published_time\" content=\"2017-11-25T08:20:58+00:00\" \/>\n<meta property=\"og:image\" content=\"https:\/\/www.prijedordanas.com\/wp-content\/uploads\/2017\/11\/zamisliba-prijedor-javna-rasprava-300x225.jpg\" \/>\n<meta name=\"author\" content=\"admin\" \/>\n<meta name=\"twitter:card\" content=\"summary_large_image\" \/>\n<meta name=\"twitter:label1\" content=\"Written by\" \/>\n\t<meta name=\"twitter:data1\" content=\"admin\" \/>\n\t<meta name=\"twitter:label2\" content=\"Est. reading time\" \/>\n\t<meta name=\"twitter:data2\" content=\"4 minutes\" \/>\n<script type=\"application\/ld+json\" class=\"yoast-schema-graph\">{\"@context\":\"https:\/\/schema.org\",\"@graph\":[{\"@type\":\"Article\",\"@id\":\"https:\/\/www.prijedordanas.com\/?p=93008#article\",\"isPartOf\":{\"@id\":\"https:\/\/www.prijedordanas.com\/?p=93008\"},\"author\":{\"name\":\"admin\",\"@id\":\"https:\/\/www.prijedordanas.com\/#\/schema\/person\/4e08ccf29b506ca916ff86d46bb700e6\"},\"headline\":\"KAKO SE (NE) UTI\u010cE NA DONO\u0160ENJE BUD\u017dETA: PONIZNO\u0160\u0106U DO ASFALTA\",\"datePublished\":\"2017-11-25T08:20:58+00:00\",\"dateModified\":\"2017-11-25T08:20:58+00:00\",\"mainEntityOfPage\":{\"@id\":\"https:\/\/www.prijedordanas.com\/?p=93008\"},\"wordCount\":845,\"publisher\":{\"@id\":\"https:\/\/www.prijedordanas.com\/#organization\"},\"keywords\":[\"asfalt\"],\"articleSection\":[\"Svakodnevno\"],\"inLanguage\":\"en-US\"},{\"@type\":\"WebPage\",\"@id\":\"https:\/\/www.prijedordanas.com\/?p=93008\",\"url\":\"https:\/\/www.prijedordanas.com\/?p=93008\",\"name\":\"KAKO SE (NE) UTI\u010cE NA DONO\u0160ENJE BUD\u017dETA: PONIZNO\u0160\u0106U DO ASFALTA - PrijedorDanas.com - Prijedorski gradski portal\",\"isPartOf\":{\"@id\":\"https:\/\/www.prijedordanas.com\/#website\"},\"datePublished\":\"2017-11-25T08:20:58+00:00\",\"dateModified\":\"2017-11-25T08:20:58+00:00\",\"breadcrumb\":{\"@id\":\"https:\/\/www.prijedordanas.com\/?p=93008#breadcrumb\"},\"inLanguage\":\"en-US\",\"potentialAction\":[{\"@type\":\"ReadAction\",\"target\":[\"https:\/\/www.prijedordanas.com\/?p=93008\"]}]},{\"@type\":\"BreadcrumbList\",\"@id\":\"https:\/\/www.prijedordanas.com\/?p=93008#breadcrumb\",\"itemListElement\":[{\"@type\":\"ListItem\",\"position\":1,\"name\":\"Home\",\"item\":\"https:\/\/www.prijedordanas.com\/\"},{\"@type\":\"ListItem\",\"position\":2,\"name\":\"KAKO SE (NE) UTI\u010cE NA DONO\u0160ENJE BUD\u017dETA: PONIZNO\u0160\u0106U DO ASFALTA\"}]},{\"@type\":\"WebSite\",\"@id\":\"https:\/\/www.prijedordanas.com\/#website\",\"url\":\"https:\/\/www.prijedordanas.com\/\",\"name\":\"PrijedorDanas.com - Prijedorski gradski portal\",\"description\":\"Portal o doga\u0111anjima u gradu Prijedoru\",\"publisher\":{\"@id\":\"https:\/\/www.prijedordanas.com\/#organization\"},\"potentialAction\":[{\"@type\":\"SearchAction\",\"target\":{\"@type\":\"EntryPoint\",\"urlTemplate\":\"https:\/\/www.prijedordanas.com\/?s={search_term_string}\"},\"query-input\":\"required name=search_term_string\"}],\"inLanguage\":\"en-US\"},{\"@type\":\"Organization\",\"@id\":\"https:\/\/www.prijedordanas.com\/#organization\",\"name\":\"PrijedorDanas.com\",\"url\":\"https:\/\/www.prijedordanas.com\/\",\"logo\":{\"@type\":\"ImageObject\",\"inLanguage\":\"en-US\",\"@id\":\"https:\/\/www.prijedordanas.com\/#\/schema\/logo\/image\/\",\"url\":\"http:\/\/www.prijedordanas.com\/wp-content\/uploads\/2021\/12\/logopng.png\",\"contentUrl\":\"http:\/\/www.prijedordanas.com\/wp-content\/uploads\/2021\/12\/logopng.png\",\"width\":1019,\"height\":776,\"caption\":\"PrijedorDanas.com\"},\"image\":{\"@id\":\"https:\/\/www.prijedordanas.com\/#\/schema\/logo\/image\/\"},\"sameAs\":[\"https:\/\/www.facebook.com\/PrijedorDanasCom\/\"]},{\"@type\":\"Person\",\"@id\":\"https:\/\/www.prijedordanas.com\/#\/schema\/person\/4e08ccf29b506ca916ff86d46bb700e6\",\"name\":\"admin\",\"image\":{\"@type\":\"ImageObject\",\"inLanguage\":\"en-US\",\"@id\":\"https:\/\/www.prijedordanas.com\/#\/schema\/person\/image\/\",\"url\":\"https:\/\/secure.gravatar.com\/avatar\/1d3fc949d550f0b53a5f0d51e06dfd79?s=96&d=mm&r=g\",\"contentUrl\":\"https:\/\/secure.gravatar.com\/avatar\/1d3fc949d550f0b53a5f0d51e06dfd79?s=96&d=mm&r=g\",\"caption\":\"admin\"},\"url\":\"https:\/\/www.prijedordanas.com\/?author=1\"}]}<\/script>\n<!-- \/ Yoast SEO plugin. -->","yoast_head_json":{"title":"KAKO SE (NE) UTI\u010cE NA DONO\u0160ENJE BUD\u017dETA: PONIZNO\u0160\u0106U DO ASFALTA - PrijedorDanas.com - Prijedorski gradski portal","robots":{"index":"index","follow":"follow","max-snippet":"max-snippet:-1","max-image-preview":"max-image-preview:large","max-video-preview":"max-video-preview:-1"},"canonical":"https:\/\/www.prijedordanas.com\/?p=93008","og_locale":"en_US","og_type":"article","og_title":"KAKO SE (NE) UTI\u010cE NA DONO\u0160ENJE BUD\u017dETA: PONIZNO\u0160\u0106U DO ASFALTA - PrijedorDanas.com - Prijedorski gradski portal","og_description":"\u201cOd onih \u0161to ne razmi\u0161ljaju, gori su samo oni \u0161to razmi\u0161ljaju o komadu asfalta\u201d, pro\u010ditah ovaj tvit nedugo nakon javne rasprave o nacrtu bud\u017eeta grada Prijedora za 2018. godinu koja [&hellip;]","og_url":"https:\/\/www.prijedordanas.com\/?p=93008","og_site_name":"PrijedorDanas.com - Prijedorski gradski portal","article_publisher":"https:\/\/www.facebook.com\/PrijedorDanasCom\/","article_published_time":"2017-11-25T08:20:58+00:00","og_image":[{"url":"https:\/\/www.prijedordanas.com\/wp-content\/uploads\/2017\/11\/zamisliba-prijedor-javna-rasprava-300x225.jpg"}],"author":"admin","twitter_card":"summary_large_image","twitter_misc":{"Written by":"admin","Est. reading time":"4 minutes"},"schema":{"@context":"https:\/\/schema.org","@graph":[{"@type":"Article","@id":"https:\/\/www.prijedordanas.com\/?p=93008#article","isPartOf":{"@id":"https:\/\/www.prijedordanas.com\/?p=93008"},"author":{"name":"admin","@id":"https:\/\/www.prijedordanas.com\/#\/schema\/person\/4e08ccf29b506ca916ff86d46bb700e6"},"headline":"KAKO SE (NE) UTI\u010cE NA DONO\u0160ENJE BUD\u017dETA: PONIZNO\u0160\u0106U DO ASFALTA","datePublished":"2017-11-25T08:20:58+00:00","dateModified":"2017-11-25T08:20:58+00:00","mainEntityOfPage":{"@id":"https:\/\/www.prijedordanas.com\/?p=93008"},"wordCount":845,"publisher":{"@id":"https:\/\/www.prijedordanas.com\/#organization"},"keywords":["asfalt"],"articleSection":["Svakodnevno"],"inLanguage":"en-US"},{"@type":"WebPage","@id":"https:\/\/www.prijedordanas.com\/?p=93008","url":"https:\/\/www.prijedordanas.com\/?p=93008","name":"KAKO SE (NE) UTI\u010cE NA DONO\u0160ENJE BUD\u017dETA: PONIZNO\u0160\u0106U DO ASFALTA - PrijedorDanas.com - Prijedorski gradski portal","isPartOf":{"@id":"https:\/\/www.prijedordanas.com\/#website"},"datePublished":"2017-11-25T08:20:58+00:00","dateModified":"2017-11-25T08:20:58+00:00","breadcrumb":{"@id":"https:\/\/www.prijedordanas.com\/?p=93008#breadcrumb"},"inLanguage":"en-US","potentialAction":[{"@type":"ReadAction","target":["https:\/\/www.prijedordanas.com\/?p=93008"]}]},{"@type":"BreadcrumbList","@id":"https:\/\/www.prijedordanas.com\/?p=93008#breadcrumb","itemListElement":[{"@type":"ListItem","position":1,"name":"Home","item":"https:\/\/www.prijedordanas.com\/"},{"@type":"ListItem","position":2,"name":"KAKO SE (NE) UTI\u010cE NA DONO\u0160ENJE BUD\u017dETA: PONIZNO\u0160\u0106U DO ASFALTA"}]},{"@type":"WebSite","@id":"https:\/\/www.prijedordanas.com\/#website","url":"https:\/\/www.prijedordanas.com\/","name":"PrijedorDanas.com - Prijedorski gradski portal","description":"Portal o doga\u0111anjima u gradu Prijedoru","publisher":{"@id":"https:\/\/www.prijedordanas.com\/#organization"},"potentialAction":[{"@type":"SearchAction","target":{"@type":"EntryPoint","urlTemplate":"https:\/\/www.prijedordanas.com\/?s={search_term_string}"},"query-input":"required name=search_term_string"}],"inLanguage":"en-US"},{"@type":"Organization","@id":"https:\/\/www.prijedordanas.com\/#organization","name":"PrijedorDanas.com","url":"https:\/\/www.prijedordanas.com\/","logo":{"@type":"ImageObject","inLanguage":"en-US","@id":"https:\/\/www.prijedordanas.com\/#\/schema\/logo\/image\/","url":"http:\/\/www.prijedordanas.com\/wp-content\/uploads\/2021\/12\/logopng.png","contentUrl":"http:\/\/www.prijedordanas.com\/wp-content\/uploads\/2021\/12\/logopng.png","width":1019,"height":776,"caption":"PrijedorDanas.com"},"image":{"@id":"https:\/\/www.prijedordanas.com\/#\/schema\/logo\/image\/"},"sameAs":["https:\/\/www.facebook.com\/PrijedorDanasCom\/"]},{"@type":"Person","@id":"https:\/\/www.prijedordanas.com\/#\/schema\/person\/4e08ccf29b506ca916ff86d46bb700e6","name":"admin","image":{"@type":"ImageObject","inLanguage":"en-US","@id":"https:\/\/www.prijedordanas.com\/#\/schema\/person\/image\/","url":"https:\/\/secure.gravatar.com\/avatar\/1d3fc949d550f0b53a5f0d51e06dfd79?s=96&d=mm&r=g","contentUrl":"https:\/\/secure.gravatar.com\/avatar\/1d3fc949d550f0b53a5f0d51e06dfd79?s=96&d=mm&r=g","caption":"admin"},"url":"https:\/\/www.prijedordanas.com\/?author=1"}]}},"_links":{"self":[{"href":"https:\/\/www.prijedordanas.com\/index.php?rest_route=\/wp\/v2\/posts\/93008"}],"collection":[{"href":"https:\/\/www.prijedordanas.com\/index.php?rest_route=\/wp\/v2\/posts"}],"about":[{"href":"https:\/\/www.prijedordanas.com\/index.php?rest_route=\/wp\/v2\/types\/post"}],"author":[{"embeddable":true,"href":"https:\/\/www.prijedordanas.com\/index.php?rest_route=\/wp\/v2\/users\/1"}],"replies":[{"embeddable":true,"href":"https:\/\/www.prijedordanas.com\/index.php?rest_route=%2Fwp%2Fv2%2Fcomments&post=93008"}],"version-history":[{"count":1,"href":"https:\/\/www.prijedordanas.com\/index.php?rest_route=\/wp\/v2\/posts\/93008\/revisions"}],"predecessor-version":[{"id":93011,"href":"https:\/\/www.prijedordanas.com\/index.php?rest_route=\/wp\/v2\/posts\/93008\/revisions\/93011"}],"wp:attachment":[{"href":"https:\/\/www.prijedordanas.com\/index.php?rest_route=%2Fwp%2Fv2%2Fmedia&parent=93008"}],"wp:term":[{"taxonomy":"category","embeddable":true,"href":"https:\/\/www.prijedordanas.com\/index.php?rest_route=%2Fwp%2Fv2%2Fcategories&post=93008"},{"taxonomy":"post_tag","embeddable":true,"href":"https:\/\/www.prijedordanas.com\/index.php?rest_route=%2Fwp%2Fv2%2Ftags&post=93008"}],"curies":[{"name":"wp","href":"https:\/\/api.w.org\/{rel}","templated":true}]}}