{"id":92995,"date":"2017-11-25T08:00:56","date_gmt":"2017-11-25T07:00:56","guid":{"rendered":"https:\/\/www.prijedordanas.com\/?p=92995"},"modified":"2017-11-25T08:00:56","modified_gmt":"2017-11-25T07:00:56","slug":"sudenje-vlasenko-ostali-ubistva-mjestana-kozarca","status":"publish","type":"post","link":"https:\/\/www.prijedordanas.com\/?p=92995","title":{"rendered":"SU\u0110ENJE VLASENKO I OSTALI: UBISTVA MJE\u0160TANA KOZARCA"},"content":{"rendered":"<p><a href=\"https:\/\/www.prijedordanas.com\/wp-content\/uploads\/2017\/10\/sud-bih-12.jpg\"><img loading=\"lazy\" decoding=\"async\" src=\"https:\/\/www.prijedordanas.com\/wp-content\/uploads\/2017\/10\/sud-bih-12-300x222.jpg\" alt=\"\" width=\"300\" height=\"222\" class=\"alignleft size-medium wp-image-90929\" srcset=\"https:\/\/www.prijedordanas.com\/wp-content\/uploads\/2017\/10\/sud-bih-12-300x222.jpg 300w, https:\/\/www.prijedordanas.com\/wp-content\/uploads\/2017\/10\/sud-bih-12-100x74.jpg 100w, https:\/\/www.prijedordanas.com\/wp-content\/uploads\/2017\/10\/sud-bih-12.jpg 675w\" sizes=\"(max-width: 300px) 100vw, 300px\" \/><\/a>U nastavku su\u0111enja za zlo\u010dine po\u010dinjene na podru\u010dju Prijedora, svjedok Tu\u017eila\u0161tva BiH je govorio o ubistvima koja su se de\u0161avala u ljeto 1992. godine u naselju Kozarac.<\/p>\n<p>Muhamed Kusuran je ispri\u010dao da se od 24. maja 1992. godine krio po \u0161umi u Kozarcu jer je po\u010delo granatiranje. Nakon dva dana, mje\u0161tani su se predali na igrali\u0161tu, a on je, kako je pojasnio, s grupom mu\u0161karaca ostao da se krije.<\/p>\n<p>Rekao je da je osam do deset dana kasnije iz \u0161ume primijetio da gore ku\u0107e u njegovom naselju, te je s grupom mu\u0161karaca odlu\u010dio si\u0107i. Prema njegovim rije\u010dima, do\u0161ao je do ku\u0107e Mehmeda Zeli\u0107a koji je bio s izvjesnim \u201cLip\u0161om\u201d i oni su im kazali da su Jusuf i Adila Aluki\u0107 ubijeni.<\/p>\n<p>\u201cZeli\u0107 je rekao da su to uradili Vlasenko Rade i Mitar, Kon\u010dar Dragan, neki Krupljanin i jo\u0161 neki ljudi\u2026 Jusufa i Adilu smo na\u0161li ispred podruma ku\u0107e, bili su spaljeni. Od Jusufa smo na\u0161li lobanju i potkoljenicu, a Adila nije imala noge. Pokupili smo u vre\u0107u i zakopali ih\u201c, rekao je Kusuran.<\/p>\n<p>Nakon toga, kako je izjavio svjedok, nastavio se kriti u \u0161umici koja je bila iznad njegove ku\u0107e jer je svitalo. On se prisjetio da je vidio kako dolazi traktor iz kojeg je iza\u0161lo pet vojnika, a dva su se nastavila voziti do ku\u0107e Ismeta Be\u0161i\u0107a.<\/p>\n<p><a href=\"https:\/\/www.prijedordanas.com\/wp-content\/uploads\/2016\/02\/sud-bih-3-1.jpg\"><img loading=\"lazy\" decoding=\"async\" src=\"https:\/\/www.prijedordanas.com\/wp-content\/uploads\/2016\/02\/sud-bih-3-1-300x225.jpg\" alt=\"\" width=\"300\" height=\"225\" class=\"alignleft size-medium wp-image-41556\" srcset=\"https:\/\/www.prijedordanas.com\/wp-content\/uploads\/2016\/02\/sud-bih-3-1-300x225.jpg 300w, https:\/\/www.prijedordanas.com\/wp-content\/uploads\/2016\/02\/sud-bih-3-1.jpg 600w\" sizes=\"(max-width: 300px) 100vw, 300px\" \/><\/a>Pet vojnika je, prema njegovom svjedo\u010denju, oti\u0161lo do vikendice Juse Memi\u0107a. Opisao je da su dvojica oti\u0161la u podrum, a trojica su oti\u0161la uz stepenice. Kusuran je kazao da su vojnici iz ku\u0107e izveli dvije starije \u017eene \u2013 Radifu i Rajifu \u2013 koje su plakale i jaukale.<\/p>\n<p>\u201c\u010culi su se rafali i vjerovatno su ubijeni. Momenat pada nisam vidio jer sam se i ja krio da me ne prona\u0111u. Ti vojnici kad su oti\u0161li, Samir i Hamdija su komentarisali da su prepoznali jednog od Vlasenka i Kon\u010dara. Kad se smra\u010dilo pri\u0161li smo \u017eenama i ukopali ih ispred vikendice\u201d, naveo je on.<\/p>\n<p>Rade Vlasenko, Drago Kon\u010dar i Milan Krupljanin su optu\u017eeni kao pripadnici Vojske Republike Srpske (VRS) za u\u010de\u0161\u0107e u progonu civilnog nesrpskog stanovni\u0161tva na podru\u010dju Kozarca i okolnih mjesta u op\u0161tini Prijedor. Vlasenko, Kon\u010dar i Krupljanin optu\u017eeni su za ubistva osam osoba na podru\u010dju Kozarca i Prijedora, me\u0111u kojima su i \u017ertve starije \u017eivotne dobi.<\/p>\n<p>Kusuran se prisjetio da je nakon desetak dana do\u0161ao po hranu u naselje i ponovno vidio kako dolazi traktor. Iz \u0161umarka je mogao vidjeti da je oti\u0161ao kod ku\u0107e Mustafe Be\u0161i\u0107a, a potom je \u010duo vrisak i rafal. Zatim je, kako je posvjedo\u010dio, gledao kako traktor odlazi do ku\u0107e Ebila Mand\u017euki\u0107a gdje je tako\u0111er \u010duo vriske i pucnjavu.<\/p>\n<p>\u201cKad se smra\u010dilo oti\u0161li smo do ku\u0107e Be\u0161i\u0107a. Tu smo na\u0161li tri le\u0161a za stolom \u2013 Hasan i Hima Ahmet\u0107ehaji\u0107 i Himzo Veli\u0107. Zamotali smo ih u deke i sahranili. Semir i Husein su oti\u0161li do Ebilove ku\u0107e. Oni su rekli da su na\u0161li tijela Ebila i Safeta Murat\u0107ehaji\u0107a\u201d, opisao je svjedok.<\/p>\n<p>Su\u0111enje se nastavlja 8. decembra.<\/p>\n<p>BIRN<\/p>\n","protected":false},"excerpt":{"rendered":"<p>U nastavku su\u0111enja za zlo\u010dine po\u010dinjene na podru\u010dju Prijedora, svjedok Tu\u017eila\u0161tva BiH je govorio o ubistvima koja su se de\u0161avala u ljeto 1992. godine u naselju Kozarac. Muhamed Kusuran je [&hellip;]<\/p>\n","protected":false},"author":1,"featured_media":0,"comment_status":"closed","ping_status":"open","sticky":false,"template":"","format":"standard","meta":{"_monsterinsights_skip_tracking":false,"_monsterinsights_sitenote_active":false,"_monsterinsights_sitenote_note":"","_monsterinsights_sitenote_category":0,"footnotes":""},"categories":[5],"tags":[531],"yoast_head":"<!-- This site is optimized with the Yoast SEO plugin v21.6 - https:\/\/yoast.com\/wordpress\/plugins\/seo\/ -->\n<title>SU\u0110ENJE VLASENKO I OSTALI: UBISTVA MJE\u0160TANA KOZARCA - PrijedorDanas.com - Prijedorski gradski portal<\/title>\n<meta name=\"robots\" content=\"index, follow, max-snippet:-1, max-image-preview:large, max-video-preview:-1\" \/>\n<link rel=\"canonical\" href=\"https:\/\/www.prijedordanas.com\/?p=92995\" \/>\n<meta property=\"og:locale\" content=\"en_US\" \/>\n<meta property=\"og:type\" content=\"article\" \/>\n<meta property=\"og:title\" content=\"SU\u0110ENJE VLASENKO I OSTALI: UBISTVA MJE\u0160TANA KOZARCA - PrijedorDanas.com - Prijedorski gradski portal\" \/>\n<meta property=\"og:description\" content=\"U nastavku su\u0111enja za zlo\u010dine po\u010dinjene na podru\u010dju Prijedora, svjedok Tu\u017eila\u0161tva BiH je govorio o ubistvima koja su se de\u0161avala u ljeto 1992. godine u naselju Kozarac. Muhamed Kusuran je [&hellip;]\" \/>\n<meta property=\"og:url\" content=\"https:\/\/www.prijedordanas.com\/?p=92995\" \/>\n<meta property=\"og:site_name\" content=\"PrijedorDanas.com - Prijedorski gradski portal\" \/>\n<meta property=\"article:publisher\" content=\"https:\/\/www.facebook.com\/PrijedorDanasCom\/\" \/>\n<meta property=\"article:published_time\" content=\"2017-11-25T07:00:56+00:00\" \/>\n<meta property=\"og:image\" content=\"https:\/\/www.prijedordanas.com\/wp-content\/uploads\/2017\/10\/sud-bih-12-300x222.jpg\" \/>\n<meta name=\"author\" content=\"admin\" \/>\n<meta name=\"twitter:card\" content=\"summary_large_image\" \/>\n<meta name=\"twitter:label1\" content=\"Written by\" \/>\n\t<meta name=\"twitter:data1\" content=\"admin\" \/>\n\t<meta name=\"twitter:label2\" content=\"Est. reading time\" \/>\n\t<meta name=\"twitter:data2\" content=\"3 minutes\" \/>\n<script type=\"application\/ld+json\" class=\"yoast-schema-graph\">{\"@context\":\"https:\/\/schema.org\",\"@graph\":[{\"@type\":\"Article\",\"@id\":\"https:\/\/www.prijedordanas.com\/?p=92995#article\",\"isPartOf\":{\"@id\":\"https:\/\/www.prijedordanas.com\/?p=92995\"},\"author\":{\"name\":\"admin\",\"@id\":\"https:\/\/www.prijedordanas.com\/#\/schema\/person\/4e08ccf29b506ca916ff86d46bb700e6\"},\"headline\":\"SU\u0110ENJE VLASENKO I OSTALI: UBISTVA MJE\u0160TANA KOZARCA\",\"datePublished\":\"2017-11-25T07:00:56+00:00\",\"dateModified\":\"2017-11-25T07:00:56+00:00\",\"mainEntityOfPage\":{\"@id\":\"https:\/\/www.prijedordanas.com\/?p=92995\"},\"wordCount\":568,\"publisher\":{\"@id\":\"https:\/\/www.prijedordanas.com\/#organization\"},\"keywords\":[\"Sud BiH\"],\"articleSection\":[\"Hronika\"],\"inLanguage\":\"en-US\"},{\"@type\":\"WebPage\",\"@id\":\"https:\/\/www.prijedordanas.com\/?p=92995\",\"url\":\"https:\/\/www.prijedordanas.com\/?p=92995\",\"name\":\"SU\u0110ENJE VLASENKO I OSTALI: UBISTVA MJE\u0160TANA KOZARCA - PrijedorDanas.com - Prijedorski gradski portal\",\"isPartOf\":{\"@id\":\"https:\/\/www.prijedordanas.com\/#website\"},\"datePublished\":\"2017-11-25T07:00:56+00:00\",\"dateModified\":\"2017-11-25T07:00:56+00:00\",\"breadcrumb\":{\"@id\":\"https:\/\/www.prijedordanas.com\/?p=92995#breadcrumb\"},\"inLanguage\":\"en-US\",\"potentialAction\":[{\"@type\":\"ReadAction\",\"target\":[\"https:\/\/www.prijedordanas.com\/?p=92995\"]}]},{\"@type\":\"BreadcrumbList\",\"@id\":\"https:\/\/www.prijedordanas.com\/?p=92995#breadcrumb\",\"itemListElement\":[{\"@type\":\"ListItem\",\"position\":1,\"name\":\"Home\",\"item\":\"https:\/\/www.prijedordanas.com\/\"},{\"@type\":\"ListItem\",\"position\":2,\"name\":\"SU\u0110ENJE VLASENKO I OSTALI: UBISTVA MJE\u0160TANA KOZARCA\"}]},{\"@type\":\"WebSite\",\"@id\":\"https:\/\/www.prijedordanas.com\/#website\",\"url\":\"https:\/\/www.prijedordanas.com\/\",\"name\":\"PrijedorDanas.com - Prijedorski gradski portal\",\"description\":\"Portal o doga\u0111anjima u gradu Prijedoru\",\"publisher\":{\"@id\":\"https:\/\/www.prijedordanas.com\/#organization\"},\"potentialAction\":[{\"@type\":\"SearchAction\",\"target\":{\"@type\":\"EntryPoint\",\"urlTemplate\":\"https:\/\/www.prijedordanas.com\/?s={search_term_string}\"},\"query-input\":\"required name=search_term_string\"}],\"inLanguage\":\"en-US\"},{\"@type\":\"Organization\",\"@id\":\"https:\/\/www.prijedordanas.com\/#organization\",\"name\":\"PrijedorDanas.com\",\"url\":\"https:\/\/www.prijedordanas.com\/\",\"logo\":{\"@type\":\"ImageObject\",\"inLanguage\":\"en-US\",\"@id\":\"https:\/\/www.prijedordanas.com\/#\/schema\/logo\/image\/\",\"url\":\"http:\/\/www.prijedordanas.com\/wp-content\/uploads\/2021\/12\/logopng.png\",\"contentUrl\":\"http:\/\/www.prijedordanas.com\/wp-content\/uploads\/2021\/12\/logopng.png\",\"width\":1019,\"height\":776,\"caption\":\"PrijedorDanas.com\"},\"image\":{\"@id\":\"https:\/\/www.prijedordanas.com\/#\/schema\/logo\/image\/\"},\"sameAs\":[\"https:\/\/www.facebook.com\/PrijedorDanasCom\/\"]},{\"@type\":\"Person\",\"@id\":\"https:\/\/www.prijedordanas.com\/#\/schema\/person\/4e08ccf29b506ca916ff86d46bb700e6\",\"name\":\"admin\",\"image\":{\"@type\":\"ImageObject\",\"inLanguage\":\"en-US\",\"@id\":\"https:\/\/www.prijedordanas.com\/#\/schema\/person\/image\/\",\"url\":\"https:\/\/secure.gravatar.com\/avatar\/1d3fc949d550f0b53a5f0d51e06dfd79?s=96&d=mm&r=g\",\"contentUrl\":\"https:\/\/secure.gravatar.com\/avatar\/1d3fc949d550f0b53a5f0d51e06dfd79?s=96&d=mm&r=g\",\"caption\":\"admin\"},\"url\":\"https:\/\/www.prijedordanas.com\/?author=1\"}]}<\/script>\n<!-- \/ Yoast SEO plugin. -->","yoast_head_json":{"title":"SU\u0110ENJE VLASENKO I OSTALI: UBISTVA MJE\u0160TANA KOZARCA - PrijedorDanas.com - Prijedorski gradski portal","robots":{"index":"index","follow":"follow","max-snippet":"max-snippet:-1","max-image-preview":"max-image-preview:large","max-video-preview":"max-video-preview:-1"},"canonical":"https:\/\/www.prijedordanas.com\/?p=92995","og_locale":"en_US","og_type":"article","og_title":"SU\u0110ENJE VLASENKO I OSTALI: UBISTVA MJE\u0160TANA KOZARCA - PrijedorDanas.com - Prijedorski gradski portal","og_description":"U nastavku su\u0111enja za zlo\u010dine po\u010dinjene na podru\u010dju Prijedora, svjedok Tu\u017eila\u0161tva BiH je govorio o ubistvima koja su se de\u0161avala u ljeto 1992. godine u naselju Kozarac. Muhamed Kusuran je [&hellip;]","og_url":"https:\/\/www.prijedordanas.com\/?p=92995","og_site_name":"PrijedorDanas.com - Prijedorski gradski portal","article_publisher":"https:\/\/www.facebook.com\/PrijedorDanasCom\/","article_published_time":"2017-11-25T07:00:56+00:00","og_image":[{"url":"https:\/\/www.prijedordanas.com\/wp-content\/uploads\/2017\/10\/sud-bih-12-300x222.jpg"}],"author":"admin","twitter_card":"summary_large_image","twitter_misc":{"Written by":"admin","Est. reading time":"3 minutes"},"schema":{"@context":"https:\/\/schema.org","@graph":[{"@type":"Article","@id":"https:\/\/www.prijedordanas.com\/?p=92995#article","isPartOf":{"@id":"https:\/\/www.prijedordanas.com\/?p=92995"},"author":{"name":"admin","@id":"https:\/\/www.prijedordanas.com\/#\/schema\/person\/4e08ccf29b506ca916ff86d46bb700e6"},"headline":"SU\u0110ENJE VLASENKO I OSTALI: UBISTVA MJE\u0160TANA KOZARCA","datePublished":"2017-11-25T07:00:56+00:00","dateModified":"2017-11-25T07:00:56+00:00","mainEntityOfPage":{"@id":"https:\/\/www.prijedordanas.com\/?p=92995"},"wordCount":568,"publisher":{"@id":"https:\/\/www.prijedordanas.com\/#organization"},"keywords":["Sud BiH"],"articleSection":["Hronika"],"inLanguage":"en-US"},{"@type":"WebPage","@id":"https:\/\/www.prijedordanas.com\/?p=92995","url":"https:\/\/www.prijedordanas.com\/?p=92995","name":"SU\u0110ENJE VLASENKO I OSTALI: UBISTVA MJE\u0160TANA KOZARCA - PrijedorDanas.com - Prijedorski gradski portal","isPartOf":{"@id":"https:\/\/www.prijedordanas.com\/#website"},"datePublished":"2017-11-25T07:00:56+00:00","dateModified":"2017-11-25T07:00:56+00:00","breadcrumb":{"@id":"https:\/\/www.prijedordanas.com\/?p=92995#breadcrumb"},"inLanguage":"en-US","potentialAction":[{"@type":"ReadAction","target":["https:\/\/www.prijedordanas.com\/?p=92995"]}]},{"@type":"BreadcrumbList","@id":"https:\/\/www.prijedordanas.com\/?p=92995#breadcrumb","itemListElement":[{"@type":"ListItem","position":1,"name":"Home","item":"https:\/\/www.prijedordanas.com\/"},{"@type":"ListItem","position":2,"name":"SU\u0110ENJE VLASENKO I OSTALI: UBISTVA MJE\u0160TANA KOZARCA"}]},{"@type":"WebSite","@id":"https:\/\/www.prijedordanas.com\/#website","url":"https:\/\/www.prijedordanas.com\/","name":"PrijedorDanas.com - Prijedorski gradski portal","description":"Portal o doga\u0111anjima u gradu Prijedoru","publisher":{"@id":"https:\/\/www.prijedordanas.com\/#organization"},"potentialAction":[{"@type":"SearchAction","target":{"@type":"EntryPoint","urlTemplate":"https:\/\/www.prijedordanas.com\/?s={search_term_string}"},"query-input":"required name=search_term_string"}],"inLanguage":"en-US"},{"@type":"Organization","@id":"https:\/\/www.prijedordanas.com\/#organization","name":"PrijedorDanas.com","url":"https:\/\/www.prijedordanas.com\/","logo":{"@type":"ImageObject","inLanguage":"en-US","@id":"https:\/\/www.prijedordanas.com\/#\/schema\/logo\/image\/","url":"http:\/\/www.prijedordanas.com\/wp-content\/uploads\/2021\/12\/logopng.png","contentUrl":"http:\/\/www.prijedordanas.com\/wp-content\/uploads\/2021\/12\/logopng.png","width":1019,"height":776,"caption":"PrijedorDanas.com"},"image":{"@id":"https:\/\/www.prijedordanas.com\/#\/schema\/logo\/image\/"},"sameAs":["https:\/\/www.facebook.com\/PrijedorDanasCom\/"]},{"@type":"Person","@id":"https:\/\/www.prijedordanas.com\/#\/schema\/person\/4e08ccf29b506ca916ff86d46bb700e6","name":"admin","image":{"@type":"ImageObject","inLanguage":"en-US","@id":"https:\/\/www.prijedordanas.com\/#\/schema\/person\/image\/","url":"https:\/\/secure.gravatar.com\/avatar\/1d3fc949d550f0b53a5f0d51e06dfd79?s=96&d=mm&r=g","contentUrl":"https:\/\/secure.gravatar.com\/avatar\/1d3fc949d550f0b53a5f0d51e06dfd79?s=96&d=mm&r=g","caption":"admin"},"url":"https:\/\/www.prijedordanas.com\/?author=1"}]}},"_links":{"self":[{"href":"https:\/\/www.prijedordanas.com\/index.php?rest_route=\/wp\/v2\/posts\/92995"}],"collection":[{"href":"https:\/\/www.prijedordanas.com\/index.php?rest_route=\/wp\/v2\/posts"}],"about":[{"href":"https:\/\/www.prijedordanas.com\/index.php?rest_route=\/wp\/v2\/types\/post"}],"author":[{"embeddable":true,"href":"https:\/\/www.prijedordanas.com\/index.php?rest_route=\/wp\/v2\/users\/1"}],"replies":[{"embeddable":true,"href":"https:\/\/www.prijedordanas.com\/index.php?rest_route=%2Fwp%2Fv2%2Fcomments&post=92995"}],"version-history":[{"count":1,"href":"https:\/\/www.prijedordanas.com\/index.php?rest_route=\/wp\/v2\/posts\/92995\/revisions"}],"predecessor-version":[{"id":92996,"href":"https:\/\/www.prijedordanas.com\/index.php?rest_route=\/wp\/v2\/posts\/92995\/revisions\/92996"}],"wp:attachment":[{"href":"https:\/\/www.prijedordanas.com\/index.php?rest_route=%2Fwp%2Fv2%2Fmedia&parent=92995"}],"wp:term":[{"taxonomy":"category","embeddable":true,"href":"https:\/\/www.prijedordanas.com\/index.php?rest_route=%2Fwp%2Fv2%2Fcategories&post=92995"},{"taxonomy":"post_tag","embeddable":true,"href":"https:\/\/www.prijedordanas.com\/index.php?rest_route=%2Fwp%2Fv2%2Ftags&post=92995"}],"curies":[{"name":"wp","href":"https:\/\/api.w.org\/{rel}","templated":true}]}}