{"id":92988,"date":"2017-11-24T21:11:19","date_gmt":"2017-11-24T20:11:19","guid":{"rendered":"https:\/\/www.prijedordanas.com\/?p=92988"},"modified":"2017-11-24T21:11:19","modified_gmt":"2017-11-24T20:11:19","slug":"u-prijedoru-godinama-opstaje-jedini-stand-sa-knjizevnim-djelima-u-knjigama-traze-izlaz-iz-problema","status":"publish","type":"post","link":"https:\/\/www.prijedordanas.com\/?p=92988","title":{"rendered":"U PRIJEDORU GODINAMA OPSTAJE JEDINI \u0160TAND SA KNJI\u017dEVNIM DJELIMA: U KNJIGAMA TRA\u017dE IZLAZ IZ PROBLEMA"},"content":{"rendered":"<p><a href=\"https:\/\/www.prijedordanas.com\/wp-content\/uploads\/2017\/11\/blic-ulicna-prodaja-knjiga-1.jpg\"><img loading=\"lazy\" decoding=\"async\" src=\"https:\/\/www.prijedordanas.com\/wp-content\/uploads\/2017\/11\/blic-ulicna-prodaja-knjiga-1-300x225.jpg\" alt=\"\" width=\"300\" height=\"225\" class=\"alignleft size-medium wp-image-92989\" srcset=\"https:\/\/www.prijedordanas.com\/wp-content\/uploads\/2017\/11\/blic-ulicna-prodaja-knjiga-1-300x225.jpg 300w, https:\/\/www.prijedordanas.com\/wp-content\/uploads\/2017\/11\/blic-ulicna-prodaja-knjiga-1-100x75.jpg 100w, https:\/\/www.prijedordanas.com\/wp-content\/uploads\/2017\/11\/blic-ulicna-prodaja-knjiga-1-640x480.jpg 640w, https:\/\/www.prijedordanas.com\/wp-content\/uploads\/2017\/11\/blic-ulicna-prodaja-knjiga-1.jpg 668w\" sizes=\"(max-width: 300px) 100vw, 300px\" \/><\/a>U Prijedoru, posljednjih 10 godina, u vrijeme kada internet i elektronska izdanja pisane rije\u010di postaju dio svakodnevnice, uspje\u0161no opstaje i radi prodajni \u0161tand sa knjigama.<\/p>\n<p>Njegov vlasnik Milan Kondi\u0107 (44) ka\u017ee da \u0161tampana knjiga uvijek prona\u0111e put do svojih \u010ditalaca, te da je interes za nju neuni\u0161tiv.<\/p>\n<p>&#8211; Neka godina je malo bolja, a neka je malo slabija. Pogotovo je sada manje posla, jer je mnogo ljudi oti\u0161lo u inostrantvo. Me\u0111utim, taj period kada nema posla, nadoknadi se ljeti kada do\u0111u stranci &#8211; pri\u010da Kondi\u0107.<\/p>\n<p>Dodaje da svoje kupce ve\u0107 dobro poznaje i da su to ljudi koji istinski vole osje\u0107aj dr\u017eanja knjige u rukama i prelistavanja njenih stranica.<\/p>\n<p>&#8211; Ima ljudi koji vole knjige i ho\u0107e sebe da po\u010daste kada dobiju platu, pa onda do\u0111u kod mene da kupe neko izdanje. Tim kupcima i ja iza\u0111em u susret koliko mogu i dam im neki popust \u2013 ka\u017ee on.<\/p>\n<p><a href=\"https:\/\/www.prijedordanas.com\/wp-content\/uploads\/2017\/11\/blic-ulicna-prodaja-knjiga-2.jpg\"><img loading=\"lazy\" decoding=\"async\" src=\"https:\/\/www.prijedordanas.com\/wp-content\/uploads\/2017\/11\/blic-ulicna-prodaja-knjiga-2-300x225.jpg\" alt=\"\" width=\"300\" height=\"225\" class=\"alignleft size-medium wp-image-92990\" srcset=\"https:\/\/www.prijedordanas.com\/wp-content\/uploads\/2017\/11\/blic-ulicna-prodaja-knjiga-2-300x225.jpg 300w, https:\/\/www.prijedordanas.com\/wp-content\/uploads\/2017\/11\/blic-ulicna-prodaja-knjiga-2-100x75.jpg 100w, https:\/\/www.prijedordanas.com\/wp-content\/uploads\/2017\/11\/blic-ulicna-prodaja-knjiga-2-640x480.jpg 640w, https:\/\/www.prijedordanas.com\/wp-content\/uploads\/2017\/11\/blic-ulicna-prodaja-knjiga-2.jpg 668w\" sizes=\"(max-width: 300px) 100vw, 300px\" \/><\/a>Navodi da se vrlo rijetko kupuje klasi\u010dna literatura, te da sve ve\u0107i broj ljudi u knjigama poku\u0161ava da na\u0111e rje\u0161enje za probleme u svom \u017eivotu.<\/p>\n<p>&#8211; Tako je vrijeme do\u0161lo da se najvi\u0161e tra\u017ei popularna psihologija u kojoj ljudi vide pomo\u0107 nekog drugoga, pa onda ono \u0161to je napisano u knjizi uzimaju sebi ka srcu. Veliki broj modernih knjiga su kratkog daha, ali ima i onih izdanja od sada\u0161njih pisaca koja se izdvoje kvalitetom, ali u svakom slu\u010daju dobra knjiga uvijek ostaje \u2013 isti\u010de Kondi\u0107.<\/p>\n<p>Dodaje da je reklama postala presudna za prodaju knjige i da veliki uticaj imaju i knji\u017eevne nagrade.<\/p>\n<p>&#8211; Na\u017ealost, nakon \u0161to se za neku knjigu dodijeli Nobelova nagrada, onda se odmah drugi dan ona tra\u017ei, iako je ja imam godinama na \u0161tandu \u2013 ka\u017ee on. Vjeruje da \u010ditanje \u0161tampanih izdanja pozitivno uti\u010de na ljudsku li\u010dnost i zato ih preporu\u010duje najmla\u0111ima.<\/p>\n<p>&#8211; Da bi izveli djecu na pravi put potrebno je da \u010ditaju. Kao \u0161to ka\u017ee starac Tadej, ljudski karakter se stvara do sedme godine. Neko ka\u017ee \u0161ta \u0107e mu knjiga, ali ljudi nisu svjesni koliko knjiga zna\u010di i koliko se stvari nau\u010di tako, \u010ditanje knjiga uti\u010de na djecu da postanu dobri \u0111aci, a kasnije i dobri ljudi \u2013 smatra Kondi\u0107.<\/p>\n<p>Na svom \u0161tandu ima i antikvarnih knjiga, kao \u0161to su sabrana djela Andri\u0107a i \u0106opi\u0107a.<\/p>\n<p>&#8211; Antikvarne knjige su kvalitetnije, jer imaju bolji povez i prevod. Kupujemo i polovne knjige sada\u0161njih pisaca, ali naj\u010de\u0161\u0107e do njih dolazimo na sajmovima u Banjaluci i Sarajevu. Na\u017ealost u Prijedoru nema sajma knjiga, bio je par godine, ali nije opstao \u2013 pri\u010da on.<\/p>\n<p>Za sebe ka\u017ee da voli ovaj posao i da mu je kasno da se opredjeljuje za ne\u0161to drugo.<\/p>\n<p>Neodlu\u010dnim \u010ditaocima uvijek preporu\u010di \u201eDervi\u0161 i smrt\u201c Me\u0161e Selimovi\u0107a te kupcima uvijek ostavlja mogu\u0107nost da knjigu zamijene za drugu ukoliko im se kupljena ne dopane. Dodaje da je cijena knjiga godinama od pet do 15 KM.<\/p>\n<p>\u010citati djela doma\u0107ih pisaca<\/p>\n<p>Kondi\u0107 isti\u010de da bi svi trebalo vi\u0161e da \u010ditamo doma\u0107e pisce.<\/p>\n<p>&#8211; Selimovi\u0107 i Andri\u0107 su na\u0161i pisci svjetskog kalibra. Potrebno je \u010ditati i Petra Ko\u010di\u0107a i Branka \u0106opi\u0107a, jer \u0106opi\u0107 je pisao za djecu, ali ipak su to djela u kojima smo opisani mi odrasli \u2013 isti\u010de Kondi\u0107.<\/p>\n<p>EuroBlic<\/p>\n","protected":false},"excerpt":{"rendered":"<p>U Prijedoru, posljednjih 10 godina, u vrijeme kada internet i elektronska izdanja pisane rije\u010di postaju dio svakodnevnice, uspje\u0161no opstaje i radi prodajni \u0161tand sa knjigama. Njegov vlasnik Milan Kondi\u0107 (44) [&hellip;]<\/p>\n","protected":false},"author":1,"featured_media":0,"comment_status":"closed","ping_status":"open","sticky":false,"template":"","format":"standard","meta":{"_monsterinsights_skip_tracking":false,"_monsterinsights_sitenote_active":false,"_monsterinsights_sitenote_note":"","_monsterinsights_sitenote_category":0,"footnotes":""},"categories":[8],"tags":[1900],"yoast_head":"<!-- This site is optimized with the Yoast SEO plugin v21.6 - https:\/\/yoast.com\/wordpress\/plugins\/seo\/ -->\n<title>U PRIJEDORU GODINAMA OPSTAJE JEDINI \u0160TAND SA KNJI\u017dEVNIM DJELIMA: U KNJIGAMA TRA\u017dE IZLAZ IZ PROBLEMA - PrijedorDanas.com - Prijedorski gradski portal<\/title>\n<meta name=\"robots\" content=\"index, follow, max-snippet:-1, max-image-preview:large, max-video-preview:-1\" \/>\n<link rel=\"canonical\" href=\"https:\/\/www.prijedordanas.com\/?p=92988\" \/>\n<meta property=\"og:locale\" content=\"en_US\" \/>\n<meta property=\"og:type\" content=\"article\" \/>\n<meta property=\"og:title\" content=\"U PRIJEDORU GODINAMA OPSTAJE JEDINI \u0160TAND SA KNJI\u017dEVNIM DJELIMA: U KNJIGAMA TRA\u017dE IZLAZ IZ PROBLEMA - PrijedorDanas.com - Prijedorski gradski portal\" \/>\n<meta property=\"og:description\" content=\"U Prijedoru, posljednjih 10 godina, u vrijeme kada internet i elektronska izdanja pisane rije\u010di postaju dio svakodnevnice, uspje\u0161no opstaje i radi prodajni \u0161tand sa knjigama. Njegov vlasnik Milan Kondi\u0107 (44) [&hellip;]\" \/>\n<meta property=\"og:url\" content=\"https:\/\/www.prijedordanas.com\/?p=92988\" \/>\n<meta property=\"og:site_name\" content=\"PrijedorDanas.com - Prijedorski gradski portal\" \/>\n<meta property=\"article:publisher\" content=\"https:\/\/www.facebook.com\/PrijedorDanasCom\/\" \/>\n<meta property=\"article:published_time\" content=\"2017-11-24T20:11:19+00:00\" \/>\n<meta property=\"og:image\" content=\"https:\/\/www.prijedordanas.com\/wp-content\/uploads\/2017\/11\/blic-ulicna-prodaja-knjiga-1-300x225.jpg\" \/>\n<meta name=\"author\" content=\"admin\" \/>\n<meta name=\"twitter:card\" content=\"summary_large_image\" \/>\n<meta name=\"twitter:label1\" content=\"Written by\" \/>\n\t<meta name=\"twitter:data1\" content=\"admin\" \/>\n\t<meta name=\"twitter:label2\" content=\"Est. reading time\" \/>\n\t<meta name=\"twitter:data2\" content=\"3 minutes\" \/>\n<script type=\"application\/ld+json\" class=\"yoast-schema-graph\">{\"@context\":\"https:\/\/schema.org\",\"@graph\":[{\"@type\":\"Article\",\"@id\":\"https:\/\/www.prijedordanas.com\/?p=92988#article\",\"isPartOf\":{\"@id\":\"https:\/\/www.prijedordanas.com\/?p=92988\"},\"author\":{\"name\":\"admin\",\"@id\":\"https:\/\/www.prijedordanas.com\/#\/schema\/person\/4e08ccf29b506ca916ff86d46bb700e6\"},\"headline\":\"U PRIJEDORU GODINAMA OPSTAJE JEDINI \u0160TAND SA KNJI\u017dEVNIM DJELIMA: U KNJIGAMA TRA\u017dE IZLAZ IZ PROBLEMA\",\"datePublished\":\"2017-11-24T20:11:19+00:00\",\"dateModified\":\"2017-11-24T20:11:19+00:00\",\"mainEntityOfPage\":{\"@id\":\"https:\/\/www.prijedordanas.com\/?p=92988\"},\"wordCount\":592,\"publisher\":{\"@id\":\"https:\/\/www.prijedordanas.com\/#organization\"},\"keywords\":[\"knjige\"],\"articleSection\":[\"Svakodnevno\"],\"inLanguage\":\"en-US\"},{\"@type\":\"WebPage\",\"@id\":\"https:\/\/www.prijedordanas.com\/?p=92988\",\"url\":\"https:\/\/www.prijedordanas.com\/?p=92988\",\"name\":\"U PRIJEDORU GODINAMA OPSTAJE JEDINI \u0160TAND SA KNJI\u017dEVNIM DJELIMA: U KNJIGAMA TRA\u017dE IZLAZ IZ PROBLEMA - PrijedorDanas.com - Prijedorski gradski portal\",\"isPartOf\":{\"@id\":\"https:\/\/www.prijedordanas.com\/#website\"},\"datePublished\":\"2017-11-24T20:11:19+00:00\",\"dateModified\":\"2017-11-24T20:11:19+00:00\",\"breadcrumb\":{\"@id\":\"https:\/\/www.prijedordanas.com\/?p=92988#breadcrumb\"},\"inLanguage\":\"en-US\",\"potentialAction\":[{\"@type\":\"ReadAction\",\"target\":[\"https:\/\/www.prijedordanas.com\/?p=92988\"]}]},{\"@type\":\"BreadcrumbList\",\"@id\":\"https:\/\/www.prijedordanas.com\/?p=92988#breadcrumb\",\"itemListElement\":[{\"@type\":\"ListItem\",\"position\":1,\"name\":\"Home\",\"item\":\"https:\/\/www.prijedordanas.com\/\"},{\"@type\":\"ListItem\",\"position\":2,\"name\":\"U PRIJEDORU GODINAMA OPSTAJE JEDINI \u0160TAND SA KNJI\u017dEVNIM DJELIMA: U KNJIGAMA TRA\u017dE IZLAZ IZ PROBLEMA\"}]},{\"@type\":\"WebSite\",\"@id\":\"https:\/\/www.prijedordanas.com\/#website\",\"url\":\"https:\/\/www.prijedordanas.com\/\",\"name\":\"PrijedorDanas.com - Prijedorski gradski portal\",\"description\":\"Portal o doga\u0111anjima u gradu Prijedoru\",\"publisher\":{\"@id\":\"https:\/\/www.prijedordanas.com\/#organization\"},\"potentialAction\":[{\"@type\":\"SearchAction\",\"target\":{\"@type\":\"EntryPoint\",\"urlTemplate\":\"https:\/\/www.prijedordanas.com\/?s={search_term_string}\"},\"query-input\":\"required name=search_term_string\"}],\"inLanguage\":\"en-US\"},{\"@type\":\"Organization\",\"@id\":\"https:\/\/www.prijedordanas.com\/#organization\",\"name\":\"PrijedorDanas.com\",\"url\":\"https:\/\/www.prijedordanas.com\/\",\"logo\":{\"@type\":\"ImageObject\",\"inLanguage\":\"en-US\",\"@id\":\"https:\/\/www.prijedordanas.com\/#\/schema\/logo\/image\/\",\"url\":\"http:\/\/www.prijedordanas.com\/wp-content\/uploads\/2021\/12\/logopng.png\",\"contentUrl\":\"http:\/\/www.prijedordanas.com\/wp-content\/uploads\/2021\/12\/logopng.png\",\"width\":1019,\"height\":776,\"caption\":\"PrijedorDanas.com\"},\"image\":{\"@id\":\"https:\/\/www.prijedordanas.com\/#\/schema\/logo\/image\/\"},\"sameAs\":[\"https:\/\/www.facebook.com\/PrijedorDanasCom\/\"]},{\"@type\":\"Person\",\"@id\":\"https:\/\/www.prijedordanas.com\/#\/schema\/person\/4e08ccf29b506ca916ff86d46bb700e6\",\"name\":\"admin\",\"image\":{\"@type\":\"ImageObject\",\"inLanguage\":\"en-US\",\"@id\":\"https:\/\/www.prijedordanas.com\/#\/schema\/person\/image\/\",\"url\":\"https:\/\/secure.gravatar.com\/avatar\/1d3fc949d550f0b53a5f0d51e06dfd79?s=96&d=mm&r=g\",\"contentUrl\":\"https:\/\/secure.gravatar.com\/avatar\/1d3fc949d550f0b53a5f0d51e06dfd79?s=96&d=mm&r=g\",\"caption\":\"admin\"},\"url\":\"https:\/\/www.prijedordanas.com\/?author=1\"}]}<\/script>\n<!-- \/ Yoast SEO plugin. -->","yoast_head_json":{"title":"U PRIJEDORU GODINAMA OPSTAJE JEDINI \u0160TAND SA KNJI\u017dEVNIM DJELIMA: U KNJIGAMA TRA\u017dE IZLAZ IZ PROBLEMA - PrijedorDanas.com - Prijedorski gradski portal","robots":{"index":"index","follow":"follow","max-snippet":"max-snippet:-1","max-image-preview":"max-image-preview:large","max-video-preview":"max-video-preview:-1"},"canonical":"https:\/\/www.prijedordanas.com\/?p=92988","og_locale":"en_US","og_type":"article","og_title":"U PRIJEDORU GODINAMA OPSTAJE JEDINI \u0160TAND SA KNJI\u017dEVNIM DJELIMA: U KNJIGAMA TRA\u017dE IZLAZ IZ PROBLEMA - PrijedorDanas.com - Prijedorski gradski portal","og_description":"U Prijedoru, posljednjih 10 godina, u vrijeme kada internet i elektronska izdanja pisane rije\u010di postaju dio svakodnevnice, uspje\u0161no opstaje i radi prodajni \u0161tand sa knjigama. Njegov vlasnik Milan Kondi\u0107 (44) [&hellip;]","og_url":"https:\/\/www.prijedordanas.com\/?p=92988","og_site_name":"PrijedorDanas.com - Prijedorski gradski portal","article_publisher":"https:\/\/www.facebook.com\/PrijedorDanasCom\/","article_published_time":"2017-11-24T20:11:19+00:00","og_image":[{"url":"https:\/\/www.prijedordanas.com\/wp-content\/uploads\/2017\/11\/blic-ulicna-prodaja-knjiga-1-300x225.jpg"}],"author":"admin","twitter_card":"summary_large_image","twitter_misc":{"Written by":"admin","Est. reading time":"3 minutes"},"schema":{"@context":"https:\/\/schema.org","@graph":[{"@type":"Article","@id":"https:\/\/www.prijedordanas.com\/?p=92988#article","isPartOf":{"@id":"https:\/\/www.prijedordanas.com\/?p=92988"},"author":{"name":"admin","@id":"https:\/\/www.prijedordanas.com\/#\/schema\/person\/4e08ccf29b506ca916ff86d46bb700e6"},"headline":"U PRIJEDORU GODINAMA OPSTAJE JEDINI \u0160TAND SA KNJI\u017dEVNIM DJELIMA: U KNJIGAMA TRA\u017dE IZLAZ IZ PROBLEMA","datePublished":"2017-11-24T20:11:19+00:00","dateModified":"2017-11-24T20:11:19+00:00","mainEntityOfPage":{"@id":"https:\/\/www.prijedordanas.com\/?p=92988"},"wordCount":592,"publisher":{"@id":"https:\/\/www.prijedordanas.com\/#organization"},"keywords":["knjige"],"articleSection":["Svakodnevno"],"inLanguage":"en-US"},{"@type":"WebPage","@id":"https:\/\/www.prijedordanas.com\/?p=92988","url":"https:\/\/www.prijedordanas.com\/?p=92988","name":"U PRIJEDORU GODINAMA OPSTAJE JEDINI \u0160TAND SA KNJI\u017dEVNIM DJELIMA: U KNJIGAMA TRA\u017dE IZLAZ IZ PROBLEMA - PrijedorDanas.com - Prijedorski gradski portal","isPartOf":{"@id":"https:\/\/www.prijedordanas.com\/#website"},"datePublished":"2017-11-24T20:11:19+00:00","dateModified":"2017-11-24T20:11:19+00:00","breadcrumb":{"@id":"https:\/\/www.prijedordanas.com\/?p=92988#breadcrumb"},"inLanguage":"en-US","potentialAction":[{"@type":"ReadAction","target":["https:\/\/www.prijedordanas.com\/?p=92988"]}]},{"@type":"BreadcrumbList","@id":"https:\/\/www.prijedordanas.com\/?p=92988#breadcrumb","itemListElement":[{"@type":"ListItem","position":1,"name":"Home","item":"https:\/\/www.prijedordanas.com\/"},{"@type":"ListItem","position":2,"name":"U PRIJEDORU GODINAMA OPSTAJE JEDINI \u0160TAND SA KNJI\u017dEVNIM DJELIMA: U KNJIGAMA TRA\u017dE IZLAZ IZ PROBLEMA"}]},{"@type":"WebSite","@id":"https:\/\/www.prijedordanas.com\/#website","url":"https:\/\/www.prijedordanas.com\/","name":"PrijedorDanas.com - Prijedorski gradski portal","description":"Portal o doga\u0111anjima u gradu Prijedoru","publisher":{"@id":"https:\/\/www.prijedordanas.com\/#organization"},"potentialAction":[{"@type":"SearchAction","target":{"@type":"EntryPoint","urlTemplate":"https:\/\/www.prijedordanas.com\/?s={search_term_string}"},"query-input":"required name=search_term_string"}],"inLanguage":"en-US"},{"@type":"Organization","@id":"https:\/\/www.prijedordanas.com\/#organization","name":"PrijedorDanas.com","url":"https:\/\/www.prijedordanas.com\/","logo":{"@type":"ImageObject","inLanguage":"en-US","@id":"https:\/\/www.prijedordanas.com\/#\/schema\/logo\/image\/","url":"http:\/\/www.prijedordanas.com\/wp-content\/uploads\/2021\/12\/logopng.png","contentUrl":"http:\/\/www.prijedordanas.com\/wp-content\/uploads\/2021\/12\/logopng.png","width":1019,"height":776,"caption":"PrijedorDanas.com"},"image":{"@id":"https:\/\/www.prijedordanas.com\/#\/schema\/logo\/image\/"},"sameAs":["https:\/\/www.facebook.com\/PrijedorDanasCom\/"]},{"@type":"Person","@id":"https:\/\/www.prijedordanas.com\/#\/schema\/person\/4e08ccf29b506ca916ff86d46bb700e6","name":"admin","image":{"@type":"ImageObject","inLanguage":"en-US","@id":"https:\/\/www.prijedordanas.com\/#\/schema\/person\/image\/","url":"https:\/\/secure.gravatar.com\/avatar\/1d3fc949d550f0b53a5f0d51e06dfd79?s=96&d=mm&r=g","contentUrl":"https:\/\/secure.gravatar.com\/avatar\/1d3fc949d550f0b53a5f0d51e06dfd79?s=96&d=mm&r=g","caption":"admin"},"url":"https:\/\/www.prijedordanas.com\/?author=1"}]}},"_links":{"self":[{"href":"https:\/\/www.prijedordanas.com\/index.php?rest_route=\/wp\/v2\/posts\/92988"}],"collection":[{"href":"https:\/\/www.prijedordanas.com\/index.php?rest_route=\/wp\/v2\/posts"}],"about":[{"href":"https:\/\/www.prijedordanas.com\/index.php?rest_route=\/wp\/v2\/types\/post"}],"author":[{"embeddable":true,"href":"https:\/\/www.prijedordanas.com\/index.php?rest_route=\/wp\/v2\/users\/1"}],"replies":[{"embeddable":true,"href":"https:\/\/www.prijedordanas.com\/index.php?rest_route=%2Fwp%2Fv2%2Fcomments&post=92988"}],"version-history":[{"count":1,"href":"https:\/\/www.prijedordanas.com\/index.php?rest_route=\/wp\/v2\/posts\/92988\/revisions"}],"predecessor-version":[{"id":92991,"href":"https:\/\/www.prijedordanas.com\/index.php?rest_route=\/wp\/v2\/posts\/92988\/revisions\/92991"}],"wp:attachment":[{"href":"https:\/\/www.prijedordanas.com\/index.php?rest_route=%2Fwp%2Fv2%2Fmedia&parent=92988"}],"wp:term":[{"taxonomy":"category","embeddable":true,"href":"https:\/\/www.prijedordanas.com\/index.php?rest_route=%2Fwp%2Fv2%2Fcategories&post=92988"},{"taxonomy":"post_tag","embeddable":true,"href":"https:\/\/www.prijedordanas.com\/index.php?rest_route=%2Fwp%2Fv2%2Ftags&post=92988"}],"curies":[{"name":"wp","href":"https:\/\/api.w.org\/{rel}","templated":true}]}}