{"id":92790,"date":"2017-11-21T15:43:34","date_gmt":"2017-11-21T14:43:34","guid":{"rendered":"https:\/\/www.prijedordanas.com\/?p=92790"},"modified":"2017-11-21T15:43:34","modified_gmt":"2017-11-21T14:43:34","slug":"bogata-sedmica-za-lovacko-udruzenje-sana-iz-ostre-luke-foto","status":"publish","type":"post","link":"https:\/\/www.prijedordanas.com\/?p=92790","title":{"rendered":"BOGATA SEDMICA ZA LOVA\u010cKO UDRU\u017dENJE &#8220;SANA&#8221; IZ O\u0160TRE LUKE &#8211; FOTO"},"content":{"rendered":"<p><a href=\"https:\/\/www.prijedordanas.com\/wp-content\/uploads\/2017\/11\/ld-sana-ostra-luka-ulov-novembar-1.jpg\"><img loading=\"lazy\" decoding=\"async\" src=\"https:\/\/www.prijedordanas.com\/wp-content\/uploads\/2017\/11\/ld-sana-ostra-luka-ulov-novembar-1-300x217.jpg\" alt=\"\" width=\"300\" height=\"217\" class=\"alignleft size-medium wp-image-92791\" srcset=\"https:\/\/www.prijedordanas.com\/wp-content\/uploads\/2017\/11\/ld-sana-ostra-luka-ulov-novembar-1-300x217.jpg 300w, https:\/\/www.prijedordanas.com\/wp-content\/uploads\/2017\/11\/ld-sana-ostra-luka-ulov-novembar-1-100x72.jpg 100w, https:\/\/www.prijedordanas.com\/wp-content\/uploads\/2017\/11\/ld-sana-ostra-luka-ulov-novembar-1.jpg 690w\" sizes=\"(max-width: 300px) 100vw, 300px\" \/><\/a>Protekle sedmice jo\u0161 jedan uspjeh za lovce. <\/p>\n<p>Ovoga puta mirnu ruku i malo sre\u0107e imali su lovci Lova\u010dkog udru\u017eenja &#8220;Sana&#8221;, Ne\u0111o Ani\u010di\u0107, Lazo i Drago Mastikosa koji su na Bri\u0161evu i Grme\u010dkim \u0161umama odstrijelili \u010dak tri divlje svinje te\u0161ke po 60, 80 i 130 kg.<\/p>\n<p>Na\u0161 sagovornik mladi lovac Lazo Mastikosa iz O\u0161tre Luke, koji isti\u010de da je najbolji lovac u ovoj sekciji, rekao nam je da se lovom bavi ve\u0107 nekoliko godina.<\/p>\n<p>-Pet godina sam lovac. Volim to kao i dru\u017eenje a sve to oboga\u0107eno prirodom i naravno mirnom rukom i dobrim pogledom. Kad sve to imate, ulov je zagarantovan &#8211; isti\u010de Mastikosa.<\/p>\n<p>Na kraju \u0161ta drugo dodati, ve\u0107 po\u017eeljeti ovim i svim drugim lovcima puno sre\u0107e i dobar pogled.<\/p>\n<p>Tekst \u2013 Mladen Karan \u2013 <a href=\"https:\/\/www.prijedordanas.com\" target=\"_blank\" rel=\"noopener noreferrer\">www.prijedordanas.com<\/a><br \/>\nFoto &#8211; LD &#8220;Sana&#8221;<\/p>\n<p><a href=\"https:\/\/www.prijedordanas.com\/wp-content\/uploads\/2017\/11\/ld-sana-ostra-luka-ulov-novembar-2.jpg\"><img loading=\"lazy\" decoding=\"async\" src=\"https:\/\/www.prijedordanas.com\/wp-content\/uploads\/2017\/11\/ld-sana-ostra-luka-ulov-novembar-2-232x300.jpg\" alt=\"\" width=\"232\" height=\"300\" class=\"alignleft size-medium wp-image-92792\" srcset=\"https:\/\/www.prijedordanas.com\/wp-content\/uploads\/2017\/11\/ld-sana-ostra-luka-ulov-novembar-2-232x300.jpg 232w, https:\/\/www.prijedordanas.com\/wp-content\/uploads\/2017\/11\/ld-sana-ostra-luka-ulov-novembar-2-77x100.jpg 77w, https:\/\/www.prijedordanas.com\/wp-content\/uploads\/2017\/11\/ld-sana-ostra-luka-ulov-novembar-2.jpg 463w\" sizes=\"(max-width: 232px) 100vw, 232px\" \/><\/a> <a href=\"https:\/\/www.prijedordanas.com\/wp-content\/uploads\/2017\/11\/ld-sana-ostra-luka-ulov-novembar-3.jpg\"><img loading=\"lazy\" decoding=\"async\" src=\"https:\/\/www.prijedordanas.com\/wp-content\/uploads\/2017\/11\/ld-sana-ostra-luka-ulov-novembar-3-216x300.jpg\" alt=\"\" width=\"216\" height=\"300\" class=\"alignleft size-medium wp-image-92793\" srcset=\"https:\/\/www.prijedordanas.com\/wp-content\/uploads\/2017\/11\/ld-sana-ostra-luka-ulov-novembar-3-216x300.jpg 216w, https:\/\/www.prijedordanas.com\/wp-content\/uploads\/2017\/11\/ld-sana-ostra-luka-ulov-novembar-3-72x100.jpg 72w, https:\/\/www.prijedordanas.com\/wp-content\/uploads\/2017\/11\/ld-sana-ostra-luka-ulov-novembar-3.jpg 468w\" sizes=\"(max-width: 216px) 100vw, 216px\" \/><\/a><\/p>\n","protected":false},"excerpt":{"rendered":"<p>Protekle sedmice jo\u0161 jedan uspjeh za lovce. Ovoga puta mirnu ruku i malo sre\u0107e imali su lovci Lova\u010dkog udru\u017eenja &#8220;Sana&#8221;, Ne\u0111o Ani\u010di\u0107, Lazo i Drago Mastikosa koji su na Bri\u0161evu [&hellip;]<\/p>\n","protected":false},"author":1,"featured_media":0,"comment_status":"closed","ping_status":"open","sticky":false,"template":"","format":"standard","meta":{"_monsterinsights_skip_tracking":false,"_monsterinsights_sitenote_active":false,"_monsterinsights_sitenote_note":"","_monsterinsights_sitenote_category":0,"footnotes":""},"categories":[3],"tags":[5052,3098],"yoast_head":"<!-- This site is optimized with the Yoast SEO plugin v21.6 - https:\/\/yoast.com\/wordpress\/plugins\/seo\/ -->\n<title>BOGATA SEDMICA ZA LOVA\u010cKO UDRU\u017dENJE &quot;SANA&quot; IZ O\u0160TRE LUKE - FOTO - PrijedorDanas.com - Prijedorski gradski portal<\/title>\n<meta name=\"robots\" content=\"index, follow, max-snippet:-1, max-image-preview:large, max-video-preview:-1\" \/>\n<link rel=\"canonical\" href=\"https:\/\/www.prijedordanas.com\/?p=92790\" \/>\n<meta property=\"og:locale\" content=\"en_US\" \/>\n<meta property=\"og:type\" content=\"article\" \/>\n<meta property=\"og:title\" content=\"BOGATA SEDMICA ZA LOVA\u010cKO UDRU\u017dENJE &quot;SANA&quot; IZ O\u0160TRE LUKE - FOTO - PrijedorDanas.com - Prijedorski gradski portal\" \/>\n<meta property=\"og:description\" content=\"Protekle sedmice jo\u0161 jedan uspjeh za lovce. Ovoga puta mirnu ruku i malo sre\u0107e imali su lovci Lova\u010dkog udru\u017eenja &#8220;Sana&#8221;, Ne\u0111o Ani\u010di\u0107, Lazo i Drago Mastikosa koji su na Bri\u0161evu [&hellip;]\" \/>\n<meta property=\"og:url\" content=\"https:\/\/www.prijedordanas.com\/?p=92790\" \/>\n<meta property=\"og:site_name\" content=\"PrijedorDanas.com - Prijedorski gradski portal\" \/>\n<meta property=\"article:publisher\" content=\"https:\/\/www.facebook.com\/PrijedorDanasCom\/\" \/>\n<meta property=\"article:published_time\" content=\"2017-11-21T14:43:34+00:00\" \/>\n<meta property=\"og:image\" content=\"https:\/\/www.prijedordanas.com\/wp-content\/uploads\/2017\/11\/ld-sana-ostra-luka-ulov-novembar-1-300x217.jpg\" \/>\n<meta name=\"author\" content=\"admin\" \/>\n<meta name=\"twitter:card\" content=\"summary_large_image\" \/>\n<meta name=\"twitter:label1\" content=\"Written by\" \/>\n\t<meta name=\"twitter:data1\" content=\"admin\" \/>\n\t<meta name=\"twitter:label2\" content=\"Est. reading time\" \/>\n\t<meta name=\"twitter:data2\" content=\"1 minute\" \/>\n<script type=\"application\/ld+json\" class=\"yoast-schema-graph\">{\"@context\":\"https:\/\/schema.org\",\"@graph\":[{\"@type\":\"Article\",\"@id\":\"https:\/\/www.prijedordanas.com\/?p=92790#article\",\"isPartOf\":{\"@id\":\"https:\/\/www.prijedordanas.com\/?p=92790\"},\"author\":{\"name\":\"admin\",\"@id\":\"https:\/\/www.prijedordanas.com\/#\/schema\/person\/4e08ccf29b506ca916ff86d46bb700e6\"},\"headline\":\"BOGATA SEDMICA ZA LOVA\u010cKO UDRU\u017dENJE &#8220;SANA&#8221; IZ O\u0160TRE LUKE &#8211; FOTO\",\"datePublished\":\"2017-11-21T14:43:34+00:00\",\"dateModified\":\"2017-11-21T14:43:34+00:00\",\"mainEntityOfPage\":{\"@id\":\"https:\/\/www.prijedordanas.com\/?p=92790\"},\"wordCount\":157,\"publisher\":{\"@id\":\"https:\/\/www.prijedordanas.com\/#organization\"},\"keywords\":[\"Lova\u010dko udru\u017eenje \u201eSana\u201c O\u0161tra Luka\",\"lovci\"],\"articleSection\":[\"\u017divot\"],\"inLanguage\":\"en-US\"},{\"@type\":\"WebPage\",\"@id\":\"https:\/\/www.prijedordanas.com\/?p=92790\",\"url\":\"https:\/\/www.prijedordanas.com\/?p=92790\",\"name\":\"BOGATA SEDMICA ZA LOVA\u010cKO UDRU\u017dENJE \\\"SANA\\\" IZ O\u0160TRE LUKE - FOTO - PrijedorDanas.com - Prijedorski gradski portal\",\"isPartOf\":{\"@id\":\"https:\/\/www.prijedordanas.com\/#website\"},\"datePublished\":\"2017-11-21T14:43:34+00:00\",\"dateModified\":\"2017-11-21T14:43:34+00:00\",\"breadcrumb\":{\"@id\":\"https:\/\/www.prijedordanas.com\/?p=92790#breadcrumb\"},\"inLanguage\":\"en-US\",\"potentialAction\":[{\"@type\":\"ReadAction\",\"target\":[\"https:\/\/www.prijedordanas.com\/?p=92790\"]}]},{\"@type\":\"BreadcrumbList\",\"@id\":\"https:\/\/www.prijedordanas.com\/?p=92790#breadcrumb\",\"itemListElement\":[{\"@type\":\"ListItem\",\"position\":1,\"name\":\"Home\",\"item\":\"https:\/\/www.prijedordanas.com\/\"},{\"@type\":\"ListItem\",\"position\":2,\"name\":\"BOGATA SEDMICA ZA LOVA\u010cKO UDRU\u017dENJE &#8220;SANA&#8221; IZ O\u0160TRE LUKE &#8211; FOTO\"}]},{\"@type\":\"WebSite\",\"@id\":\"https:\/\/www.prijedordanas.com\/#website\",\"url\":\"https:\/\/www.prijedordanas.com\/\",\"name\":\"PrijedorDanas.com - Prijedorski gradski portal\",\"description\":\"Portal o doga\u0111anjima u gradu Prijedoru\",\"publisher\":{\"@id\":\"https:\/\/www.prijedordanas.com\/#organization\"},\"potentialAction\":[{\"@type\":\"SearchAction\",\"target\":{\"@type\":\"EntryPoint\",\"urlTemplate\":\"https:\/\/www.prijedordanas.com\/?s={search_term_string}\"},\"query-input\":\"required name=search_term_string\"}],\"inLanguage\":\"en-US\"},{\"@type\":\"Organization\",\"@id\":\"https:\/\/www.prijedordanas.com\/#organization\",\"name\":\"PrijedorDanas.com\",\"url\":\"https:\/\/www.prijedordanas.com\/\",\"logo\":{\"@type\":\"ImageObject\",\"inLanguage\":\"en-US\",\"@id\":\"https:\/\/www.prijedordanas.com\/#\/schema\/logo\/image\/\",\"url\":\"http:\/\/www.prijedordanas.com\/wp-content\/uploads\/2021\/12\/logopng.png\",\"contentUrl\":\"http:\/\/www.prijedordanas.com\/wp-content\/uploads\/2021\/12\/logopng.png\",\"width\":1019,\"height\":776,\"caption\":\"PrijedorDanas.com\"},\"image\":{\"@id\":\"https:\/\/www.prijedordanas.com\/#\/schema\/logo\/image\/\"},\"sameAs\":[\"https:\/\/www.facebook.com\/PrijedorDanasCom\/\"]},{\"@type\":\"Person\",\"@id\":\"https:\/\/www.prijedordanas.com\/#\/schema\/person\/4e08ccf29b506ca916ff86d46bb700e6\",\"name\":\"admin\",\"image\":{\"@type\":\"ImageObject\",\"inLanguage\":\"en-US\",\"@id\":\"https:\/\/www.prijedordanas.com\/#\/schema\/person\/image\/\",\"url\":\"https:\/\/secure.gravatar.com\/avatar\/1d3fc949d550f0b53a5f0d51e06dfd79?s=96&d=mm&r=g\",\"contentUrl\":\"https:\/\/secure.gravatar.com\/avatar\/1d3fc949d550f0b53a5f0d51e06dfd79?s=96&d=mm&r=g\",\"caption\":\"admin\"},\"url\":\"https:\/\/www.prijedordanas.com\/?author=1\"}]}<\/script>\n<!-- \/ Yoast SEO plugin. -->","yoast_head_json":{"title":"BOGATA SEDMICA ZA LOVA\u010cKO UDRU\u017dENJE \"SANA\" IZ O\u0160TRE LUKE - FOTO - PrijedorDanas.com - Prijedorski gradski portal","robots":{"index":"index","follow":"follow","max-snippet":"max-snippet:-1","max-image-preview":"max-image-preview:large","max-video-preview":"max-video-preview:-1"},"canonical":"https:\/\/www.prijedordanas.com\/?p=92790","og_locale":"en_US","og_type":"article","og_title":"BOGATA SEDMICA ZA LOVA\u010cKO UDRU\u017dENJE \"SANA\" IZ O\u0160TRE LUKE - FOTO - PrijedorDanas.com - Prijedorski gradski portal","og_description":"Protekle sedmice jo\u0161 jedan uspjeh za lovce. Ovoga puta mirnu ruku i malo sre\u0107e imali su lovci Lova\u010dkog udru\u017eenja &#8220;Sana&#8221;, Ne\u0111o Ani\u010di\u0107, Lazo i Drago Mastikosa koji su na Bri\u0161evu [&hellip;]","og_url":"https:\/\/www.prijedordanas.com\/?p=92790","og_site_name":"PrijedorDanas.com - Prijedorski gradski portal","article_publisher":"https:\/\/www.facebook.com\/PrijedorDanasCom\/","article_published_time":"2017-11-21T14:43:34+00:00","og_image":[{"url":"https:\/\/www.prijedordanas.com\/wp-content\/uploads\/2017\/11\/ld-sana-ostra-luka-ulov-novembar-1-300x217.jpg"}],"author":"admin","twitter_card":"summary_large_image","twitter_misc":{"Written by":"admin","Est. reading time":"1 minute"},"schema":{"@context":"https:\/\/schema.org","@graph":[{"@type":"Article","@id":"https:\/\/www.prijedordanas.com\/?p=92790#article","isPartOf":{"@id":"https:\/\/www.prijedordanas.com\/?p=92790"},"author":{"name":"admin","@id":"https:\/\/www.prijedordanas.com\/#\/schema\/person\/4e08ccf29b506ca916ff86d46bb700e6"},"headline":"BOGATA SEDMICA ZA LOVA\u010cKO UDRU\u017dENJE &#8220;SANA&#8221; IZ O\u0160TRE LUKE &#8211; FOTO","datePublished":"2017-11-21T14:43:34+00:00","dateModified":"2017-11-21T14:43:34+00:00","mainEntityOfPage":{"@id":"https:\/\/www.prijedordanas.com\/?p=92790"},"wordCount":157,"publisher":{"@id":"https:\/\/www.prijedordanas.com\/#organization"},"keywords":["Lova\u010dko udru\u017eenje \u201eSana\u201c O\u0161tra Luka","lovci"],"articleSection":["\u017divot"],"inLanguage":"en-US"},{"@type":"WebPage","@id":"https:\/\/www.prijedordanas.com\/?p=92790","url":"https:\/\/www.prijedordanas.com\/?p=92790","name":"BOGATA SEDMICA ZA LOVA\u010cKO UDRU\u017dENJE \"SANA\" IZ O\u0160TRE LUKE - FOTO - PrijedorDanas.com - Prijedorski gradski portal","isPartOf":{"@id":"https:\/\/www.prijedordanas.com\/#website"},"datePublished":"2017-11-21T14:43:34+00:00","dateModified":"2017-11-21T14:43:34+00:00","breadcrumb":{"@id":"https:\/\/www.prijedordanas.com\/?p=92790#breadcrumb"},"inLanguage":"en-US","potentialAction":[{"@type":"ReadAction","target":["https:\/\/www.prijedordanas.com\/?p=92790"]}]},{"@type":"BreadcrumbList","@id":"https:\/\/www.prijedordanas.com\/?p=92790#breadcrumb","itemListElement":[{"@type":"ListItem","position":1,"name":"Home","item":"https:\/\/www.prijedordanas.com\/"},{"@type":"ListItem","position":2,"name":"BOGATA SEDMICA ZA LOVA\u010cKO UDRU\u017dENJE &#8220;SANA&#8221; IZ O\u0160TRE LUKE &#8211; FOTO"}]},{"@type":"WebSite","@id":"https:\/\/www.prijedordanas.com\/#website","url":"https:\/\/www.prijedordanas.com\/","name":"PrijedorDanas.com - Prijedorski gradski portal","description":"Portal o doga\u0111anjima u gradu Prijedoru","publisher":{"@id":"https:\/\/www.prijedordanas.com\/#organization"},"potentialAction":[{"@type":"SearchAction","target":{"@type":"EntryPoint","urlTemplate":"https:\/\/www.prijedordanas.com\/?s={search_term_string}"},"query-input":"required name=search_term_string"}],"inLanguage":"en-US"},{"@type":"Organization","@id":"https:\/\/www.prijedordanas.com\/#organization","name":"PrijedorDanas.com","url":"https:\/\/www.prijedordanas.com\/","logo":{"@type":"ImageObject","inLanguage":"en-US","@id":"https:\/\/www.prijedordanas.com\/#\/schema\/logo\/image\/","url":"http:\/\/www.prijedordanas.com\/wp-content\/uploads\/2021\/12\/logopng.png","contentUrl":"http:\/\/www.prijedordanas.com\/wp-content\/uploads\/2021\/12\/logopng.png","width":1019,"height":776,"caption":"PrijedorDanas.com"},"image":{"@id":"https:\/\/www.prijedordanas.com\/#\/schema\/logo\/image\/"},"sameAs":["https:\/\/www.facebook.com\/PrijedorDanasCom\/"]},{"@type":"Person","@id":"https:\/\/www.prijedordanas.com\/#\/schema\/person\/4e08ccf29b506ca916ff86d46bb700e6","name":"admin","image":{"@type":"ImageObject","inLanguage":"en-US","@id":"https:\/\/www.prijedordanas.com\/#\/schema\/person\/image\/","url":"https:\/\/secure.gravatar.com\/avatar\/1d3fc949d550f0b53a5f0d51e06dfd79?s=96&d=mm&r=g","contentUrl":"https:\/\/secure.gravatar.com\/avatar\/1d3fc949d550f0b53a5f0d51e06dfd79?s=96&d=mm&r=g","caption":"admin"},"url":"https:\/\/www.prijedordanas.com\/?author=1"}]}},"_links":{"self":[{"href":"https:\/\/www.prijedordanas.com\/index.php?rest_route=\/wp\/v2\/posts\/92790"}],"collection":[{"href":"https:\/\/www.prijedordanas.com\/index.php?rest_route=\/wp\/v2\/posts"}],"about":[{"href":"https:\/\/www.prijedordanas.com\/index.php?rest_route=\/wp\/v2\/types\/post"}],"author":[{"embeddable":true,"href":"https:\/\/www.prijedordanas.com\/index.php?rest_route=\/wp\/v2\/users\/1"}],"replies":[{"embeddable":true,"href":"https:\/\/www.prijedordanas.com\/index.php?rest_route=%2Fwp%2Fv2%2Fcomments&post=92790"}],"version-history":[{"count":1,"href":"https:\/\/www.prijedordanas.com\/index.php?rest_route=\/wp\/v2\/posts\/92790\/revisions"}],"predecessor-version":[{"id":92794,"href":"https:\/\/www.prijedordanas.com\/index.php?rest_route=\/wp\/v2\/posts\/92790\/revisions\/92794"}],"wp:attachment":[{"href":"https:\/\/www.prijedordanas.com\/index.php?rest_route=%2Fwp%2Fv2%2Fmedia&parent=92790"}],"wp:term":[{"taxonomy":"category","embeddable":true,"href":"https:\/\/www.prijedordanas.com\/index.php?rest_route=%2Fwp%2Fv2%2Fcategories&post=92790"},{"taxonomy":"post_tag","embeddable":true,"href":"https:\/\/www.prijedordanas.com\/index.php?rest_route=%2Fwp%2Fv2%2Ftags&post=92790"}],"curies":[{"name":"wp","href":"https:\/\/api.w.org\/{rel}","templated":true}]}}