{"id":92766,"date":"2017-11-21T10:23:56","date_gmt":"2017-11-21T09:23:56","guid":{"rendered":"https:\/\/www.prijedordanas.com\/?p=92766"},"modified":"2017-11-21T10:23:56","modified_gmt":"2017-11-21T09:23:56","slug":"ognjen-jacimovic-najbolji-golgeter-rudar-prijedora-sa-jesenjom-krunom-u-zimski-san","status":"publish","type":"post","link":"https:\/\/www.prijedordanas.com\/?p=92766","title":{"rendered":"OGNJEN JA\u0106IMOVI\u0106-NAJBOLJI GOLGETER RUDAR-PRIJEDORA: SA JESENJOM KRUNOM U ZIMSKI SAN"},"content":{"rendered":"<p><a href=\"https:\/\/www.prijedordanas.com\/wp-content\/uploads\/2017\/11\/rudar-prijedor-tekstilac-jesen-2.jpg\"><img loading=\"lazy\" decoding=\"async\" class=\"alignleft size-medium wp-image-92224\" src=\"https:\/\/www.prijedordanas.com\/wp-content\/uploads\/2017\/11\/rudar-prijedor-tekstilac-jesen-2-300x222.jpg\" alt=\"\" width=\"300\" height=\"222\" srcset=\"https:\/\/www.prijedordanas.com\/wp-content\/uploads\/2017\/11\/rudar-prijedor-tekstilac-jesen-2-300x222.jpg 300w, https:\/\/www.prijedordanas.com\/wp-content\/uploads\/2017\/11\/rudar-prijedor-tekstilac-jesen-2-100x74.jpg 100w, https:\/\/www.prijedordanas.com\/wp-content\/uploads\/2017\/11\/rudar-prijedor-tekstilac-jesen-2.jpg 675w\" sizes=\"(max-width: 300px) 100vw, 300px\" \/><\/a>Dugo su fudbaleri Rudar-Prijedora gledali u le\u0111a ekipi Zvijezde 09 i jurili su njihovu prednost na tabeli, ali su onda u pravo vrijeme napravili seriju od pet pobjeda u nizu i sada su na pragu jesenje titule u Prvoj ligi Republike Srpske.<\/p>\n<p>Odli\u010dnu formu u posljednje vrijeme \u201erudari\u201c su krunisali ubjedljivom pobjedom protiv \u017deljezni\u010dar Sport tima (5:1) u Krupi na Vrbasu, a ponovo je jedan od zapa\u017eenijih bio napada\u010d Ognjen Ja\u0107imovi\u0107, koji je na tre\u0107em me\u010du u nizu postigao pogodak. Ove sezone na svom kontu ima devet golova i zauzima drugo mjesto me\u0111u najboljim golgeterima lige, a ispred njega je samo Aleksandar Milakovi\u0107 iz Tekstilac Korta, koji je protivni\u010dke mre\u017ee tresao jednom vi\u0161e.<\/p>\n<p>&#8211; Kao i u ve\u0107ini utakmica ove jeseni i protiv \u201e\u017delje\u201c krasili su nas disciplina i odgovornost u igri. Trener Zlatko Jelisavac insistira na strpljivosti svih 90 minuta. Vjeruje da \u0107emo, i kada \u0161anse ne budu iskori\u0161tene, na kraju proraditi, pod pretpostavkom da imamo \u010dvrstinu u odbrani, svakako uz maksimalno zalaganje svakog pojedinca &#8211; rekao je Ja\u0107imovi\u0107.<\/p>\n<p><a href=\"https:\/\/www.prijedordanas.com\/wp-content\/uploads\/2017\/10\/kup-bih-rudar-prijedor-celik-rezime-5.jpg\"><img loading=\"lazy\" decoding=\"async\" class=\"alignleft size-medium wp-image-91198\" src=\"https:\/\/www.prijedordanas.com\/wp-content\/uploads\/2017\/10\/kup-bih-rudar-prijedor-celik-rezime-5-300x222.jpg\" alt=\"\" width=\"300\" height=\"222\" srcset=\"https:\/\/www.prijedordanas.com\/wp-content\/uploads\/2017\/10\/kup-bih-rudar-prijedor-celik-rezime-5-300x222.jpg 300w, https:\/\/www.prijedordanas.com\/wp-content\/uploads\/2017\/10\/kup-bih-rudar-prijedor-celik-rezime-5-100x74.jpg 100w, https:\/\/www.prijedordanas.com\/wp-content\/uploads\/2017\/10\/kup-bih-rudar-prijedor-celik-rezime-5.jpg 675w\" sizes=\"(max-width: 300px) 100vw, 300px\" \/><\/a>Momak koji je karijeru zapo\u010deo u Omarskoj i bio jedan od nosilaca njene igre, u pro\u0161loj debitantskoj sezoni postigao je 14 golova, a sada je na dobrom putu da taj golgeterski saldo nadma\u0161i u ovom prvenstvu.<\/p>\n<p>&#8211; Naravno da se radujem golovima, ali najmanje je bitno ko \u0107e zatresti mre\u017eu protivnika. Trudim se da u\u010destvujem u igri stvaraju\u0107i prostor saigra\u010dima, asistiram i da na kraju ostvarimo cilj, a to je povratak u Premijer ligu BiH. Ukoliko, \u0161to je o\u010dekivano, kod ku\u0107e u kraji\u0161kom derbiju savladamo Kozaru mirno mo\u017eemo u zimski san &#8211; isti\u010de popularni Ja\u0107im, kako ga oslovljavaju saigra\u010di.<\/p>\n<p>Me\u0111utim, prije nego \u0161to odigraju me\u010d sa Kozarom, Ja\u0107imovi\u0107 i drugovi u srijedu \u0107e biti na velikom ispitu u \u010detvrtfinalu Kupa BiH, po\u0161to \u0107e ugostiti premijerliga\u0161a Krupu. Ovaj me\u010d bi\u0107e odli\u010dna prilika da \u201erudari\u201c vide gdje se u ovom trenutku nalaze u odnosu na timove iz najja\u010deg ranga takmi\u010denja u BiH.<\/p>\n<p>&#8211; Izli\u0161no je tro\u0161iti rije\u010di o kvalitetu Krupe. Svjesni smo njihove snage i \u010dinjenice da su favoriti i u Prijedoru. Ipak, sigurno je da \u0107emo imati motiva da se doka\u017eemo i vidimo gdje smo u ovom trenutku u odnosu na njih. Rudaru je, s obzirom i na tradiciju, jer sljede\u0107e godine obilje\u017eava devet decenija postojanja, mjesto u elitnom rangu. Iako \u0107e trka za titulu \u0161ampiona Srpske do kraja biti te\u0161ka, jer imamo jake konkurente, prije svih Zvijezdu 09, vjerujem da \u0107emo zadr\u017eati \u010delnu poziciju &#8211; zaklju\u010dio je Ja\u0107imovi\u0107.<\/p>\n<p>Prva liga<br \/>\n1. Rudar-Prijedor 15 10 4 1 28:9 34<br \/>\n2. Zvijezda 09 15 9 5 1 25:9 32<br \/>\n3. Drina (Z) 15 8 6 1 20:8 30<br \/>\n4. Tekstilac Kort 15 7 5 3 25:13 26<br \/>\n5. Slavija 15 7 5 3 27:21 26<br \/>\n6. Podrinje 15 7 2 6 20:20 23<br \/>\n7. Sloboda (MG) 15 6 0 9 21:25 18<br \/>\n8. \u017deljezni\u010dar ST 15 5 3 7 19:24 18<br \/>\n9. Sloga (D) 15 2 5 8 16:26 11<br \/>\n10. Sutjeska 15 2 5 8 13:25 11<br \/>\n11. Kozara 15 2 4 9 12:29 10<br \/>\n12. Napredak 15 2 2 11 13:30 8<\/p>\n<p>Glas Srpske<\/p>\n<p><a href=\"https:\/\/www.prijedordanas.com\/wp-content\/uploads\/2017\/10\/rudar-prijedor-sloboda-mg-oktobar-rekapitulacija-3.jpg\"><img loading=\"lazy\" decoding=\"async\" src=\"https:\/\/www.prijedordanas.com\/wp-content\/uploads\/2017\/10\/rudar-prijedor-sloboda-mg-oktobar-rekapitulacija-3-300x222.jpg\" alt=\"\" width=\"300\" height=\"222\" class=\"alignleft size-medium wp-image-90261\" srcset=\"https:\/\/www.prijedordanas.com\/wp-content\/uploads\/2017\/10\/rudar-prijedor-sloboda-mg-oktobar-rekapitulacija-3-300x222.jpg 300w, https:\/\/www.prijedordanas.com\/wp-content\/uploads\/2017\/10\/rudar-prijedor-sloboda-mg-oktobar-rekapitulacija-3-100x74.jpg 100w, https:\/\/www.prijedordanas.com\/wp-content\/uploads\/2017\/10\/rudar-prijedor-sloboda-mg-oktobar-rekapitulacija-3.jpg 675w\" sizes=\"(max-width: 300px) 100vw, 300px\" \/><\/a><\/p>\n","protected":false},"excerpt":{"rendered":"<p>Dugo su fudbaleri Rudar-Prijedora gledali u le\u0111a ekipi Zvijezde 09 i jurili su njihovu prednost na tabeli, ali su onda u pravo vrijeme napravili seriju od pet pobjeda u nizu [&hellip;]<\/p>\n","protected":false},"author":1,"featured_media":0,"comment_status":"closed","ping_status":"open","sticky":false,"template":"","format":"standard","meta":{"_monsterinsights_skip_tracking":false,"_monsterinsights_sitenote_active":false,"_monsterinsights_sitenote_note":"","_monsterinsights_sitenote_category":0,"footnotes":""},"categories":[7],"tags":[5517,221],"yoast_head":"<!-- This site is optimized with the Yoast SEO plugin v21.6 - https:\/\/yoast.com\/wordpress\/plugins\/seo\/ -->\n<title>OGNJEN JA\u0106IMOVI\u0106-NAJBOLJI GOLGETER RUDAR-PRIJEDORA: SA JESENJOM KRUNOM U ZIMSKI SAN - PrijedorDanas.com - Prijedorski gradski portal<\/title>\n<meta name=\"robots\" content=\"index, follow, max-snippet:-1, max-image-preview:large, max-video-preview:-1\" \/>\n<link rel=\"canonical\" href=\"https:\/\/www.prijedordanas.com\/?p=92766\" \/>\n<meta property=\"og:locale\" content=\"en_US\" \/>\n<meta property=\"og:type\" content=\"article\" \/>\n<meta property=\"og:title\" content=\"OGNJEN JA\u0106IMOVI\u0106-NAJBOLJI GOLGETER RUDAR-PRIJEDORA: SA JESENJOM KRUNOM U ZIMSKI SAN - PrijedorDanas.com - Prijedorski gradski portal\" \/>\n<meta property=\"og:description\" content=\"Dugo su fudbaleri Rudar-Prijedora gledali u le\u0111a ekipi Zvijezde 09 i jurili su njihovu prednost na tabeli, ali su onda u pravo vrijeme napravili seriju od pet pobjeda u nizu [&hellip;]\" \/>\n<meta property=\"og:url\" content=\"https:\/\/www.prijedordanas.com\/?p=92766\" \/>\n<meta property=\"og:site_name\" content=\"PrijedorDanas.com - Prijedorski gradski portal\" \/>\n<meta property=\"article:publisher\" content=\"https:\/\/www.facebook.com\/PrijedorDanasCom\/\" \/>\n<meta property=\"article:published_time\" content=\"2017-11-21T09:23:56+00:00\" \/>\n<meta property=\"og:image\" content=\"https:\/\/www.prijedordanas.com\/wp-content\/uploads\/2017\/11\/rudar-prijedor-tekstilac-jesen-2-300x222.jpg\" \/>\n<meta name=\"author\" content=\"admin\" \/>\n<meta name=\"twitter:card\" content=\"summary_large_image\" \/>\n<meta name=\"twitter:label1\" content=\"Written by\" \/>\n\t<meta name=\"twitter:data1\" content=\"admin\" \/>\n\t<meta name=\"twitter:label2\" content=\"Est. reading time\" \/>\n\t<meta name=\"twitter:data2\" content=\"2 minutes\" \/>\n<script type=\"application\/ld+json\" class=\"yoast-schema-graph\">{\"@context\":\"https:\/\/schema.org\",\"@graph\":[{\"@type\":\"Article\",\"@id\":\"https:\/\/www.prijedordanas.com\/?p=92766#article\",\"isPartOf\":{\"@id\":\"https:\/\/www.prijedordanas.com\/?p=92766\"},\"author\":{\"name\":\"admin\",\"@id\":\"https:\/\/www.prijedordanas.com\/#\/schema\/person\/4e08ccf29b506ca916ff86d46bb700e6\"},\"headline\":\"OGNJEN JA\u0106IMOVI\u0106-NAJBOLJI GOLGETER RUDAR-PRIJEDORA: SA JESENJOM KRUNOM U ZIMSKI SAN\",\"datePublished\":\"2017-11-21T09:23:56+00:00\",\"dateModified\":\"2017-11-21T09:23:56+00:00\",\"mainEntityOfPage\":{\"@id\":\"https:\/\/www.prijedordanas.com\/?p=92766\"},\"wordCount\":483,\"publisher\":{\"@id\":\"https:\/\/www.prijedordanas.com\/#organization\"},\"keywords\":[\"Ognjen Ja\u0107imovi\u0107\",\"Rudar-Prijedor\"],\"articleSection\":[\"Sport\"],\"inLanguage\":\"en-US\"},{\"@type\":\"WebPage\",\"@id\":\"https:\/\/www.prijedordanas.com\/?p=92766\",\"url\":\"https:\/\/www.prijedordanas.com\/?p=92766\",\"name\":\"OGNJEN JA\u0106IMOVI\u0106-NAJBOLJI GOLGETER RUDAR-PRIJEDORA: SA JESENJOM KRUNOM U ZIMSKI SAN - PrijedorDanas.com - Prijedorski gradski portal\",\"isPartOf\":{\"@id\":\"https:\/\/www.prijedordanas.com\/#website\"},\"datePublished\":\"2017-11-21T09:23:56+00:00\",\"dateModified\":\"2017-11-21T09:23:56+00:00\",\"breadcrumb\":{\"@id\":\"https:\/\/www.prijedordanas.com\/?p=92766#breadcrumb\"},\"inLanguage\":\"en-US\",\"potentialAction\":[{\"@type\":\"ReadAction\",\"target\":[\"https:\/\/www.prijedordanas.com\/?p=92766\"]}]},{\"@type\":\"BreadcrumbList\",\"@id\":\"https:\/\/www.prijedordanas.com\/?p=92766#breadcrumb\",\"itemListElement\":[{\"@type\":\"ListItem\",\"position\":1,\"name\":\"Home\",\"item\":\"https:\/\/www.prijedordanas.com\/\"},{\"@type\":\"ListItem\",\"position\":2,\"name\":\"OGNJEN JA\u0106IMOVI\u0106-NAJBOLJI GOLGETER RUDAR-PRIJEDORA: SA JESENJOM KRUNOM U ZIMSKI SAN\"}]},{\"@type\":\"WebSite\",\"@id\":\"https:\/\/www.prijedordanas.com\/#website\",\"url\":\"https:\/\/www.prijedordanas.com\/\",\"name\":\"PrijedorDanas.com - Prijedorski gradski portal\",\"description\":\"Portal o doga\u0111anjima u gradu Prijedoru\",\"publisher\":{\"@id\":\"https:\/\/www.prijedordanas.com\/#organization\"},\"potentialAction\":[{\"@type\":\"SearchAction\",\"target\":{\"@type\":\"EntryPoint\",\"urlTemplate\":\"https:\/\/www.prijedordanas.com\/?s={search_term_string}\"},\"query-input\":\"required name=search_term_string\"}],\"inLanguage\":\"en-US\"},{\"@type\":\"Organization\",\"@id\":\"https:\/\/www.prijedordanas.com\/#organization\",\"name\":\"PrijedorDanas.com\",\"url\":\"https:\/\/www.prijedordanas.com\/\",\"logo\":{\"@type\":\"ImageObject\",\"inLanguage\":\"en-US\",\"@id\":\"https:\/\/www.prijedordanas.com\/#\/schema\/logo\/image\/\",\"url\":\"http:\/\/www.prijedordanas.com\/wp-content\/uploads\/2021\/12\/logopng.png\",\"contentUrl\":\"http:\/\/www.prijedordanas.com\/wp-content\/uploads\/2021\/12\/logopng.png\",\"width\":1019,\"height\":776,\"caption\":\"PrijedorDanas.com\"},\"image\":{\"@id\":\"https:\/\/www.prijedordanas.com\/#\/schema\/logo\/image\/\"},\"sameAs\":[\"https:\/\/www.facebook.com\/PrijedorDanasCom\/\"]},{\"@type\":\"Person\",\"@id\":\"https:\/\/www.prijedordanas.com\/#\/schema\/person\/4e08ccf29b506ca916ff86d46bb700e6\",\"name\":\"admin\",\"image\":{\"@type\":\"ImageObject\",\"inLanguage\":\"en-US\",\"@id\":\"https:\/\/www.prijedordanas.com\/#\/schema\/person\/image\/\",\"url\":\"https:\/\/secure.gravatar.com\/avatar\/1d3fc949d550f0b53a5f0d51e06dfd79?s=96&d=mm&r=g\",\"contentUrl\":\"https:\/\/secure.gravatar.com\/avatar\/1d3fc949d550f0b53a5f0d51e06dfd79?s=96&d=mm&r=g\",\"caption\":\"admin\"},\"url\":\"https:\/\/www.prijedordanas.com\/?author=1\"}]}<\/script>\n<!-- \/ Yoast SEO plugin. -->","yoast_head_json":{"title":"OGNJEN JA\u0106IMOVI\u0106-NAJBOLJI GOLGETER RUDAR-PRIJEDORA: SA JESENJOM KRUNOM U ZIMSKI SAN - PrijedorDanas.com - Prijedorski gradski portal","robots":{"index":"index","follow":"follow","max-snippet":"max-snippet:-1","max-image-preview":"max-image-preview:large","max-video-preview":"max-video-preview:-1"},"canonical":"https:\/\/www.prijedordanas.com\/?p=92766","og_locale":"en_US","og_type":"article","og_title":"OGNJEN JA\u0106IMOVI\u0106-NAJBOLJI GOLGETER RUDAR-PRIJEDORA: SA JESENJOM KRUNOM U ZIMSKI SAN - PrijedorDanas.com - Prijedorski gradski portal","og_description":"Dugo su fudbaleri Rudar-Prijedora gledali u le\u0111a ekipi Zvijezde 09 i jurili su njihovu prednost na tabeli, ali su onda u pravo vrijeme napravili seriju od pet pobjeda u nizu [&hellip;]","og_url":"https:\/\/www.prijedordanas.com\/?p=92766","og_site_name":"PrijedorDanas.com - Prijedorski gradski portal","article_publisher":"https:\/\/www.facebook.com\/PrijedorDanasCom\/","article_published_time":"2017-11-21T09:23:56+00:00","og_image":[{"url":"https:\/\/www.prijedordanas.com\/wp-content\/uploads\/2017\/11\/rudar-prijedor-tekstilac-jesen-2-300x222.jpg"}],"author":"admin","twitter_card":"summary_large_image","twitter_misc":{"Written by":"admin","Est. reading time":"2 minutes"},"schema":{"@context":"https:\/\/schema.org","@graph":[{"@type":"Article","@id":"https:\/\/www.prijedordanas.com\/?p=92766#article","isPartOf":{"@id":"https:\/\/www.prijedordanas.com\/?p=92766"},"author":{"name":"admin","@id":"https:\/\/www.prijedordanas.com\/#\/schema\/person\/4e08ccf29b506ca916ff86d46bb700e6"},"headline":"OGNJEN JA\u0106IMOVI\u0106-NAJBOLJI GOLGETER RUDAR-PRIJEDORA: SA JESENJOM KRUNOM U ZIMSKI SAN","datePublished":"2017-11-21T09:23:56+00:00","dateModified":"2017-11-21T09:23:56+00:00","mainEntityOfPage":{"@id":"https:\/\/www.prijedordanas.com\/?p=92766"},"wordCount":483,"publisher":{"@id":"https:\/\/www.prijedordanas.com\/#organization"},"keywords":["Ognjen Ja\u0107imovi\u0107","Rudar-Prijedor"],"articleSection":["Sport"],"inLanguage":"en-US"},{"@type":"WebPage","@id":"https:\/\/www.prijedordanas.com\/?p=92766","url":"https:\/\/www.prijedordanas.com\/?p=92766","name":"OGNJEN JA\u0106IMOVI\u0106-NAJBOLJI GOLGETER RUDAR-PRIJEDORA: SA JESENJOM KRUNOM U ZIMSKI SAN - PrijedorDanas.com - Prijedorski gradski portal","isPartOf":{"@id":"https:\/\/www.prijedordanas.com\/#website"},"datePublished":"2017-11-21T09:23:56+00:00","dateModified":"2017-11-21T09:23:56+00:00","breadcrumb":{"@id":"https:\/\/www.prijedordanas.com\/?p=92766#breadcrumb"},"inLanguage":"en-US","potentialAction":[{"@type":"ReadAction","target":["https:\/\/www.prijedordanas.com\/?p=92766"]}]},{"@type":"BreadcrumbList","@id":"https:\/\/www.prijedordanas.com\/?p=92766#breadcrumb","itemListElement":[{"@type":"ListItem","position":1,"name":"Home","item":"https:\/\/www.prijedordanas.com\/"},{"@type":"ListItem","position":2,"name":"OGNJEN JA\u0106IMOVI\u0106-NAJBOLJI GOLGETER RUDAR-PRIJEDORA: SA JESENJOM KRUNOM U ZIMSKI SAN"}]},{"@type":"WebSite","@id":"https:\/\/www.prijedordanas.com\/#website","url":"https:\/\/www.prijedordanas.com\/","name":"PrijedorDanas.com - Prijedorski gradski portal","description":"Portal o doga\u0111anjima u gradu Prijedoru","publisher":{"@id":"https:\/\/www.prijedordanas.com\/#organization"},"potentialAction":[{"@type":"SearchAction","target":{"@type":"EntryPoint","urlTemplate":"https:\/\/www.prijedordanas.com\/?s={search_term_string}"},"query-input":"required name=search_term_string"}],"inLanguage":"en-US"},{"@type":"Organization","@id":"https:\/\/www.prijedordanas.com\/#organization","name":"PrijedorDanas.com","url":"https:\/\/www.prijedordanas.com\/","logo":{"@type":"ImageObject","inLanguage":"en-US","@id":"https:\/\/www.prijedordanas.com\/#\/schema\/logo\/image\/","url":"http:\/\/www.prijedordanas.com\/wp-content\/uploads\/2021\/12\/logopng.png","contentUrl":"http:\/\/www.prijedordanas.com\/wp-content\/uploads\/2021\/12\/logopng.png","width":1019,"height":776,"caption":"PrijedorDanas.com"},"image":{"@id":"https:\/\/www.prijedordanas.com\/#\/schema\/logo\/image\/"},"sameAs":["https:\/\/www.facebook.com\/PrijedorDanasCom\/"]},{"@type":"Person","@id":"https:\/\/www.prijedordanas.com\/#\/schema\/person\/4e08ccf29b506ca916ff86d46bb700e6","name":"admin","image":{"@type":"ImageObject","inLanguage":"en-US","@id":"https:\/\/www.prijedordanas.com\/#\/schema\/person\/image\/","url":"https:\/\/secure.gravatar.com\/avatar\/1d3fc949d550f0b53a5f0d51e06dfd79?s=96&d=mm&r=g","contentUrl":"https:\/\/secure.gravatar.com\/avatar\/1d3fc949d550f0b53a5f0d51e06dfd79?s=96&d=mm&r=g","caption":"admin"},"url":"https:\/\/www.prijedordanas.com\/?author=1"}]}},"_links":{"self":[{"href":"https:\/\/www.prijedordanas.com\/index.php?rest_route=\/wp\/v2\/posts\/92766"}],"collection":[{"href":"https:\/\/www.prijedordanas.com\/index.php?rest_route=\/wp\/v2\/posts"}],"about":[{"href":"https:\/\/www.prijedordanas.com\/index.php?rest_route=\/wp\/v2\/types\/post"}],"author":[{"embeddable":true,"href":"https:\/\/www.prijedordanas.com\/index.php?rest_route=\/wp\/v2\/users\/1"}],"replies":[{"embeddable":true,"href":"https:\/\/www.prijedordanas.com\/index.php?rest_route=%2Fwp%2Fv2%2Fcomments&post=92766"}],"version-history":[{"count":1,"href":"https:\/\/www.prijedordanas.com\/index.php?rest_route=\/wp\/v2\/posts\/92766\/revisions"}],"predecessor-version":[{"id":92767,"href":"https:\/\/www.prijedordanas.com\/index.php?rest_route=\/wp\/v2\/posts\/92766\/revisions\/92767"}],"wp:attachment":[{"href":"https:\/\/www.prijedordanas.com\/index.php?rest_route=%2Fwp%2Fv2%2Fmedia&parent=92766"}],"wp:term":[{"taxonomy":"category","embeddable":true,"href":"https:\/\/www.prijedordanas.com\/index.php?rest_route=%2Fwp%2Fv2%2Fcategories&post=92766"},{"taxonomy":"post_tag","embeddable":true,"href":"https:\/\/www.prijedordanas.com\/index.php?rest_route=%2Fwp%2Fv2%2Ftags&post=92766"}],"curies":[{"name":"wp","href":"https:\/\/api.w.org\/{rel}","templated":true}]}}