{"id":92540,"date":"2017-11-17T18:04:33","date_gmt":"2017-11-17T17:04:33","guid":{"rendered":"https:\/\/www.prijedordanas.com\/?p=92540"},"modified":"2017-11-17T18:04:33","modified_gmt":"2017-11-17T17:04:33","slug":"remi-sloge-iz-rakelica-pred-domacom-publikom","status":"publish","type":"post","link":"https:\/\/www.prijedordanas.com\/?p=92540","title":{"rendered":"REMI SLOGE IZ RAKELI\u0106A PRED DOMA\u0106OM PUBLIKOM"},"content":{"rendered":"<p><a href=\"https:\/\/www.prijedordanas.com\/wp-content\/uploads\/2017\/03\/sloga-rakelici-kozara-donji-orlovci-1.jpg\"><img loading=\"lazy\" decoding=\"async\" src=\"https:\/\/www.prijedordanas.com\/wp-content\/uploads\/2017\/03\/sloga-rakelici-kozara-donji-orlovci-1-300x222.jpg\" alt=\"\" width=\"300\" height=\"222\" class=\"alignleft size-medium wp-image-77644\" srcset=\"https:\/\/www.prijedordanas.com\/wp-content\/uploads\/2017\/03\/sloga-rakelici-kozara-donji-orlovci-1-300x222.jpg 300w, https:\/\/www.prijedordanas.com\/wp-content\/uploads\/2017\/03\/sloga-rakelici-kozara-donji-orlovci-1-100x74.jpg 100w, https:\/\/www.prijedordanas.com\/wp-content\/uploads\/2017\/03\/sloga-rakelici-kozara-donji-orlovci-1.jpg 675w\" sizes=\"(max-width: 300px) 100vw, 300px\" \/><\/a>Sloga iz Rakeli\u0107a je remijem protiv Gorice 1:1 propustila priliku da se pobjedom oprosti od svojih navija\u010da na stadionu u Sani\u010danima u jesenjem dijelu prvenstva, u kojem je opravdala o\u010dekivanja.<\/p>\n<p>Domac\u0301i su u nekoliko navrata ugrozili gol veoma dobrog \u010duvara mre\u017ee rivala Radovana Ilic\u0301a, a do vo\u0111stva su stigli u 49.minuti. <\/p>\n<p>Centar\u0161ut najboljeg igra\u010da susreta Du\u0161ka Stankovic\u0301a sa lijeve strane iskoristio je Sr\u0111an B.Torbica na \u201cprvoj\u201d stativi i rutinski pogodio za 1:0.<\/p>\n<p>U 77.minuti Milan \u010ca\u010dic\u0301 je u svom \u0161esnaestercu igrao rukom, a sudija Sa\u0161a Misimovic\u0301 iz Gradi\u0161ke opravdano pokazao na \u201cbijelu ta\u010dku\u201d. <\/p>\n<p>Stanko Malinovic\u0301 je bio siguran izvo\u0111a\u010d najstro\u017ee kazne i, savladav\u0161i golmana Mitra Unijata, donio bod gostima iz \u0160ipova. <\/p>\n<p>Sloga (R): Gorica 1:1(0:0)<\/p>\n<p>Sani\u010dani<br \/>\nStadion: FK Sloga Rakelic\u0301i<br \/>\nGledalaca: 50<br \/>\nSudija: Sa\u0161a Misimovic\u0301 (Gradi\u0161ka) 7<br \/>\nStrijelci: Sr\u0111an B.Torbica u 49. za Slogu, a Malinovic\u0301 (iz penala) u 77.minuti za Goricu<br \/>\n\u017duti kartoni. Kecman, B.Tambic\u0301, Stankovic\u0301 (Sloga), Maric\u0301, Ivic\u0301 (Gorica)<\/p>\n<p>SLOGA:<br \/>\nUnijat 7, Sr\u0111an Z.Torbica 6,5, Stankovic\u0301 7,5, Dragic\u0301 6,5, Brdar 6 (od 86. D.Tambic\u0301 -), B.Tambic\u0301 6,5, Resanovic\u0301 7, Bujic\u0301 7, Kecman 6 (od 57. \u0160odic\u0301 6,5), Sr\u0111an B.Torbica 7,5, \u010ca\u010dic\u0301 6,5<\/p>\n<p>GODICA:<br \/>\nIlic\u0301 7,5, Jovic\u0301 6,5, \u0160umar 6,5, Cumbo 6,5, Kljajic\u0301 7, Petkovic\u0301 6,5, Gajanovic\u0301 6,5, Me\u0161ic\u0301 7, Malinovic\u0301 7, c\u0301urko 6 (od 55. Ivic\u0301 6), Peno 6,5 (od 85. Maric\u0301 -)<\/p>\n<p>Igra\u010d utakmice: Du\u0161ko Stankovic\u0301<\/p>\n<p>Tekst i foto arhiva \u2013 Aleksandar Drakuli\u0107 \u2013 <a href=\"https:\/\/www.prijedordanas.com\" target=\"_blank\" rel=\"noopener noreferrer\">www.prijedordanas.com<\/a><\/p>\n","protected":false},"excerpt":{"rendered":"<p>Sloga iz Rakeli\u0107a je remijem protiv Gorice 1:1 propustila priliku da se pobjedom oprosti od svojih navija\u010da na stadionu u Sani\u010danima u jesenjem dijelu prvenstva, u kojem je opravdala o\u010dekivanja. [&hellip;]<\/p>\n","protected":false},"author":1,"featured_media":0,"comment_status":"closed","ping_status":"open","sticky":false,"template":"","format":"standard","meta":{"_monsterinsights_skip_tracking":false,"_monsterinsights_sitenote_active":false,"_monsterinsights_sitenote_note":"","_monsterinsights_sitenote_category":0,"footnotes":""},"categories":[7],"tags":[969],"yoast_head":"<!-- This site is optimized with the Yoast SEO plugin v21.6 - https:\/\/yoast.com\/wordpress\/plugins\/seo\/ -->\n<title>REMI SLOGE IZ RAKELI\u0106A PRED DOMA\u0106OM PUBLIKOM - PrijedorDanas.com - Prijedorski gradski portal<\/title>\n<meta name=\"robots\" content=\"index, follow, max-snippet:-1, max-image-preview:large, max-video-preview:-1\" \/>\n<link rel=\"canonical\" href=\"https:\/\/www.prijedordanas.com\/?p=92540\" \/>\n<meta property=\"og:locale\" content=\"en_US\" \/>\n<meta property=\"og:type\" content=\"article\" \/>\n<meta property=\"og:title\" content=\"REMI SLOGE IZ RAKELI\u0106A PRED DOMA\u0106OM PUBLIKOM - PrijedorDanas.com - Prijedorski gradski portal\" \/>\n<meta property=\"og:description\" content=\"Sloga iz Rakeli\u0107a je remijem protiv Gorice 1:1 propustila priliku da se pobjedom oprosti od svojih navija\u010da na stadionu u Sani\u010danima u jesenjem dijelu prvenstva, u kojem je opravdala o\u010dekivanja. [&hellip;]\" \/>\n<meta property=\"og:url\" content=\"https:\/\/www.prijedordanas.com\/?p=92540\" \/>\n<meta property=\"og:site_name\" content=\"PrijedorDanas.com - Prijedorski gradski portal\" \/>\n<meta property=\"article:publisher\" content=\"https:\/\/www.facebook.com\/PrijedorDanasCom\/\" \/>\n<meta property=\"article:published_time\" content=\"2017-11-17T17:04:33+00:00\" \/>\n<meta property=\"og:image\" content=\"https:\/\/www.prijedordanas.com\/wp-content\/uploads\/2017\/03\/sloga-rakelici-kozara-donji-orlovci-1-300x222.jpg\" \/>\n<meta name=\"author\" content=\"admin\" \/>\n<meta name=\"twitter:card\" content=\"summary_large_image\" \/>\n<meta name=\"twitter:label1\" content=\"Written by\" \/>\n\t<meta name=\"twitter:data1\" content=\"admin\" \/>\n\t<meta name=\"twitter:label2\" content=\"Est. reading time\" \/>\n\t<meta name=\"twitter:data2\" content=\"1 minute\" \/>\n<script type=\"application\/ld+json\" class=\"yoast-schema-graph\">{\"@context\":\"https:\/\/schema.org\",\"@graph\":[{\"@type\":\"Article\",\"@id\":\"https:\/\/www.prijedordanas.com\/?p=92540#article\",\"isPartOf\":{\"@id\":\"https:\/\/www.prijedordanas.com\/?p=92540\"},\"author\":{\"name\":\"admin\",\"@id\":\"https:\/\/www.prijedordanas.com\/#\/schema\/person\/4e08ccf29b506ca916ff86d46bb700e6\"},\"headline\":\"REMI SLOGE IZ RAKELI\u0106A PRED DOMA\u0106OM PUBLIKOM\",\"datePublished\":\"2017-11-17T17:04:33+00:00\",\"dateModified\":\"2017-11-17T17:04:33+00:00\",\"mainEntityOfPage\":{\"@id\":\"https:\/\/www.prijedordanas.com\/?p=92540\"},\"wordCount\":241,\"publisher\":{\"@id\":\"https:\/\/www.prijedordanas.com\/#organization\"},\"keywords\":[\"Sloga Rakeli\u0107i\"],\"articleSection\":[\"Sport\"],\"inLanguage\":\"en-US\"},{\"@type\":\"WebPage\",\"@id\":\"https:\/\/www.prijedordanas.com\/?p=92540\",\"url\":\"https:\/\/www.prijedordanas.com\/?p=92540\",\"name\":\"REMI SLOGE IZ RAKELI\u0106A PRED DOMA\u0106OM PUBLIKOM - PrijedorDanas.com - Prijedorski gradski portal\",\"isPartOf\":{\"@id\":\"https:\/\/www.prijedordanas.com\/#website\"},\"datePublished\":\"2017-11-17T17:04:33+00:00\",\"dateModified\":\"2017-11-17T17:04:33+00:00\",\"breadcrumb\":{\"@id\":\"https:\/\/www.prijedordanas.com\/?p=92540#breadcrumb\"},\"inLanguage\":\"en-US\",\"potentialAction\":[{\"@type\":\"ReadAction\",\"target\":[\"https:\/\/www.prijedordanas.com\/?p=92540\"]}]},{\"@type\":\"BreadcrumbList\",\"@id\":\"https:\/\/www.prijedordanas.com\/?p=92540#breadcrumb\",\"itemListElement\":[{\"@type\":\"ListItem\",\"position\":1,\"name\":\"Home\",\"item\":\"https:\/\/www.prijedordanas.com\/\"},{\"@type\":\"ListItem\",\"position\":2,\"name\":\"REMI SLOGE IZ RAKELI\u0106A PRED DOMA\u0106OM PUBLIKOM\"}]},{\"@type\":\"WebSite\",\"@id\":\"https:\/\/www.prijedordanas.com\/#website\",\"url\":\"https:\/\/www.prijedordanas.com\/\",\"name\":\"PrijedorDanas.com - Prijedorski gradski portal\",\"description\":\"Portal o doga\u0111anjima u gradu Prijedoru\",\"publisher\":{\"@id\":\"https:\/\/www.prijedordanas.com\/#organization\"},\"potentialAction\":[{\"@type\":\"SearchAction\",\"target\":{\"@type\":\"EntryPoint\",\"urlTemplate\":\"https:\/\/www.prijedordanas.com\/?s={search_term_string}\"},\"query-input\":\"required name=search_term_string\"}],\"inLanguage\":\"en-US\"},{\"@type\":\"Organization\",\"@id\":\"https:\/\/www.prijedordanas.com\/#organization\",\"name\":\"PrijedorDanas.com\",\"url\":\"https:\/\/www.prijedordanas.com\/\",\"logo\":{\"@type\":\"ImageObject\",\"inLanguage\":\"en-US\",\"@id\":\"https:\/\/www.prijedordanas.com\/#\/schema\/logo\/image\/\",\"url\":\"http:\/\/www.prijedordanas.com\/wp-content\/uploads\/2021\/12\/logopng.png\",\"contentUrl\":\"http:\/\/www.prijedordanas.com\/wp-content\/uploads\/2021\/12\/logopng.png\",\"width\":1019,\"height\":776,\"caption\":\"PrijedorDanas.com\"},\"image\":{\"@id\":\"https:\/\/www.prijedordanas.com\/#\/schema\/logo\/image\/\"},\"sameAs\":[\"https:\/\/www.facebook.com\/PrijedorDanasCom\/\"]},{\"@type\":\"Person\",\"@id\":\"https:\/\/www.prijedordanas.com\/#\/schema\/person\/4e08ccf29b506ca916ff86d46bb700e6\",\"name\":\"admin\",\"image\":{\"@type\":\"ImageObject\",\"inLanguage\":\"en-US\",\"@id\":\"https:\/\/www.prijedordanas.com\/#\/schema\/person\/image\/\",\"url\":\"https:\/\/secure.gravatar.com\/avatar\/1d3fc949d550f0b53a5f0d51e06dfd79?s=96&d=mm&r=g\",\"contentUrl\":\"https:\/\/secure.gravatar.com\/avatar\/1d3fc949d550f0b53a5f0d51e06dfd79?s=96&d=mm&r=g\",\"caption\":\"admin\"},\"url\":\"https:\/\/www.prijedordanas.com\/?author=1\"}]}<\/script>\n<!-- \/ Yoast SEO plugin. -->","yoast_head_json":{"title":"REMI SLOGE IZ RAKELI\u0106A PRED DOMA\u0106OM PUBLIKOM - PrijedorDanas.com - Prijedorski gradski portal","robots":{"index":"index","follow":"follow","max-snippet":"max-snippet:-1","max-image-preview":"max-image-preview:large","max-video-preview":"max-video-preview:-1"},"canonical":"https:\/\/www.prijedordanas.com\/?p=92540","og_locale":"en_US","og_type":"article","og_title":"REMI SLOGE IZ RAKELI\u0106A PRED DOMA\u0106OM PUBLIKOM - PrijedorDanas.com - Prijedorski gradski portal","og_description":"Sloga iz Rakeli\u0107a je remijem protiv Gorice 1:1 propustila priliku da se pobjedom oprosti od svojih navija\u010da na stadionu u Sani\u010danima u jesenjem dijelu prvenstva, u kojem je opravdala o\u010dekivanja. [&hellip;]","og_url":"https:\/\/www.prijedordanas.com\/?p=92540","og_site_name":"PrijedorDanas.com - Prijedorski gradski portal","article_publisher":"https:\/\/www.facebook.com\/PrijedorDanasCom\/","article_published_time":"2017-11-17T17:04:33+00:00","og_image":[{"url":"https:\/\/www.prijedordanas.com\/wp-content\/uploads\/2017\/03\/sloga-rakelici-kozara-donji-orlovci-1-300x222.jpg"}],"author":"admin","twitter_card":"summary_large_image","twitter_misc":{"Written by":"admin","Est. reading time":"1 minute"},"schema":{"@context":"https:\/\/schema.org","@graph":[{"@type":"Article","@id":"https:\/\/www.prijedordanas.com\/?p=92540#article","isPartOf":{"@id":"https:\/\/www.prijedordanas.com\/?p=92540"},"author":{"name":"admin","@id":"https:\/\/www.prijedordanas.com\/#\/schema\/person\/4e08ccf29b506ca916ff86d46bb700e6"},"headline":"REMI SLOGE IZ RAKELI\u0106A PRED DOMA\u0106OM PUBLIKOM","datePublished":"2017-11-17T17:04:33+00:00","dateModified":"2017-11-17T17:04:33+00:00","mainEntityOfPage":{"@id":"https:\/\/www.prijedordanas.com\/?p=92540"},"wordCount":241,"publisher":{"@id":"https:\/\/www.prijedordanas.com\/#organization"},"keywords":["Sloga Rakeli\u0107i"],"articleSection":["Sport"],"inLanguage":"en-US"},{"@type":"WebPage","@id":"https:\/\/www.prijedordanas.com\/?p=92540","url":"https:\/\/www.prijedordanas.com\/?p=92540","name":"REMI SLOGE IZ RAKELI\u0106A PRED DOMA\u0106OM PUBLIKOM - PrijedorDanas.com - Prijedorski gradski portal","isPartOf":{"@id":"https:\/\/www.prijedordanas.com\/#website"},"datePublished":"2017-11-17T17:04:33+00:00","dateModified":"2017-11-17T17:04:33+00:00","breadcrumb":{"@id":"https:\/\/www.prijedordanas.com\/?p=92540#breadcrumb"},"inLanguage":"en-US","potentialAction":[{"@type":"ReadAction","target":["https:\/\/www.prijedordanas.com\/?p=92540"]}]},{"@type":"BreadcrumbList","@id":"https:\/\/www.prijedordanas.com\/?p=92540#breadcrumb","itemListElement":[{"@type":"ListItem","position":1,"name":"Home","item":"https:\/\/www.prijedordanas.com\/"},{"@type":"ListItem","position":2,"name":"REMI SLOGE IZ RAKELI\u0106A PRED DOMA\u0106OM PUBLIKOM"}]},{"@type":"WebSite","@id":"https:\/\/www.prijedordanas.com\/#website","url":"https:\/\/www.prijedordanas.com\/","name":"PrijedorDanas.com - Prijedorski gradski portal","description":"Portal o doga\u0111anjima u gradu Prijedoru","publisher":{"@id":"https:\/\/www.prijedordanas.com\/#organization"},"potentialAction":[{"@type":"SearchAction","target":{"@type":"EntryPoint","urlTemplate":"https:\/\/www.prijedordanas.com\/?s={search_term_string}"},"query-input":"required name=search_term_string"}],"inLanguage":"en-US"},{"@type":"Organization","@id":"https:\/\/www.prijedordanas.com\/#organization","name":"PrijedorDanas.com","url":"https:\/\/www.prijedordanas.com\/","logo":{"@type":"ImageObject","inLanguage":"en-US","@id":"https:\/\/www.prijedordanas.com\/#\/schema\/logo\/image\/","url":"http:\/\/www.prijedordanas.com\/wp-content\/uploads\/2021\/12\/logopng.png","contentUrl":"http:\/\/www.prijedordanas.com\/wp-content\/uploads\/2021\/12\/logopng.png","width":1019,"height":776,"caption":"PrijedorDanas.com"},"image":{"@id":"https:\/\/www.prijedordanas.com\/#\/schema\/logo\/image\/"},"sameAs":["https:\/\/www.facebook.com\/PrijedorDanasCom\/"]},{"@type":"Person","@id":"https:\/\/www.prijedordanas.com\/#\/schema\/person\/4e08ccf29b506ca916ff86d46bb700e6","name":"admin","image":{"@type":"ImageObject","inLanguage":"en-US","@id":"https:\/\/www.prijedordanas.com\/#\/schema\/person\/image\/","url":"https:\/\/secure.gravatar.com\/avatar\/1d3fc949d550f0b53a5f0d51e06dfd79?s=96&d=mm&r=g","contentUrl":"https:\/\/secure.gravatar.com\/avatar\/1d3fc949d550f0b53a5f0d51e06dfd79?s=96&d=mm&r=g","caption":"admin"},"url":"https:\/\/www.prijedordanas.com\/?author=1"}]}},"_links":{"self":[{"href":"https:\/\/www.prijedordanas.com\/index.php?rest_route=\/wp\/v2\/posts\/92540"}],"collection":[{"href":"https:\/\/www.prijedordanas.com\/index.php?rest_route=\/wp\/v2\/posts"}],"about":[{"href":"https:\/\/www.prijedordanas.com\/index.php?rest_route=\/wp\/v2\/types\/post"}],"author":[{"embeddable":true,"href":"https:\/\/www.prijedordanas.com\/index.php?rest_route=\/wp\/v2\/users\/1"}],"replies":[{"embeddable":true,"href":"https:\/\/www.prijedordanas.com\/index.php?rest_route=%2Fwp%2Fv2%2Fcomments&post=92540"}],"version-history":[{"count":1,"href":"https:\/\/www.prijedordanas.com\/index.php?rest_route=\/wp\/v2\/posts\/92540\/revisions"}],"predecessor-version":[{"id":92541,"href":"https:\/\/www.prijedordanas.com\/index.php?rest_route=\/wp\/v2\/posts\/92540\/revisions\/92541"}],"wp:attachment":[{"href":"https:\/\/www.prijedordanas.com\/index.php?rest_route=%2Fwp%2Fv2%2Fmedia&parent=92540"}],"wp:term":[{"taxonomy":"category","embeddable":true,"href":"https:\/\/www.prijedordanas.com\/index.php?rest_route=%2Fwp%2Fv2%2Fcategories&post=92540"},{"taxonomy":"post_tag","embeddable":true,"href":"https:\/\/www.prijedordanas.com\/index.php?rest_route=%2Fwp%2Fv2%2Ftags&post=92540"}],"curies":[{"name":"wp","href":"https:\/\/api.w.org\/{rel}","templated":true}]}}