{"id":92183,"date":"2017-11-10T20:47:12","date_gmt":"2017-11-10T19:47:12","guid":{"rendered":"https:\/\/www.prijedordanas.com\/?p=92183"},"modified":"2017-11-10T20:56:31","modified_gmt":"2017-11-10T19:56:31","slug":"na-podrucju-prijedora-veceras-se-osjetio-slabiji-zemljotres","status":"publish","type":"post","link":"https:\/\/www.prijedordanas.com\/?p=92183","title":{"rendered":"NA PODRU\u010cJU PRIJEDORA VE\u010cERAS SE OSJETIO SLABIJI ZEMLJOTRES"},"content":{"rendered":"<p><a href=\"https:\/\/www.prijedordanas.com\/wp-content\/uploads\/2017\/11\/zemljotres-10novembar.jpg\"><img loading=\"lazy\" decoding=\"async\" src=\"https:\/\/www.prijedordanas.com\/wp-content\/uploads\/2017\/11\/zemljotres-10novembar-300x297.jpg\" alt=\"\" width=\"300\" height=\"297\" class=\"alignleft size-medium wp-image-92184\" srcset=\"https:\/\/www.prijedordanas.com\/wp-content\/uploads\/2017\/11\/zemljotres-10novembar-300x297.jpg 300w, https:\/\/www.prijedordanas.com\/wp-content\/uploads\/2017\/11\/zemljotres-10novembar-150x150.jpg 150w, https:\/\/www.prijedordanas.com\/wp-content\/uploads\/2017\/11\/zemljotres-10novembar-100x100.jpg 100w, https:\/\/www.prijedordanas.com\/wp-content\/uploads\/2017\/11\/zemljotres-10novembar-50x50.jpg 50w, https:\/\/www.prijedordanas.com\/wp-content\/uploads\/2017\/11\/zemljotres-10novembar.jpg 607w\" sizes=\"(max-width: 300px) 100vw, 300px\" \/><\/a>Na podru\u010dju Prijedora ve\u010deras u 19:19 \u010dasova osjetio se slabiji zemljotres.<\/p>\n<p>Prema informaciji iz Hidrometeorolo\u0161kog zavoda Republike Srpske intenzitet zemljotresa bio je magnitude tri stepena po Rihterovoj skali, odnosno intenziteta od \u010detiti stepena po Merkalijevoj skali.<\/p>\n<p>Epicentar je bio oko 14 kilometara sjeverozapadno od Banjaluke, prema Potkozarju.<\/p>\n<p>Zemljotres ove ja\u010dine ne mo\u017ee izazvati o\u0161te\u0107enja, ali ga stanovni\u0161tvo mo\u017ee osjetiti, pogotovo na vi\u0161im spratovima.<\/p>\n<p>Na podru\u010dju Prijedora najvi\u0161e se osjetio u okolini Omarske. <\/p>\n<p>Priredio &#8211; Aleksandar Drakuli\u0107 \u2013 <a href=\"https:\/\/www.prijedordanas.com\" target=\"_blank\" rel=\"noopener noreferrer\">www.prijedordanas.com<\/a><\/p>\n","protected":false},"excerpt":{"rendered":"<p>Na podru\u010dju Prijedora ve\u010deras u 19:19 \u010dasova osjetio se slabiji zemljotres. Prema informaciji iz Hidrometeorolo\u0161kog zavoda Republike Srpske intenzitet zemljotresa bio je magnitude tri stepena po Rihterovoj skali, odnosno intenziteta [&hellip;]<\/p>\n","protected":false},"author":1,"featured_media":0,"comment_status":"closed","ping_status":"open","sticky":false,"template":"","format":"standard","meta":{"_monsterinsights_skip_tracking":false,"_monsterinsights_sitenote_active":false,"_monsterinsights_sitenote_note":"","_monsterinsights_sitenote_category":0,"footnotes":""},"categories":[4],"tags":[269],"yoast_head":"<!-- This site is optimized with the Yoast SEO plugin v21.6 - https:\/\/yoast.com\/wordpress\/plugins\/seo\/ -->\n<title>NA PODRU\u010cJU PRIJEDORA VE\u010cERAS SE OSJETIO SLABIJI ZEMLJOTRES - PrijedorDanas.com - Prijedorski gradski portal<\/title>\n<meta name=\"robots\" content=\"index, follow, max-snippet:-1, max-image-preview:large, max-video-preview:-1\" \/>\n<link rel=\"canonical\" href=\"https:\/\/www.prijedordanas.com\/?p=92183\" \/>\n<meta property=\"og:locale\" content=\"en_US\" \/>\n<meta property=\"og:type\" content=\"article\" \/>\n<meta property=\"og:title\" content=\"NA PODRU\u010cJU PRIJEDORA VE\u010cERAS SE OSJETIO SLABIJI ZEMLJOTRES - PrijedorDanas.com - Prijedorski gradski portal\" \/>\n<meta property=\"og:description\" content=\"Na podru\u010dju Prijedora ve\u010deras u 19:19 \u010dasova osjetio se slabiji zemljotres. Prema informaciji iz Hidrometeorolo\u0161kog zavoda Republike Srpske intenzitet zemljotresa bio je magnitude tri stepena po Rihterovoj skali, odnosno intenziteta [&hellip;]\" \/>\n<meta property=\"og:url\" content=\"https:\/\/www.prijedordanas.com\/?p=92183\" \/>\n<meta property=\"og:site_name\" content=\"PrijedorDanas.com - Prijedorski gradski portal\" \/>\n<meta property=\"article:publisher\" content=\"https:\/\/www.facebook.com\/PrijedorDanasCom\/\" \/>\n<meta property=\"article:published_time\" content=\"2017-11-10T19:47:12+00:00\" \/>\n<meta property=\"article:modified_time\" content=\"2017-11-10T19:56:31+00:00\" \/>\n<meta property=\"og:image\" content=\"https:\/\/www.prijedordanas.com\/wp-content\/uploads\/2017\/11\/zemljotres-10novembar-300x297.jpg\" \/>\n<meta name=\"author\" content=\"admin\" \/>\n<meta name=\"twitter:card\" content=\"summary_large_image\" \/>\n<meta name=\"twitter:label1\" content=\"Written by\" \/>\n\t<meta name=\"twitter:data1\" content=\"admin\" \/>\n<script type=\"application\/ld+json\" class=\"yoast-schema-graph\">{\"@context\":\"https:\/\/schema.org\",\"@graph\":[{\"@type\":\"Article\",\"@id\":\"https:\/\/www.prijedordanas.com\/?p=92183#article\",\"isPartOf\":{\"@id\":\"https:\/\/www.prijedordanas.com\/?p=92183\"},\"author\":{\"name\":\"admin\",\"@id\":\"https:\/\/www.prijedordanas.com\/#\/schema\/person\/4e08ccf29b506ca916ff86d46bb700e6\"},\"headline\":\"NA PODRU\u010cJU PRIJEDORA VE\u010cERAS SE OSJETIO SLABIJI ZEMLJOTRES\",\"datePublished\":\"2017-11-10T19:47:12+00:00\",\"dateModified\":\"2017-11-10T19:56:31+00:00\",\"mainEntityOfPage\":{\"@id\":\"https:\/\/www.prijedordanas.com\/?p=92183\"},\"wordCount\":99,\"publisher\":{\"@id\":\"https:\/\/www.prijedordanas.com\/#organization\"},\"keywords\":[\"zemljotres\"],\"articleSection\":[\"Dru\u0161tvo\"],\"inLanguage\":\"en-US\"},{\"@type\":\"WebPage\",\"@id\":\"https:\/\/www.prijedordanas.com\/?p=92183\",\"url\":\"https:\/\/www.prijedordanas.com\/?p=92183\",\"name\":\"NA PODRU\u010cJU PRIJEDORA VE\u010cERAS SE OSJETIO SLABIJI ZEMLJOTRES - PrijedorDanas.com - Prijedorski gradski portal\",\"isPartOf\":{\"@id\":\"https:\/\/www.prijedordanas.com\/#website\"},\"datePublished\":\"2017-11-10T19:47:12+00:00\",\"dateModified\":\"2017-11-10T19:56:31+00:00\",\"breadcrumb\":{\"@id\":\"https:\/\/www.prijedordanas.com\/?p=92183#breadcrumb\"},\"inLanguage\":\"en-US\",\"potentialAction\":[{\"@type\":\"ReadAction\",\"target\":[\"https:\/\/www.prijedordanas.com\/?p=92183\"]}]},{\"@type\":\"BreadcrumbList\",\"@id\":\"https:\/\/www.prijedordanas.com\/?p=92183#breadcrumb\",\"itemListElement\":[{\"@type\":\"ListItem\",\"position\":1,\"name\":\"Home\",\"item\":\"https:\/\/www.prijedordanas.com\/\"},{\"@type\":\"ListItem\",\"position\":2,\"name\":\"NA PODRU\u010cJU PRIJEDORA VE\u010cERAS SE OSJETIO SLABIJI ZEMLJOTRES\"}]},{\"@type\":\"WebSite\",\"@id\":\"https:\/\/www.prijedordanas.com\/#website\",\"url\":\"https:\/\/www.prijedordanas.com\/\",\"name\":\"PrijedorDanas.com - Prijedorski gradski portal\",\"description\":\"Portal o doga\u0111anjima u gradu Prijedoru\",\"publisher\":{\"@id\":\"https:\/\/www.prijedordanas.com\/#organization\"},\"potentialAction\":[{\"@type\":\"SearchAction\",\"target\":{\"@type\":\"EntryPoint\",\"urlTemplate\":\"https:\/\/www.prijedordanas.com\/?s={search_term_string}\"},\"query-input\":\"required name=search_term_string\"}],\"inLanguage\":\"en-US\"},{\"@type\":\"Organization\",\"@id\":\"https:\/\/www.prijedordanas.com\/#organization\",\"name\":\"PrijedorDanas.com\",\"url\":\"https:\/\/www.prijedordanas.com\/\",\"logo\":{\"@type\":\"ImageObject\",\"inLanguage\":\"en-US\",\"@id\":\"https:\/\/www.prijedordanas.com\/#\/schema\/logo\/image\/\",\"url\":\"http:\/\/www.prijedordanas.com\/wp-content\/uploads\/2021\/12\/logopng.png\",\"contentUrl\":\"http:\/\/www.prijedordanas.com\/wp-content\/uploads\/2021\/12\/logopng.png\",\"width\":1019,\"height\":776,\"caption\":\"PrijedorDanas.com\"},\"image\":{\"@id\":\"https:\/\/www.prijedordanas.com\/#\/schema\/logo\/image\/\"},\"sameAs\":[\"https:\/\/www.facebook.com\/PrijedorDanasCom\/\"]},{\"@type\":\"Person\",\"@id\":\"https:\/\/www.prijedordanas.com\/#\/schema\/person\/4e08ccf29b506ca916ff86d46bb700e6\",\"name\":\"admin\",\"image\":{\"@type\":\"ImageObject\",\"inLanguage\":\"en-US\",\"@id\":\"https:\/\/www.prijedordanas.com\/#\/schema\/person\/image\/\",\"url\":\"https:\/\/secure.gravatar.com\/avatar\/1d3fc949d550f0b53a5f0d51e06dfd79?s=96&d=mm&r=g\",\"contentUrl\":\"https:\/\/secure.gravatar.com\/avatar\/1d3fc949d550f0b53a5f0d51e06dfd79?s=96&d=mm&r=g\",\"caption\":\"admin\"},\"url\":\"https:\/\/www.prijedordanas.com\/?author=1\"}]}<\/script>\n<!-- \/ Yoast SEO plugin. -->","yoast_head_json":{"title":"NA PODRU\u010cJU PRIJEDORA VE\u010cERAS SE OSJETIO SLABIJI ZEMLJOTRES - PrijedorDanas.com - Prijedorski gradski portal","robots":{"index":"index","follow":"follow","max-snippet":"max-snippet:-1","max-image-preview":"max-image-preview:large","max-video-preview":"max-video-preview:-1"},"canonical":"https:\/\/www.prijedordanas.com\/?p=92183","og_locale":"en_US","og_type":"article","og_title":"NA PODRU\u010cJU PRIJEDORA VE\u010cERAS SE OSJETIO SLABIJI ZEMLJOTRES - PrijedorDanas.com - Prijedorski gradski portal","og_description":"Na podru\u010dju Prijedora ve\u010deras u 19:19 \u010dasova osjetio se slabiji zemljotres. Prema informaciji iz Hidrometeorolo\u0161kog zavoda Republike Srpske intenzitet zemljotresa bio je magnitude tri stepena po Rihterovoj skali, odnosno intenziteta [&hellip;]","og_url":"https:\/\/www.prijedordanas.com\/?p=92183","og_site_name":"PrijedorDanas.com - Prijedorski gradski portal","article_publisher":"https:\/\/www.facebook.com\/PrijedorDanasCom\/","article_published_time":"2017-11-10T19:47:12+00:00","article_modified_time":"2017-11-10T19:56:31+00:00","og_image":[{"url":"https:\/\/www.prijedordanas.com\/wp-content\/uploads\/2017\/11\/zemljotres-10novembar-300x297.jpg"}],"author":"admin","twitter_card":"summary_large_image","twitter_misc":{"Written by":"admin"},"schema":{"@context":"https:\/\/schema.org","@graph":[{"@type":"Article","@id":"https:\/\/www.prijedordanas.com\/?p=92183#article","isPartOf":{"@id":"https:\/\/www.prijedordanas.com\/?p=92183"},"author":{"name":"admin","@id":"https:\/\/www.prijedordanas.com\/#\/schema\/person\/4e08ccf29b506ca916ff86d46bb700e6"},"headline":"NA PODRU\u010cJU PRIJEDORA VE\u010cERAS SE OSJETIO SLABIJI ZEMLJOTRES","datePublished":"2017-11-10T19:47:12+00:00","dateModified":"2017-11-10T19:56:31+00:00","mainEntityOfPage":{"@id":"https:\/\/www.prijedordanas.com\/?p=92183"},"wordCount":99,"publisher":{"@id":"https:\/\/www.prijedordanas.com\/#organization"},"keywords":["zemljotres"],"articleSection":["Dru\u0161tvo"],"inLanguage":"en-US"},{"@type":"WebPage","@id":"https:\/\/www.prijedordanas.com\/?p=92183","url":"https:\/\/www.prijedordanas.com\/?p=92183","name":"NA PODRU\u010cJU PRIJEDORA VE\u010cERAS SE OSJETIO SLABIJI ZEMLJOTRES - PrijedorDanas.com - Prijedorski gradski portal","isPartOf":{"@id":"https:\/\/www.prijedordanas.com\/#website"},"datePublished":"2017-11-10T19:47:12+00:00","dateModified":"2017-11-10T19:56:31+00:00","breadcrumb":{"@id":"https:\/\/www.prijedordanas.com\/?p=92183#breadcrumb"},"inLanguage":"en-US","potentialAction":[{"@type":"ReadAction","target":["https:\/\/www.prijedordanas.com\/?p=92183"]}]},{"@type":"BreadcrumbList","@id":"https:\/\/www.prijedordanas.com\/?p=92183#breadcrumb","itemListElement":[{"@type":"ListItem","position":1,"name":"Home","item":"https:\/\/www.prijedordanas.com\/"},{"@type":"ListItem","position":2,"name":"NA PODRU\u010cJU PRIJEDORA VE\u010cERAS SE OSJETIO SLABIJI ZEMLJOTRES"}]},{"@type":"WebSite","@id":"https:\/\/www.prijedordanas.com\/#website","url":"https:\/\/www.prijedordanas.com\/","name":"PrijedorDanas.com - Prijedorski gradski portal","description":"Portal o doga\u0111anjima u gradu Prijedoru","publisher":{"@id":"https:\/\/www.prijedordanas.com\/#organization"},"potentialAction":[{"@type":"SearchAction","target":{"@type":"EntryPoint","urlTemplate":"https:\/\/www.prijedordanas.com\/?s={search_term_string}"},"query-input":"required name=search_term_string"}],"inLanguage":"en-US"},{"@type":"Organization","@id":"https:\/\/www.prijedordanas.com\/#organization","name":"PrijedorDanas.com","url":"https:\/\/www.prijedordanas.com\/","logo":{"@type":"ImageObject","inLanguage":"en-US","@id":"https:\/\/www.prijedordanas.com\/#\/schema\/logo\/image\/","url":"http:\/\/www.prijedordanas.com\/wp-content\/uploads\/2021\/12\/logopng.png","contentUrl":"http:\/\/www.prijedordanas.com\/wp-content\/uploads\/2021\/12\/logopng.png","width":1019,"height":776,"caption":"PrijedorDanas.com"},"image":{"@id":"https:\/\/www.prijedordanas.com\/#\/schema\/logo\/image\/"},"sameAs":["https:\/\/www.facebook.com\/PrijedorDanasCom\/"]},{"@type":"Person","@id":"https:\/\/www.prijedordanas.com\/#\/schema\/person\/4e08ccf29b506ca916ff86d46bb700e6","name":"admin","image":{"@type":"ImageObject","inLanguage":"en-US","@id":"https:\/\/www.prijedordanas.com\/#\/schema\/person\/image\/","url":"https:\/\/secure.gravatar.com\/avatar\/1d3fc949d550f0b53a5f0d51e06dfd79?s=96&d=mm&r=g","contentUrl":"https:\/\/secure.gravatar.com\/avatar\/1d3fc949d550f0b53a5f0d51e06dfd79?s=96&d=mm&r=g","caption":"admin"},"url":"https:\/\/www.prijedordanas.com\/?author=1"}]}},"_links":{"self":[{"href":"https:\/\/www.prijedordanas.com\/index.php?rest_route=\/wp\/v2\/posts\/92183"}],"collection":[{"href":"https:\/\/www.prijedordanas.com\/index.php?rest_route=\/wp\/v2\/posts"}],"about":[{"href":"https:\/\/www.prijedordanas.com\/index.php?rest_route=\/wp\/v2\/types\/post"}],"author":[{"embeddable":true,"href":"https:\/\/www.prijedordanas.com\/index.php?rest_route=\/wp\/v2\/users\/1"}],"replies":[{"embeddable":true,"href":"https:\/\/www.prijedordanas.com\/index.php?rest_route=%2Fwp%2Fv2%2Fcomments&post=92183"}],"version-history":[{"count":3,"href":"https:\/\/www.prijedordanas.com\/index.php?rest_route=\/wp\/v2\/posts\/92183\/revisions"}],"predecessor-version":[{"id":92187,"href":"https:\/\/www.prijedordanas.com\/index.php?rest_route=\/wp\/v2\/posts\/92183\/revisions\/92187"}],"wp:attachment":[{"href":"https:\/\/www.prijedordanas.com\/index.php?rest_route=%2Fwp%2Fv2%2Fmedia&parent=92183"}],"wp:term":[{"taxonomy":"category","embeddable":true,"href":"https:\/\/www.prijedordanas.com\/index.php?rest_route=%2Fwp%2Fv2%2Fcategories&post=92183"},{"taxonomy":"post_tag","embeddable":true,"href":"https:\/\/www.prijedordanas.com\/index.php?rest_route=%2Fwp%2Fv2%2Ftags&post=92183"}],"curies":[{"name":"wp","href":"https:\/\/api.w.org\/{rel}","templated":true}]}}