{"id":91950,"date":"2017-11-07T09:10:23","date_gmt":"2017-11-07T08:10:23","guid":{"rendered":"https:\/\/www.prijedordanas.com\/?p=91950"},"modified":"2017-11-07T09:10:23","modified_gmt":"2017-11-07T08:10:23","slug":"prijedorcanin-mladan-lazic-nestao-proslog-cetvrtka-policija-trazi-pomoc-gradana","status":"publish","type":"post","link":"https:\/\/www.prijedordanas.com\/?p=91950","title":{"rendered":"PRIJEDOR\u010cANIN MLA\u0110AN LAZI\u0106 NESTAO PRO\u0160LOG \u010cETVRTKA: POLICIJA TRA\u017dI POMO\u0106 GRA\u0110ANA"},"content":{"rendered":"<p><a href=\"https:\/\/www.prijedordanas.com\/wp-content\/uploads\/2017\/11\/mladjan-lazic-nestanak.jpg\"><img loading=\"lazy\" decoding=\"async\" src=\"https:\/\/www.prijedordanas.com\/wp-content\/uploads\/2017\/11\/mladjan-lazic-nestanak-237x300.jpg\" alt=\"\" width=\"237\" height=\"300\" class=\"alignleft size-medium wp-image-91951\" srcset=\"https:\/\/www.prijedordanas.com\/wp-content\/uploads\/2017\/11\/mladjan-lazic-nestanak-237x300.jpg 237w, https:\/\/www.prijedordanas.com\/wp-content\/uploads\/2017\/11\/mladjan-lazic-nestanak-79x100.jpg 79w, https:\/\/www.prijedordanas.com\/wp-content\/uploads\/2017\/11\/mladjan-lazic-nestanak.jpg 474w\" sizes=\"(max-width: 237px) 100vw, 237px\" \/><\/a>Prijedorska policija i dalje traga za Mla\u0111anom Lazi\u0107em (70) iz ovog grada \u010diji je nestanak prijavljen 3. novembra, nakon \u0161to se dan ranije nije vratio u porodi\u010dnu ku\u0107u u Prijedoru.<\/p>\n<p>Iz Policijske uprave Prijedor navode da je, prema izjavi \u010dlanova porodice koji su prijavili nestanak, Mla\u0111an visine oko 175 centimetara, srednje tjelesne konstitucije te da ima sijedu kosu.<\/p>\n<p>&#8220;Pri odlasku od ku\u0107e navedenog dana na sebi je imao crnu ko\u017enu jaknu i plave hla\u010de, nosio je za\u0161titne nao\u010dale, dok je ispod oka imao vidan krvni podliv-hematom&#8221;, navode iz policije.<\/p>\n<p>Policija je pozvala gra\u0111ane da ukoliko uo\u010de mu\u0161karca sa fotografije ili imaju bilo kakvu informaciju o njegovoj mogu\u0107oj lokaciji, obavijeste najbli\u017eu policijsku stanicu ili pozovu servisni broj 122.<\/p>\n<p>Oslobo\u0111enje<\/p>\n<p><a href=\"https:\/\/www.prijedordanas.com\/wp-content\/uploads\/2017\/11\/mladjan-lazic.jpg\"><img loading=\"lazy\" decoding=\"async\" src=\"https:\/\/www.prijedordanas.com\/wp-content\/uploads\/2017\/11\/mladjan-lazic-268x300.jpg\" alt=\"\" width=\"268\" height=\"300\" class=\"alignleft size-medium wp-image-91755\" srcset=\"https:\/\/www.prijedordanas.com\/wp-content\/uploads\/2017\/11\/mladjan-lazic-268x300.jpg 268w, https:\/\/www.prijedordanas.com\/wp-content\/uploads\/2017\/11\/mladjan-lazic-89x100.jpg 89w, https:\/\/www.prijedordanas.com\/wp-content\/uploads\/2017\/11\/mladjan-lazic.jpg 536w\" sizes=\"(max-width: 268px) 100vw, 268px\" \/><\/a><\/p>\n","protected":false},"excerpt":{"rendered":"<p>Prijedorska policija i dalje traga za Mla\u0111anom Lazi\u0107em (70) iz ovog grada \u010diji je nestanak prijavljen 3. novembra, nakon \u0161to se dan ranije nije vratio u porodi\u010dnu ku\u0107u u Prijedoru. [&hellip;]<\/p>\n","protected":false},"author":1,"featured_media":0,"comment_status":"closed","ping_status":"open","sticky":false,"template":"","format":"standard","meta":{"_monsterinsights_skip_tracking":false,"_monsterinsights_sitenote_active":false,"_monsterinsights_sitenote_note":"","_monsterinsights_sitenote_category":0,"footnotes":""},"categories":[5],"tags":[10131],"yoast_head":"<!-- This site is optimized with the Yoast SEO plugin v21.6 - https:\/\/yoast.com\/wordpress\/plugins\/seo\/ -->\n<title>PRIJEDOR\u010cANIN MLA\u0110AN LAZI\u0106 NESTAO PRO\u0160LOG \u010cETVRTKA: POLICIJA TRA\u017dI POMO\u0106 GRA\u0110ANA - PrijedorDanas.com - Prijedorski gradski portal<\/title>\n<meta name=\"robots\" content=\"index, follow, max-snippet:-1, max-image-preview:large, max-video-preview:-1\" \/>\n<link rel=\"canonical\" href=\"https:\/\/www.prijedordanas.com\/?p=91950\" \/>\n<meta property=\"og:locale\" content=\"en_US\" \/>\n<meta property=\"og:type\" content=\"article\" \/>\n<meta property=\"og:title\" content=\"PRIJEDOR\u010cANIN MLA\u0110AN LAZI\u0106 NESTAO PRO\u0160LOG \u010cETVRTKA: POLICIJA TRA\u017dI POMO\u0106 GRA\u0110ANA - PrijedorDanas.com - Prijedorski gradski portal\" \/>\n<meta property=\"og:description\" content=\"Prijedorska policija i dalje traga za Mla\u0111anom Lazi\u0107em (70) iz ovog grada \u010diji je nestanak prijavljen 3. novembra, nakon \u0161to se dan ranije nije vratio u porodi\u010dnu ku\u0107u u Prijedoru. [&hellip;]\" \/>\n<meta property=\"og:url\" content=\"https:\/\/www.prijedordanas.com\/?p=91950\" \/>\n<meta property=\"og:site_name\" content=\"PrijedorDanas.com - Prijedorski gradski portal\" \/>\n<meta property=\"article:publisher\" content=\"https:\/\/www.facebook.com\/PrijedorDanasCom\/\" \/>\n<meta property=\"article:published_time\" content=\"2017-11-07T08:10:23+00:00\" \/>\n<meta property=\"og:image\" content=\"https:\/\/www.prijedordanas.com\/wp-content\/uploads\/2017\/11\/mladjan-lazic-nestanak-237x300.jpg\" \/>\n<meta name=\"author\" content=\"admin\" \/>\n<meta name=\"twitter:card\" content=\"summary_large_image\" \/>\n<meta name=\"twitter:label1\" content=\"Written by\" \/>\n\t<meta name=\"twitter:data1\" content=\"admin\" \/>\n\t<meta name=\"twitter:label2\" content=\"Est. reading time\" \/>\n\t<meta name=\"twitter:data2\" content=\"1 minute\" \/>\n<script type=\"application\/ld+json\" class=\"yoast-schema-graph\">{\"@context\":\"https:\/\/schema.org\",\"@graph\":[{\"@type\":\"Article\",\"@id\":\"https:\/\/www.prijedordanas.com\/?p=91950#article\",\"isPartOf\":{\"@id\":\"https:\/\/www.prijedordanas.com\/?p=91950\"},\"author\":{\"name\":\"admin\",\"@id\":\"https:\/\/www.prijedordanas.com\/#\/schema\/person\/4e08ccf29b506ca916ff86d46bb700e6\"},\"headline\":\"PRIJEDOR\u010cANIN MLA\u0110AN LAZI\u0106 NESTAO PRO\u0160LOG \u010cETVRTKA: POLICIJA TRA\u017dI POMO\u0106 GRA\u0110ANA\",\"datePublished\":\"2017-11-07T08:10:23+00:00\",\"dateModified\":\"2017-11-07T08:10:23+00:00\",\"mainEntityOfPage\":{\"@id\":\"https:\/\/www.prijedordanas.com\/?p=91950\"},\"wordCount\":145,\"publisher\":{\"@id\":\"https:\/\/www.prijedordanas.com\/#organization\"},\"keywords\":[\"Mla\u0111an Lazi\u0107\"],\"articleSection\":[\"Hronika\"],\"inLanguage\":\"en-US\"},{\"@type\":\"WebPage\",\"@id\":\"https:\/\/www.prijedordanas.com\/?p=91950\",\"url\":\"https:\/\/www.prijedordanas.com\/?p=91950\",\"name\":\"PRIJEDOR\u010cANIN MLA\u0110AN LAZI\u0106 NESTAO PRO\u0160LOG \u010cETVRTKA: POLICIJA TRA\u017dI POMO\u0106 GRA\u0110ANA - PrijedorDanas.com - Prijedorski gradski portal\",\"isPartOf\":{\"@id\":\"https:\/\/www.prijedordanas.com\/#website\"},\"datePublished\":\"2017-11-07T08:10:23+00:00\",\"dateModified\":\"2017-11-07T08:10:23+00:00\",\"breadcrumb\":{\"@id\":\"https:\/\/www.prijedordanas.com\/?p=91950#breadcrumb\"},\"inLanguage\":\"en-US\",\"potentialAction\":[{\"@type\":\"ReadAction\",\"target\":[\"https:\/\/www.prijedordanas.com\/?p=91950\"]}]},{\"@type\":\"BreadcrumbList\",\"@id\":\"https:\/\/www.prijedordanas.com\/?p=91950#breadcrumb\",\"itemListElement\":[{\"@type\":\"ListItem\",\"position\":1,\"name\":\"Home\",\"item\":\"https:\/\/www.prijedordanas.com\/\"},{\"@type\":\"ListItem\",\"position\":2,\"name\":\"PRIJEDOR\u010cANIN MLA\u0110AN LAZI\u0106 NESTAO PRO\u0160LOG \u010cETVRTKA: POLICIJA TRA\u017dI POMO\u0106 GRA\u0110ANA\"}]},{\"@type\":\"WebSite\",\"@id\":\"https:\/\/www.prijedordanas.com\/#website\",\"url\":\"https:\/\/www.prijedordanas.com\/\",\"name\":\"PrijedorDanas.com - Prijedorski gradski portal\",\"description\":\"Portal o doga\u0111anjima u gradu Prijedoru\",\"publisher\":{\"@id\":\"https:\/\/www.prijedordanas.com\/#organization\"},\"potentialAction\":[{\"@type\":\"SearchAction\",\"target\":{\"@type\":\"EntryPoint\",\"urlTemplate\":\"https:\/\/www.prijedordanas.com\/?s={search_term_string}\"},\"query-input\":\"required name=search_term_string\"}],\"inLanguage\":\"en-US\"},{\"@type\":\"Organization\",\"@id\":\"https:\/\/www.prijedordanas.com\/#organization\",\"name\":\"PrijedorDanas.com\",\"url\":\"https:\/\/www.prijedordanas.com\/\",\"logo\":{\"@type\":\"ImageObject\",\"inLanguage\":\"en-US\",\"@id\":\"https:\/\/www.prijedordanas.com\/#\/schema\/logo\/image\/\",\"url\":\"http:\/\/www.prijedordanas.com\/wp-content\/uploads\/2021\/12\/logopng.png\",\"contentUrl\":\"http:\/\/www.prijedordanas.com\/wp-content\/uploads\/2021\/12\/logopng.png\",\"width\":1019,\"height\":776,\"caption\":\"PrijedorDanas.com\"},\"image\":{\"@id\":\"https:\/\/www.prijedordanas.com\/#\/schema\/logo\/image\/\"},\"sameAs\":[\"https:\/\/www.facebook.com\/PrijedorDanasCom\/\"]},{\"@type\":\"Person\",\"@id\":\"https:\/\/www.prijedordanas.com\/#\/schema\/person\/4e08ccf29b506ca916ff86d46bb700e6\",\"name\":\"admin\",\"image\":{\"@type\":\"ImageObject\",\"inLanguage\":\"en-US\",\"@id\":\"https:\/\/www.prijedordanas.com\/#\/schema\/person\/image\/\",\"url\":\"https:\/\/secure.gravatar.com\/avatar\/1d3fc949d550f0b53a5f0d51e06dfd79?s=96&d=mm&r=g\",\"contentUrl\":\"https:\/\/secure.gravatar.com\/avatar\/1d3fc949d550f0b53a5f0d51e06dfd79?s=96&d=mm&r=g\",\"caption\":\"admin\"},\"url\":\"https:\/\/www.prijedordanas.com\/?author=1\"}]}<\/script>\n<!-- \/ Yoast SEO plugin. -->","yoast_head_json":{"title":"PRIJEDOR\u010cANIN MLA\u0110AN LAZI\u0106 NESTAO PRO\u0160LOG \u010cETVRTKA: POLICIJA TRA\u017dI POMO\u0106 GRA\u0110ANA - PrijedorDanas.com - Prijedorski gradski portal","robots":{"index":"index","follow":"follow","max-snippet":"max-snippet:-1","max-image-preview":"max-image-preview:large","max-video-preview":"max-video-preview:-1"},"canonical":"https:\/\/www.prijedordanas.com\/?p=91950","og_locale":"en_US","og_type":"article","og_title":"PRIJEDOR\u010cANIN MLA\u0110AN LAZI\u0106 NESTAO PRO\u0160LOG \u010cETVRTKA: POLICIJA TRA\u017dI POMO\u0106 GRA\u0110ANA - PrijedorDanas.com - Prijedorski gradski portal","og_description":"Prijedorska policija i dalje traga za Mla\u0111anom Lazi\u0107em (70) iz ovog grada \u010diji je nestanak prijavljen 3. novembra, nakon \u0161to se dan ranije nije vratio u porodi\u010dnu ku\u0107u u Prijedoru. [&hellip;]","og_url":"https:\/\/www.prijedordanas.com\/?p=91950","og_site_name":"PrijedorDanas.com - Prijedorski gradski portal","article_publisher":"https:\/\/www.facebook.com\/PrijedorDanasCom\/","article_published_time":"2017-11-07T08:10:23+00:00","og_image":[{"url":"https:\/\/www.prijedordanas.com\/wp-content\/uploads\/2017\/11\/mladjan-lazic-nestanak-237x300.jpg"}],"author":"admin","twitter_card":"summary_large_image","twitter_misc":{"Written by":"admin","Est. reading time":"1 minute"},"schema":{"@context":"https:\/\/schema.org","@graph":[{"@type":"Article","@id":"https:\/\/www.prijedordanas.com\/?p=91950#article","isPartOf":{"@id":"https:\/\/www.prijedordanas.com\/?p=91950"},"author":{"name":"admin","@id":"https:\/\/www.prijedordanas.com\/#\/schema\/person\/4e08ccf29b506ca916ff86d46bb700e6"},"headline":"PRIJEDOR\u010cANIN MLA\u0110AN LAZI\u0106 NESTAO PRO\u0160LOG \u010cETVRTKA: POLICIJA TRA\u017dI POMO\u0106 GRA\u0110ANA","datePublished":"2017-11-07T08:10:23+00:00","dateModified":"2017-11-07T08:10:23+00:00","mainEntityOfPage":{"@id":"https:\/\/www.prijedordanas.com\/?p=91950"},"wordCount":145,"publisher":{"@id":"https:\/\/www.prijedordanas.com\/#organization"},"keywords":["Mla\u0111an Lazi\u0107"],"articleSection":["Hronika"],"inLanguage":"en-US"},{"@type":"WebPage","@id":"https:\/\/www.prijedordanas.com\/?p=91950","url":"https:\/\/www.prijedordanas.com\/?p=91950","name":"PRIJEDOR\u010cANIN MLA\u0110AN LAZI\u0106 NESTAO PRO\u0160LOG \u010cETVRTKA: POLICIJA TRA\u017dI POMO\u0106 GRA\u0110ANA - PrijedorDanas.com - Prijedorski gradski portal","isPartOf":{"@id":"https:\/\/www.prijedordanas.com\/#website"},"datePublished":"2017-11-07T08:10:23+00:00","dateModified":"2017-11-07T08:10:23+00:00","breadcrumb":{"@id":"https:\/\/www.prijedordanas.com\/?p=91950#breadcrumb"},"inLanguage":"en-US","potentialAction":[{"@type":"ReadAction","target":["https:\/\/www.prijedordanas.com\/?p=91950"]}]},{"@type":"BreadcrumbList","@id":"https:\/\/www.prijedordanas.com\/?p=91950#breadcrumb","itemListElement":[{"@type":"ListItem","position":1,"name":"Home","item":"https:\/\/www.prijedordanas.com\/"},{"@type":"ListItem","position":2,"name":"PRIJEDOR\u010cANIN MLA\u0110AN LAZI\u0106 NESTAO PRO\u0160LOG \u010cETVRTKA: POLICIJA TRA\u017dI POMO\u0106 GRA\u0110ANA"}]},{"@type":"WebSite","@id":"https:\/\/www.prijedordanas.com\/#website","url":"https:\/\/www.prijedordanas.com\/","name":"PrijedorDanas.com - Prijedorski gradski portal","description":"Portal o doga\u0111anjima u gradu Prijedoru","publisher":{"@id":"https:\/\/www.prijedordanas.com\/#organization"},"potentialAction":[{"@type":"SearchAction","target":{"@type":"EntryPoint","urlTemplate":"https:\/\/www.prijedordanas.com\/?s={search_term_string}"},"query-input":"required name=search_term_string"}],"inLanguage":"en-US"},{"@type":"Organization","@id":"https:\/\/www.prijedordanas.com\/#organization","name":"PrijedorDanas.com","url":"https:\/\/www.prijedordanas.com\/","logo":{"@type":"ImageObject","inLanguage":"en-US","@id":"https:\/\/www.prijedordanas.com\/#\/schema\/logo\/image\/","url":"http:\/\/www.prijedordanas.com\/wp-content\/uploads\/2021\/12\/logopng.png","contentUrl":"http:\/\/www.prijedordanas.com\/wp-content\/uploads\/2021\/12\/logopng.png","width":1019,"height":776,"caption":"PrijedorDanas.com"},"image":{"@id":"https:\/\/www.prijedordanas.com\/#\/schema\/logo\/image\/"},"sameAs":["https:\/\/www.facebook.com\/PrijedorDanasCom\/"]},{"@type":"Person","@id":"https:\/\/www.prijedordanas.com\/#\/schema\/person\/4e08ccf29b506ca916ff86d46bb700e6","name":"admin","image":{"@type":"ImageObject","inLanguage":"en-US","@id":"https:\/\/www.prijedordanas.com\/#\/schema\/person\/image\/","url":"https:\/\/secure.gravatar.com\/avatar\/1d3fc949d550f0b53a5f0d51e06dfd79?s=96&d=mm&r=g","contentUrl":"https:\/\/secure.gravatar.com\/avatar\/1d3fc949d550f0b53a5f0d51e06dfd79?s=96&d=mm&r=g","caption":"admin"},"url":"https:\/\/www.prijedordanas.com\/?author=1"}]}},"_links":{"self":[{"href":"https:\/\/www.prijedordanas.com\/index.php?rest_route=\/wp\/v2\/posts\/91950"}],"collection":[{"href":"https:\/\/www.prijedordanas.com\/index.php?rest_route=\/wp\/v2\/posts"}],"about":[{"href":"https:\/\/www.prijedordanas.com\/index.php?rest_route=\/wp\/v2\/types\/post"}],"author":[{"embeddable":true,"href":"https:\/\/www.prijedordanas.com\/index.php?rest_route=\/wp\/v2\/users\/1"}],"replies":[{"embeddable":true,"href":"https:\/\/www.prijedordanas.com\/index.php?rest_route=%2Fwp%2Fv2%2Fcomments&post=91950"}],"version-history":[{"count":1,"href":"https:\/\/www.prijedordanas.com\/index.php?rest_route=\/wp\/v2\/posts\/91950\/revisions"}],"predecessor-version":[{"id":91952,"href":"https:\/\/www.prijedordanas.com\/index.php?rest_route=\/wp\/v2\/posts\/91950\/revisions\/91952"}],"wp:attachment":[{"href":"https:\/\/www.prijedordanas.com\/index.php?rest_route=%2Fwp%2Fv2%2Fmedia&parent=91950"}],"wp:term":[{"taxonomy":"category","embeddable":true,"href":"https:\/\/www.prijedordanas.com\/index.php?rest_route=%2Fwp%2Fv2%2Fcategories&post=91950"},{"taxonomy":"post_tag","embeddable":true,"href":"https:\/\/www.prijedordanas.com\/index.php?rest_route=%2Fwp%2Fv2%2Ftags&post=91950"}],"curies":[{"name":"wp","href":"https:\/\/api.w.org\/{rel}","templated":true}]}}