{"id":91719,"date":"2017-11-04T08:14:36","date_gmt":"2017-11-04T07:14:36","guid":{"rendered":"https:\/\/www.prijedordanas.com\/?p=91719"},"modified":"2017-11-04T08:14:36","modified_gmt":"2017-11-04T07:14:36","slug":"sudenje-mrda-ostali-ubistva-na-putu-u-logor-manjaca","status":"publish","type":"post","link":"https:\/\/www.prijedordanas.com\/?p=91719","title":{"rendered":"SU\u0110ENJE MR\u0110A I OSTALI: UBISTVA NA PUTU U LOGOR MANJA\u010cA"},"content":{"rendered":"<p><a href=\"https:\/\/www.prijedordanas.com\/wp-content\/uploads\/2017\/01\/sud-bih-sudnica-1.jpg\"><img loading=\"lazy\" decoding=\"async\" src=\"https:\/\/www.prijedordanas.com\/wp-content\/uploads\/2017\/01\/sud-bih-sudnica-1-300x231.jpg\" alt=\"\" width=\"300\" height=\"231\" class=\"alignleft size-medium wp-image-72424\" srcset=\"https:\/\/www.prijedordanas.com\/wp-content\/uploads\/2017\/01\/sud-bih-sudnica-1-300x231.jpg 300w, https:\/\/www.prijedordanas.com\/wp-content\/uploads\/2017\/01\/sud-bih-sudnica-1-100x77.jpg 100w, https:\/\/www.prijedordanas.com\/wp-content\/uploads\/2017\/01\/sud-bih-sudnica-1.jpg 650w\" sizes=\"(max-width: 300px) 100vw, 300px\" \/><\/a>U nastavku su\u0111enja za ratni zlo\u010din po\u010dinjen na podru\u010dju op\u0161tine Prijedor, svjedok Tu\u017eila\u0161tva BiH je kazao da je Nezir Krak fizi\u010dki maltretiran u logoru Omarska, a ubijen je na putu iz Omarske u logor Manja\u010du i zajedno s jo\u0161 nekoliko tijela ba\u010den u vodu.<\/p>\n<p>Svjedokinja S-15 je rekla da je od inspektora u Banjoj Luci saznala da Krak nije primljen na Manja\u010du jer nije bio \u017eiv.<\/p>\n<p>\u201cPokazao mi je sliku Nezira i prepoznala sam ga. Rekao mi je da su na tijelu bili vidljivi tragovi premla\u0107ivanja i da je imao ubodne rane na grudima\u201d, prisjetila se S-15 i dodala da je na tim fotografijama prepoznala jo\u0161 neke mu\u0161karce iz Prijedora.<\/p>\n<p>Svjedokinja je izjavila da ne poznaje Zorana Babi\u0107a, kojem se sudi zajedno s Darkom Mr\u0111om i Radenkom Marinovi\u0107em za ubistva, prisilne nestanke i ne\u010dovje\u010dno postupanje 1992. godine na podru\u010dju op\u0161tine Prijedor.<\/p>\n<p>Drugi svjedok, Jugoslav Toma\u0161evi\u0107, kazao je da je kao policajac boravio na punktu u Karanovcu, kada je usporilo jedno slu\u017ebeno policijsko vozilo i \u201ctami\u0107\u201d, na kome je primijetio ne\u0161to sumnjivo.<\/p>\n<p>\u201cVidio sam da ima ljudi na tovarnom sanduku kamiona. Pro\u0161li su u pravcu Bo\u010dca. (\u2026) Kad su se vratili, mislim da sam ih ja zaustavio i neko iz vozila je rekao da su pogrije\u0161ili put\u201d, ispri\u010dao je.<\/p>\n<p><a href=\"https:\/\/www.prijedordanas.com\/wp-content\/uploads\/2016\/02\/sud-bih-2-2.jpg\"><img loading=\"lazy\" decoding=\"async\" src=\"https:\/\/www.prijedordanas.com\/wp-content\/uploads\/2016\/02\/sud-bih-2-2-300x225.jpg\" alt=\"\" width=\"300\" height=\"225\" class=\"alignleft size-medium wp-image-41824\" srcset=\"https:\/\/www.prijedordanas.com\/wp-content\/uploads\/2016\/02\/sud-bih-2-2-300x225.jpg 300w, https:\/\/www.prijedordanas.com\/wp-content\/uploads\/2016\/02\/sud-bih-2-2.jpg 500w\" sizes=\"(max-width: 300px) 100vw, 300px\" \/><\/a>Zbog sumnje svjedok je oti\u0161ao u pravcu odakle su i\u0161la ta vozila i vidio krv na cesti i nekoliko tijela. Tvrdi da je obavijestio policijsku stanicu i sa\u010dinio slu\u017ebenu zabilje\u0161ku.<\/p>\n<p>Prema Tu\u017eila\u0161tvu, u zabilje\u0161ci od 8. augusta 1992., ovaj svjedok je napisao da su u slu\u017ebenom vozilu bili Vlado \u0160obot i Bo\u0161ko Grabe\u017e, te da je vidio pet ili \u0161est le\u0161eva kod Vrbasa, a na su\u0111enju je Toma\u0161evi\u0107 rekao da se ne sje\u0107a detalja.<\/p>\n<p>Milo\u0161 Miki\u0107, tre\u0107i svjedok, je ispri\u010dao da je vozio jedan od autobusa iz Omarske na Manja\u010du, te da su u pratnji bili policijsko, borbeno oklopno vozilo i \u201ctami\u0107\u201d. Prema njemu, u borbenom oklopnom vozilu su se nalazili pripadnici rezervne policije ili interventnog voda u plavim maskirnim uniformama.<\/p>\n<p>\u201cJa nisam znao te momke, ali \u010duo sam da je bio Dado Mr\u0111a\u201d, naveo je Miki\u0107.<\/p>\n<p>On je izjavio da ne zna da je bilo premla\u0107ivanja u autobusima, te da on u svom nije palio grijanje, jer je bio juli. Dodao je da su se zarobljenici normalno vozili, te da je on po dolasku na Manja\u010du isklju\u010dio svoj autobus, ostavio otvorena vrata i oti\u0161ao spavati u \u0161ator.<\/p>\n<p>\u201cUjutro sam \u010duo da je bilo maltretiranja i ubistava tokom no\u0107i\u201d, kazao je svjedok.<\/p>\n<p>Na ovom ro\u010di\u0161tu su pro\u010ditana dva zapisnika iz istrage svjedoka Muharema Murselovi\u0107a, koji je u me\u0111uvremenu preminuo. Murselovi\u0107 je naveo da je nakon fizi\u010dkog maltretiranja u Omarskoj zajedno s oko 1.300 drugih mu\u0161karaca preba\u010den u nehumanim uslovima na Manja\u010du.<\/p>\n<p>\u201cTokom no\u0107i na Manja\u010di iz mog autobusa je neko prozvao Dedu Crnali\u0107a \u2018da od njega napravi \u0107evape\u2019. \u010culo se Dedino jaukanje, a nakon toga je uba\u010den u autobus\u201d, naveo je Murselovi\u0107, uz obja\u0161njenje da je Crnali\u0107 potom preminuo.<\/p>\n<p>Svjedok je rekao da je \u010duo i da su jo\u0161 neki zarobljenici iz drugih autobusa ubijeni tokom no\u0107i, a ujutro je vidio osam do deset tijela.<\/p>\n<p>Odbrana bi svjedoka da je \u017eiv ispitivala na okolnosti bezbjednosne situacije u Prijedoru, s obzirom da je bio \u010dlan Stranke demokratske akcije (SDA), kao i na okolnosti koje se ti\u010du doga\u0111aja u Omarskoj i Manja\u010di.<\/p>\n<p>Su\u0111enje se nastavlja 17. novembra.<\/p>\n<p>BIRN<\/p>\n","protected":false},"excerpt":{"rendered":"<p>U nastavku su\u0111enja za ratni zlo\u010din po\u010dinjen na podru\u010dju op\u0161tine Prijedor, svjedok Tu\u017eila\u0161tva BiH je kazao da je Nezir Krak fizi\u010dki maltretiran u logoru Omarska, a ubijen je na putu [&hellip;]<\/p>\n","protected":false},"author":1,"featured_media":0,"comment_status":"closed","ping_status":"open","sticky":false,"template":"","format":"standard","meta":{"_monsterinsights_skip_tracking":false,"_monsterinsights_sitenote_active":false,"_monsterinsights_sitenote_note":"","_monsterinsights_sitenote_category":0,"footnotes":""},"categories":[5],"tags":[531],"yoast_head":"<!-- This site is optimized with the Yoast SEO plugin v21.6 - https:\/\/yoast.com\/wordpress\/plugins\/seo\/ -->\n<title>SU\u0110ENJE MR\u0110A I OSTALI: UBISTVA NA PUTU U LOGOR MANJA\u010cA - PrijedorDanas.com - Prijedorski gradski portal<\/title>\n<meta name=\"robots\" content=\"index, follow, max-snippet:-1, max-image-preview:large, max-video-preview:-1\" \/>\n<link rel=\"canonical\" href=\"https:\/\/www.prijedordanas.com\/?p=91719\" \/>\n<meta property=\"og:locale\" content=\"en_US\" \/>\n<meta property=\"og:type\" content=\"article\" \/>\n<meta property=\"og:title\" content=\"SU\u0110ENJE MR\u0110A I OSTALI: UBISTVA NA PUTU U LOGOR MANJA\u010cA - PrijedorDanas.com - Prijedorski gradski portal\" \/>\n<meta property=\"og:description\" content=\"U nastavku su\u0111enja za ratni zlo\u010din po\u010dinjen na podru\u010dju op\u0161tine Prijedor, svjedok Tu\u017eila\u0161tva BiH je kazao da je Nezir Krak fizi\u010dki maltretiran u logoru Omarska, a ubijen je na putu [&hellip;]\" \/>\n<meta property=\"og:url\" content=\"https:\/\/www.prijedordanas.com\/?p=91719\" \/>\n<meta property=\"og:site_name\" content=\"PrijedorDanas.com - Prijedorski gradski portal\" \/>\n<meta property=\"article:publisher\" content=\"https:\/\/www.facebook.com\/PrijedorDanasCom\/\" \/>\n<meta property=\"article:published_time\" content=\"2017-11-04T07:14:36+00:00\" \/>\n<meta property=\"og:image\" content=\"https:\/\/www.prijedordanas.com\/wp-content\/uploads\/2017\/01\/sud-bih-sudnica-1-300x231.jpg\" \/>\n<meta name=\"author\" content=\"admin\" \/>\n<meta name=\"twitter:card\" content=\"summary_large_image\" \/>\n<meta name=\"twitter:label1\" content=\"Written by\" \/>\n\t<meta name=\"twitter:data1\" content=\"admin\" \/>\n\t<meta name=\"twitter:label2\" content=\"Est. reading time\" \/>\n\t<meta name=\"twitter:data2\" content=\"3 minutes\" \/>\n<script type=\"application\/ld+json\" class=\"yoast-schema-graph\">{\"@context\":\"https:\/\/schema.org\",\"@graph\":[{\"@type\":\"Article\",\"@id\":\"https:\/\/www.prijedordanas.com\/?p=91719#article\",\"isPartOf\":{\"@id\":\"https:\/\/www.prijedordanas.com\/?p=91719\"},\"author\":{\"name\":\"admin\",\"@id\":\"https:\/\/www.prijedordanas.com\/#\/schema\/person\/4e08ccf29b506ca916ff86d46bb700e6\"},\"headline\":\"SU\u0110ENJE MR\u0110A I OSTALI: UBISTVA NA PUTU U LOGOR MANJA\u010cA\",\"datePublished\":\"2017-11-04T07:14:36+00:00\",\"dateModified\":\"2017-11-04T07:14:36+00:00\",\"mainEntityOfPage\":{\"@id\":\"https:\/\/www.prijedordanas.com\/?p=91719\"},\"wordCount\":630,\"publisher\":{\"@id\":\"https:\/\/www.prijedordanas.com\/#organization\"},\"keywords\":[\"Sud BiH\"],\"articleSection\":[\"Hronika\"],\"inLanguage\":\"en-US\"},{\"@type\":\"WebPage\",\"@id\":\"https:\/\/www.prijedordanas.com\/?p=91719\",\"url\":\"https:\/\/www.prijedordanas.com\/?p=91719\",\"name\":\"SU\u0110ENJE MR\u0110A I OSTALI: UBISTVA NA PUTU U LOGOR MANJA\u010cA - PrijedorDanas.com - Prijedorski gradski portal\",\"isPartOf\":{\"@id\":\"https:\/\/www.prijedordanas.com\/#website\"},\"datePublished\":\"2017-11-04T07:14:36+00:00\",\"dateModified\":\"2017-11-04T07:14:36+00:00\",\"breadcrumb\":{\"@id\":\"https:\/\/www.prijedordanas.com\/?p=91719#breadcrumb\"},\"inLanguage\":\"en-US\",\"potentialAction\":[{\"@type\":\"ReadAction\",\"target\":[\"https:\/\/www.prijedordanas.com\/?p=91719\"]}]},{\"@type\":\"BreadcrumbList\",\"@id\":\"https:\/\/www.prijedordanas.com\/?p=91719#breadcrumb\",\"itemListElement\":[{\"@type\":\"ListItem\",\"position\":1,\"name\":\"Home\",\"item\":\"https:\/\/www.prijedordanas.com\/\"},{\"@type\":\"ListItem\",\"position\":2,\"name\":\"SU\u0110ENJE MR\u0110A I OSTALI: UBISTVA NA PUTU U LOGOR MANJA\u010cA\"}]},{\"@type\":\"WebSite\",\"@id\":\"https:\/\/www.prijedordanas.com\/#website\",\"url\":\"https:\/\/www.prijedordanas.com\/\",\"name\":\"PrijedorDanas.com - Prijedorski gradski portal\",\"description\":\"Portal o doga\u0111anjima u gradu Prijedoru\",\"publisher\":{\"@id\":\"https:\/\/www.prijedordanas.com\/#organization\"},\"potentialAction\":[{\"@type\":\"SearchAction\",\"target\":{\"@type\":\"EntryPoint\",\"urlTemplate\":\"https:\/\/www.prijedordanas.com\/?s={search_term_string}\"},\"query-input\":\"required name=search_term_string\"}],\"inLanguage\":\"en-US\"},{\"@type\":\"Organization\",\"@id\":\"https:\/\/www.prijedordanas.com\/#organization\",\"name\":\"PrijedorDanas.com\",\"url\":\"https:\/\/www.prijedordanas.com\/\",\"logo\":{\"@type\":\"ImageObject\",\"inLanguage\":\"en-US\",\"@id\":\"https:\/\/www.prijedordanas.com\/#\/schema\/logo\/image\/\",\"url\":\"http:\/\/www.prijedordanas.com\/wp-content\/uploads\/2021\/12\/logopng.png\",\"contentUrl\":\"http:\/\/www.prijedordanas.com\/wp-content\/uploads\/2021\/12\/logopng.png\",\"width\":1019,\"height\":776,\"caption\":\"PrijedorDanas.com\"},\"image\":{\"@id\":\"https:\/\/www.prijedordanas.com\/#\/schema\/logo\/image\/\"},\"sameAs\":[\"https:\/\/www.facebook.com\/PrijedorDanasCom\/\"]},{\"@type\":\"Person\",\"@id\":\"https:\/\/www.prijedordanas.com\/#\/schema\/person\/4e08ccf29b506ca916ff86d46bb700e6\",\"name\":\"admin\",\"image\":{\"@type\":\"ImageObject\",\"inLanguage\":\"en-US\",\"@id\":\"https:\/\/www.prijedordanas.com\/#\/schema\/person\/image\/\",\"url\":\"https:\/\/secure.gravatar.com\/avatar\/1d3fc949d550f0b53a5f0d51e06dfd79?s=96&d=mm&r=g\",\"contentUrl\":\"https:\/\/secure.gravatar.com\/avatar\/1d3fc949d550f0b53a5f0d51e06dfd79?s=96&d=mm&r=g\",\"caption\":\"admin\"},\"url\":\"https:\/\/www.prijedordanas.com\/?author=1\"}]}<\/script>\n<!-- \/ Yoast SEO plugin. -->","yoast_head_json":{"title":"SU\u0110ENJE MR\u0110A I OSTALI: UBISTVA NA PUTU U LOGOR MANJA\u010cA - PrijedorDanas.com - Prijedorski gradski portal","robots":{"index":"index","follow":"follow","max-snippet":"max-snippet:-1","max-image-preview":"max-image-preview:large","max-video-preview":"max-video-preview:-1"},"canonical":"https:\/\/www.prijedordanas.com\/?p=91719","og_locale":"en_US","og_type":"article","og_title":"SU\u0110ENJE MR\u0110A I OSTALI: UBISTVA NA PUTU U LOGOR MANJA\u010cA - PrijedorDanas.com - Prijedorski gradski portal","og_description":"U nastavku su\u0111enja za ratni zlo\u010din po\u010dinjen na podru\u010dju op\u0161tine Prijedor, svjedok Tu\u017eila\u0161tva BiH je kazao da je Nezir Krak fizi\u010dki maltretiran u logoru Omarska, a ubijen je na putu [&hellip;]","og_url":"https:\/\/www.prijedordanas.com\/?p=91719","og_site_name":"PrijedorDanas.com - Prijedorski gradski portal","article_publisher":"https:\/\/www.facebook.com\/PrijedorDanasCom\/","article_published_time":"2017-11-04T07:14:36+00:00","og_image":[{"url":"https:\/\/www.prijedordanas.com\/wp-content\/uploads\/2017\/01\/sud-bih-sudnica-1-300x231.jpg"}],"author":"admin","twitter_card":"summary_large_image","twitter_misc":{"Written by":"admin","Est. reading time":"3 minutes"},"schema":{"@context":"https:\/\/schema.org","@graph":[{"@type":"Article","@id":"https:\/\/www.prijedordanas.com\/?p=91719#article","isPartOf":{"@id":"https:\/\/www.prijedordanas.com\/?p=91719"},"author":{"name":"admin","@id":"https:\/\/www.prijedordanas.com\/#\/schema\/person\/4e08ccf29b506ca916ff86d46bb700e6"},"headline":"SU\u0110ENJE MR\u0110A I OSTALI: UBISTVA NA PUTU U LOGOR MANJA\u010cA","datePublished":"2017-11-04T07:14:36+00:00","dateModified":"2017-11-04T07:14:36+00:00","mainEntityOfPage":{"@id":"https:\/\/www.prijedordanas.com\/?p=91719"},"wordCount":630,"publisher":{"@id":"https:\/\/www.prijedordanas.com\/#organization"},"keywords":["Sud BiH"],"articleSection":["Hronika"],"inLanguage":"en-US"},{"@type":"WebPage","@id":"https:\/\/www.prijedordanas.com\/?p=91719","url":"https:\/\/www.prijedordanas.com\/?p=91719","name":"SU\u0110ENJE MR\u0110A I OSTALI: UBISTVA NA PUTU U LOGOR MANJA\u010cA - PrijedorDanas.com - Prijedorski gradski portal","isPartOf":{"@id":"https:\/\/www.prijedordanas.com\/#website"},"datePublished":"2017-11-04T07:14:36+00:00","dateModified":"2017-11-04T07:14:36+00:00","breadcrumb":{"@id":"https:\/\/www.prijedordanas.com\/?p=91719#breadcrumb"},"inLanguage":"en-US","potentialAction":[{"@type":"ReadAction","target":["https:\/\/www.prijedordanas.com\/?p=91719"]}]},{"@type":"BreadcrumbList","@id":"https:\/\/www.prijedordanas.com\/?p=91719#breadcrumb","itemListElement":[{"@type":"ListItem","position":1,"name":"Home","item":"https:\/\/www.prijedordanas.com\/"},{"@type":"ListItem","position":2,"name":"SU\u0110ENJE MR\u0110A I OSTALI: UBISTVA NA PUTU U LOGOR MANJA\u010cA"}]},{"@type":"WebSite","@id":"https:\/\/www.prijedordanas.com\/#website","url":"https:\/\/www.prijedordanas.com\/","name":"PrijedorDanas.com - Prijedorski gradski portal","description":"Portal o doga\u0111anjima u gradu Prijedoru","publisher":{"@id":"https:\/\/www.prijedordanas.com\/#organization"},"potentialAction":[{"@type":"SearchAction","target":{"@type":"EntryPoint","urlTemplate":"https:\/\/www.prijedordanas.com\/?s={search_term_string}"},"query-input":"required name=search_term_string"}],"inLanguage":"en-US"},{"@type":"Organization","@id":"https:\/\/www.prijedordanas.com\/#organization","name":"PrijedorDanas.com","url":"https:\/\/www.prijedordanas.com\/","logo":{"@type":"ImageObject","inLanguage":"en-US","@id":"https:\/\/www.prijedordanas.com\/#\/schema\/logo\/image\/","url":"http:\/\/www.prijedordanas.com\/wp-content\/uploads\/2021\/12\/logopng.png","contentUrl":"http:\/\/www.prijedordanas.com\/wp-content\/uploads\/2021\/12\/logopng.png","width":1019,"height":776,"caption":"PrijedorDanas.com"},"image":{"@id":"https:\/\/www.prijedordanas.com\/#\/schema\/logo\/image\/"},"sameAs":["https:\/\/www.facebook.com\/PrijedorDanasCom\/"]},{"@type":"Person","@id":"https:\/\/www.prijedordanas.com\/#\/schema\/person\/4e08ccf29b506ca916ff86d46bb700e6","name":"admin","image":{"@type":"ImageObject","inLanguage":"en-US","@id":"https:\/\/www.prijedordanas.com\/#\/schema\/person\/image\/","url":"https:\/\/secure.gravatar.com\/avatar\/1d3fc949d550f0b53a5f0d51e06dfd79?s=96&d=mm&r=g","contentUrl":"https:\/\/secure.gravatar.com\/avatar\/1d3fc949d550f0b53a5f0d51e06dfd79?s=96&d=mm&r=g","caption":"admin"},"url":"https:\/\/www.prijedordanas.com\/?author=1"}]}},"_links":{"self":[{"href":"https:\/\/www.prijedordanas.com\/index.php?rest_route=\/wp\/v2\/posts\/91719"}],"collection":[{"href":"https:\/\/www.prijedordanas.com\/index.php?rest_route=\/wp\/v2\/posts"}],"about":[{"href":"https:\/\/www.prijedordanas.com\/index.php?rest_route=\/wp\/v2\/types\/post"}],"author":[{"embeddable":true,"href":"https:\/\/www.prijedordanas.com\/index.php?rest_route=\/wp\/v2\/users\/1"}],"replies":[{"embeddable":true,"href":"https:\/\/www.prijedordanas.com\/index.php?rest_route=%2Fwp%2Fv2%2Fcomments&post=91719"}],"version-history":[{"count":1,"href":"https:\/\/www.prijedordanas.com\/index.php?rest_route=\/wp\/v2\/posts\/91719\/revisions"}],"predecessor-version":[{"id":91720,"href":"https:\/\/www.prijedordanas.com\/index.php?rest_route=\/wp\/v2\/posts\/91719\/revisions\/91720"}],"wp:attachment":[{"href":"https:\/\/www.prijedordanas.com\/index.php?rest_route=%2Fwp%2Fv2%2Fmedia&parent=91719"}],"wp:term":[{"taxonomy":"category","embeddable":true,"href":"https:\/\/www.prijedordanas.com\/index.php?rest_route=%2Fwp%2Fv2%2Fcategories&post=91719"},{"taxonomy":"post_tag","embeddable":true,"href":"https:\/\/www.prijedordanas.com\/index.php?rest_route=%2Fwp%2Fv2%2Ftags&post=91719"}],"curies":[{"name":"wp","href":"https:\/\/api.w.org\/{rel}","templated":true}]}}