{"id":91464,"date":"2017-10-30T21:48:21","date_gmt":"2017-10-30T20:48:21","guid":{"rendered":"https:\/\/www.prijedordanas.com\/?p=91464"},"modified":"2017-10-30T21:48:21","modified_gmt":"2017-10-30T20:48:21","slug":"u-prijedoru-nema-dovoljno-obdanista-u-vrtic-ne-moze-stotinu-malisana","status":"publish","type":"post","link":"https:\/\/www.prijedordanas.com\/?p=91464","title":{"rendered":"U PRIJEDORU NEMA DOVOLJNO OBDANI\u0160TA: U VRTI\u0106 NE MO\u017dE STOTINU MALI\u0160ANA"},"content":{"rendered":"<p><a href=\"https:\/\/www.prijedordanas.com\/wp-content\/uploads\/2017\/10\/blic-djeca.jpg\"><img loading=\"lazy\" decoding=\"async\" class=\"alignleft size-medium wp-image-91465\" src=\"https:\/\/www.prijedordanas.com\/wp-content\/uploads\/2017\/10\/blic-djeca-300x225.jpg\" alt=\"\" width=\"300\" height=\"225\" srcset=\"https:\/\/www.prijedordanas.com\/wp-content\/uploads\/2017\/10\/blic-djeca-300x225.jpg 300w, https:\/\/www.prijedordanas.com\/wp-content\/uploads\/2017\/10\/blic-djeca-100x75.jpg 100w, https:\/\/www.prijedordanas.com\/wp-content\/uploads\/2017\/10\/blic-djeca-640x480.jpg 640w, https:\/\/www.prijedordanas.com\/wp-content\/uploads\/2017\/10\/blic-djeca.jpg 668w\" sizes=\"(max-width: 300px) 100vw, 300px\" \/><\/a>Na podru\u010dju grada Prijedora vi\u0161e od stotinu djece ostalo je ove godine neupisano jer nema dovoljno vrti\u0107a, a liste \u010dekanja godinama su popunjene.<\/p>\n<p>Mlada majka, koja je \u017eeljela da ostane anonimna, pri\u010da za \u201eEuroBlic\u201c da je svoje dijete prije dva meseca upisala na tzv. listu \u010dekanja.<\/p>\n<p>&#8211; Krajem avgusta oti\u0161la sam do vrti\u0107a \u201eRadost\u201c i pitala da upi\u0161em dete. Rekli su mi da nema vi\u0161e mjesta. Uzeli su moje podatke i rekli da \u0107e mi se javiti za oko dva mjeseca, ukoliko neko odustane, ali isto tako pokazali su mi da je u svesci ve\u0107 nekoliko ispisanih stranica sa imenima onih koji \u010dekaju prije mene \u2013 ka\u017ee ova Prijedor\u010danka.<\/p>\n<p>Me\u0111utim, Prijedor se godinama suo\u010dava sa manjkom vrti\u0107kih objekata o \u010demu svjedo\u010di podatak da su njima boravi tek 5,7 odsto djece, \u0161to je mnogo manje od evropskog proseka koji iznosi 80 odsto.<\/p>\n<p><a href=\"https:\/\/www.prijedordanas.com\/wp-content\/uploads\/2017\/05\/vrtic-radost-proljece-2017.jpg\"><img loading=\"lazy\" decoding=\"async\" class=\"alignleft size-medium wp-image-80824\" src=\"https:\/\/www.prijedordanas.com\/wp-content\/uploads\/2017\/05\/vrtic-radost-proljece-2017-300x231.jpg\" alt=\"\" width=\"300\" height=\"231\" srcset=\"https:\/\/www.prijedordanas.com\/wp-content\/uploads\/2017\/05\/vrtic-radost-proljece-2017-300x231.jpg 300w, https:\/\/www.prijedordanas.com\/wp-content\/uploads\/2017\/05\/vrtic-radost-proljece-2017-100x77.jpg 100w, https:\/\/www.prijedordanas.com\/wp-content\/uploads\/2017\/05\/vrtic-radost-proljece-2017.jpg 650w\" sizes=\"(max-width: 300px) 100vw, 300px\" \/><\/a>U izvje\u0161taju o radu Dje\u010dijeg vrti\u0107a \u201eRadost\u201c navedeno je da je i ove godine vi\u0161e od stotinu djece ostalo neupisano zbog nedostatka prostora, dok je broj upisanih daleko ve\u0107i od zakonskog maksimuma.<\/p>\n<p>Prilikom rasprave o izvje\u0161taju vrti\u0107a na posljednoj sjednici Skup\u0161tine grada, odbornici su poru\u010dili da se na pro\u0161irenju smje\u0161taja u vrti\u0107ima mora hitno raditi.<\/p>\n<p>&#8211; U Banjaluci ima na svakom \u0107o\u0161ku vrti\u0107, a kod nas po jedan dr\u017eavni i privatni. Pro\u0161irenjem smje\u0161taja i manjim grupama pobolj\u0161ao bi se kvalitet rada sa djecom, a i djeci bi bilo ugodnije \u2013 smatra Sanja Ra\u0111enovi\u0107, odbornica SDS.<\/p>\n<p>Odbornica DNS Olivera Bradar \u2013 Mirkovi\u0107 isti\u010de da su problemi vrti\u0107a nedostatak smje\u0161taja u odnosu na potrebe i ote\u017eani materijalno \u2013 tehni\u010dki uslove rada.<\/p>\n<p><a href=\"https:\/\/www.prijedordanas.com\/wp-content\/uploads\/2016\/11\/vrtic-radost-djeca.jpg\"><img loading=\"lazy\" decoding=\"async\" src=\"https:\/\/www.prijedordanas.com\/wp-content\/uploads\/2016\/11\/vrtic-radost-djeca-300x250.jpg\" alt=\"\" width=\"300\" height=\"250\" class=\"alignleft size-medium wp-image-65923\" srcset=\"https:\/\/www.prijedordanas.com\/wp-content\/uploads\/2016\/11\/vrtic-radost-djeca-300x250.jpg 300w, https:\/\/www.prijedordanas.com\/wp-content\/uploads\/2016\/11\/vrtic-radost-djeca-100x83.jpg 100w, https:\/\/www.prijedordanas.com\/wp-content\/uploads\/2016\/11\/vrtic-radost-djeca.jpg 600w\" sizes=\"(max-width: 300px) 100vw, 300px\" \/><\/a>&#8211; Treba imati u vidu da ve\u0107im obuhvatom djece i brigom o njihovom razvoju na vrijeme prepoznajemo i odre\u0111ene razvojne smetnje kod djece, te je na njih mogu\u0107e pravovremeno djelovati \u2013 istakla je ona.<\/p>\n<p>Navodi da je potrebno i dono\u0161enje novog pravilnika o standardima i normativima kojim bi se pobolj\u0161ali uslovi rada.<\/p>\n<p>U izvje\u0161taju o radu vrti\u0107a \u201eRadost\u201c navedeno je da su zbog velikog pritiska roditelja za upis djece u ovaj objekat, iskoristili zakonsko pravo na pove\u0107anje prijema u svakoj grupi od 20 odsto.<\/p>\n<p>Me\u0111utim, upozoravaju i da im nedostaje stru\u010dnih saradnika.<\/p>\n<p>&#8211; Program inkluzije ne mo\u017eemo realizovati, jer nemamo stru\u010dne saradnike kao \u0161to su defektolog, logoped i specijalni pedagog koji bi izra\u0111ivali inkluzivne programe i realizovali ih sa decom u inkluzivnom programu &#8211; navedeno je u izvje\u0161taju.<\/p>\n<p>Pored toga ukazuju i na stanje centralnog objekta, koji je izgra\u0111en prije 50 godina.<\/p>\n<p>&#8211; Stanje objekta je dosta lo\u0161e, pogotovo krovna konstrukcija i unutra\u0161nja i vanjska stolarija. Rekonstrukcija i sanacija ovog objekta, u\u0161la je u prioritetne projekte Strategije razvoja grada. Ura\u0111ena je projektna dokumentacija i \u010deka se obezbje\u0111enje novca iz programa energetske efikasnosti \u2013 navedeno je u izvje\u0161taju.<\/p>\n<p>Tako\u0111e, i kuhinja centralnog objekta u kojoj se sprema hrana za svu djecu iz \u010detiri gradska vrti\u0107a, nije vi\u0161e za pohvalu.<\/p>\n<p>&#8211; Oprema kuhinje je dotrajala, 80 odsto opreme je iz 1976. godine. Ako se ne\u0161to vrlo brzo ne u\u010dini po pitanju sanacije, rad vrti\u0107a mo\u017ee do\u0107i u pitanje &#8211; isti\u010du u izvje\u0161taju.<\/p>\n<p>Navode i da im je potrebno i bolje vozilo za prevoz hrane do ostalih vrti\u0107a, jer je sada\u0161nje nabavljeno prije 20 godina.<\/p>\n<p>Dotrajale su i ma\u0161ine za ve\u0161 koje su nabavljene prije 16 godina, kao i ra\u010dunari stari 14 godina. U 6 objekata vrti\u0107a \u201eRadost\u201c boravi 454 mali\u0161ana, a \u010duva ih 36 vaspita\u010dica. Pored \u010detiri gradska, po jedan vrti\u0107 je smje\u0161ten u Omarskoj i Kozarcu.<\/p>\n<p>U toku izbor direktora vrti\u0107a<\/p>\n<p>Direktorka De\u010djeg vrti\u0107a \u201eRadost\u201c Du\u0161anka Bo\u017ei\u0107 nije \u017eeljela da govori o problemima ove ustanove.<\/p>\n<p>&#8211; Ja odoh u penziju, i u toku je izbor drugog direktora, pa ne bih da nekome narednom povla\u010dim crtu i odre\u0111ujem \u0161ta bi trebalo raditi. Mogu re\u0107i da smo bili na razgovoru u gradskoj upravi i da su nam obe\u0107ali rekonstrukciju centralnog objekta \u2013 poru\u010dila je ona.<\/p>\n<p>Tako\u0111e, ni iz gradske uprave nismo dobili odgovor o planovima za pred\u0161kolske ustanove.<\/p>\n<p>EuroBlic<\/p>\n","protected":false},"excerpt":{"rendered":"<p>Na podru\u010dju grada Prijedora vi\u0161e od stotinu djece ostalo je ove godine neupisano jer nema dovoljno vrti\u0107a, a liste \u010dekanja godinama su popunjene. Mlada majka, koja je \u017eeljela da ostane [&hellip;]<\/p>\n","protected":false},"author":1,"featured_media":0,"comment_status":"closed","ping_status":"open","sticky":false,"template":"","format":"standard","meta":{"_monsterinsights_skip_tracking":false,"_monsterinsights_sitenote_active":false,"_monsterinsights_sitenote_note":"","_monsterinsights_sitenote_category":0,"footnotes":""},"categories":[7518],"tags":[658,1024],"yoast_head":"<!-- This site is optimized with the Yoast SEO plugin v21.6 - https:\/\/yoast.com\/wordpress\/plugins\/seo\/ -->\n<title>U PRIJEDORU NEMA DOVOLJNO OBDANI\u0160TA: U VRTI\u0106 NE MO\u017dE STOTINU MALI\u0160ANA - PrijedorDanas.com - Prijedorski gradski portal<\/title>\n<meta name=\"robots\" content=\"index, follow, max-snippet:-1, max-image-preview:large, max-video-preview:-1\" \/>\n<link rel=\"canonical\" href=\"https:\/\/www.prijedordanas.com\/?p=91464\" \/>\n<meta property=\"og:locale\" content=\"en_US\" \/>\n<meta property=\"og:type\" content=\"article\" \/>\n<meta property=\"og:title\" content=\"U PRIJEDORU NEMA DOVOLJNO OBDANI\u0160TA: U VRTI\u0106 NE MO\u017dE STOTINU MALI\u0160ANA - PrijedorDanas.com - Prijedorski gradski portal\" \/>\n<meta property=\"og:description\" content=\"Na podru\u010dju grada Prijedora vi\u0161e od stotinu djece ostalo je ove godine neupisano jer nema dovoljno vrti\u0107a, a liste \u010dekanja godinama su popunjene. Mlada majka, koja je \u017eeljela da ostane [&hellip;]\" \/>\n<meta property=\"og:url\" content=\"https:\/\/www.prijedordanas.com\/?p=91464\" \/>\n<meta property=\"og:site_name\" content=\"PrijedorDanas.com - Prijedorski gradski portal\" \/>\n<meta property=\"article:publisher\" content=\"https:\/\/www.facebook.com\/PrijedorDanasCom\/\" \/>\n<meta property=\"article:published_time\" content=\"2017-10-30T20:48:21+00:00\" \/>\n<meta property=\"og:image\" content=\"https:\/\/www.prijedordanas.com\/wp-content\/uploads\/2017\/10\/blic-djeca-300x225.jpg\" \/>\n<meta name=\"author\" content=\"admin\" \/>\n<meta name=\"twitter:card\" content=\"summary_large_image\" \/>\n<meta name=\"twitter:label1\" content=\"Written by\" \/>\n\t<meta name=\"twitter:data1\" content=\"admin\" \/>\n\t<meta name=\"twitter:label2\" content=\"Est. reading time\" \/>\n\t<meta name=\"twitter:data2\" content=\"4 minutes\" \/>\n<script type=\"application\/ld+json\" class=\"yoast-schema-graph\">{\"@context\":\"https:\/\/schema.org\",\"@graph\":[{\"@type\":\"Article\",\"@id\":\"https:\/\/www.prijedordanas.com\/?p=91464#article\",\"isPartOf\":{\"@id\":\"https:\/\/www.prijedordanas.com\/?p=91464\"},\"author\":{\"name\":\"admin\",\"@id\":\"https:\/\/www.prijedordanas.com\/#\/schema\/person\/4e08ccf29b506ca916ff86d46bb700e6\"},\"headline\":\"U PRIJEDORU NEMA DOVOLJNO OBDANI\u0160TA: U VRTI\u0106 NE MO\u017dE STOTINU MALI\u0160ANA\",\"datePublished\":\"2017-10-30T20:48:21+00:00\",\"dateModified\":\"2017-10-30T20:48:21+00:00\",\"mainEntityOfPage\":{\"@id\":\"https:\/\/www.prijedordanas.com\/?p=91464\"},\"wordCount\":729,\"publisher\":{\"@id\":\"https:\/\/www.prijedordanas.com\/#organization\"},\"keywords\":[\"djeca\",\"vrti\u0107\"],\"articleSection\":[\"Mladi\"],\"inLanguage\":\"en-US\"},{\"@type\":\"WebPage\",\"@id\":\"https:\/\/www.prijedordanas.com\/?p=91464\",\"url\":\"https:\/\/www.prijedordanas.com\/?p=91464\",\"name\":\"U PRIJEDORU NEMA DOVOLJNO OBDANI\u0160TA: U VRTI\u0106 NE MO\u017dE STOTINU MALI\u0160ANA - PrijedorDanas.com - Prijedorski gradski portal\",\"isPartOf\":{\"@id\":\"https:\/\/www.prijedordanas.com\/#website\"},\"datePublished\":\"2017-10-30T20:48:21+00:00\",\"dateModified\":\"2017-10-30T20:48:21+00:00\",\"breadcrumb\":{\"@id\":\"https:\/\/www.prijedordanas.com\/?p=91464#breadcrumb\"},\"inLanguage\":\"en-US\",\"potentialAction\":[{\"@type\":\"ReadAction\",\"target\":[\"https:\/\/www.prijedordanas.com\/?p=91464\"]}]},{\"@type\":\"BreadcrumbList\",\"@id\":\"https:\/\/www.prijedordanas.com\/?p=91464#breadcrumb\",\"itemListElement\":[{\"@type\":\"ListItem\",\"position\":1,\"name\":\"Home\",\"item\":\"https:\/\/www.prijedordanas.com\/\"},{\"@type\":\"ListItem\",\"position\":2,\"name\":\"U PRIJEDORU NEMA DOVOLJNO OBDANI\u0160TA: U VRTI\u0106 NE MO\u017dE STOTINU MALI\u0160ANA\"}]},{\"@type\":\"WebSite\",\"@id\":\"https:\/\/www.prijedordanas.com\/#website\",\"url\":\"https:\/\/www.prijedordanas.com\/\",\"name\":\"PrijedorDanas.com - Prijedorski gradski portal\",\"description\":\"Portal o doga\u0111anjima u gradu Prijedoru\",\"publisher\":{\"@id\":\"https:\/\/www.prijedordanas.com\/#organization\"},\"potentialAction\":[{\"@type\":\"SearchAction\",\"target\":{\"@type\":\"EntryPoint\",\"urlTemplate\":\"https:\/\/www.prijedordanas.com\/?s={search_term_string}\"},\"query-input\":\"required name=search_term_string\"}],\"inLanguage\":\"en-US\"},{\"@type\":\"Organization\",\"@id\":\"https:\/\/www.prijedordanas.com\/#organization\",\"name\":\"PrijedorDanas.com\",\"url\":\"https:\/\/www.prijedordanas.com\/\",\"logo\":{\"@type\":\"ImageObject\",\"inLanguage\":\"en-US\",\"@id\":\"https:\/\/www.prijedordanas.com\/#\/schema\/logo\/image\/\",\"url\":\"http:\/\/www.prijedordanas.com\/wp-content\/uploads\/2021\/12\/logopng.png\",\"contentUrl\":\"http:\/\/www.prijedordanas.com\/wp-content\/uploads\/2021\/12\/logopng.png\",\"width\":1019,\"height\":776,\"caption\":\"PrijedorDanas.com\"},\"image\":{\"@id\":\"https:\/\/www.prijedordanas.com\/#\/schema\/logo\/image\/\"},\"sameAs\":[\"https:\/\/www.facebook.com\/PrijedorDanasCom\/\"]},{\"@type\":\"Person\",\"@id\":\"https:\/\/www.prijedordanas.com\/#\/schema\/person\/4e08ccf29b506ca916ff86d46bb700e6\",\"name\":\"admin\",\"image\":{\"@type\":\"ImageObject\",\"inLanguage\":\"en-US\",\"@id\":\"https:\/\/www.prijedordanas.com\/#\/schema\/person\/image\/\",\"url\":\"https:\/\/secure.gravatar.com\/avatar\/1d3fc949d550f0b53a5f0d51e06dfd79?s=96&d=mm&r=g\",\"contentUrl\":\"https:\/\/secure.gravatar.com\/avatar\/1d3fc949d550f0b53a5f0d51e06dfd79?s=96&d=mm&r=g\",\"caption\":\"admin\"},\"url\":\"https:\/\/www.prijedordanas.com\/?author=1\"}]}<\/script>\n<!-- \/ Yoast SEO plugin. -->","yoast_head_json":{"title":"U PRIJEDORU NEMA DOVOLJNO OBDANI\u0160TA: U VRTI\u0106 NE MO\u017dE STOTINU MALI\u0160ANA - PrijedorDanas.com - Prijedorski gradski portal","robots":{"index":"index","follow":"follow","max-snippet":"max-snippet:-1","max-image-preview":"max-image-preview:large","max-video-preview":"max-video-preview:-1"},"canonical":"https:\/\/www.prijedordanas.com\/?p=91464","og_locale":"en_US","og_type":"article","og_title":"U PRIJEDORU NEMA DOVOLJNO OBDANI\u0160TA: U VRTI\u0106 NE MO\u017dE STOTINU MALI\u0160ANA - PrijedorDanas.com - Prijedorski gradski portal","og_description":"Na podru\u010dju grada Prijedora vi\u0161e od stotinu djece ostalo je ove godine neupisano jer nema dovoljno vrti\u0107a, a liste \u010dekanja godinama su popunjene. Mlada majka, koja je \u017eeljela da ostane [&hellip;]","og_url":"https:\/\/www.prijedordanas.com\/?p=91464","og_site_name":"PrijedorDanas.com - Prijedorski gradski portal","article_publisher":"https:\/\/www.facebook.com\/PrijedorDanasCom\/","article_published_time":"2017-10-30T20:48:21+00:00","og_image":[{"url":"https:\/\/www.prijedordanas.com\/wp-content\/uploads\/2017\/10\/blic-djeca-300x225.jpg"}],"author":"admin","twitter_card":"summary_large_image","twitter_misc":{"Written by":"admin","Est. reading time":"4 minutes"},"schema":{"@context":"https:\/\/schema.org","@graph":[{"@type":"Article","@id":"https:\/\/www.prijedordanas.com\/?p=91464#article","isPartOf":{"@id":"https:\/\/www.prijedordanas.com\/?p=91464"},"author":{"name":"admin","@id":"https:\/\/www.prijedordanas.com\/#\/schema\/person\/4e08ccf29b506ca916ff86d46bb700e6"},"headline":"U PRIJEDORU NEMA DOVOLJNO OBDANI\u0160TA: U VRTI\u0106 NE MO\u017dE STOTINU MALI\u0160ANA","datePublished":"2017-10-30T20:48:21+00:00","dateModified":"2017-10-30T20:48:21+00:00","mainEntityOfPage":{"@id":"https:\/\/www.prijedordanas.com\/?p=91464"},"wordCount":729,"publisher":{"@id":"https:\/\/www.prijedordanas.com\/#organization"},"keywords":["djeca","vrti\u0107"],"articleSection":["Mladi"],"inLanguage":"en-US"},{"@type":"WebPage","@id":"https:\/\/www.prijedordanas.com\/?p=91464","url":"https:\/\/www.prijedordanas.com\/?p=91464","name":"U PRIJEDORU NEMA DOVOLJNO OBDANI\u0160TA: U VRTI\u0106 NE MO\u017dE STOTINU MALI\u0160ANA - PrijedorDanas.com - Prijedorski gradski portal","isPartOf":{"@id":"https:\/\/www.prijedordanas.com\/#website"},"datePublished":"2017-10-30T20:48:21+00:00","dateModified":"2017-10-30T20:48:21+00:00","breadcrumb":{"@id":"https:\/\/www.prijedordanas.com\/?p=91464#breadcrumb"},"inLanguage":"en-US","potentialAction":[{"@type":"ReadAction","target":["https:\/\/www.prijedordanas.com\/?p=91464"]}]},{"@type":"BreadcrumbList","@id":"https:\/\/www.prijedordanas.com\/?p=91464#breadcrumb","itemListElement":[{"@type":"ListItem","position":1,"name":"Home","item":"https:\/\/www.prijedordanas.com\/"},{"@type":"ListItem","position":2,"name":"U PRIJEDORU NEMA DOVOLJNO OBDANI\u0160TA: U VRTI\u0106 NE MO\u017dE STOTINU MALI\u0160ANA"}]},{"@type":"WebSite","@id":"https:\/\/www.prijedordanas.com\/#website","url":"https:\/\/www.prijedordanas.com\/","name":"PrijedorDanas.com - Prijedorski gradski portal","description":"Portal o doga\u0111anjima u gradu Prijedoru","publisher":{"@id":"https:\/\/www.prijedordanas.com\/#organization"},"potentialAction":[{"@type":"SearchAction","target":{"@type":"EntryPoint","urlTemplate":"https:\/\/www.prijedordanas.com\/?s={search_term_string}"},"query-input":"required name=search_term_string"}],"inLanguage":"en-US"},{"@type":"Organization","@id":"https:\/\/www.prijedordanas.com\/#organization","name":"PrijedorDanas.com","url":"https:\/\/www.prijedordanas.com\/","logo":{"@type":"ImageObject","inLanguage":"en-US","@id":"https:\/\/www.prijedordanas.com\/#\/schema\/logo\/image\/","url":"http:\/\/www.prijedordanas.com\/wp-content\/uploads\/2021\/12\/logopng.png","contentUrl":"http:\/\/www.prijedordanas.com\/wp-content\/uploads\/2021\/12\/logopng.png","width":1019,"height":776,"caption":"PrijedorDanas.com"},"image":{"@id":"https:\/\/www.prijedordanas.com\/#\/schema\/logo\/image\/"},"sameAs":["https:\/\/www.facebook.com\/PrijedorDanasCom\/"]},{"@type":"Person","@id":"https:\/\/www.prijedordanas.com\/#\/schema\/person\/4e08ccf29b506ca916ff86d46bb700e6","name":"admin","image":{"@type":"ImageObject","inLanguage":"en-US","@id":"https:\/\/www.prijedordanas.com\/#\/schema\/person\/image\/","url":"https:\/\/secure.gravatar.com\/avatar\/1d3fc949d550f0b53a5f0d51e06dfd79?s=96&d=mm&r=g","contentUrl":"https:\/\/secure.gravatar.com\/avatar\/1d3fc949d550f0b53a5f0d51e06dfd79?s=96&d=mm&r=g","caption":"admin"},"url":"https:\/\/www.prijedordanas.com\/?author=1"}]}},"_links":{"self":[{"href":"https:\/\/www.prijedordanas.com\/index.php?rest_route=\/wp\/v2\/posts\/91464"}],"collection":[{"href":"https:\/\/www.prijedordanas.com\/index.php?rest_route=\/wp\/v2\/posts"}],"about":[{"href":"https:\/\/www.prijedordanas.com\/index.php?rest_route=\/wp\/v2\/types\/post"}],"author":[{"embeddable":true,"href":"https:\/\/www.prijedordanas.com\/index.php?rest_route=\/wp\/v2\/users\/1"}],"replies":[{"embeddable":true,"href":"https:\/\/www.prijedordanas.com\/index.php?rest_route=%2Fwp%2Fv2%2Fcomments&post=91464"}],"version-history":[{"count":1,"href":"https:\/\/www.prijedordanas.com\/index.php?rest_route=\/wp\/v2\/posts\/91464\/revisions"}],"predecessor-version":[{"id":91466,"href":"https:\/\/www.prijedordanas.com\/index.php?rest_route=\/wp\/v2\/posts\/91464\/revisions\/91466"}],"wp:attachment":[{"href":"https:\/\/www.prijedordanas.com\/index.php?rest_route=%2Fwp%2Fv2%2Fmedia&parent=91464"}],"wp:term":[{"taxonomy":"category","embeddable":true,"href":"https:\/\/www.prijedordanas.com\/index.php?rest_route=%2Fwp%2Fv2%2Fcategories&post=91464"},{"taxonomy":"post_tag","embeddable":true,"href":"https:\/\/www.prijedordanas.com\/index.php?rest_route=%2Fwp%2Fv2%2Ftags&post=91464"}],"curies":[{"name":"wp","href":"https:\/\/api.w.org\/{rel}","templated":true}]}}