{"id":91045,"date":"2017-10-24T14:22:58","date_gmt":"2017-10-24T12:22:58","guid":{"rendered":"https:\/\/www.prijedordanas.com\/?p=91045"},"modified":"2017-10-24T14:22:58","modified_gmt":"2017-10-24T12:22:58","slug":"treneri-oba-tima-jednoglasni-poslije-meca-u-prijedoru-kvalitet-na-strani-rudara-sa-sane","status":"publish","type":"post","link":"https:\/\/www.prijedordanas.com\/?p=91045","title":{"rendered":"TRENERI OBA TIMA JEDNOGLASNI POSLIJE ME\u010cA U PRIJEDORU: KVALITET NA STRANI \u201eRUDARA SA SANE\u201c"},"content":{"rendered":"<p><a href=\"https:\/\/www.prijedordanas.com\/wp-content\/uploads\/2017\/10\/rudar-prijedor-sutjeska-jesen-2.jpg\"><img loading=\"lazy\" decoding=\"async\" class=\"alignleft size-medium wp-image-90904\" src=\"https:\/\/www.prijedordanas.com\/wp-content\/uploads\/2017\/10\/rudar-prijedor-sutjeska-jesen-2-300x217.jpg\" alt=\"\" width=\"300\" height=\"217\" srcset=\"https:\/\/www.prijedordanas.com\/wp-content\/uploads\/2017\/10\/rudar-prijedor-sutjeska-jesen-2-300x217.jpg 300w, https:\/\/www.prijedordanas.com\/wp-content\/uploads\/2017\/10\/rudar-prijedor-sutjeska-jesen-2-100x72.jpg 100w, https:\/\/www.prijedordanas.com\/wp-content\/uploads\/2017\/10\/rudar-prijedor-sutjeska-jesen-2.jpg 690w\" sizes=\"(max-width: 300px) 100vw, 300px\" \/><\/a>Rudar-Prijedor je, savladav\u0161i Sutjesku sa ubjedljivih 3:0 ponovo na drugoj poziciji tabele Prve lige Republike Srpske.<\/p>\n<p>Brzo je prebolio poraz u Zvorniku od Drine, prvi u borbama za bodove u ovoj sezoni, pa je sada \u201eu potjeri\u201c za liderom Zvijezdom 09 iz Etno sela Stani\u0161ic\u0301i sa \u017eeljom da se titulom izbori povratak u Premijer ligu BiH, obilje\u017eavajuc\u0301i sljedec\u0301e godine jubilej-devet decenija postojanja, ali i nastavljajuc\u0301i tradiciju nekada slavnog kluba iz vremena biv\u0161e Jugoslavije, Rudara iz Ljubije.<\/p>\n<p>Fo\u010dacima predstoje druge brige da \u0161to prije krenu sa za\u010delja.<\/p>\n<p><a href=\"https:\/\/www.prijedordanas.com\/wp-content\/uploads\/2017\/10\/rudar-prijedor-sutjeska-jesen-3.jpg\"><img loading=\"lazy\" decoding=\"async\" class=\"alignleft size-medium wp-image-90905\" src=\"https:\/\/www.prijedordanas.com\/wp-content\/uploads\/2017\/10\/rudar-prijedor-sutjeska-jesen-3-300x217.jpg\" alt=\"\" width=\"300\" height=\"217\" srcset=\"https:\/\/www.prijedordanas.com\/wp-content\/uploads\/2017\/10\/rudar-prijedor-sutjeska-jesen-3-300x217.jpg 300w, https:\/\/www.prijedordanas.com\/wp-content\/uploads\/2017\/10\/rudar-prijedor-sutjeska-jesen-3-100x72.jpg 100w, https:\/\/www.prijedordanas.com\/wp-content\/uploads\/2017\/10\/rudar-prijedor-sutjeska-jesen-3.jpg 690w\" sizes=\"(max-width: 300px) 100vw, 300px\" \/><\/a>&#8211; Smatram da je utakmica odlikovala veoma dobrom igrom. Sutjeska je u prvom poluvremenu pokazala da mjesto na tabeli u ovoj ligi ne mora ni\u0161ta da zna\u010di. Nemam ni ja \u0161ta da zamjerim svojim momcima. Stvarali su \u0161anse, poku\u0161avali, u dva navrata rival je loptu \u201eskinuo\u201c sa gol-linije. Znali smo da u nastavak susreta mo\u017eemo da u\u0111emo \u201emirnih glava\u201c i \u201ehladna srca\u201c, jer smo znali da smo kvalitetniji i prije svega spremniji. To smo i potvrdili, iako pobjeda izgleda te\u0161ka potpuno je zaslu\u017eena &#8211; rekao je \u0161ef stru\u010dnog \u0161taba Rudar-Prijedora Zlatko Jelisavac.<\/p>\n<p>Najbolji akter me\u010da bio je Dra\u0161ko Lolic\u0301.<\/p>\n<p>Nakon prekr\u0161aja nad njim \u201erudari sa Sane\u201c su do\u0161li u vo\u0111stvo iz slobodnog udarca golom tako\u0111e zapa\u017eenog Ljubi\u0161e Pecelja.<\/p>\n<p>Kod drugog pogotka kada se Ervin C\u0301atic\u0301, koji je u\u0161ao u igru samo minut ranije, upisao trec\u0301i put ove sezone u listu strijelaca, Loli\u0107 je izveo korner,da bi na kraju \u201eovjeriv\u0161i\u201c trijumf \u201ezeleno-crnih\u201c i sam iz \u201eslobodnjaka\u201c savladao \u010duvara mre\u017ee gostiju Nikolu Jovi\u010dic\u0301a.<\/p>\n<p>&#8211; \u010cestitao bih ekipi Rudar-Prijedora na zaslu\u017eenoj pobjedi, jer se ipak njihov kvalitet izrazio, pogotovo posljednjih 30 minuta. Dok nas je rezultat dr\u017eao tako smo i igrali, imamo mlad sastav i mladog golmana, primili smo sva tri gola iz prekida. To nam je boljka, jer smo i u predzadnjem kolu primili tako dva gola i moramo raditi na ispravljanju tog segmenta igre. Nisu Prijedor\u010dani slu\u010dajno u vrhu tabele, a mi smo u dnu. Moramo se okrenuti narednim utakmicama da skupimo \u0161to vi\u0161e bodova i na zimu da se konsolidujemo, dovedemo poja\u010danja ne bi li se izvukli iz ove situacije &#8211; istakao je trener Sutjeske Miljan Radanovic\u0301, zahvaliv\u0161i se domac\u0301inu na gostoprimstvu.<\/p>\n<p>Tekst i foto \u2013 Nenad \u0110eri\u0107\/Aleksandar Drakuli\u0107 \u2013 <a href=\"https:\/\/www.prijedordanas.com\" target=\"_blank\" rel=\"noopener noreferrer\">www.prijedordanas.com<\/a><\/p>\n","protected":false},"excerpt":{"rendered":"<p>Rudar-Prijedor je, savladav\u0161i Sutjesku sa ubjedljivih 3:0 ponovo na drugoj poziciji tabele Prve lige Republike Srpske. Brzo je prebolio poraz u Zvorniku od Drine, prvi u borbama za bodove u [&hellip;]<\/p>\n","protected":false},"author":1,"featured_media":0,"comment_status":"closed","ping_status":"open","sticky":false,"template":"","format":"standard","meta":{"_monsterinsights_skip_tracking":false,"_monsterinsights_sitenote_active":false,"_monsterinsights_sitenote_note":"","_monsterinsights_sitenote_category":0,"footnotes":""},"categories":[7],"tags":[],"yoast_head":"<!-- This site is optimized with the Yoast SEO plugin v21.6 - https:\/\/yoast.com\/wordpress\/plugins\/seo\/ -->\n<title>TRENERI OBA TIMA JEDNOGLASNI POSLIJE ME\u010cA U PRIJEDORU: KVALITET NA STRANI \u201eRUDARA SA SANE\u201c - PrijedorDanas.com - Prijedorski gradski portal<\/title>\n<meta name=\"robots\" content=\"index, follow, max-snippet:-1, max-image-preview:large, max-video-preview:-1\" \/>\n<link rel=\"canonical\" href=\"https:\/\/www.prijedordanas.com\/?p=91045\" \/>\n<meta property=\"og:locale\" content=\"en_US\" \/>\n<meta property=\"og:type\" content=\"article\" \/>\n<meta property=\"og:title\" content=\"TRENERI OBA TIMA JEDNOGLASNI POSLIJE ME\u010cA U PRIJEDORU: KVALITET NA STRANI \u201eRUDARA SA SANE\u201c - PrijedorDanas.com - Prijedorski gradski portal\" \/>\n<meta property=\"og:description\" content=\"Rudar-Prijedor je, savladav\u0161i Sutjesku sa ubjedljivih 3:0 ponovo na drugoj poziciji tabele Prve lige Republike Srpske. Brzo je prebolio poraz u Zvorniku od Drine, prvi u borbama za bodove u [&hellip;]\" \/>\n<meta property=\"og:url\" content=\"https:\/\/www.prijedordanas.com\/?p=91045\" \/>\n<meta property=\"og:site_name\" content=\"PrijedorDanas.com - Prijedorski gradski portal\" \/>\n<meta property=\"article:publisher\" content=\"https:\/\/www.facebook.com\/PrijedorDanasCom\/\" \/>\n<meta property=\"article:published_time\" content=\"2017-10-24T12:22:58+00:00\" \/>\n<meta property=\"og:image\" content=\"https:\/\/www.prijedordanas.com\/wp-content\/uploads\/2017\/10\/rudar-prijedor-sutjeska-jesen-2-300x217.jpg\" \/>\n<meta name=\"author\" content=\"admin\" \/>\n<meta name=\"twitter:card\" content=\"summary_large_image\" \/>\n<meta name=\"twitter:label1\" content=\"Written by\" \/>\n\t<meta name=\"twitter:data1\" content=\"admin\" \/>\n\t<meta name=\"twitter:label2\" content=\"Est. reading time\" \/>\n\t<meta name=\"twitter:data2\" content=\"2 minutes\" \/>\n<script type=\"application\/ld+json\" class=\"yoast-schema-graph\">{\"@context\":\"https:\/\/schema.org\",\"@graph\":[{\"@type\":\"Article\",\"@id\":\"https:\/\/www.prijedordanas.com\/?p=91045#article\",\"isPartOf\":{\"@id\":\"https:\/\/www.prijedordanas.com\/?p=91045\"},\"author\":{\"name\":\"admin\",\"@id\":\"https:\/\/www.prijedordanas.com\/#\/schema\/person\/4e08ccf29b506ca916ff86d46bb700e6\"},\"headline\":\"TRENERI OBA TIMA JEDNOGLASNI POSLIJE ME\u010cA U PRIJEDORU: KVALITET NA STRANI \u201eRUDARA SA SANE\u201c\",\"datePublished\":\"2017-10-24T12:22:58+00:00\",\"dateModified\":\"2017-10-24T12:22:58+00:00\",\"mainEntityOfPage\":{\"@id\":\"https:\/\/www.prijedordanas.com\/?p=91045\"},\"wordCount\":422,\"publisher\":{\"@id\":\"https:\/\/www.prijedordanas.com\/#organization\"},\"articleSection\":[\"Sport\"],\"inLanguage\":\"en-US\"},{\"@type\":\"WebPage\",\"@id\":\"https:\/\/www.prijedordanas.com\/?p=91045\",\"url\":\"https:\/\/www.prijedordanas.com\/?p=91045\",\"name\":\"TRENERI OBA TIMA JEDNOGLASNI POSLIJE ME\u010cA U PRIJEDORU: KVALITET NA STRANI \u201eRUDARA SA SANE\u201c - PrijedorDanas.com - Prijedorski gradski portal\",\"isPartOf\":{\"@id\":\"https:\/\/www.prijedordanas.com\/#website\"},\"datePublished\":\"2017-10-24T12:22:58+00:00\",\"dateModified\":\"2017-10-24T12:22:58+00:00\",\"breadcrumb\":{\"@id\":\"https:\/\/www.prijedordanas.com\/?p=91045#breadcrumb\"},\"inLanguage\":\"en-US\",\"potentialAction\":[{\"@type\":\"ReadAction\",\"target\":[\"https:\/\/www.prijedordanas.com\/?p=91045\"]}]},{\"@type\":\"BreadcrumbList\",\"@id\":\"https:\/\/www.prijedordanas.com\/?p=91045#breadcrumb\",\"itemListElement\":[{\"@type\":\"ListItem\",\"position\":1,\"name\":\"Home\",\"item\":\"https:\/\/www.prijedordanas.com\/\"},{\"@type\":\"ListItem\",\"position\":2,\"name\":\"TRENERI OBA TIMA JEDNOGLASNI POSLIJE ME\u010cA U PRIJEDORU: KVALITET NA STRANI \u201eRUDARA SA SANE\u201c\"}]},{\"@type\":\"WebSite\",\"@id\":\"https:\/\/www.prijedordanas.com\/#website\",\"url\":\"https:\/\/www.prijedordanas.com\/\",\"name\":\"PrijedorDanas.com - Prijedorski gradski portal\",\"description\":\"Portal o doga\u0111anjima u gradu Prijedoru\",\"publisher\":{\"@id\":\"https:\/\/www.prijedordanas.com\/#organization\"},\"potentialAction\":[{\"@type\":\"SearchAction\",\"target\":{\"@type\":\"EntryPoint\",\"urlTemplate\":\"https:\/\/www.prijedordanas.com\/?s={search_term_string}\"},\"query-input\":\"required name=search_term_string\"}],\"inLanguage\":\"en-US\"},{\"@type\":\"Organization\",\"@id\":\"https:\/\/www.prijedordanas.com\/#organization\",\"name\":\"PrijedorDanas.com\",\"url\":\"https:\/\/www.prijedordanas.com\/\",\"logo\":{\"@type\":\"ImageObject\",\"inLanguage\":\"en-US\",\"@id\":\"https:\/\/www.prijedordanas.com\/#\/schema\/logo\/image\/\",\"url\":\"http:\/\/www.prijedordanas.com\/wp-content\/uploads\/2021\/12\/logopng.png\",\"contentUrl\":\"http:\/\/www.prijedordanas.com\/wp-content\/uploads\/2021\/12\/logopng.png\",\"width\":1019,\"height\":776,\"caption\":\"PrijedorDanas.com\"},\"image\":{\"@id\":\"https:\/\/www.prijedordanas.com\/#\/schema\/logo\/image\/\"},\"sameAs\":[\"https:\/\/www.facebook.com\/PrijedorDanasCom\/\"]},{\"@type\":\"Person\",\"@id\":\"https:\/\/www.prijedordanas.com\/#\/schema\/person\/4e08ccf29b506ca916ff86d46bb700e6\",\"name\":\"admin\",\"image\":{\"@type\":\"ImageObject\",\"inLanguage\":\"en-US\",\"@id\":\"https:\/\/www.prijedordanas.com\/#\/schema\/person\/image\/\",\"url\":\"https:\/\/secure.gravatar.com\/avatar\/1d3fc949d550f0b53a5f0d51e06dfd79?s=96&d=mm&r=g\",\"contentUrl\":\"https:\/\/secure.gravatar.com\/avatar\/1d3fc949d550f0b53a5f0d51e06dfd79?s=96&d=mm&r=g\",\"caption\":\"admin\"},\"url\":\"https:\/\/www.prijedordanas.com\/?author=1\"}]}<\/script>\n<!-- \/ Yoast SEO plugin. -->","yoast_head_json":{"title":"TRENERI OBA TIMA JEDNOGLASNI POSLIJE ME\u010cA U PRIJEDORU: KVALITET NA STRANI \u201eRUDARA SA SANE\u201c - PrijedorDanas.com - Prijedorski gradski portal","robots":{"index":"index","follow":"follow","max-snippet":"max-snippet:-1","max-image-preview":"max-image-preview:large","max-video-preview":"max-video-preview:-1"},"canonical":"https:\/\/www.prijedordanas.com\/?p=91045","og_locale":"en_US","og_type":"article","og_title":"TRENERI OBA TIMA JEDNOGLASNI POSLIJE ME\u010cA U PRIJEDORU: KVALITET NA STRANI \u201eRUDARA SA SANE\u201c - PrijedorDanas.com - Prijedorski gradski portal","og_description":"Rudar-Prijedor je, savladav\u0161i Sutjesku sa ubjedljivih 3:0 ponovo na drugoj poziciji tabele Prve lige Republike Srpske. Brzo je prebolio poraz u Zvorniku od Drine, prvi u borbama za bodove u [&hellip;]","og_url":"https:\/\/www.prijedordanas.com\/?p=91045","og_site_name":"PrijedorDanas.com - Prijedorski gradski portal","article_publisher":"https:\/\/www.facebook.com\/PrijedorDanasCom\/","article_published_time":"2017-10-24T12:22:58+00:00","og_image":[{"url":"https:\/\/www.prijedordanas.com\/wp-content\/uploads\/2017\/10\/rudar-prijedor-sutjeska-jesen-2-300x217.jpg"}],"author":"admin","twitter_card":"summary_large_image","twitter_misc":{"Written by":"admin","Est. reading time":"2 minutes"},"schema":{"@context":"https:\/\/schema.org","@graph":[{"@type":"Article","@id":"https:\/\/www.prijedordanas.com\/?p=91045#article","isPartOf":{"@id":"https:\/\/www.prijedordanas.com\/?p=91045"},"author":{"name":"admin","@id":"https:\/\/www.prijedordanas.com\/#\/schema\/person\/4e08ccf29b506ca916ff86d46bb700e6"},"headline":"TRENERI OBA TIMA JEDNOGLASNI POSLIJE ME\u010cA U PRIJEDORU: KVALITET NA STRANI \u201eRUDARA SA SANE\u201c","datePublished":"2017-10-24T12:22:58+00:00","dateModified":"2017-10-24T12:22:58+00:00","mainEntityOfPage":{"@id":"https:\/\/www.prijedordanas.com\/?p=91045"},"wordCount":422,"publisher":{"@id":"https:\/\/www.prijedordanas.com\/#organization"},"articleSection":["Sport"],"inLanguage":"en-US"},{"@type":"WebPage","@id":"https:\/\/www.prijedordanas.com\/?p=91045","url":"https:\/\/www.prijedordanas.com\/?p=91045","name":"TRENERI OBA TIMA JEDNOGLASNI POSLIJE ME\u010cA U PRIJEDORU: KVALITET NA STRANI \u201eRUDARA SA SANE\u201c - PrijedorDanas.com - Prijedorski gradski portal","isPartOf":{"@id":"https:\/\/www.prijedordanas.com\/#website"},"datePublished":"2017-10-24T12:22:58+00:00","dateModified":"2017-10-24T12:22:58+00:00","breadcrumb":{"@id":"https:\/\/www.prijedordanas.com\/?p=91045#breadcrumb"},"inLanguage":"en-US","potentialAction":[{"@type":"ReadAction","target":["https:\/\/www.prijedordanas.com\/?p=91045"]}]},{"@type":"BreadcrumbList","@id":"https:\/\/www.prijedordanas.com\/?p=91045#breadcrumb","itemListElement":[{"@type":"ListItem","position":1,"name":"Home","item":"https:\/\/www.prijedordanas.com\/"},{"@type":"ListItem","position":2,"name":"TRENERI OBA TIMA JEDNOGLASNI POSLIJE ME\u010cA U PRIJEDORU: KVALITET NA STRANI \u201eRUDARA SA SANE\u201c"}]},{"@type":"WebSite","@id":"https:\/\/www.prijedordanas.com\/#website","url":"https:\/\/www.prijedordanas.com\/","name":"PrijedorDanas.com - Prijedorski gradski portal","description":"Portal o doga\u0111anjima u gradu Prijedoru","publisher":{"@id":"https:\/\/www.prijedordanas.com\/#organization"},"potentialAction":[{"@type":"SearchAction","target":{"@type":"EntryPoint","urlTemplate":"https:\/\/www.prijedordanas.com\/?s={search_term_string}"},"query-input":"required name=search_term_string"}],"inLanguage":"en-US"},{"@type":"Organization","@id":"https:\/\/www.prijedordanas.com\/#organization","name":"PrijedorDanas.com","url":"https:\/\/www.prijedordanas.com\/","logo":{"@type":"ImageObject","inLanguage":"en-US","@id":"https:\/\/www.prijedordanas.com\/#\/schema\/logo\/image\/","url":"http:\/\/www.prijedordanas.com\/wp-content\/uploads\/2021\/12\/logopng.png","contentUrl":"http:\/\/www.prijedordanas.com\/wp-content\/uploads\/2021\/12\/logopng.png","width":1019,"height":776,"caption":"PrijedorDanas.com"},"image":{"@id":"https:\/\/www.prijedordanas.com\/#\/schema\/logo\/image\/"},"sameAs":["https:\/\/www.facebook.com\/PrijedorDanasCom\/"]},{"@type":"Person","@id":"https:\/\/www.prijedordanas.com\/#\/schema\/person\/4e08ccf29b506ca916ff86d46bb700e6","name":"admin","image":{"@type":"ImageObject","inLanguage":"en-US","@id":"https:\/\/www.prijedordanas.com\/#\/schema\/person\/image\/","url":"https:\/\/secure.gravatar.com\/avatar\/1d3fc949d550f0b53a5f0d51e06dfd79?s=96&d=mm&r=g","contentUrl":"https:\/\/secure.gravatar.com\/avatar\/1d3fc949d550f0b53a5f0d51e06dfd79?s=96&d=mm&r=g","caption":"admin"},"url":"https:\/\/www.prijedordanas.com\/?author=1"}]}},"_links":{"self":[{"href":"https:\/\/www.prijedordanas.com\/index.php?rest_route=\/wp\/v2\/posts\/91045"}],"collection":[{"href":"https:\/\/www.prijedordanas.com\/index.php?rest_route=\/wp\/v2\/posts"}],"about":[{"href":"https:\/\/www.prijedordanas.com\/index.php?rest_route=\/wp\/v2\/types\/post"}],"author":[{"embeddable":true,"href":"https:\/\/www.prijedordanas.com\/index.php?rest_route=\/wp\/v2\/users\/1"}],"replies":[{"embeddable":true,"href":"https:\/\/www.prijedordanas.com\/index.php?rest_route=%2Fwp%2Fv2%2Fcomments&post=91045"}],"version-history":[{"count":1,"href":"https:\/\/www.prijedordanas.com\/index.php?rest_route=\/wp\/v2\/posts\/91045\/revisions"}],"predecessor-version":[{"id":91046,"href":"https:\/\/www.prijedordanas.com\/index.php?rest_route=\/wp\/v2\/posts\/91045\/revisions\/91046"}],"wp:attachment":[{"href":"https:\/\/www.prijedordanas.com\/index.php?rest_route=%2Fwp%2Fv2%2Fmedia&parent=91045"}],"wp:term":[{"taxonomy":"category","embeddable":true,"href":"https:\/\/www.prijedordanas.com\/index.php?rest_route=%2Fwp%2Fv2%2Fcategories&post=91045"},{"taxonomy":"post_tag","embeddable":true,"href":"https:\/\/www.prijedordanas.com\/index.php?rest_route=%2Fwp%2Fv2%2Ftags&post=91045"}],"curies":[{"name":"wp","href":"https:\/\/api.w.org\/{rel}","templated":true}]}}