{"id":90993,"date":"2017-10-23T20:31:51","date_gmt":"2017-10-23T18:31:51","guid":{"rendered":"https:\/\/www.prijedordanas.com\/?p=90993"},"modified":"2017-10-23T20:31:51","modified_gmt":"2017-10-23T18:31:51","slug":"sukobi-u-prijedorskom-sds-u-video","status":"publish","type":"post","link":"https:\/\/www.prijedordanas.com\/?p=90993","title":{"rendered":"SUKOBI U PRIJEDORSKOM SDS-U \u2013 VIDEO"},"content":{"rendered":"<p><a href=\"https:\/\/www.prijedordanas.com\/wp-content\/uploads\/2017\/10\/rtrs-novi-sukobi-u-sds-prijedor-1.jpg\"><img loading=\"lazy\" decoding=\"async\" class=\"alignleft size-medium wp-image-90995\" src=\"https:\/\/www.prijedordanas.com\/wp-content\/uploads\/2017\/10\/rtrs-novi-sukobi-u-sds-prijedor-1-300x217.jpg\" alt=\"\" width=\"300\" height=\"217\" srcset=\"https:\/\/www.prijedordanas.com\/wp-content\/uploads\/2017\/10\/rtrs-novi-sukobi-u-sds-prijedor-1-300x217.jpg 300w, https:\/\/www.prijedordanas.com\/wp-content\/uploads\/2017\/10\/rtrs-novi-sukobi-u-sds-prijedor-1-100x72.jpg 100w, https:\/\/www.prijedordanas.com\/wp-content\/uploads\/2017\/10\/rtrs-novi-sukobi-u-sds-prijedor-1.jpg 690w\" sizes=\"(max-width: 300px) 100vw, 300px\" \/><\/a>Novi sukob u Gradskom odboru SDS-a u Prijedoru.<\/p>\n<p>Raspu\u0161ten je mjesni odbor stranke u Ljubiji, \u0161to je izazvalo nezadovoljstvo \u010dlanova.<\/p>\n<p>Rukovodstvo prijedorskog Gradskog odbora SDS-a tvrdi da ljubijski mjesni odbor sa njihovim dosada\u0161njim predsjednikom Goranom Pra\u0161talom, nije radio u skladu sa odlukama stranke.<\/p>\n<p>Pra\u0161talo sve demantuje i najavljuje \u017ealbu vi\u0161im organima stranke.<\/p>\n<p>Nesprovo\u0111enje odluka vi\u0161ih organa i aktivnosti u du\u017eem vremenskom periodu, te neefikasan rad, razlozi su navedeni u pisanoj odluci prijedorskog SDS-a za raspu\u0161tanje mjesnog odbora ove stranke u Ljubiji.<\/p>\n<p><a href=\"https:\/\/www.prijedordanas.com\/wp-content\/uploads\/2017\/10\/rtrs-novi-sukobi-u-sds-prijedor-2.jpg\"><img loading=\"lazy\" decoding=\"async\" class=\"alignleft size-medium wp-image-90996\" src=\"https:\/\/www.prijedordanas.com\/wp-content\/uploads\/2017\/10\/rtrs-novi-sukobi-u-sds-prijedor-2-300x217.jpg\" alt=\"\" width=\"300\" height=\"217\" srcset=\"https:\/\/www.prijedordanas.com\/wp-content\/uploads\/2017\/10\/rtrs-novi-sukobi-u-sds-prijedor-2-300x217.jpg 300w, https:\/\/www.prijedordanas.com\/wp-content\/uploads\/2017\/10\/rtrs-novi-sukobi-u-sds-prijedor-2-100x72.jpg 100w, https:\/\/www.prijedordanas.com\/wp-content\/uploads\/2017\/10\/rtrs-novi-sukobi-u-sds-prijedor-2.jpg 690w\" sizes=\"(max-width: 300px) 100vw, 300px\" \/><\/a>Goran Pra\u0161talo, prema odluci sada ve\u0107 biv\u0161i predsjednik ovog mjesnog odbora, navode demantuje.<\/p>\n<p>Smatra da je kamen spoticanja njegova saradnja kao predsjednika Savjeta mjesne zajednice, sa aktuelnom gradskom vla\u0161\u0107u u Prijedoru.<\/p>\n<p>&#8211; Oni su zahtijevali da ja nemam nikakve odnose sa gradskom upravom \u0161to nije nikakva logika. \u0408a po\u0161tujem gradsku upravu, po\u0161tujem gradona\u010delnika, po\u0161tujem sve ljude grada Prijedora, isti\u010de Pra\u0161talo.<\/p>\n<p>Pra\u0161talo tvrdi da je raspu\u0161tanje mjesnog odbora u Ljubiji tek po\u010detak pri\u010de i da na red, kako ka\u017ee, dolazi jo\u0161 nekoliko odbora.<\/p>\n<p>Zaklju\u010dak o raspu\u0161tanju odbora u Ljubiji je jasan, tvrdi prvi \u010dovjek prijedorskog SDS-a. Milan Tubin ka\u017ee, postavljeni su odre\u0111eni ciljevi za mjesne odbore.<\/p>\n<p><a href=\"https:\/\/www.prijedordanas.com\/wp-content\/uploads\/2017\/10\/rtrs-novi-sukobi-u-sds-prijedor-3.jpg\"><img loading=\"lazy\" decoding=\"async\" class=\"alignleft size-medium wp-image-90997\" src=\"https:\/\/www.prijedordanas.com\/wp-content\/uploads\/2017\/10\/rtrs-novi-sukobi-u-sds-prijedor-3-300x217.jpg\" alt=\"\" width=\"300\" height=\"217\" srcset=\"https:\/\/www.prijedordanas.com\/wp-content\/uploads\/2017\/10\/rtrs-novi-sukobi-u-sds-prijedor-3-300x217.jpg 300w, https:\/\/www.prijedordanas.com\/wp-content\/uploads\/2017\/10\/rtrs-novi-sukobi-u-sds-prijedor-3-100x72.jpg 100w, https:\/\/www.prijedordanas.com\/wp-content\/uploads\/2017\/10\/rtrs-novi-sukobi-u-sds-prijedor-3.jpg 690w\" sizes=\"(max-width: 300px) 100vw, 300px\" \/><\/a>&#8211; Ova odluka je donesena na osnovu toga \u0161to mjesni odbor Ljubija nakon aprilskih de\u0161avanja jednostavno vi\u0161e ne odgovra vi\u0161e na pozive gradskog odbora, isti\u010de Tubin.<\/p>\n<p>Ovo je uru\u0161avanje SDS-a, \u0161to je cilj aktuelnog rukovodstva, tvrdi Goran Pra\u0161talo: &#8220;\u0408a sam protiv onog nasilja u Skup\u0161tini i ne treba da se tako radi. Ali za\u0161to vrh moje stranke podr\u017eava da se to radi u Prijedoru, da se to radi u Gradi\u0161koj, da se to radi u Novom Gradu, da se to radi u Dubici&#8230; pa zamislite vi, pa \u010ditava regija je uru\u0161ena. To je katstrofa za Srpsku demokratsku stranku.&#8221;<\/p>\n<p>Da u Gradskom odboru SDS-a u Prijedoru postoje problemi svjestan je i Drago Bundalo, potpredsjednik SDS-a za izbornu jedinicu jedan.<\/p>\n<p><a href=\"https:\/\/www.prijedordanas.com\/wp-content\/uploads\/2017\/09\/sds-prijedor.jpg\"><img loading=\"lazy\" decoding=\"async\" src=\"https:\/\/www.prijedordanas.com\/wp-content\/uploads\/2017\/09\/sds-prijedor-300x222.jpg\" alt=\"\" width=\"300\" height=\"222\" class=\"alignleft size-medium wp-image-88584\" srcset=\"https:\/\/www.prijedordanas.com\/wp-content\/uploads\/2017\/09\/sds-prijedor-300x222.jpg 300w, https:\/\/www.prijedordanas.com\/wp-content\/uploads\/2017\/09\/sds-prijedor-100x74.jpg 100w, https:\/\/www.prijedordanas.com\/wp-content\/uploads\/2017\/09\/sds-prijedor.jpg 675w\" sizes=\"(max-width: 300px) 100vw, 300px\" \/><\/a>Bundalo ka\u017ee da zastupa jedinstvo u stranci i zaustavljanje odliva kadrova. Ipak, mije\u0161ati se ne\u0107e.<\/p>\n<p>&#8211; \u0408a sam poku\u0161avao da se situacija smiri, me\u0111utim mnogo stvari se ranije de\u0161avalo. O\u010dito da tu ne mo\u017ee do\u0107i do pomirenja, ka\u017ee Bundalo.<\/p>\n<p>Da li \u0107e do\u0107i do pomirenja u prijedorskom SDS-u te\u0161ko je re\u0107i.<\/p>\n<p>Podsje\u0107amo, u aprilu je izabrano novo rukovodstvo ovda\u0161njeg SDS-a, a dva tada\u0161nja kandidata za predsjednika gradskog odbora podr\u017eavale su i dvije struje.<\/p>\n<p>RTRS<\/p>\n<p><iframe loading=\"lazy\" width=\"500\" height=\"281\" src=\"https:\/\/www.youtube.com\/embed\/sd-kmHv5HGM?feature=oembed\" frameborder=\"0\" allowfullscreen><\/iframe><\/p>\n","protected":false},"excerpt":{"rendered":"<p>Novi sukob u Gradskom odboru SDS-a u Prijedoru. Raspu\u0161ten je mjesni odbor stranke u Ljubiji, \u0161to je izazvalo nezadovoljstvo \u010dlanova. Rukovodstvo prijedorskog Gradskog odbora SDS-a tvrdi da ljubijski mjesni odbor [&hellip;]<\/p>\n","protected":false},"author":1,"featured_media":0,"comment_status":"closed","ping_status":"open","sticky":false,"template":"","format":"standard","meta":{"_monsterinsights_skip_tracking":false,"_monsterinsights_sitenote_active":false,"_monsterinsights_sitenote_note":"","_monsterinsights_sitenote_category":0,"footnotes":""},"categories":[8],"tags":[],"yoast_head":"<!-- This site is optimized with the Yoast SEO plugin v21.6 - https:\/\/yoast.com\/wordpress\/plugins\/seo\/ -->\n<title>SUKOBI U PRIJEDORSKOM SDS-U \u2013 VIDEO - PrijedorDanas.com - Prijedorski gradski portal<\/title>\n<meta name=\"robots\" content=\"index, follow, max-snippet:-1, max-image-preview:large, max-video-preview:-1\" \/>\n<link rel=\"canonical\" href=\"https:\/\/www.prijedordanas.com\/?p=90993\" \/>\n<meta property=\"og:locale\" content=\"en_US\" \/>\n<meta property=\"og:type\" content=\"article\" \/>\n<meta property=\"og:title\" content=\"SUKOBI U PRIJEDORSKOM SDS-U \u2013 VIDEO - PrijedorDanas.com - Prijedorski gradski portal\" \/>\n<meta property=\"og:description\" content=\"Novi sukob u Gradskom odboru SDS-a u Prijedoru. Raspu\u0161ten je mjesni odbor stranke u Ljubiji, \u0161to je izazvalo nezadovoljstvo \u010dlanova. Rukovodstvo prijedorskog Gradskog odbora SDS-a tvrdi da ljubijski mjesni odbor [&hellip;]\" \/>\n<meta property=\"og:url\" content=\"https:\/\/www.prijedordanas.com\/?p=90993\" \/>\n<meta property=\"og:site_name\" content=\"PrijedorDanas.com - Prijedorski gradski portal\" \/>\n<meta property=\"article:publisher\" content=\"https:\/\/www.facebook.com\/PrijedorDanasCom\/\" \/>\n<meta property=\"article:published_time\" content=\"2017-10-23T18:31:51+00:00\" \/>\n<meta property=\"og:image\" content=\"https:\/\/www.prijedordanas.com\/wp-content\/uploads\/2017\/10\/rtrs-novi-sukobi-u-sds-prijedor-1-300x217.jpg\" \/>\n<meta name=\"author\" content=\"admin\" \/>\n<meta name=\"twitter:card\" content=\"summary_large_image\" \/>\n<meta name=\"twitter:label1\" content=\"Written by\" \/>\n\t<meta name=\"twitter:data1\" content=\"admin\" \/>\n\t<meta name=\"twitter:label2\" content=\"Est. reading time\" \/>\n\t<meta name=\"twitter:data2\" content=\"2 minutes\" \/>\n<script type=\"application\/ld+json\" class=\"yoast-schema-graph\">{\"@context\":\"https:\/\/schema.org\",\"@graph\":[{\"@type\":\"Article\",\"@id\":\"https:\/\/www.prijedordanas.com\/?p=90993#article\",\"isPartOf\":{\"@id\":\"https:\/\/www.prijedordanas.com\/?p=90993\"},\"author\":{\"name\":\"admin\",\"@id\":\"https:\/\/www.prijedordanas.com\/#\/schema\/person\/4e08ccf29b506ca916ff86d46bb700e6\"},\"headline\":\"SUKOBI U PRIJEDORSKOM SDS-U \u2013 VIDEO\",\"datePublished\":\"2017-10-23T18:31:51+00:00\",\"dateModified\":\"2017-10-23T18:31:51+00:00\",\"mainEntityOfPage\":{\"@id\":\"https:\/\/www.prijedordanas.com\/?p=90993\"},\"wordCount\":443,\"publisher\":{\"@id\":\"https:\/\/www.prijedordanas.com\/#organization\"},\"articleSection\":[\"Svakodnevno\"],\"inLanguage\":\"en-US\"},{\"@type\":\"WebPage\",\"@id\":\"https:\/\/www.prijedordanas.com\/?p=90993\",\"url\":\"https:\/\/www.prijedordanas.com\/?p=90993\",\"name\":\"SUKOBI U PRIJEDORSKOM SDS-U \u2013 VIDEO - PrijedorDanas.com - Prijedorski gradski portal\",\"isPartOf\":{\"@id\":\"https:\/\/www.prijedordanas.com\/#website\"},\"datePublished\":\"2017-10-23T18:31:51+00:00\",\"dateModified\":\"2017-10-23T18:31:51+00:00\",\"breadcrumb\":{\"@id\":\"https:\/\/www.prijedordanas.com\/?p=90993#breadcrumb\"},\"inLanguage\":\"en-US\",\"potentialAction\":[{\"@type\":\"ReadAction\",\"target\":[\"https:\/\/www.prijedordanas.com\/?p=90993\"]}]},{\"@type\":\"BreadcrumbList\",\"@id\":\"https:\/\/www.prijedordanas.com\/?p=90993#breadcrumb\",\"itemListElement\":[{\"@type\":\"ListItem\",\"position\":1,\"name\":\"Home\",\"item\":\"https:\/\/www.prijedordanas.com\/\"},{\"@type\":\"ListItem\",\"position\":2,\"name\":\"SUKOBI U PRIJEDORSKOM SDS-U \u2013 VIDEO\"}]},{\"@type\":\"WebSite\",\"@id\":\"https:\/\/www.prijedordanas.com\/#website\",\"url\":\"https:\/\/www.prijedordanas.com\/\",\"name\":\"PrijedorDanas.com - Prijedorski gradski portal\",\"description\":\"Portal o doga\u0111anjima u gradu Prijedoru\",\"publisher\":{\"@id\":\"https:\/\/www.prijedordanas.com\/#organization\"},\"potentialAction\":[{\"@type\":\"SearchAction\",\"target\":{\"@type\":\"EntryPoint\",\"urlTemplate\":\"https:\/\/www.prijedordanas.com\/?s={search_term_string}\"},\"query-input\":\"required name=search_term_string\"}],\"inLanguage\":\"en-US\"},{\"@type\":\"Organization\",\"@id\":\"https:\/\/www.prijedordanas.com\/#organization\",\"name\":\"PrijedorDanas.com\",\"url\":\"https:\/\/www.prijedordanas.com\/\",\"logo\":{\"@type\":\"ImageObject\",\"inLanguage\":\"en-US\",\"@id\":\"https:\/\/www.prijedordanas.com\/#\/schema\/logo\/image\/\",\"url\":\"http:\/\/www.prijedordanas.com\/wp-content\/uploads\/2021\/12\/logopng.png\",\"contentUrl\":\"http:\/\/www.prijedordanas.com\/wp-content\/uploads\/2021\/12\/logopng.png\",\"width\":1019,\"height\":776,\"caption\":\"PrijedorDanas.com\"},\"image\":{\"@id\":\"https:\/\/www.prijedordanas.com\/#\/schema\/logo\/image\/\"},\"sameAs\":[\"https:\/\/www.facebook.com\/PrijedorDanasCom\/\"]},{\"@type\":\"Person\",\"@id\":\"https:\/\/www.prijedordanas.com\/#\/schema\/person\/4e08ccf29b506ca916ff86d46bb700e6\",\"name\":\"admin\",\"image\":{\"@type\":\"ImageObject\",\"inLanguage\":\"en-US\",\"@id\":\"https:\/\/www.prijedordanas.com\/#\/schema\/person\/image\/\",\"url\":\"https:\/\/secure.gravatar.com\/avatar\/1d3fc949d550f0b53a5f0d51e06dfd79?s=96&d=mm&r=g\",\"contentUrl\":\"https:\/\/secure.gravatar.com\/avatar\/1d3fc949d550f0b53a5f0d51e06dfd79?s=96&d=mm&r=g\",\"caption\":\"admin\"},\"url\":\"https:\/\/www.prijedordanas.com\/?author=1\"}]}<\/script>\n<!-- \/ Yoast SEO plugin. -->","yoast_head_json":{"title":"SUKOBI U PRIJEDORSKOM SDS-U \u2013 VIDEO - PrijedorDanas.com - Prijedorski gradski portal","robots":{"index":"index","follow":"follow","max-snippet":"max-snippet:-1","max-image-preview":"max-image-preview:large","max-video-preview":"max-video-preview:-1"},"canonical":"https:\/\/www.prijedordanas.com\/?p=90993","og_locale":"en_US","og_type":"article","og_title":"SUKOBI U PRIJEDORSKOM SDS-U \u2013 VIDEO - PrijedorDanas.com - Prijedorski gradski portal","og_description":"Novi sukob u Gradskom odboru SDS-a u Prijedoru. Raspu\u0161ten je mjesni odbor stranke u Ljubiji, \u0161to je izazvalo nezadovoljstvo \u010dlanova. Rukovodstvo prijedorskog Gradskog odbora SDS-a tvrdi da ljubijski mjesni odbor [&hellip;]","og_url":"https:\/\/www.prijedordanas.com\/?p=90993","og_site_name":"PrijedorDanas.com - Prijedorski gradski portal","article_publisher":"https:\/\/www.facebook.com\/PrijedorDanasCom\/","article_published_time":"2017-10-23T18:31:51+00:00","og_image":[{"url":"https:\/\/www.prijedordanas.com\/wp-content\/uploads\/2017\/10\/rtrs-novi-sukobi-u-sds-prijedor-1-300x217.jpg"}],"author":"admin","twitter_card":"summary_large_image","twitter_misc":{"Written by":"admin","Est. reading time":"2 minutes"},"schema":{"@context":"https:\/\/schema.org","@graph":[{"@type":"Article","@id":"https:\/\/www.prijedordanas.com\/?p=90993#article","isPartOf":{"@id":"https:\/\/www.prijedordanas.com\/?p=90993"},"author":{"name":"admin","@id":"https:\/\/www.prijedordanas.com\/#\/schema\/person\/4e08ccf29b506ca916ff86d46bb700e6"},"headline":"SUKOBI U PRIJEDORSKOM SDS-U \u2013 VIDEO","datePublished":"2017-10-23T18:31:51+00:00","dateModified":"2017-10-23T18:31:51+00:00","mainEntityOfPage":{"@id":"https:\/\/www.prijedordanas.com\/?p=90993"},"wordCount":443,"publisher":{"@id":"https:\/\/www.prijedordanas.com\/#organization"},"articleSection":["Svakodnevno"],"inLanguage":"en-US"},{"@type":"WebPage","@id":"https:\/\/www.prijedordanas.com\/?p=90993","url":"https:\/\/www.prijedordanas.com\/?p=90993","name":"SUKOBI U PRIJEDORSKOM SDS-U \u2013 VIDEO - PrijedorDanas.com - Prijedorski gradski portal","isPartOf":{"@id":"https:\/\/www.prijedordanas.com\/#website"},"datePublished":"2017-10-23T18:31:51+00:00","dateModified":"2017-10-23T18:31:51+00:00","breadcrumb":{"@id":"https:\/\/www.prijedordanas.com\/?p=90993#breadcrumb"},"inLanguage":"en-US","potentialAction":[{"@type":"ReadAction","target":["https:\/\/www.prijedordanas.com\/?p=90993"]}]},{"@type":"BreadcrumbList","@id":"https:\/\/www.prijedordanas.com\/?p=90993#breadcrumb","itemListElement":[{"@type":"ListItem","position":1,"name":"Home","item":"https:\/\/www.prijedordanas.com\/"},{"@type":"ListItem","position":2,"name":"SUKOBI U PRIJEDORSKOM SDS-U \u2013 VIDEO"}]},{"@type":"WebSite","@id":"https:\/\/www.prijedordanas.com\/#website","url":"https:\/\/www.prijedordanas.com\/","name":"PrijedorDanas.com - Prijedorski gradski portal","description":"Portal o doga\u0111anjima u gradu Prijedoru","publisher":{"@id":"https:\/\/www.prijedordanas.com\/#organization"},"potentialAction":[{"@type":"SearchAction","target":{"@type":"EntryPoint","urlTemplate":"https:\/\/www.prijedordanas.com\/?s={search_term_string}"},"query-input":"required name=search_term_string"}],"inLanguage":"en-US"},{"@type":"Organization","@id":"https:\/\/www.prijedordanas.com\/#organization","name":"PrijedorDanas.com","url":"https:\/\/www.prijedordanas.com\/","logo":{"@type":"ImageObject","inLanguage":"en-US","@id":"https:\/\/www.prijedordanas.com\/#\/schema\/logo\/image\/","url":"http:\/\/www.prijedordanas.com\/wp-content\/uploads\/2021\/12\/logopng.png","contentUrl":"http:\/\/www.prijedordanas.com\/wp-content\/uploads\/2021\/12\/logopng.png","width":1019,"height":776,"caption":"PrijedorDanas.com"},"image":{"@id":"https:\/\/www.prijedordanas.com\/#\/schema\/logo\/image\/"},"sameAs":["https:\/\/www.facebook.com\/PrijedorDanasCom\/"]},{"@type":"Person","@id":"https:\/\/www.prijedordanas.com\/#\/schema\/person\/4e08ccf29b506ca916ff86d46bb700e6","name":"admin","image":{"@type":"ImageObject","inLanguage":"en-US","@id":"https:\/\/www.prijedordanas.com\/#\/schema\/person\/image\/","url":"https:\/\/secure.gravatar.com\/avatar\/1d3fc949d550f0b53a5f0d51e06dfd79?s=96&d=mm&r=g","contentUrl":"https:\/\/secure.gravatar.com\/avatar\/1d3fc949d550f0b53a5f0d51e06dfd79?s=96&d=mm&r=g","caption":"admin"},"url":"https:\/\/www.prijedordanas.com\/?author=1"}]}},"_links":{"self":[{"href":"https:\/\/www.prijedordanas.com\/index.php?rest_route=\/wp\/v2\/posts\/90993"}],"collection":[{"href":"https:\/\/www.prijedordanas.com\/index.php?rest_route=\/wp\/v2\/posts"}],"about":[{"href":"https:\/\/www.prijedordanas.com\/index.php?rest_route=\/wp\/v2\/types\/post"}],"author":[{"embeddable":true,"href":"https:\/\/www.prijedordanas.com\/index.php?rest_route=\/wp\/v2\/users\/1"}],"replies":[{"embeddable":true,"href":"https:\/\/www.prijedordanas.com\/index.php?rest_route=%2Fwp%2Fv2%2Fcomments&post=90993"}],"version-history":[{"count":2,"href":"https:\/\/www.prijedordanas.com\/index.php?rest_route=\/wp\/v2\/posts\/90993\/revisions"}],"predecessor-version":[{"id":90998,"href":"https:\/\/www.prijedordanas.com\/index.php?rest_route=\/wp\/v2\/posts\/90993\/revisions\/90998"}],"wp:attachment":[{"href":"https:\/\/www.prijedordanas.com\/index.php?rest_route=%2Fwp%2Fv2%2Fmedia&parent=90993"}],"wp:term":[{"taxonomy":"category","embeddable":true,"href":"https:\/\/www.prijedordanas.com\/index.php?rest_route=%2Fwp%2Fv2%2Fcategories&post=90993"},{"taxonomy":"post_tag","embeddable":true,"href":"https:\/\/www.prijedordanas.com\/index.php?rest_route=%2Fwp%2Fv2%2Ftags&post=90993"}],"curies":[{"name":"wp","href":"https:\/\/api.w.org\/{rel}","templated":true}]}}