{"id":90982,"date":"2017-10-25T21:05:25","date_gmt":"2017-10-25T19:05:25","guid":{"rendered":"https:\/\/www.prijedordanas.com\/?p=90982"},"modified":"2017-10-25T21:05:25","modified_gmt":"2017-10-25T19:05:25","slug":"konkurs-za-posao-direktor-odjeljenja-za-internu-reviziju","status":"publish","type":"post","link":"https:\/\/www.prijedordanas.com\/?p=90982","title":{"rendered":"KONKURS ZA POSAO: DIREKTOR ODJELJENJA ZA INTERNU REVIZIJU"},"content":{"rendered":"<p><a href=\"https:\/\/www.prijedordanas.com\/wp-content\/uploads\/2017\/08\/ilustracija-potraga-posao.jpg\"><img loading=\"lazy\" decoding=\"async\" class=\"alignleft size-medium wp-image-86686\" src=\"https:\/\/www.prijedordanas.com\/wp-content\/uploads\/2017\/08\/ilustracija-potraga-posao-300x231.jpg\" alt=\"\" width=\"300\" height=\"231\" srcset=\"https:\/\/www.prijedordanas.com\/wp-content\/uploads\/2017\/08\/ilustracija-potraga-posao-300x231.jpg 300w, https:\/\/www.prijedordanas.com\/wp-content\/uploads\/2017\/08\/ilustracija-potraga-posao-100x77.jpg 100w, https:\/\/www.prijedordanas.com\/wp-content\/uploads\/2017\/08\/ilustracija-potraga-posao.jpg 650w\" sizes=\"(max-width: 300px) 100vw, 300px\" \/><\/a>Direktor\/direktorica Odjeljenja za internu reviziju<\/p>\n<p>Na osnovu \u010dlana 26. Zakona o javnim preduze\u0107ima (\u201cSlu\u017ebeni glasnik Republike Srpske\u201d, broj 75\/04), \u010dlana 8. Zakona o ministarskim, vladinim i drugim imenovanjima Republike Srpske (\u201cSlu\u017ebeni glasnik Republike Srpske\u201d, broj 41\/03), \u010dlana 61. stav 3. b) Statuta Toplane a.d. Prijedor, Odluke Odbora za reviziju Toplane a.d. Prijedor o utvr\u0111ivanju uslova, standarda i kriterijuma za izbor i imenovanje direktora Odjeljenja za internu reviziju u Toplani a.d. Prijedor, broj: 020-1964-9\/17, od 26.7.2017. godine, te Odluke broj: 020-1964-8\/17, od 26.7.2017. godine, r a s p i s u j e s e<\/p>\n<p>JAVNI KONKURS<br \/>\nza izbor i imenovanje direktora Odjeljenja za internu reviziju u Toplani a.d. Prijedor<\/p>\n<p>I &#8211; Osnov<br \/>\nRaspisuje se Javni konkurs za izbor i imenovanje direktora Odjeljenja za internu reviziju u Toplani a.d. Prijedor.<\/p>\n<p>Izbor i imenovanje direktora Odjeljenja za internu reviziju vr\u0161i se u skladu sa Zakonom o javnim preduze\u0107ima (\u201cSlu\u017ebeni glasnik Republike Srpske\u201d, broj 75\/04), Zakonom o ministarskim, vladinim i drugim imenovanjima Republike Srpske (\u201cSlu\u017ebeni glasnik Republike Srpske\u201d, broj 41\/03) i Statutom Toplane a.d. Prijedor.<\/p>\n<p>II &#8211; Opis poslova<br \/>\nNadle\u017enosti, poslovi, obaveze i odgovornosti direktora Odjeljenja za internu reviziju regulisani su odredbama zakona i Statuta Toplane a.d. Prijedor.<\/p>\n<p>III &#8211; Mandat<br \/>\nDirektor Odjeljenja za internu reviziju imenuje se na period od \u010detiri godine.<\/p>\n<p><a href=\"https:\/\/www.prijedordanas.com\/wp-content\/uploads\/2017\/10\/ilustracija-posao-6.jpg\"><img loading=\"lazy\" decoding=\"async\" src=\"https:\/\/www.prijedordanas.com\/wp-content\/uploads\/2017\/10\/ilustracija-posao-6-300x222.jpg\" alt=\"\" width=\"300\" height=\"222\" class=\"alignleft size-medium wp-image-91146\" srcset=\"https:\/\/www.prijedordanas.com\/wp-content\/uploads\/2017\/10\/ilustracija-posao-6-300x222.jpg 300w, https:\/\/www.prijedordanas.com\/wp-content\/uploads\/2017\/10\/ilustracija-posao-6-100x74.jpg 100w, https:\/\/www.prijedordanas.com\/wp-content\/uploads\/2017\/10\/ilustracija-posao-6.jpg 675w\" sizes=\"(max-width: 300px) 100vw, 300px\" \/><\/a>IV &#8211; Op\u0161ti uslovi:<br \/>\n1. da je dr\u017eavljani Republike Srpske i Bosne i Hercegovine,<br \/>\n2. da je stariji od 18 godina,<br \/>\n3. da ima op\u0161tu zdravstvenu sposobnost,<br \/>\n4. da nije otpu\u0161ten iz dr\u017eavne slu\u017ebe na bilo kojem nivou BiH (bilo na nivou dr\u017eave ili entiteta), kao rezultat disciplinske mjere, u periodu od tri godine prije dana objavljivanja Konkursa,<br \/>\n5. da nije osu\u0111ivan i da se protiv njega ne vodi krivi\u010dni postupak za krivi\u010dna djela koja ga \u010dine nepodobnim za obavljanje funkcije,<br \/>\n6. da se na njega ne odnose odredbe \u010dlana IX stav 1. Ustava BiH.<br \/>\n7. da nema fi nansijskih i drugih interesa u javnom preduze\u0107u Toplana a.d. Prijedor.<\/p>\n<p>V &#8211; Posebni uslovi:<br \/>\n1. visoka stru\u010dna sprema (VSS), diplomirani ekonomista,<br \/>\n2. najmanje pet godina radnog iskustava u struci,<br \/>\n3. posjedovanje licence ovla\u0161\u0107enog revizora ili certifi kata ovla\u0161\u0107enog internog revizora,<br \/>\n4. posjedovanje stru\u010dnih i profesionalnih znanja i sposobnosti za obavljanje poslova revizije,<br \/>\n5. poznavanje sadr\u017eaja i na\u010dina rada u javnom preduze\u0107u Toplana a.d. Prijedor.<\/p>\n<p>VI &#8211; Sukob interesa<br \/>\nKandidat ne mo\u017ee obavljati du\u017enosti, aktivnosti ili biti na polo\u017eaju koji dovodi do sukoba interesa kako je to propisano odredbama:<br \/>\n&#8211; Zakona o sukobu interesa (\u201cSlu\u017ebeni glasnik Republike Srpske\u201d, broj 34\/03),<br \/>\n&#8211; Zakona o javnim preduze\u0107ima (\u201cSlu\u017ebeni glasnik Republike Srpske\u201d, broj 75\/04),<br \/>\n&#8211; Zakona o ministarskim, vladinim i drugim imenovanjima (\u201cSlu\u017ebeni glasnik Republike Srpske\u201d, broj 25\/03).<\/p>\n<p>VII &#8211; Potrebna dokumenta<br \/>\nUz prijavu kandidati su du\u017eni da dostave dokaze o ispunjavanju op\u0161tih i posebnih uslova, i to:<br \/>\n&#8211; uvjerenje o dr\u017eavljanstvu (ne starije od \u0161est mjeseci),<br \/>\n&#8211; izvod iz mati\u010dne knjige ro\u0111enih (ne stariji od \u0161est mjeseci),<br \/>\n&#8211; uvjerenje da nisu osu\u0111ivani i da se protiv njih ne vodi krivi\u010dni postupak (ne starije od \u0161est mjeseci),<br \/>\n&#8211; ovjerenu kopiju diplome,<br \/>\n&#8211; ovjerenu foto-kopiju licence ovla\u0161\u0107enog revizora od strane Ministarstva finansija ili ovjerenu foto-kopiju certifi kata ovla\u0161\u0107enog internog revizora,<br \/>\n&#8211; uvjerenje o op\u0161toj zdravstvenoj sposobnosti (dostavi\u0107e izabrani kandidat po zavr\u0161etku izborne procedure),<br \/>\n&#8211; uvjerenje o radnom iskustvu u struci,<br \/>\n&#8211; kratku biografi ju sa podacima o kretanju u slu\u017ebi,<br \/>\n&#8211; za dokaze iz t. 4. i 6. op\u0161tih uslova kandidati dostavljaju pismenu izjavu, kao i izjavu o nepostojanju sukoba interesa,<br \/>\n&#8211; refernc listu stru\u010dnih i profesionalnih znanja i sposobnosti.<\/p>\n<p>VIII &#8211; Rok za podno\u0161enje prijava<br \/>\nRok za podno\u0161enje prijava je 14 dana od dana objavljivanja Konkursa u \u201cSlu\u017ebenom glasniku Republike Srpske\u201d i dnevnom listu \u201cGlas Srpske\u201d, ra\u010dunaju\u0107i od dana zadnjeg objavljivanja.<\/p>\n<p>Neblagovremene i nepotpune prijave ne\u0107e se uzimati u razmatranje. Prijave se mogu dostaviti li\u010dno na protokol Toplane a.d. Prijedor ili po\u0161tom, na adresu: Toplana a.d. Prijedor, Rudni\u010dka broj 66, Prijedor, sa oznakom: Odbor za reviziju Toplane a.d. Prijedor.<\/p>\n<p>Sa svim kandidatima koji u\u0111u u u\u017ei izbor obavi\u0107e se intervju, o \u010demu \u0107e kandidati biti blagovremeno obavije\u0161teni.<\/p>\n<p>Oglas je preuzet sa zvani\u010dne web stranice gore navedene institucije ili iz drugih izvora ogla\u0161avanja. Posao.ba ne odgovara za navode iz oglasa, niti za eventualno kasnije napravljene izmjene i dopune za vrijeme trajanja javnog oglasa. Molimo da za dodatne informacije kontaktirate nadle\u017ene institucije.<\/p>\n<p>Lokacija:Prijedor<br \/>\nBroj pozicija:1<br \/>\nDatum objave:17.10.2017.<br \/>\nTrajanje oglasa:10 dana (isti\u010de 27.10.2017.)<\/p>\n","protected":false},"excerpt":{"rendered":"<p>Direktor\/direktorica Odjeljenja za internu reviziju Na osnovu \u010dlana 26. Zakona o javnim preduze\u0107ima (\u201cSlu\u017ebeni glasnik Republike Srpske\u201d, broj 75\/04), \u010dlana 8. Zakona o ministarskim, vladinim i drugim imenovanjima Republike Srpske [&hellip;]<\/p>\n","protected":false},"author":1,"featured_media":0,"comment_status":"closed","ping_status":"open","sticky":false,"template":"","format":"standard","meta":{"_monsterinsights_skip_tracking":false,"_monsterinsights_sitenote_active":false,"_monsterinsights_sitenote_note":"","_monsterinsights_sitenote_category":0,"footnotes":""},"categories":[7519],"tags":[597],"yoast_head":"<!-- This site is optimized with the Yoast SEO plugin v21.6 - https:\/\/yoast.com\/wordpress\/plugins\/seo\/ -->\n<title>KONKURS ZA POSAO: DIREKTOR ODJELJENJA ZA INTERNU REVIZIJU - PrijedorDanas.com - Prijedorski gradski portal<\/title>\n<meta name=\"robots\" content=\"index, follow, max-snippet:-1, max-image-preview:large, max-video-preview:-1\" \/>\n<link rel=\"canonical\" href=\"https:\/\/www.prijedordanas.com\/?p=90982\" \/>\n<meta property=\"og:locale\" content=\"en_US\" \/>\n<meta property=\"og:type\" content=\"article\" \/>\n<meta property=\"og:title\" content=\"KONKURS ZA POSAO: DIREKTOR ODJELJENJA ZA INTERNU REVIZIJU - PrijedorDanas.com - Prijedorski gradski portal\" \/>\n<meta property=\"og:description\" content=\"Direktor\/direktorica Odjeljenja za internu reviziju Na osnovu \u010dlana 26. Zakona o javnim preduze\u0107ima (\u201cSlu\u017ebeni glasnik Republike Srpske\u201d, broj 75\/04), \u010dlana 8. Zakona o ministarskim, vladinim i drugim imenovanjima Republike Srpske [&hellip;]\" \/>\n<meta property=\"og:url\" content=\"https:\/\/www.prijedordanas.com\/?p=90982\" \/>\n<meta property=\"og:site_name\" content=\"PrijedorDanas.com - Prijedorski gradski portal\" \/>\n<meta property=\"article:publisher\" content=\"https:\/\/www.facebook.com\/PrijedorDanasCom\/\" \/>\n<meta property=\"article:published_time\" content=\"2017-10-25T19:05:25+00:00\" \/>\n<meta property=\"og:image\" content=\"https:\/\/www.prijedordanas.com\/wp-content\/uploads\/2017\/08\/ilustracija-potraga-posao-300x231.jpg\" \/>\n<meta name=\"author\" content=\"admin\" \/>\n<meta name=\"twitter:card\" content=\"summary_large_image\" \/>\n<meta name=\"twitter:label1\" content=\"Written by\" \/>\n\t<meta name=\"twitter:data1\" content=\"admin\" \/>\n\t<meta name=\"twitter:label2\" content=\"Est. reading time\" \/>\n\t<meta name=\"twitter:data2\" content=\"4 minutes\" \/>\n<script type=\"application\/ld+json\" class=\"yoast-schema-graph\">{\"@context\":\"https:\/\/schema.org\",\"@graph\":[{\"@type\":\"Article\",\"@id\":\"https:\/\/www.prijedordanas.com\/?p=90982#article\",\"isPartOf\":{\"@id\":\"https:\/\/www.prijedordanas.com\/?p=90982\"},\"author\":{\"name\":\"admin\",\"@id\":\"https:\/\/www.prijedordanas.com\/#\/schema\/person\/4e08ccf29b506ca916ff86d46bb700e6\"},\"headline\":\"KONKURS ZA POSAO: DIREKTOR ODJELJENJA ZA INTERNU REVIZIJU\",\"datePublished\":\"2017-10-25T19:05:25+00:00\",\"dateModified\":\"2017-10-25T19:05:25+00:00\",\"mainEntityOfPage\":{\"@id\":\"https:\/\/www.prijedordanas.com\/?p=90982\"},\"wordCount\":774,\"publisher\":{\"@id\":\"https:\/\/www.prijedordanas.com\/#organization\"},\"keywords\":[\"posao\"],\"articleSection\":[\"Posao\"],\"inLanguage\":\"en-US\"},{\"@type\":\"WebPage\",\"@id\":\"https:\/\/www.prijedordanas.com\/?p=90982\",\"url\":\"https:\/\/www.prijedordanas.com\/?p=90982\",\"name\":\"KONKURS ZA POSAO: DIREKTOR ODJELJENJA ZA INTERNU REVIZIJU - PrijedorDanas.com - Prijedorski gradski portal\",\"isPartOf\":{\"@id\":\"https:\/\/www.prijedordanas.com\/#website\"},\"datePublished\":\"2017-10-25T19:05:25+00:00\",\"dateModified\":\"2017-10-25T19:05:25+00:00\",\"breadcrumb\":{\"@id\":\"https:\/\/www.prijedordanas.com\/?p=90982#breadcrumb\"},\"inLanguage\":\"en-US\",\"potentialAction\":[{\"@type\":\"ReadAction\",\"target\":[\"https:\/\/www.prijedordanas.com\/?p=90982\"]}]},{\"@type\":\"BreadcrumbList\",\"@id\":\"https:\/\/www.prijedordanas.com\/?p=90982#breadcrumb\",\"itemListElement\":[{\"@type\":\"ListItem\",\"position\":1,\"name\":\"Home\",\"item\":\"https:\/\/www.prijedordanas.com\/\"},{\"@type\":\"ListItem\",\"position\":2,\"name\":\"KONKURS ZA POSAO: DIREKTOR ODJELJENJA ZA INTERNU REVIZIJU\"}]},{\"@type\":\"WebSite\",\"@id\":\"https:\/\/www.prijedordanas.com\/#website\",\"url\":\"https:\/\/www.prijedordanas.com\/\",\"name\":\"PrijedorDanas.com - Prijedorski gradski portal\",\"description\":\"Portal o doga\u0111anjima u gradu Prijedoru\",\"publisher\":{\"@id\":\"https:\/\/www.prijedordanas.com\/#organization\"},\"potentialAction\":[{\"@type\":\"SearchAction\",\"target\":{\"@type\":\"EntryPoint\",\"urlTemplate\":\"https:\/\/www.prijedordanas.com\/?s={search_term_string}\"},\"query-input\":\"required name=search_term_string\"}],\"inLanguage\":\"en-US\"},{\"@type\":\"Organization\",\"@id\":\"https:\/\/www.prijedordanas.com\/#organization\",\"name\":\"PrijedorDanas.com\",\"url\":\"https:\/\/www.prijedordanas.com\/\",\"logo\":{\"@type\":\"ImageObject\",\"inLanguage\":\"en-US\",\"@id\":\"https:\/\/www.prijedordanas.com\/#\/schema\/logo\/image\/\",\"url\":\"http:\/\/www.prijedordanas.com\/wp-content\/uploads\/2021\/12\/logopng.png\",\"contentUrl\":\"http:\/\/www.prijedordanas.com\/wp-content\/uploads\/2021\/12\/logopng.png\",\"width\":1019,\"height\":776,\"caption\":\"PrijedorDanas.com\"},\"image\":{\"@id\":\"https:\/\/www.prijedordanas.com\/#\/schema\/logo\/image\/\"},\"sameAs\":[\"https:\/\/www.facebook.com\/PrijedorDanasCom\/\"]},{\"@type\":\"Person\",\"@id\":\"https:\/\/www.prijedordanas.com\/#\/schema\/person\/4e08ccf29b506ca916ff86d46bb700e6\",\"name\":\"admin\",\"image\":{\"@type\":\"ImageObject\",\"inLanguage\":\"en-US\",\"@id\":\"https:\/\/www.prijedordanas.com\/#\/schema\/person\/image\/\",\"url\":\"https:\/\/secure.gravatar.com\/avatar\/1d3fc949d550f0b53a5f0d51e06dfd79?s=96&d=mm&r=g\",\"contentUrl\":\"https:\/\/secure.gravatar.com\/avatar\/1d3fc949d550f0b53a5f0d51e06dfd79?s=96&d=mm&r=g\",\"caption\":\"admin\"},\"url\":\"https:\/\/www.prijedordanas.com\/?author=1\"}]}<\/script>\n<!-- \/ Yoast SEO plugin. -->","yoast_head_json":{"title":"KONKURS ZA POSAO: DIREKTOR ODJELJENJA ZA INTERNU REVIZIJU - PrijedorDanas.com - Prijedorski gradski portal","robots":{"index":"index","follow":"follow","max-snippet":"max-snippet:-1","max-image-preview":"max-image-preview:large","max-video-preview":"max-video-preview:-1"},"canonical":"https:\/\/www.prijedordanas.com\/?p=90982","og_locale":"en_US","og_type":"article","og_title":"KONKURS ZA POSAO: DIREKTOR ODJELJENJA ZA INTERNU REVIZIJU - PrijedorDanas.com - Prijedorski gradski portal","og_description":"Direktor\/direktorica Odjeljenja za internu reviziju Na osnovu \u010dlana 26. Zakona o javnim preduze\u0107ima (\u201cSlu\u017ebeni glasnik Republike Srpske\u201d, broj 75\/04), \u010dlana 8. Zakona o ministarskim, vladinim i drugim imenovanjima Republike Srpske [&hellip;]","og_url":"https:\/\/www.prijedordanas.com\/?p=90982","og_site_name":"PrijedorDanas.com - Prijedorski gradski portal","article_publisher":"https:\/\/www.facebook.com\/PrijedorDanasCom\/","article_published_time":"2017-10-25T19:05:25+00:00","og_image":[{"url":"https:\/\/www.prijedordanas.com\/wp-content\/uploads\/2017\/08\/ilustracija-potraga-posao-300x231.jpg"}],"author":"admin","twitter_card":"summary_large_image","twitter_misc":{"Written by":"admin","Est. reading time":"4 minutes"},"schema":{"@context":"https:\/\/schema.org","@graph":[{"@type":"Article","@id":"https:\/\/www.prijedordanas.com\/?p=90982#article","isPartOf":{"@id":"https:\/\/www.prijedordanas.com\/?p=90982"},"author":{"name":"admin","@id":"https:\/\/www.prijedordanas.com\/#\/schema\/person\/4e08ccf29b506ca916ff86d46bb700e6"},"headline":"KONKURS ZA POSAO: DIREKTOR ODJELJENJA ZA INTERNU REVIZIJU","datePublished":"2017-10-25T19:05:25+00:00","dateModified":"2017-10-25T19:05:25+00:00","mainEntityOfPage":{"@id":"https:\/\/www.prijedordanas.com\/?p=90982"},"wordCount":774,"publisher":{"@id":"https:\/\/www.prijedordanas.com\/#organization"},"keywords":["posao"],"articleSection":["Posao"],"inLanguage":"en-US"},{"@type":"WebPage","@id":"https:\/\/www.prijedordanas.com\/?p=90982","url":"https:\/\/www.prijedordanas.com\/?p=90982","name":"KONKURS ZA POSAO: DIREKTOR ODJELJENJA ZA INTERNU REVIZIJU - PrijedorDanas.com - Prijedorski gradski portal","isPartOf":{"@id":"https:\/\/www.prijedordanas.com\/#website"},"datePublished":"2017-10-25T19:05:25+00:00","dateModified":"2017-10-25T19:05:25+00:00","breadcrumb":{"@id":"https:\/\/www.prijedordanas.com\/?p=90982#breadcrumb"},"inLanguage":"en-US","potentialAction":[{"@type":"ReadAction","target":["https:\/\/www.prijedordanas.com\/?p=90982"]}]},{"@type":"BreadcrumbList","@id":"https:\/\/www.prijedordanas.com\/?p=90982#breadcrumb","itemListElement":[{"@type":"ListItem","position":1,"name":"Home","item":"https:\/\/www.prijedordanas.com\/"},{"@type":"ListItem","position":2,"name":"KONKURS ZA POSAO: DIREKTOR ODJELJENJA ZA INTERNU REVIZIJU"}]},{"@type":"WebSite","@id":"https:\/\/www.prijedordanas.com\/#website","url":"https:\/\/www.prijedordanas.com\/","name":"PrijedorDanas.com - Prijedorski gradski portal","description":"Portal o doga\u0111anjima u gradu Prijedoru","publisher":{"@id":"https:\/\/www.prijedordanas.com\/#organization"},"potentialAction":[{"@type":"SearchAction","target":{"@type":"EntryPoint","urlTemplate":"https:\/\/www.prijedordanas.com\/?s={search_term_string}"},"query-input":"required name=search_term_string"}],"inLanguage":"en-US"},{"@type":"Organization","@id":"https:\/\/www.prijedordanas.com\/#organization","name":"PrijedorDanas.com","url":"https:\/\/www.prijedordanas.com\/","logo":{"@type":"ImageObject","inLanguage":"en-US","@id":"https:\/\/www.prijedordanas.com\/#\/schema\/logo\/image\/","url":"http:\/\/www.prijedordanas.com\/wp-content\/uploads\/2021\/12\/logopng.png","contentUrl":"http:\/\/www.prijedordanas.com\/wp-content\/uploads\/2021\/12\/logopng.png","width":1019,"height":776,"caption":"PrijedorDanas.com"},"image":{"@id":"https:\/\/www.prijedordanas.com\/#\/schema\/logo\/image\/"},"sameAs":["https:\/\/www.facebook.com\/PrijedorDanasCom\/"]},{"@type":"Person","@id":"https:\/\/www.prijedordanas.com\/#\/schema\/person\/4e08ccf29b506ca916ff86d46bb700e6","name":"admin","image":{"@type":"ImageObject","inLanguage":"en-US","@id":"https:\/\/www.prijedordanas.com\/#\/schema\/person\/image\/","url":"https:\/\/secure.gravatar.com\/avatar\/1d3fc949d550f0b53a5f0d51e06dfd79?s=96&d=mm&r=g","contentUrl":"https:\/\/secure.gravatar.com\/avatar\/1d3fc949d550f0b53a5f0d51e06dfd79?s=96&d=mm&r=g","caption":"admin"},"url":"https:\/\/www.prijedordanas.com\/?author=1"}]}},"_links":{"self":[{"href":"https:\/\/www.prijedordanas.com\/index.php?rest_route=\/wp\/v2\/posts\/90982"}],"collection":[{"href":"https:\/\/www.prijedordanas.com\/index.php?rest_route=\/wp\/v2\/posts"}],"about":[{"href":"https:\/\/www.prijedordanas.com\/index.php?rest_route=\/wp\/v2\/types\/post"}],"author":[{"embeddable":true,"href":"https:\/\/www.prijedordanas.com\/index.php?rest_route=\/wp\/v2\/users\/1"}],"replies":[{"embeddable":true,"href":"https:\/\/www.prijedordanas.com\/index.php?rest_route=%2Fwp%2Fv2%2Fcomments&post=90982"}],"version-history":[{"count":2,"href":"https:\/\/www.prijedordanas.com\/index.php?rest_route=\/wp\/v2\/posts\/90982\/revisions"}],"predecessor-version":[{"id":91147,"href":"https:\/\/www.prijedordanas.com\/index.php?rest_route=\/wp\/v2\/posts\/90982\/revisions\/91147"}],"wp:attachment":[{"href":"https:\/\/www.prijedordanas.com\/index.php?rest_route=%2Fwp%2Fv2%2Fmedia&parent=90982"}],"wp:term":[{"taxonomy":"category","embeddable":true,"href":"https:\/\/www.prijedordanas.com\/index.php?rest_route=%2Fwp%2Fv2%2Fcategories&post=90982"},{"taxonomy":"post_tag","embeddable":true,"href":"https:\/\/www.prijedordanas.com\/index.php?rest_route=%2Fwp%2Fv2%2Ftags&post=90982"}],"curies":[{"name":"wp","href":"https:\/\/api.w.org\/{rel}","templated":true}]}}