{"id":90960,"date":"2017-10-23T15:46:49","date_gmt":"2017-10-23T13:46:49","guid":{"rendered":"https:\/\/www.prijedordanas.com\/?p=90960"},"modified":"2017-10-23T15:46:49","modified_gmt":"2017-10-23T13:46:49","slug":"odrzan-osmi-sabor-pdp-prijedor-izabran-novi-saziv-gradskog-odbora-foto","status":"publish","type":"post","link":"https:\/\/www.prijedordanas.com\/?p=90960","title":{"rendered":"ODR\u017dAN OSMI SABOR PDP-A PRIJEDOR: IZABRAN NOVI SAZIV GRADSKOG ODBORA \u2013 FOTO"},"content":{"rendered":"<p><a href=\"https:\/\/www.prijedordanas.com\/wp-content\/uploads\/2017\/10\/sabor-pdp-prijedor-1.jpg\"><img loading=\"lazy\" decoding=\"async\" class=\"alignleft size-medium wp-image-90961\" src=\"https:\/\/www.prijedordanas.com\/wp-content\/uploads\/2017\/10\/sabor-pdp-prijedor-1-300x222.jpg\" alt=\"\" width=\"300\" height=\"222\" srcset=\"https:\/\/www.prijedordanas.com\/wp-content\/uploads\/2017\/10\/sabor-pdp-prijedor-1-300x222.jpg 300w, https:\/\/www.prijedordanas.com\/wp-content\/uploads\/2017\/10\/sabor-pdp-prijedor-1-100x74.jpg 100w, https:\/\/www.prijedordanas.com\/wp-content\/uploads\/2017\/10\/sabor-pdp-prijedor-1.jpg 675w\" sizes=\"(max-width: 300px) 100vw, 300px\" \/><\/a>Sino\u0107 je u na\u0161em gradu odr\u017ean 8.Sabor Partije demokratskog progresa Prijedor.<\/p>\n<p>Prisutni delegati su tom prilikom izabrali 45 \u010dlanova Gradskog odbora PDP-a.<\/p>\n<p>Dosada\u0161nji predsjednik GO PDP Prijedor i \u010dlan Radne grupe za sprovo\u0111enje Sabora Dalibor Grabe\u017e je rekao da \u0107e ovo tijelo ukupno imati 59 \u010dlanova nakon \u0161to budu izabrani i predstavnici organizacije \u017eena i mladih.<\/p>\n<p>-Na prvoj sjednici Gradskog odbora PDP Prijedor bi\u0107e izabran predsjednik, tri zamjenika, sekretar kao i \u010dlanovi Predsjedni\u0161tva \u2013 dodao je Grabe\u017e.<\/p>\n<p>Partija demokratskog progresa ima dva odbornika u Skup\u0161tini grada Prijedora ve\u0107 nekoliko mandata a broj glasova koje osvajaju na lokalnim izborima je konstantan i kre\u0107e se oko 2.000.<\/p>\n<p>Kako nezvani\u010dno saznajemo, Dalibor Grabe\u017e \u0107e ponovo biti izabran za predsjednika GO PDP Prijedor.<\/p>\n<p>Tekst i foto \u2013 Aleksandar Drakuli\u0107 \u2013 <a href=\"https:\/\/www.prijedordanas.com\" target=\"_blank\" rel=\"noopener noreferrer\">www.prijedordanas.com<\/a><\/p>\n<p><a href=\"https:\/\/www.prijedordanas.com\/wp-content\/uploads\/2017\/10\/sabor-pdp-prijedor-2.jpg\"><img loading=\"lazy\" decoding=\"async\" class=\"alignleft size-medium wp-image-90962\" src=\"https:\/\/www.prijedordanas.com\/wp-content\/uploads\/2017\/10\/sabor-pdp-prijedor-2-300x222.jpg\" alt=\"\" width=\"300\" height=\"222\" srcset=\"https:\/\/www.prijedordanas.com\/wp-content\/uploads\/2017\/10\/sabor-pdp-prijedor-2-300x222.jpg 300w, https:\/\/www.prijedordanas.com\/wp-content\/uploads\/2017\/10\/sabor-pdp-prijedor-2-100x74.jpg 100w, https:\/\/www.prijedordanas.com\/wp-content\/uploads\/2017\/10\/sabor-pdp-prijedor-2.jpg 675w\" sizes=\"(max-width: 300px) 100vw, 300px\" \/><\/a> <a href=\"https:\/\/www.prijedordanas.com\/wp-content\/uploads\/2017\/10\/sabor-pdp-prijedor-3.jpg\"><img loading=\"lazy\" decoding=\"async\" class=\"alignleft size-medium wp-image-90963\" src=\"https:\/\/www.prijedordanas.com\/wp-content\/uploads\/2017\/10\/sabor-pdp-prijedor-3-300x222.jpg\" alt=\"\" width=\"300\" height=\"222\" srcset=\"https:\/\/www.prijedordanas.com\/wp-content\/uploads\/2017\/10\/sabor-pdp-prijedor-3-300x222.jpg 300w, https:\/\/www.prijedordanas.com\/wp-content\/uploads\/2017\/10\/sabor-pdp-prijedor-3-100x74.jpg 100w, https:\/\/www.prijedordanas.com\/wp-content\/uploads\/2017\/10\/sabor-pdp-prijedor-3.jpg 675w\" sizes=\"(max-width: 300px) 100vw, 300px\" \/><\/a> <a href=\"https:\/\/www.prijedordanas.com\/wp-content\/uploads\/2017\/10\/sabor-pdp-prijedor-4.jpg\"><img loading=\"lazy\" decoding=\"async\" class=\"alignleft size-medium wp-image-90964\" src=\"https:\/\/www.prijedordanas.com\/wp-content\/uploads\/2017\/10\/sabor-pdp-prijedor-4-300x222.jpg\" alt=\"\" width=\"300\" height=\"222\" srcset=\"https:\/\/www.prijedordanas.com\/wp-content\/uploads\/2017\/10\/sabor-pdp-prijedor-4-300x222.jpg 300w, https:\/\/www.prijedordanas.com\/wp-content\/uploads\/2017\/10\/sabor-pdp-prijedor-4-100x74.jpg 100w, https:\/\/www.prijedordanas.com\/wp-content\/uploads\/2017\/10\/sabor-pdp-prijedor-4.jpg 675w\" sizes=\"(max-width: 300px) 100vw, 300px\" \/><\/a> <a href=\"https:\/\/www.prijedordanas.com\/wp-content\/uploads\/2017\/10\/sabor-pdp-prijedor-5.jpg\"><img loading=\"lazy\" decoding=\"async\" class=\"alignleft size-medium wp-image-90965\" src=\"https:\/\/www.prijedordanas.com\/wp-content\/uploads\/2017\/10\/sabor-pdp-prijedor-5-300x222.jpg\" alt=\"\" width=\"300\" height=\"222\" srcset=\"https:\/\/www.prijedordanas.com\/wp-content\/uploads\/2017\/10\/sabor-pdp-prijedor-5-300x222.jpg 300w, https:\/\/www.prijedordanas.com\/wp-content\/uploads\/2017\/10\/sabor-pdp-prijedor-5-100x74.jpg 100w, https:\/\/www.prijedordanas.com\/wp-content\/uploads\/2017\/10\/sabor-pdp-prijedor-5.jpg 675w\" sizes=\"(max-width: 300px) 100vw, 300px\" \/><\/a> <a href=\"https:\/\/www.prijedordanas.com\/wp-content\/uploads\/2017\/10\/sabor-pdp-prijedor-6.jpg\"><img loading=\"lazy\" decoding=\"async\" class=\"alignleft size-medium wp-image-90966\" src=\"https:\/\/www.prijedordanas.com\/wp-content\/uploads\/2017\/10\/sabor-pdp-prijedor-6-300x199.jpg\" alt=\"\" width=\"300\" height=\"199\" srcset=\"https:\/\/www.prijedordanas.com\/wp-content\/uploads\/2017\/10\/sabor-pdp-prijedor-6-300x200.jpg 300w, https:\/\/www.prijedordanas.com\/wp-content\/uploads\/2017\/10\/sabor-pdp-prijedor-6-100x66.jpg 100w, https:\/\/www.prijedordanas.com\/wp-content\/uploads\/2017\/10\/sabor-pdp-prijedor-6-480x320.jpg 480w, https:\/\/www.prijedordanas.com\/wp-content\/uploads\/2017\/10\/sabor-pdp-prijedor-6.jpg 600w\" sizes=\"(max-width: 300px) 100vw, 300px\" \/><\/a> <a href=\"https:\/\/www.prijedordanas.com\/wp-content\/uploads\/2017\/10\/sabor-pdp-prijedor-7.jpg\"><img loading=\"lazy\" decoding=\"async\" class=\"alignleft size-medium wp-image-90967\" src=\"https:\/\/www.prijedordanas.com\/wp-content\/uploads\/2017\/10\/sabor-pdp-prijedor-7-300x199.jpg\" alt=\"\" width=\"300\" height=\"199\" srcset=\"https:\/\/www.prijedordanas.com\/wp-content\/uploads\/2017\/10\/sabor-pdp-prijedor-7-300x200.jpg 300w, https:\/\/www.prijedordanas.com\/wp-content\/uploads\/2017\/10\/sabor-pdp-prijedor-7-100x66.jpg 100w, https:\/\/www.prijedordanas.com\/wp-content\/uploads\/2017\/10\/sabor-pdp-prijedor-7-480x320.jpg 480w, https:\/\/www.prijedordanas.com\/wp-content\/uploads\/2017\/10\/sabor-pdp-prijedor-7.jpg 600w\" sizes=\"(max-width: 300px) 100vw, 300px\" \/><\/a> <a href=\"https:\/\/www.prijedordanas.com\/wp-content\/uploads\/2017\/10\/sabor-pdp-prijedor-8.jpg\"><img loading=\"lazy\" decoding=\"async\" class=\"alignleft size-medium wp-image-90968\" src=\"https:\/\/www.prijedordanas.com\/wp-content\/uploads\/2017\/10\/sabor-pdp-prijedor-8-300x199.jpg\" alt=\"\" width=\"300\" height=\"199\" srcset=\"https:\/\/www.prijedordanas.com\/wp-content\/uploads\/2017\/10\/sabor-pdp-prijedor-8-300x200.jpg 300w, https:\/\/www.prijedordanas.com\/wp-content\/uploads\/2017\/10\/sabor-pdp-prijedor-8-100x66.jpg 100w, https:\/\/www.prijedordanas.com\/wp-content\/uploads\/2017\/10\/sabor-pdp-prijedor-8-480x320.jpg 480w, https:\/\/www.prijedordanas.com\/wp-content\/uploads\/2017\/10\/sabor-pdp-prijedor-8.jpg 600w\" sizes=\"(max-width: 300px) 100vw, 300px\" \/><\/a><\/p>\n","protected":false},"excerpt":{"rendered":"<p>Sino\u0107 je u na\u0161em gradu odr\u017ean 8.Sabor Partije demokratskog progresa Prijedor. Prisutni delegati su tom prilikom izabrali 45 \u010dlanova Gradskog odbora PDP-a. Dosada\u0161nji predsjednik GO PDP Prijedor i \u010dlan Radne [&hellip;]<\/p>\n","protected":false},"author":1,"featured_media":0,"comment_status":"closed","ping_status":"open","sticky":false,"template":"","format":"standard","meta":{"_monsterinsights_skip_tracking":false,"_monsterinsights_sitenote_active":false,"_monsterinsights_sitenote_note":"","_monsterinsights_sitenote_category":0,"footnotes":""},"categories":[8],"tags":[6110,174,6147],"yoast_head":"<!-- This site is optimized with the Yoast SEO plugin v21.6 - https:\/\/yoast.com\/wordpress\/plugins\/seo\/ -->\n<title>ODR\u017dAN OSMI SABOR PDP-A PRIJEDOR: IZABRAN NOVI SAZIV GRADSKOG ODBORA \u2013 FOTO - PrijedorDanas.com - Prijedorski gradski portal<\/title>\n<meta name=\"robots\" content=\"index, follow, max-snippet:-1, max-image-preview:large, max-video-preview:-1\" \/>\n<link rel=\"canonical\" href=\"https:\/\/www.prijedordanas.com\/?p=90960\" \/>\n<meta property=\"og:locale\" content=\"en_US\" \/>\n<meta property=\"og:type\" content=\"article\" \/>\n<meta property=\"og:title\" content=\"ODR\u017dAN OSMI SABOR PDP-A PRIJEDOR: IZABRAN NOVI SAZIV GRADSKOG ODBORA \u2013 FOTO - PrijedorDanas.com - Prijedorski gradski portal\" \/>\n<meta property=\"og:description\" content=\"Sino\u0107 je u na\u0161em gradu odr\u017ean 8.Sabor Partije demokratskog progresa Prijedor. Prisutni delegati su tom prilikom izabrali 45 \u010dlanova Gradskog odbora PDP-a. Dosada\u0161nji predsjednik GO PDP Prijedor i \u010dlan Radne [&hellip;]\" \/>\n<meta property=\"og:url\" content=\"https:\/\/www.prijedordanas.com\/?p=90960\" \/>\n<meta property=\"og:site_name\" content=\"PrijedorDanas.com - Prijedorski gradski portal\" \/>\n<meta property=\"article:publisher\" content=\"https:\/\/www.facebook.com\/PrijedorDanasCom\/\" \/>\n<meta property=\"article:published_time\" content=\"2017-10-23T13:46:49+00:00\" \/>\n<meta property=\"og:image\" content=\"https:\/\/www.prijedordanas.com\/wp-content\/uploads\/2017\/10\/sabor-pdp-prijedor-1-300x222.jpg\" \/>\n<meta name=\"author\" content=\"admin\" \/>\n<meta name=\"twitter:card\" content=\"summary_large_image\" \/>\n<meta name=\"twitter:label1\" content=\"Written by\" \/>\n\t<meta name=\"twitter:data1\" content=\"admin\" \/>\n\t<meta name=\"twitter:label2\" content=\"Est. reading time\" \/>\n\t<meta name=\"twitter:data2\" content=\"1 minute\" \/>\n<script type=\"application\/ld+json\" class=\"yoast-schema-graph\">{\"@context\":\"https:\/\/schema.org\",\"@graph\":[{\"@type\":\"Article\",\"@id\":\"https:\/\/www.prijedordanas.com\/?p=90960#article\",\"isPartOf\":{\"@id\":\"https:\/\/www.prijedordanas.com\/?p=90960\"},\"author\":{\"name\":\"admin\",\"@id\":\"https:\/\/www.prijedordanas.com\/#\/schema\/person\/4e08ccf29b506ca916ff86d46bb700e6\"},\"headline\":\"ODR\u017dAN OSMI SABOR PDP-A PRIJEDOR: IZABRAN NOVI SAZIV GRADSKOG ODBORA \u2013 FOTO\",\"datePublished\":\"2017-10-23T13:46:49+00:00\",\"dateModified\":\"2017-10-23T13:46:49+00:00\",\"mainEntityOfPage\":{\"@id\":\"https:\/\/www.prijedordanas.com\/?p=90960\"},\"wordCount\":144,\"publisher\":{\"@id\":\"https:\/\/www.prijedordanas.com\/#organization\"},\"keywords\":[\"Dalibor Grabe\u017e\",\"PDP Prijedor\",\"Sabor\"],\"articleSection\":[\"Svakodnevno\"],\"inLanguage\":\"en-US\"},{\"@type\":\"WebPage\",\"@id\":\"https:\/\/www.prijedordanas.com\/?p=90960\",\"url\":\"https:\/\/www.prijedordanas.com\/?p=90960\",\"name\":\"ODR\u017dAN OSMI SABOR PDP-A PRIJEDOR: IZABRAN NOVI SAZIV GRADSKOG ODBORA \u2013 FOTO - PrijedorDanas.com - Prijedorski gradski portal\",\"isPartOf\":{\"@id\":\"https:\/\/www.prijedordanas.com\/#website\"},\"datePublished\":\"2017-10-23T13:46:49+00:00\",\"dateModified\":\"2017-10-23T13:46:49+00:00\",\"breadcrumb\":{\"@id\":\"https:\/\/www.prijedordanas.com\/?p=90960#breadcrumb\"},\"inLanguage\":\"en-US\",\"potentialAction\":[{\"@type\":\"ReadAction\",\"target\":[\"https:\/\/www.prijedordanas.com\/?p=90960\"]}]},{\"@type\":\"BreadcrumbList\",\"@id\":\"https:\/\/www.prijedordanas.com\/?p=90960#breadcrumb\",\"itemListElement\":[{\"@type\":\"ListItem\",\"position\":1,\"name\":\"Home\",\"item\":\"https:\/\/www.prijedordanas.com\/\"},{\"@type\":\"ListItem\",\"position\":2,\"name\":\"ODR\u017dAN OSMI SABOR PDP-A PRIJEDOR: IZABRAN NOVI SAZIV GRADSKOG ODBORA \u2013 FOTO\"}]},{\"@type\":\"WebSite\",\"@id\":\"https:\/\/www.prijedordanas.com\/#website\",\"url\":\"https:\/\/www.prijedordanas.com\/\",\"name\":\"PrijedorDanas.com - Prijedorski gradski portal\",\"description\":\"Portal o doga\u0111anjima u gradu Prijedoru\",\"publisher\":{\"@id\":\"https:\/\/www.prijedordanas.com\/#organization\"},\"potentialAction\":[{\"@type\":\"SearchAction\",\"target\":{\"@type\":\"EntryPoint\",\"urlTemplate\":\"https:\/\/www.prijedordanas.com\/?s={search_term_string}\"},\"query-input\":\"required name=search_term_string\"}],\"inLanguage\":\"en-US\"},{\"@type\":\"Organization\",\"@id\":\"https:\/\/www.prijedordanas.com\/#organization\",\"name\":\"PrijedorDanas.com\",\"url\":\"https:\/\/www.prijedordanas.com\/\",\"logo\":{\"@type\":\"ImageObject\",\"inLanguage\":\"en-US\",\"@id\":\"https:\/\/www.prijedordanas.com\/#\/schema\/logo\/image\/\",\"url\":\"http:\/\/www.prijedordanas.com\/wp-content\/uploads\/2021\/12\/logopng.png\",\"contentUrl\":\"http:\/\/www.prijedordanas.com\/wp-content\/uploads\/2021\/12\/logopng.png\",\"width\":1019,\"height\":776,\"caption\":\"PrijedorDanas.com\"},\"image\":{\"@id\":\"https:\/\/www.prijedordanas.com\/#\/schema\/logo\/image\/\"},\"sameAs\":[\"https:\/\/www.facebook.com\/PrijedorDanasCom\/\"]},{\"@type\":\"Person\",\"@id\":\"https:\/\/www.prijedordanas.com\/#\/schema\/person\/4e08ccf29b506ca916ff86d46bb700e6\",\"name\":\"admin\",\"image\":{\"@type\":\"ImageObject\",\"inLanguage\":\"en-US\",\"@id\":\"https:\/\/www.prijedordanas.com\/#\/schema\/person\/image\/\",\"url\":\"https:\/\/secure.gravatar.com\/avatar\/1d3fc949d550f0b53a5f0d51e06dfd79?s=96&d=mm&r=g\",\"contentUrl\":\"https:\/\/secure.gravatar.com\/avatar\/1d3fc949d550f0b53a5f0d51e06dfd79?s=96&d=mm&r=g\",\"caption\":\"admin\"},\"url\":\"https:\/\/www.prijedordanas.com\/?author=1\"}]}<\/script>\n<!-- \/ Yoast SEO plugin. -->","yoast_head_json":{"title":"ODR\u017dAN OSMI SABOR PDP-A PRIJEDOR: IZABRAN NOVI SAZIV GRADSKOG ODBORA \u2013 FOTO - PrijedorDanas.com - Prijedorski gradski portal","robots":{"index":"index","follow":"follow","max-snippet":"max-snippet:-1","max-image-preview":"max-image-preview:large","max-video-preview":"max-video-preview:-1"},"canonical":"https:\/\/www.prijedordanas.com\/?p=90960","og_locale":"en_US","og_type":"article","og_title":"ODR\u017dAN OSMI SABOR PDP-A PRIJEDOR: IZABRAN NOVI SAZIV GRADSKOG ODBORA \u2013 FOTO - PrijedorDanas.com - Prijedorski gradski portal","og_description":"Sino\u0107 je u na\u0161em gradu odr\u017ean 8.Sabor Partije demokratskog progresa Prijedor. Prisutni delegati su tom prilikom izabrali 45 \u010dlanova Gradskog odbora PDP-a. Dosada\u0161nji predsjednik GO PDP Prijedor i \u010dlan Radne [&hellip;]","og_url":"https:\/\/www.prijedordanas.com\/?p=90960","og_site_name":"PrijedorDanas.com - Prijedorski gradski portal","article_publisher":"https:\/\/www.facebook.com\/PrijedorDanasCom\/","article_published_time":"2017-10-23T13:46:49+00:00","og_image":[{"url":"https:\/\/www.prijedordanas.com\/wp-content\/uploads\/2017\/10\/sabor-pdp-prijedor-1-300x222.jpg"}],"author":"admin","twitter_card":"summary_large_image","twitter_misc":{"Written by":"admin","Est. reading time":"1 minute"},"schema":{"@context":"https:\/\/schema.org","@graph":[{"@type":"Article","@id":"https:\/\/www.prijedordanas.com\/?p=90960#article","isPartOf":{"@id":"https:\/\/www.prijedordanas.com\/?p=90960"},"author":{"name":"admin","@id":"https:\/\/www.prijedordanas.com\/#\/schema\/person\/4e08ccf29b506ca916ff86d46bb700e6"},"headline":"ODR\u017dAN OSMI SABOR PDP-A PRIJEDOR: IZABRAN NOVI SAZIV GRADSKOG ODBORA \u2013 FOTO","datePublished":"2017-10-23T13:46:49+00:00","dateModified":"2017-10-23T13:46:49+00:00","mainEntityOfPage":{"@id":"https:\/\/www.prijedordanas.com\/?p=90960"},"wordCount":144,"publisher":{"@id":"https:\/\/www.prijedordanas.com\/#organization"},"keywords":["Dalibor Grabe\u017e","PDP Prijedor","Sabor"],"articleSection":["Svakodnevno"],"inLanguage":"en-US"},{"@type":"WebPage","@id":"https:\/\/www.prijedordanas.com\/?p=90960","url":"https:\/\/www.prijedordanas.com\/?p=90960","name":"ODR\u017dAN OSMI SABOR PDP-A PRIJEDOR: IZABRAN NOVI SAZIV GRADSKOG ODBORA \u2013 FOTO - PrijedorDanas.com - Prijedorski gradski portal","isPartOf":{"@id":"https:\/\/www.prijedordanas.com\/#website"},"datePublished":"2017-10-23T13:46:49+00:00","dateModified":"2017-10-23T13:46:49+00:00","breadcrumb":{"@id":"https:\/\/www.prijedordanas.com\/?p=90960#breadcrumb"},"inLanguage":"en-US","potentialAction":[{"@type":"ReadAction","target":["https:\/\/www.prijedordanas.com\/?p=90960"]}]},{"@type":"BreadcrumbList","@id":"https:\/\/www.prijedordanas.com\/?p=90960#breadcrumb","itemListElement":[{"@type":"ListItem","position":1,"name":"Home","item":"https:\/\/www.prijedordanas.com\/"},{"@type":"ListItem","position":2,"name":"ODR\u017dAN OSMI SABOR PDP-A PRIJEDOR: IZABRAN NOVI SAZIV GRADSKOG ODBORA \u2013 FOTO"}]},{"@type":"WebSite","@id":"https:\/\/www.prijedordanas.com\/#website","url":"https:\/\/www.prijedordanas.com\/","name":"PrijedorDanas.com - Prijedorski gradski portal","description":"Portal o doga\u0111anjima u gradu Prijedoru","publisher":{"@id":"https:\/\/www.prijedordanas.com\/#organization"},"potentialAction":[{"@type":"SearchAction","target":{"@type":"EntryPoint","urlTemplate":"https:\/\/www.prijedordanas.com\/?s={search_term_string}"},"query-input":"required name=search_term_string"}],"inLanguage":"en-US"},{"@type":"Organization","@id":"https:\/\/www.prijedordanas.com\/#organization","name":"PrijedorDanas.com","url":"https:\/\/www.prijedordanas.com\/","logo":{"@type":"ImageObject","inLanguage":"en-US","@id":"https:\/\/www.prijedordanas.com\/#\/schema\/logo\/image\/","url":"http:\/\/www.prijedordanas.com\/wp-content\/uploads\/2021\/12\/logopng.png","contentUrl":"http:\/\/www.prijedordanas.com\/wp-content\/uploads\/2021\/12\/logopng.png","width":1019,"height":776,"caption":"PrijedorDanas.com"},"image":{"@id":"https:\/\/www.prijedordanas.com\/#\/schema\/logo\/image\/"},"sameAs":["https:\/\/www.facebook.com\/PrijedorDanasCom\/"]},{"@type":"Person","@id":"https:\/\/www.prijedordanas.com\/#\/schema\/person\/4e08ccf29b506ca916ff86d46bb700e6","name":"admin","image":{"@type":"ImageObject","inLanguage":"en-US","@id":"https:\/\/www.prijedordanas.com\/#\/schema\/person\/image\/","url":"https:\/\/secure.gravatar.com\/avatar\/1d3fc949d550f0b53a5f0d51e06dfd79?s=96&d=mm&r=g","contentUrl":"https:\/\/secure.gravatar.com\/avatar\/1d3fc949d550f0b53a5f0d51e06dfd79?s=96&d=mm&r=g","caption":"admin"},"url":"https:\/\/www.prijedordanas.com\/?author=1"}]}},"_links":{"self":[{"href":"https:\/\/www.prijedordanas.com\/index.php?rest_route=\/wp\/v2\/posts\/90960"}],"collection":[{"href":"https:\/\/www.prijedordanas.com\/index.php?rest_route=\/wp\/v2\/posts"}],"about":[{"href":"https:\/\/www.prijedordanas.com\/index.php?rest_route=\/wp\/v2\/types\/post"}],"author":[{"embeddable":true,"href":"https:\/\/www.prijedordanas.com\/index.php?rest_route=\/wp\/v2\/users\/1"}],"replies":[{"embeddable":true,"href":"https:\/\/www.prijedordanas.com\/index.php?rest_route=%2Fwp%2Fv2%2Fcomments&post=90960"}],"version-history":[{"count":1,"href":"https:\/\/www.prijedordanas.com\/index.php?rest_route=\/wp\/v2\/posts\/90960\/revisions"}],"predecessor-version":[{"id":90969,"href":"https:\/\/www.prijedordanas.com\/index.php?rest_route=\/wp\/v2\/posts\/90960\/revisions\/90969"}],"wp:attachment":[{"href":"https:\/\/www.prijedordanas.com\/index.php?rest_route=%2Fwp%2Fv2%2Fmedia&parent=90960"}],"wp:term":[{"taxonomy":"category","embeddable":true,"href":"https:\/\/www.prijedordanas.com\/index.php?rest_route=%2Fwp%2Fv2%2Fcategories&post=90960"},{"taxonomy":"post_tag","embeddable":true,"href":"https:\/\/www.prijedordanas.com\/index.php?rest_route=%2Fwp%2Fv2%2Ftags&post=90960"}],"curies":[{"name":"wp","href":"https:\/\/api.w.org\/{rel}","templated":true}]}}