{"id":90801,"date":"2017-10-19T19:53:45","date_gmt":"2017-10-19T17:53:45","guid":{"rendered":"https:\/\/www.prijedordanas.com\/?p=90801"},"modified":"2017-10-19T19:53:45","modified_gmt":"2017-10-19T17:53:45","slug":"zeleno-svjetlo-za-rebalans-budzeta-grada-prijedora-fotovideo","status":"publish","type":"post","link":"https:\/\/www.prijedordanas.com\/?p=90801","title":{"rendered":"ZELENO SVJETLO ZA REBALANS BUD\u017dETA GRADA PRIJEDORA \u2013 FOTO\/VIDEO"},"content":{"rendered":"<p><a href=\"https:\/\/www.prijedordanas.com\/wp-content\/uploads\/2017\/10\/skupstina-grada-18oktobar-1.jpg\"><img loading=\"lazy\" decoding=\"async\" class=\"alignleft size-medium wp-image-90802\" src=\"https:\/\/www.prijedordanas.com\/wp-content\/uploads\/2017\/10\/skupstina-grada-18oktobar-1-300x222.jpg\" alt=\"\" width=\"300\" height=\"222\" srcset=\"https:\/\/www.prijedordanas.com\/wp-content\/uploads\/2017\/10\/skupstina-grada-18oktobar-1-300x222.jpg 300w, https:\/\/www.prijedordanas.com\/wp-content\/uploads\/2017\/10\/skupstina-grada-18oktobar-1-100x74.jpg 100w, https:\/\/www.prijedordanas.com\/wp-content\/uploads\/2017\/10\/skupstina-grada-18oktobar-1.jpg 675w\" sizes=\"(max-width: 300px) 100vw, 300px\" \/><\/a>Predlo\u017eeni Nacrt rebalansa bud\u017eeta podr\u017eala je ve\u0107ina odbornika u prijedorskoj Skup\u0161tini grada.<\/p>\n<p>Protiv su bila \u010detiri od ukupno pet odbornika SDS-a, koliko ih je u lokalnom parlamentu.<\/p>\n<p>Iznijeli su niz primjedbi, a lokalnoj vlasti najvi\u0161e zamjeraju to \u0161to se, kako ka\u017eu, veliki dio sredstava izdvaja za preduze\u0107a poput \u201cAutotransporta\u201d, \u201cGradske tr\u017enice\u201d i \u201cToplane\u201d, koja godinama negativno posluju.<\/p>\n<p>\u2013 Ja razumijem da mi moramo ulagati, ali je nemogu\u0107e d aoni ne mogu da opstaju godinama. Stalno ih \u201c\u010dupamo\u201d na\u0161im bud\u017eetom. Mi smo protiv toga \u2013 rekao je Milan Tubin, Klub odbornika SDS u SG Prijedor.<\/p>\n<p>Rebalans bud\u017eeta iznosi oko 38 miliona maraka i ve\u0107i je za oko pet odsto, odnosno za oko dva miliona maraka u odnosu na usvojeni bud\u017eet.<\/p>\n<p><a href=\"https:\/\/www.prijedordanas.com\/wp-content\/uploads\/2017\/10\/skupstina-grada-18oktobar-2.jpg\"><img loading=\"lazy\" decoding=\"async\" class=\"alignleft size-medium wp-image-90803\" src=\"https:\/\/www.prijedordanas.com\/wp-content\/uploads\/2017\/10\/skupstina-grada-18oktobar-2-300x222.jpg\" alt=\"\" width=\"300\" height=\"222\" srcset=\"https:\/\/www.prijedordanas.com\/wp-content\/uploads\/2017\/10\/skupstina-grada-18oktobar-2-300x222.jpg 300w, https:\/\/www.prijedordanas.com\/wp-content\/uploads\/2017\/10\/skupstina-grada-18oktobar-2-100x74.jpg 100w, https:\/\/www.prijedordanas.com\/wp-content\/uploads\/2017\/10\/skupstina-grada-18oktobar-2.jpg 675w\" sizes=\"(max-width: 300px) 100vw, 300px\" \/><\/a>\u2013 Vi znate da je tokom ove godine donesena odluka o kreditnom zadu\u017eenju grada i mi smo dio sredstava morali uvrstiti u rebalans bud\u017eeta. Uvrstili smo i na\u0161e u\u010de\u0161\u0107e u finansiranju stambenih jedinica 20 plus 50 u naselju Ra\u0161kovac i Pe\u0107ani \u2013 pojasnila je Biljana Malba\u0161i\u0107, na\u010delnik Odjeljenja za finansije grada Prijedor.<\/p>\n<p>Prvi \u010dovjek grada podsje\u0107a da je bud\u017eet stabilan ve\u0107 nekoliko godina zaredom. Gradska kasa se, kako tvrdi, puni planiranom dinamikom.<\/p>\n<p>\u2013 Mislim da smo izvr\u0161ili ve\u0107i dio obaveza prema svim stanovnicima grada Prijedora i da smo zavr\u0161ili ve\u0107inu poslova, kao \u0161to smo planirali \u2013 tvrdi Milenko \u0110akovi\u0107, gradona\u010delnik Prijedora.<\/p>\n<p>Gradska vlast nije zaboravila ni poljoprivrednike koji su ove godine pretrpjeli ogromnu \u0161tetu.<\/p>\n<p>Tako \u0107e oko 300.000 maraka biti usmjereno za sanaciju te \u0161tete.<\/p>\n<p>Srpskacafe.com<\/p>\n<p><iframe loading=\"lazy\" width=\"500\" height=\"281\" src=\"https:\/\/www.youtube.com\/embed\/rLMY3Tt0K3c?feature=oembed\" frameborder=\"0\" allowfullscreen><\/iframe><\/p>\n<p><a href=\"https:\/\/www.prijedordanas.com\/wp-content\/uploads\/2017\/10\/skupstina-grada-18oktobar-3.jpg\"><img loading=\"lazy\" decoding=\"async\" src=\"https:\/\/www.prijedordanas.com\/wp-content\/uploads\/2017\/10\/skupstina-grada-18oktobar-3-300x222.jpg\" alt=\"\" width=\"300\" height=\"222\" class=\"alignleft size-medium wp-image-90804\" srcset=\"https:\/\/www.prijedordanas.com\/wp-content\/uploads\/2017\/10\/skupstina-grada-18oktobar-3-300x222.jpg 300w, https:\/\/www.prijedordanas.com\/wp-content\/uploads\/2017\/10\/skupstina-grada-18oktobar-3-100x74.jpg 100w, https:\/\/www.prijedordanas.com\/wp-content\/uploads\/2017\/10\/skupstina-grada-18oktobar-3.jpg 675w\" sizes=\"(max-width: 300px) 100vw, 300px\" \/><\/a> <a href=\"https:\/\/www.prijedordanas.com\/wp-content\/uploads\/2017\/10\/skupstina-grada-18oktobar-5.jpg\"><img loading=\"lazy\" decoding=\"async\" src=\"https:\/\/www.prijedordanas.com\/wp-content\/uploads\/2017\/10\/skupstina-grada-18oktobar-5-300x222.jpg\" alt=\"\" width=\"300\" height=\"222\" class=\"alignleft size-medium wp-image-90805\" srcset=\"https:\/\/www.prijedordanas.com\/wp-content\/uploads\/2017\/10\/skupstina-grada-18oktobar-5-300x222.jpg 300w, https:\/\/www.prijedordanas.com\/wp-content\/uploads\/2017\/10\/skupstina-grada-18oktobar-5-100x74.jpg 100w, https:\/\/www.prijedordanas.com\/wp-content\/uploads\/2017\/10\/skupstina-grada-18oktobar-5.jpg 675w\" sizes=\"(max-width: 300px) 100vw, 300px\" \/><\/a><\/p>\n","protected":false},"excerpt":{"rendered":"<p>Predlo\u017eeni Nacrt rebalansa bud\u017eeta podr\u017eala je ve\u0107ina odbornika u prijedorskoj Skup\u0161tini grada. Protiv su bila \u010detiri od ukupno pet odbornika SDS-a, koliko ih je u lokalnom parlamentu. Iznijeli su niz [&hellip;]<\/p>\n","protected":false},"author":1,"featured_media":0,"comment_status":"closed","ping_status":"open","sticky":false,"template":"","format":"standard","meta":{"_monsterinsights_skip_tracking":false,"_monsterinsights_sitenote_active":false,"_monsterinsights_sitenote_note":"","_monsterinsights_sitenote_category":0,"footnotes":""},"categories":[4],"tags":[],"yoast_head":"<!-- This site is optimized with the Yoast SEO plugin v21.6 - https:\/\/yoast.com\/wordpress\/plugins\/seo\/ -->\n<title>ZELENO SVJETLO ZA REBALANS BUD\u017dETA GRADA PRIJEDORA \u2013 FOTO\/VIDEO - PrijedorDanas.com - Prijedorski gradski portal<\/title>\n<meta name=\"robots\" content=\"index, follow, max-snippet:-1, max-image-preview:large, max-video-preview:-1\" \/>\n<link rel=\"canonical\" href=\"https:\/\/www.prijedordanas.com\/?p=90801\" \/>\n<meta property=\"og:locale\" content=\"en_US\" \/>\n<meta property=\"og:type\" content=\"article\" \/>\n<meta property=\"og:title\" content=\"ZELENO SVJETLO ZA REBALANS BUD\u017dETA GRADA PRIJEDORA \u2013 FOTO\/VIDEO - PrijedorDanas.com - Prijedorski gradski portal\" \/>\n<meta property=\"og:description\" content=\"Predlo\u017eeni Nacrt rebalansa bud\u017eeta podr\u017eala je ve\u0107ina odbornika u prijedorskoj Skup\u0161tini grada. Protiv su bila \u010detiri od ukupno pet odbornika SDS-a, koliko ih je u lokalnom parlamentu. Iznijeli su niz [&hellip;]\" \/>\n<meta property=\"og:url\" content=\"https:\/\/www.prijedordanas.com\/?p=90801\" \/>\n<meta property=\"og:site_name\" content=\"PrijedorDanas.com - Prijedorski gradski portal\" \/>\n<meta property=\"article:publisher\" content=\"https:\/\/www.facebook.com\/PrijedorDanasCom\/\" \/>\n<meta property=\"article:published_time\" content=\"2017-10-19T17:53:45+00:00\" \/>\n<meta property=\"og:image\" content=\"https:\/\/www.prijedordanas.com\/wp-content\/uploads\/2017\/10\/skupstina-grada-18oktobar-1-300x222.jpg\" \/>\n<meta name=\"author\" content=\"admin\" \/>\n<meta name=\"twitter:card\" content=\"summary_large_image\" \/>\n<meta name=\"twitter:label1\" content=\"Written by\" \/>\n\t<meta name=\"twitter:data1\" content=\"admin\" \/>\n\t<meta name=\"twitter:label2\" content=\"Est. reading time\" \/>\n\t<meta name=\"twitter:data2\" content=\"1 minute\" \/>\n<script type=\"application\/ld+json\" class=\"yoast-schema-graph\">{\"@context\":\"https:\/\/schema.org\",\"@graph\":[{\"@type\":\"Article\",\"@id\":\"https:\/\/www.prijedordanas.com\/?p=90801#article\",\"isPartOf\":{\"@id\":\"https:\/\/www.prijedordanas.com\/?p=90801\"},\"author\":{\"name\":\"admin\",\"@id\":\"https:\/\/www.prijedordanas.com\/#\/schema\/person\/4e08ccf29b506ca916ff86d46bb700e6\"},\"headline\":\"ZELENO SVJETLO ZA REBALANS BUD\u017dETA GRADA PRIJEDORA \u2013 FOTO\/VIDEO\",\"datePublished\":\"2017-10-19T17:53:45+00:00\",\"dateModified\":\"2017-10-19T17:53:45+00:00\",\"mainEntityOfPage\":{\"@id\":\"https:\/\/www.prijedordanas.com\/?p=90801\"},\"wordCount\":284,\"publisher\":{\"@id\":\"https:\/\/www.prijedordanas.com\/#organization\"},\"articleSection\":[\"Dru\u0161tvo\"],\"inLanguage\":\"en-US\"},{\"@type\":\"WebPage\",\"@id\":\"https:\/\/www.prijedordanas.com\/?p=90801\",\"url\":\"https:\/\/www.prijedordanas.com\/?p=90801\",\"name\":\"ZELENO SVJETLO ZA REBALANS BUD\u017dETA GRADA PRIJEDORA \u2013 FOTO\/VIDEO - PrijedorDanas.com - Prijedorski gradski portal\",\"isPartOf\":{\"@id\":\"https:\/\/www.prijedordanas.com\/#website\"},\"datePublished\":\"2017-10-19T17:53:45+00:00\",\"dateModified\":\"2017-10-19T17:53:45+00:00\",\"breadcrumb\":{\"@id\":\"https:\/\/www.prijedordanas.com\/?p=90801#breadcrumb\"},\"inLanguage\":\"en-US\",\"potentialAction\":[{\"@type\":\"ReadAction\",\"target\":[\"https:\/\/www.prijedordanas.com\/?p=90801\"]}]},{\"@type\":\"BreadcrumbList\",\"@id\":\"https:\/\/www.prijedordanas.com\/?p=90801#breadcrumb\",\"itemListElement\":[{\"@type\":\"ListItem\",\"position\":1,\"name\":\"Home\",\"item\":\"https:\/\/www.prijedordanas.com\/\"},{\"@type\":\"ListItem\",\"position\":2,\"name\":\"ZELENO SVJETLO ZA REBALANS BUD\u017dETA GRADA PRIJEDORA \u2013 FOTO\/VIDEO\"}]},{\"@type\":\"WebSite\",\"@id\":\"https:\/\/www.prijedordanas.com\/#website\",\"url\":\"https:\/\/www.prijedordanas.com\/\",\"name\":\"PrijedorDanas.com - Prijedorski gradski portal\",\"description\":\"Portal o doga\u0111anjima u gradu Prijedoru\",\"publisher\":{\"@id\":\"https:\/\/www.prijedordanas.com\/#organization\"},\"potentialAction\":[{\"@type\":\"SearchAction\",\"target\":{\"@type\":\"EntryPoint\",\"urlTemplate\":\"https:\/\/www.prijedordanas.com\/?s={search_term_string}\"},\"query-input\":\"required name=search_term_string\"}],\"inLanguage\":\"en-US\"},{\"@type\":\"Organization\",\"@id\":\"https:\/\/www.prijedordanas.com\/#organization\",\"name\":\"PrijedorDanas.com\",\"url\":\"https:\/\/www.prijedordanas.com\/\",\"logo\":{\"@type\":\"ImageObject\",\"inLanguage\":\"en-US\",\"@id\":\"https:\/\/www.prijedordanas.com\/#\/schema\/logo\/image\/\",\"url\":\"http:\/\/www.prijedordanas.com\/wp-content\/uploads\/2021\/12\/logopng.png\",\"contentUrl\":\"http:\/\/www.prijedordanas.com\/wp-content\/uploads\/2021\/12\/logopng.png\",\"width\":1019,\"height\":776,\"caption\":\"PrijedorDanas.com\"},\"image\":{\"@id\":\"https:\/\/www.prijedordanas.com\/#\/schema\/logo\/image\/\"},\"sameAs\":[\"https:\/\/www.facebook.com\/PrijedorDanasCom\/\"]},{\"@type\":\"Person\",\"@id\":\"https:\/\/www.prijedordanas.com\/#\/schema\/person\/4e08ccf29b506ca916ff86d46bb700e6\",\"name\":\"admin\",\"image\":{\"@type\":\"ImageObject\",\"inLanguage\":\"en-US\",\"@id\":\"https:\/\/www.prijedordanas.com\/#\/schema\/person\/image\/\",\"url\":\"https:\/\/secure.gravatar.com\/avatar\/1d3fc949d550f0b53a5f0d51e06dfd79?s=96&d=mm&r=g\",\"contentUrl\":\"https:\/\/secure.gravatar.com\/avatar\/1d3fc949d550f0b53a5f0d51e06dfd79?s=96&d=mm&r=g\",\"caption\":\"admin\"},\"url\":\"https:\/\/www.prijedordanas.com\/?author=1\"}]}<\/script>\n<!-- \/ Yoast SEO plugin. -->","yoast_head_json":{"title":"ZELENO SVJETLO ZA REBALANS BUD\u017dETA GRADA PRIJEDORA \u2013 FOTO\/VIDEO - PrijedorDanas.com - Prijedorski gradski portal","robots":{"index":"index","follow":"follow","max-snippet":"max-snippet:-1","max-image-preview":"max-image-preview:large","max-video-preview":"max-video-preview:-1"},"canonical":"https:\/\/www.prijedordanas.com\/?p=90801","og_locale":"en_US","og_type":"article","og_title":"ZELENO SVJETLO ZA REBALANS BUD\u017dETA GRADA PRIJEDORA \u2013 FOTO\/VIDEO - PrijedorDanas.com - Prijedorski gradski portal","og_description":"Predlo\u017eeni Nacrt rebalansa bud\u017eeta podr\u017eala je ve\u0107ina odbornika u prijedorskoj Skup\u0161tini grada. Protiv su bila \u010detiri od ukupno pet odbornika SDS-a, koliko ih je u lokalnom parlamentu. Iznijeli su niz [&hellip;]","og_url":"https:\/\/www.prijedordanas.com\/?p=90801","og_site_name":"PrijedorDanas.com - Prijedorski gradski portal","article_publisher":"https:\/\/www.facebook.com\/PrijedorDanasCom\/","article_published_time":"2017-10-19T17:53:45+00:00","og_image":[{"url":"https:\/\/www.prijedordanas.com\/wp-content\/uploads\/2017\/10\/skupstina-grada-18oktobar-1-300x222.jpg"}],"author":"admin","twitter_card":"summary_large_image","twitter_misc":{"Written by":"admin","Est. reading time":"1 minute"},"schema":{"@context":"https:\/\/schema.org","@graph":[{"@type":"Article","@id":"https:\/\/www.prijedordanas.com\/?p=90801#article","isPartOf":{"@id":"https:\/\/www.prijedordanas.com\/?p=90801"},"author":{"name":"admin","@id":"https:\/\/www.prijedordanas.com\/#\/schema\/person\/4e08ccf29b506ca916ff86d46bb700e6"},"headline":"ZELENO SVJETLO ZA REBALANS BUD\u017dETA GRADA PRIJEDORA \u2013 FOTO\/VIDEO","datePublished":"2017-10-19T17:53:45+00:00","dateModified":"2017-10-19T17:53:45+00:00","mainEntityOfPage":{"@id":"https:\/\/www.prijedordanas.com\/?p=90801"},"wordCount":284,"publisher":{"@id":"https:\/\/www.prijedordanas.com\/#organization"},"articleSection":["Dru\u0161tvo"],"inLanguage":"en-US"},{"@type":"WebPage","@id":"https:\/\/www.prijedordanas.com\/?p=90801","url":"https:\/\/www.prijedordanas.com\/?p=90801","name":"ZELENO SVJETLO ZA REBALANS BUD\u017dETA GRADA PRIJEDORA \u2013 FOTO\/VIDEO - PrijedorDanas.com - Prijedorski gradski portal","isPartOf":{"@id":"https:\/\/www.prijedordanas.com\/#website"},"datePublished":"2017-10-19T17:53:45+00:00","dateModified":"2017-10-19T17:53:45+00:00","breadcrumb":{"@id":"https:\/\/www.prijedordanas.com\/?p=90801#breadcrumb"},"inLanguage":"en-US","potentialAction":[{"@type":"ReadAction","target":["https:\/\/www.prijedordanas.com\/?p=90801"]}]},{"@type":"BreadcrumbList","@id":"https:\/\/www.prijedordanas.com\/?p=90801#breadcrumb","itemListElement":[{"@type":"ListItem","position":1,"name":"Home","item":"https:\/\/www.prijedordanas.com\/"},{"@type":"ListItem","position":2,"name":"ZELENO SVJETLO ZA REBALANS BUD\u017dETA GRADA PRIJEDORA \u2013 FOTO\/VIDEO"}]},{"@type":"WebSite","@id":"https:\/\/www.prijedordanas.com\/#website","url":"https:\/\/www.prijedordanas.com\/","name":"PrijedorDanas.com - Prijedorski gradski portal","description":"Portal o doga\u0111anjima u gradu Prijedoru","publisher":{"@id":"https:\/\/www.prijedordanas.com\/#organization"},"potentialAction":[{"@type":"SearchAction","target":{"@type":"EntryPoint","urlTemplate":"https:\/\/www.prijedordanas.com\/?s={search_term_string}"},"query-input":"required name=search_term_string"}],"inLanguage":"en-US"},{"@type":"Organization","@id":"https:\/\/www.prijedordanas.com\/#organization","name":"PrijedorDanas.com","url":"https:\/\/www.prijedordanas.com\/","logo":{"@type":"ImageObject","inLanguage":"en-US","@id":"https:\/\/www.prijedordanas.com\/#\/schema\/logo\/image\/","url":"http:\/\/www.prijedordanas.com\/wp-content\/uploads\/2021\/12\/logopng.png","contentUrl":"http:\/\/www.prijedordanas.com\/wp-content\/uploads\/2021\/12\/logopng.png","width":1019,"height":776,"caption":"PrijedorDanas.com"},"image":{"@id":"https:\/\/www.prijedordanas.com\/#\/schema\/logo\/image\/"},"sameAs":["https:\/\/www.facebook.com\/PrijedorDanasCom\/"]},{"@type":"Person","@id":"https:\/\/www.prijedordanas.com\/#\/schema\/person\/4e08ccf29b506ca916ff86d46bb700e6","name":"admin","image":{"@type":"ImageObject","inLanguage":"en-US","@id":"https:\/\/www.prijedordanas.com\/#\/schema\/person\/image\/","url":"https:\/\/secure.gravatar.com\/avatar\/1d3fc949d550f0b53a5f0d51e06dfd79?s=96&d=mm&r=g","contentUrl":"https:\/\/secure.gravatar.com\/avatar\/1d3fc949d550f0b53a5f0d51e06dfd79?s=96&d=mm&r=g","caption":"admin"},"url":"https:\/\/www.prijedordanas.com\/?author=1"}]}},"_links":{"self":[{"href":"https:\/\/www.prijedordanas.com\/index.php?rest_route=\/wp\/v2\/posts\/90801"}],"collection":[{"href":"https:\/\/www.prijedordanas.com\/index.php?rest_route=\/wp\/v2\/posts"}],"about":[{"href":"https:\/\/www.prijedordanas.com\/index.php?rest_route=\/wp\/v2\/types\/post"}],"author":[{"embeddable":true,"href":"https:\/\/www.prijedordanas.com\/index.php?rest_route=\/wp\/v2\/users\/1"}],"replies":[{"embeddable":true,"href":"https:\/\/www.prijedordanas.com\/index.php?rest_route=%2Fwp%2Fv2%2Fcomments&post=90801"}],"version-history":[{"count":1,"href":"https:\/\/www.prijedordanas.com\/index.php?rest_route=\/wp\/v2\/posts\/90801\/revisions"}],"predecessor-version":[{"id":90806,"href":"https:\/\/www.prijedordanas.com\/index.php?rest_route=\/wp\/v2\/posts\/90801\/revisions\/90806"}],"wp:attachment":[{"href":"https:\/\/www.prijedordanas.com\/index.php?rest_route=%2Fwp%2Fv2%2Fmedia&parent=90801"}],"wp:term":[{"taxonomy":"category","embeddable":true,"href":"https:\/\/www.prijedordanas.com\/index.php?rest_route=%2Fwp%2Fv2%2Fcategories&post=90801"},{"taxonomy":"post_tag","embeddable":true,"href":"https:\/\/www.prijedordanas.com\/index.php?rest_route=%2Fwp%2Fv2%2Ftags&post=90801"}],"curies":[{"name":"wp","href":"https:\/\/api.w.org\/{rel}","templated":true}]}}