{"id":90724,"date":"2017-10-18T15:53:42","date_gmt":"2017-10-18T13:53:42","guid":{"rendered":"https:\/\/www.prijedordanas.com\/?p=90724"},"modified":"2017-10-18T15:53:42","modified_gmt":"2017-10-18T13:53:42","slug":"sramotna-slika-na-zidu-skole-satanistickim-simbolom-isaran-prvi-prijedorski-mural-foto","status":"publish","type":"post","link":"https:\/\/www.prijedordanas.com\/?p=90724","title":{"rendered":"SRAMOTNA SLIKA NA ZIDU \u0160KOLE: \u201eSATANISTI\u010cKIM\u201c SIMBOLOM I\u0160ARAN PRVI PRIJEDORSKI MURAL &#8211; FOTO"},"content":{"rendered":"<p><a href=\"https:\/\/www.prijedordanas.com\/wp-content\/uploads\/2017\/10\/isaran-prvi-prijedorski-mural-1.jpg\"><img loading=\"lazy\" decoding=\"async\" class=\"alignleft size-medium wp-image-90725\" src=\"https:\/\/www.prijedordanas.com\/wp-content\/uploads\/2017\/10\/isaran-prvi-prijedorski-mural-1-300x222.jpg\" alt=\"\" width=\"300\" height=\"222\" srcset=\"https:\/\/www.prijedordanas.com\/wp-content\/uploads\/2017\/10\/isaran-prvi-prijedorski-mural-1-300x222.jpg 300w, https:\/\/www.prijedordanas.com\/wp-content\/uploads\/2017\/10\/isaran-prvi-prijedorski-mural-1-100x74.jpg 100w, https:\/\/www.prijedordanas.com\/wp-content\/uploads\/2017\/10\/isaran-prvi-prijedorski-mural-1.jpg 675w\" sizes=\"(max-width: 300px) 100vw, 300px\" \/><\/a>Pro\u0161lo je tek dvadesetak dana od sve\u010danog otvaranja petog murala u okviru projekta \u201ePrijedor grad murala\u201c koji realizuje Udru\u017eenje likovnih umjetnika Prijedora.<\/p>\n<p>Glavne gradske ulice sada krase \u201e\u0160e\u0161ird\u017eija\u201c, \u201eTransformacija\u201c, \u201eVrt\u201c, \u201eGrad\u201c i \u201cNegdje izme\u0111u po\u010detka i kraja\u201d.<\/p>\n<p>Daleke 1998.godine prvi mural u Prijedoru, na zidu Elektrotehni\u010dke \u0161kole, oslikala je italijanska umjetnica Paola de Manincor zajedno sa djecom iz kolektivnih centara.<\/p>\n<p>Ba\u0161 zbog toga nagrada za najbolji mural u Prijedoru nosi njeno ime a do sada su je dobili Nata\u0161a Konjevi\u0107, Atila Samo\u017ei, Raul Oprea, \u201cDim Tim\u201d i Selver Begi\u0107.<\/p>\n<p>Dok mnogi na\u0161i sugra\u0111ani cijene i po\u0161tuju ovu vrstu umjetnosti, ima i onih koji izgleda misle druga\u010dije a svojim postupcima sramote svoj grad.<\/p>\n<p><a href=\"https:\/\/www.prijedordanas.com\/wp-content\/uploads\/2017\/10\/isaran-prvi-prijedorski-mural-2.jpg\"><img loading=\"lazy\" decoding=\"async\" class=\"alignleft size-medium wp-image-90726\" src=\"https:\/\/www.prijedordanas.com\/wp-content\/uploads\/2017\/10\/isaran-prvi-prijedorski-mural-2-300x222.jpg\" alt=\"\" width=\"300\" height=\"222\" srcset=\"https:\/\/www.prijedordanas.com\/wp-content\/uploads\/2017\/10\/isaran-prvi-prijedorski-mural-2-300x222.jpg 300w, https:\/\/www.prijedordanas.com\/wp-content\/uploads\/2017\/10\/isaran-prvi-prijedorski-mural-2-100x74.jpg 100w, https:\/\/www.prijedordanas.com\/wp-content\/uploads\/2017\/10\/isaran-prvi-prijedorski-mural-2.jpg 675w\" sizes=\"(max-width: 300px) 100vw, 300px\" \/><\/a>Kako druga\u010dije objasniti ono \u0161to se mo\u017ee vidjeti na zidu \u0161kolske sale Elektrotehni\u010dke \u0161kole.<\/p>\n<p>Naime, prvi prijedorski mural vandalizovan je od strane nepoznatih po\u010dinilaca i, po svemu sude\u0107i, nepovratno o\u0161te\u0107en.<\/p>\n<p>Preko njega je i\u0161arano vi\u0161e desetina oblika koji svojim izgledaju kao \u201cobrnuti krst\u201d, znak koji \u010desto koriste satanisti\u010dke sekte i njihovi \u010dlanovi.<\/p>\n<p>-Udru\u017eenje Program Prijedor iz Trenta i Agencije lokalne demokratije Prijedor su jako tu\u017eni \u0161to se mural, koji je stajao gotovo netaknut na Elektrotehni\u010dkoj \u0161koli skoro 20 godina, upropastio na ovako gnusan i iznad svega degutantan na\u010din. Ipak, vjerujemo da \u0107e nadle\u017ene slu\u017ebe uraditi svoj posao i istra\u017eiti slu\u010daj te prona\u0107i po\u010dinioce, te da \u0107e Grad Prijedor u\u010diniti sve \u0161to je u njegovoj mo\u0107i da poku\u0161a spasiti i sa\u010duvati mural koliko je to mogu\u0107e \u2013 rekla je Sla\u0111ana Miljevi\u0107 iz ALD Prijedor.<\/p>\n<p>Kako nezvani\u010dno saznajemo, ovaj vandalizam dogodio se krajem protekle sedmice.<\/p>\n<p>Tekst i foto &#8211; Aleksandar Drakuli\u0107 \u2013 <a href=\"https:\/\/www.prijedordanas.com\" target=\"_blank\" rel=\"noopener noreferrer\">www.prijedordanas.com<\/a><\/p>\n<p><a href=\"https:\/\/www.prijedordanas.com\/wp-content\/uploads\/2017\/10\/isaran-prvi-prijedorski-mural-3.jpg\"><img loading=\"lazy\" decoding=\"async\" class=\"alignleft size-medium wp-image-90727\" src=\"https:\/\/www.prijedordanas.com\/wp-content\/uploads\/2017\/10\/isaran-prvi-prijedorski-mural-3-300x222.jpg\" alt=\"\" width=\"300\" height=\"222\" srcset=\"https:\/\/www.prijedordanas.com\/wp-content\/uploads\/2017\/10\/isaran-prvi-prijedorski-mural-3-300x222.jpg 300w, https:\/\/www.prijedordanas.com\/wp-content\/uploads\/2017\/10\/isaran-prvi-prijedorski-mural-3-100x74.jpg 100w, https:\/\/www.prijedordanas.com\/wp-content\/uploads\/2017\/10\/isaran-prvi-prijedorski-mural-3.jpg 675w\" sizes=\"(max-width: 300px) 100vw, 300px\" \/><\/a><\/p>\n","protected":false},"excerpt":{"rendered":"<p>Pro\u0161lo je tek dvadesetak dana od sve\u010danog otvaranja petog murala u okviru projekta \u201ePrijedor grad murala\u201c koji realizuje Udru\u017eenje likovnih umjetnika Prijedora. Glavne gradske ulice sada krase \u201e\u0160e\u0161ird\u017eija\u201c, \u201eTransformacija\u201c, \u201eVrt\u201c, [&hellip;]<\/p>\n","protected":false},"author":1,"featured_media":0,"comment_status":"closed","ping_status":"open","sticky":false,"template":"","format":"standard","meta":{"_monsterinsights_skip_tracking":false,"_monsterinsights_sitenote_active":false,"_monsterinsights_sitenote_note":"","_monsterinsights_sitenote_category":0,"footnotes":""},"categories":[4],"tags":[],"yoast_head":"<!-- This site is optimized with the Yoast SEO plugin v21.6 - https:\/\/yoast.com\/wordpress\/plugins\/seo\/ -->\n<title>SRAMOTNA SLIKA NA ZIDU \u0160KOLE: \u201eSATANISTI\u010cKIM\u201c SIMBOLOM I\u0160ARAN PRVI PRIJEDORSKI MURAL - FOTO - PrijedorDanas.com - Prijedorski gradski portal<\/title>\n<meta name=\"robots\" content=\"index, follow, max-snippet:-1, max-image-preview:large, max-video-preview:-1\" \/>\n<link rel=\"canonical\" href=\"https:\/\/www.prijedordanas.com\/?p=90724\" \/>\n<meta property=\"og:locale\" content=\"en_US\" \/>\n<meta property=\"og:type\" content=\"article\" \/>\n<meta property=\"og:title\" content=\"SRAMOTNA SLIKA NA ZIDU \u0160KOLE: \u201eSATANISTI\u010cKIM\u201c SIMBOLOM I\u0160ARAN PRVI PRIJEDORSKI MURAL - FOTO - PrijedorDanas.com - Prijedorski gradski portal\" \/>\n<meta property=\"og:description\" content=\"Pro\u0161lo je tek dvadesetak dana od sve\u010danog otvaranja petog murala u okviru projekta \u201ePrijedor grad murala\u201c koji realizuje Udru\u017eenje likovnih umjetnika Prijedora. Glavne gradske ulice sada krase \u201e\u0160e\u0161ird\u017eija\u201c, \u201eTransformacija\u201c, \u201eVrt\u201c, [&hellip;]\" \/>\n<meta property=\"og:url\" content=\"https:\/\/www.prijedordanas.com\/?p=90724\" \/>\n<meta property=\"og:site_name\" content=\"PrijedorDanas.com - Prijedorski gradski portal\" \/>\n<meta property=\"article:publisher\" content=\"https:\/\/www.facebook.com\/PrijedorDanasCom\/\" \/>\n<meta property=\"article:published_time\" content=\"2017-10-18T13:53:42+00:00\" \/>\n<meta property=\"og:image\" content=\"https:\/\/www.prijedordanas.com\/wp-content\/uploads\/2017\/10\/isaran-prvi-prijedorski-mural-1-300x222.jpg\" \/>\n<meta name=\"author\" content=\"admin\" \/>\n<meta name=\"twitter:card\" content=\"summary_large_image\" \/>\n<meta name=\"twitter:label1\" content=\"Written by\" \/>\n\t<meta name=\"twitter:data1\" content=\"admin\" \/>\n\t<meta name=\"twitter:label2\" content=\"Est. reading time\" \/>\n\t<meta name=\"twitter:data2\" content=\"2 minutes\" \/>\n<script type=\"application\/ld+json\" class=\"yoast-schema-graph\">{\"@context\":\"https:\/\/schema.org\",\"@graph\":[{\"@type\":\"Article\",\"@id\":\"https:\/\/www.prijedordanas.com\/?p=90724#article\",\"isPartOf\":{\"@id\":\"https:\/\/www.prijedordanas.com\/?p=90724\"},\"author\":{\"name\":\"admin\",\"@id\":\"https:\/\/www.prijedordanas.com\/#\/schema\/person\/4e08ccf29b506ca916ff86d46bb700e6\"},\"headline\":\"SRAMOTNA SLIKA NA ZIDU \u0160KOLE: \u201eSATANISTI\u010cKIM\u201c SIMBOLOM I\u0160ARAN PRVI PRIJEDORSKI MURAL &#8211; FOTO\",\"datePublished\":\"2017-10-18T13:53:42+00:00\",\"dateModified\":\"2017-10-18T13:53:42+00:00\",\"mainEntityOfPage\":{\"@id\":\"https:\/\/www.prijedordanas.com\/?p=90724\"},\"wordCount\":318,\"publisher\":{\"@id\":\"https:\/\/www.prijedordanas.com\/#organization\"},\"articleSection\":[\"Dru\u0161tvo\"],\"inLanguage\":\"en-US\"},{\"@type\":\"WebPage\",\"@id\":\"https:\/\/www.prijedordanas.com\/?p=90724\",\"url\":\"https:\/\/www.prijedordanas.com\/?p=90724\",\"name\":\"SRAMOTNA SLIKA NA ZIDU \u0160KOLE: \u201eSATANISTI\u010cKIM\u201c SIMBOLOM I\u0160ARAN PRVI PRIJEDORSKI MURAL - FOTO - PrijedorDanas.com - Prijedorski gradski portal\",\"isPartOf\":{\"@id\":\"https:\/\/www.prijedordanas.com\/#website\"},\"datePublished\":\"2017-10-18T13:53:42+00:00\",\"dateModified\":\"2017-10-18T13:53:42+00:00\",\"breadcrumb\":{\"@id\":\"https:\/\/www.prijedordanas.com\/?p=90724#breadcrumb\"},\"inLanguage\":\"en-US\",\"potentialAction\":[{\"@type\":\"ReadAction\",\"target\":[\"https:\/\/www.prijedordanas.com\/?p=90724\"]}]},{\"@type\":\"BreadcrumbList\",\"@id\":\"https:\/\/www.prijedordanas.com\/?p=90724#breadcrumb\",\"itemListElement\":[{\"@type\":\"ListItem\",\"position\":1,\"name\":\"Home\",\"item\":\"https:\/\/www.prijedordanas.com\/\"},{\"@type\":\"ListItem\",\"position\":2,\"name\":\"SRAMOTNA SLIKA NA ZIDU \u0160KOLE: \u201eSATANISTI\u010cKIM\u201c SIMBOLOM I\u0160ARAN PRVI PRIJEDORSKI MURAL &#8211; FOTO\"}]},{\"@type\":\"WebSite\",\"@id\":\"https:\/\/www.prijedordanas.com\/#website\",\"url\":\"https:\/\/www.prijedordanas.com\/\",\"name\":\"PrijedorDanas.com - Prijedorski gradski portal\",\"description\":\"Portal o doga\u0111anjima u gradu Prijedoru\",\"publisher\":{\"@id\":\"https:\/\/www.prijedordanas.com\/#organization\"},\"potentialAction\":[{\"@type\":\"SearchAction\",\"target\":{\"@type\":\"EntryPoint\",\"urlTemplate\":\"https:\/\/www.prijedordanas.com\/?s={search_term_string}\"},\"query-input\":\"required name=search_term_string\"}],\"inLanguage\":\"en-US\"},{\"@type\":\"Organization\",\"@id\":\"https:\/\/www.prijedordanas.com\/#organization\",\"name\":\"PrijedorDanas.com\",\"url\":\"https:\/\/www.prijedordanas.com\/\",\"logo\":{\"@type\":\"ImageObject\",\"inLanguage\":\"en-US\",\"@id\":\"https:\/\/www.prijedordanas.com\/#\/schema\/logo\/image\/\",\"url\":\"http:\/\/www.prijedordanas.com\/wp-content\/uploads\/2021\/12\/logopng.png\",\"contentUrl\":\"http:\/\/www.prijedordanas.com\/wp-content\/uploads\/2021\/12\/logopng.png\",\"width\":1019,\"height\":776,\"caption\":\"PrijedorDanas.com\"},\"image\":{\"@id\":\"https:\/\/www.prijedordanas.com\/#\/schema\/logo\/image\/\"},\"sameAs\":[\"https:\/\/www.facebook.com\/PrijedorDanasCom\/\"]},{\"@type\":\"Person\",\"@id\":\"https:\/\/www.prijedordanas.com\/#\/schema\/person\/4e08ccf29b506ca916ff86d46bb700e6\",\"name\":\"admin\",\"image\":{\"@type\":\"ImageObject\",\"inLanguage\":\"en-US\",\"@id\":\"https:\/\/www.prijedordanas.com\/#\/schema\/person\/image\/\",\"url\":\"https:\/\/secure.gravatar.com\/avatar\/1d3fc949d550f0b53a5f0d51e06dfd79?s=96&d=mm&r=g\",\"contentUrl\":\"https:\/\/secure.gravatar.com\/avatar\/1d3fc949d550f0b53a5f0d51e06dfd79?s=96&d=mm&r=g\",\"caption\":\"admin\"},\"url\":\"https:\/\/www.prijedordanas.com\/?author=1\"}]}<\/script>\n<!-- \/ Yoast SEO plugin. -->","yoast_head_json":{"title":"SRAMOTNA SLIKA NA ZIDU \u0160KOLE: \u201eSATANISTI\u010cKIM\u201c SIMBOLOM I\u0160ARAN PRVI PRIJEDORSKI MURAL - FOTO - PrijedorDanas.com - Prijedorski gradski portal","robots":{"index":"index","follow":"follow","max-snippet":"max-snippet:-1","max-image-preview":"max-image-preview:large","max-video-preview":"max-video-preview:-1"},"canonical":"https:\/\/www.prijedordanas.com\/?p=90724","og_locale":"en_US","og_type":"article","og_title":"SRAMOTNA SLIKA NA ZIDU \u0160KOLE: \u201eSATANISTI\u010cKIM\u201c SIMBOLOM I\u0160ARAN PRVI PRIJEDORSKI MURAL - FOTO - PrijedorDanas.com - Prijedorski gradski portal","og_description":"Pro\u0161lo je tek dvadesetak dana od sve\u010danog otvaranja petog murala u okviru projekta \u201ePrijedor grad murala\u201c koji realizuje Udru\u017eenje likovnih umjetnika Prijedora. Glavne gradske ulice sada krase \u201e\u0160e\u0161ird\u017eija\u201c, \u201eTransformacija\u201c, \u201eVrt\u201c, [&hellip;]","og_url":"https:\/\/www.prijedordanas.com\/?p=90724","og_site_name":"PrijedorDanas.com - Prijedorski gradski portal","article_publisher":"https:\/\/www.facebook.com\/PrijedorDanasCom\/","article_published_time":"2017-10-18T13:53:42+00:00","og_image":[{"url":"https:\/\/www.prijedordanas.com\/wp-content\/uploads\/2017\/10\/isaran-prvi-prijedorski-mural-1-300x222.jpg"}],"author":"admin","twitter_card":"summary_large_image","twitter_misc":{"Written by":"admin","Est. reading time":"2 minutes"},"schema":{"@context":"https:\/\/schema.org","@graph":[{"@type":"Article","@id":"https:\/\/www.prijedordanas.com\/?p=90724#article","isPartOf":{"@id":"https:\/\/www.prijedordanas.com\/?p=90724"},"author":{"name":"admin","@id":"https:\/\/www.prijedordanas.com\/#\/schema\/person\/4e08ccf29b506ca916ff86d46bb700e6"},"headline":"SRAMOTNA SLIKA NA ZIDU \u0160KOLE: \u201eSATANISTI\u010cKIM\u201c SIMBOLOM I\u0160ARAN PRVI PRIJEDORSKI MURAL &#8211; FOTO","datePublished":"2017-10-18T13:53:42+00:00","dateModified":"2017-10-18T13:53:42+00:00","mainEntityOfPage":{"@id":"https:\/\/www.prijedordanas.com\/?p=90724"},"wordCount":318,"publisher":{"@id":"https:\/\/www.prijedordanas.com\/#organization"},"articleSection":["Dru\u0161tvo"],"inLanguage":"en-US"},{"@type":"WebPage","@id":"https:\/\/www.prijedordanas.com\/?p=90724","url":"https:\/\/www.prijedordanas.com\/?p=90724","name":"SRAMOTNA SLIKA NA ZIDU \u0160KOLE: \u201eSATANISTI\u010cKIM\u201c SIMBOLOM I\u0160ARAN PRVI PRIJEDORSKI MURAL - FOTO - PrijedorDanas.com - Prijedorski gradski portal","isPartOf":{"@id":"https:\/\/www.prijedordanas.com\/#website"},"datePublished":"2017-10-18T13:53:42+00:00","dateModified":"2017-10-18T13:53:42+00:00","breadcrumb":{"@id":"https:\/\/www.prijedordanas.com\/?p=90724#breadcrumb"},"inLanguage":"en-US","potentialAction":[{"@type":"ReadAction","target":["https:\/\/www.prijedordanas.com\/?p=90724"]}]},{"@type":"BreadcrumbList","@id":"https:\/\/www.prijedordanas.com\/?p=90724#breadcrumb","itemListElement":[{"@type":"ListItem","position":1,"name":"Home","item":"https:\/\/www.prijedordanas.com\/"},{"@type":"ListItem","position":2,"name":"SRAMOTNA SLIKA NA ZIDU \u0160KOLE: \u201eSATANISTI\u010cKIM\u201c SIMBOLOM I\u0160ARAN PRVI PRIJEDORSKI MURAL &#8211; FOTO"}]},{"@type":"WebSite","@id":"https:\/\/www.prijedordanas.com\/#website","url":"https:\/\/www.prijedordanas.com\/","name":"PrijedorDanas.com - Prijedorski gradski portal","description":"Portal o doga\u0111anjima u gradu Prijedoru","publisher":{"@id":"https:\/\/www.prijedordanas.com\/#organization"},"potentialAction":[{"@type":"SearchAction","target":{"@type":"EntryPoint","urlTemplate":"https:\/\/www.prijedordanas.com\/?s={search_term_string}"},"query-input":"required name=search_term_string"}],"inLanguage":"en-US"},{"@type":"Organization","@id":"https:\/\/www.prijedordanas.com\/#organization","name":"PrijedorDanas.com","url":"https:\/\/www.prijedordanas.com\/","logo":{"@type":"ImageObject","inLanguage":"en-US","@id":"https:\/\/www.prijedordanas.com\/#\/schema\/logo\/image\/","url":"http:\/\/www.prijedordanas.com\/wp-content\/uploads\/2021\/12\/logopng.png","contentUrl":"http:\/\/www.prijedordanas.com\/wp-content\/uploads\/2021\/12\/logopng.png","width":1019,"height":776,"caption":"PrijedorDanas.com"},"image":{"@id":"https:\/\/www.prijedordanas.com\/#\/schema\/logo\/image\/"},"sameAs":["https:\/\/www.facebook.com\/PrijedorDanasCom\/"]},{"@type":"Person","@id":"https:\/\/www.prijedordanas.com\/#\/schema\/person\/4e08ccf29b506ca916ff86d46bb700e6","name":"admin","image":{"@type":"ImageObject","inLanguage":"en-US","@id":"https:\/\/www.prijedordanas.com\/#\/schema\/person\/image\/","url":"https:\/\/secure.gravatar.com\/avatar\/1d3fc949d550f0b53a5f0d51e06dfd79?s=96&d=mm&r=g","contentUrl":"https:\/\/secure.gravatar.com\/avatar\/1d3fc949d550f0b53a5f0d51e06dfd79?s=96&d=mm&r=g","caption":"admin"},"url":"https:\/\/www.prijedordanas.com\/?author=1"}]}},"_links":{"self":[{"href":"https:\/\/www.prijedordanas.com\/index.php?rest_route=\/wp\/v2\/posts\/90724"}],"collection":[{"href":"https:\/\/www.prijedordanas.com\/index.php?rest_route=\/wp\/v2\/posts"}],"about":[{"href":"https:\/\/www.prijedordanas.com\/index.php?rest_route=\/wp\/v2\/types\/post"}],"author":[{"embeddable":true,"href":"https:\/\/www.prijedordanas.com\/index.php?rest_route=\/wp\/v2\/users\/1"}],"replies":[{"embeddable":true,"href":"https:\/\/www.prijedordanas.com\/index.php?rest_route=%2Fwp%2Fv2%2Fcomments&post=90724"}],"version-history":[{"count":1,"href":"https:\/\/www.prijedordanas.com\/index.php?rest_route=\/wp\/v2\/posts\/90724\/revisions"}],"predecessor-version":[{"id":90728,"href":"https:\/\/www.prijedordanas.com\/index.php?rest_route=\/wp\/v2\/posts\/90724\/revisions\/90728"}],"wp:attachment":[{"href":"https:\/\/www.prijedordanas.com\/index.php?rest_route=%2Fwp%2Fv2%2Fmedia&parent=90724"}],"wp:term":[{"taxonomy":"category","embeddable":true,"href":"https:\/\/www.prijedordanas.com\/index.php?rest_route=%2Fwp%2Fv2%2Fcategories&post=90724"},{"taxonomy":"post_tag","embeddable":true,"href":"https:\/\/www.prijedordanas.com\/index.php?rest_route=%2Fwp%2Fv2%2Ftags&post=90724"}],"curies":[{"name":"wp","href":"https:\/\/api.w.org\/{rel}","templated":true}]}}