{"id":90359,"date":"2017-10-11T18:57:34","date_gmt":"2017-10-11T16:57:34","guid":{"rendered":"https:\/\/www.prijedordanas.com\/?p=90359"},"modified":"2017-10-11T18:57:34","modified_gmt":"2017-10-11T16:57:34","slug":"turisticka-organizacija-grada-prijedora-na-sajmu-turizma-u-novom-sadu","status":"publish","type":"post","link":"https:\/\/www.prijedordanas.com\/?p=90359","title":{"rendered":"TURISTI\u010cKA ORGANIZACIJA GRADA PRIJEDORA NA SAJMU TURIZMA U NOVOM SADU"},"content":{"rendered":"<p><a href=\"https:\/\/www.prijedordanas.com\/wp-content\/uploads\/2017\/10\/topd-sajam-novi-sad-1.jpg\"><img loading=\"lazy\" decoding=\"async\" class=\"alignleft size-medium wp-image-90360\" src=\"https:\/\/www.prijedordanas.com\/wp-content\/uploads\/2017\/10\/topd-sajam-novi-sad-1-300x217.jpg\" alt=\"\" width=\"300\" height=\"217\" srcset=\"https:\/\/www.prijedordanas.com\/wp-content\/uploads\/2017\/10\/topd-sajam-novi-sad-1-300x217.jpg 300w, https:\/\/www.prijedordanas.com\/wp-content\/uploads\/2017\/10\/topd-sajam-novi-sad-1-100x72.jpg 100w, https:\/\/www.prijedordanas.com\/wp-content\/uploads\/2017\/10\/topd-sajam-novi-sad-1.jpg 690w\" sizes=\"(max-width: 300px) 100vw, 300px\" \/><\/a>U periodu od 05.10. do 07.10.2017. godine u Novom Sadu je odr\u017ean jubilarni 50. Me\u0111unarodni sajam turizma.<\/p>\n<p>Na 50. Me\u0111unarodnom, sajmu turizma predstavilo se 170 izlaga\u010da, \u0161to je dvostruko vi\u0161e nego pro\u0161le godine.<\/p>\n<p>Uspje\u0161nijoj i boljoj ponudi Sajma turizma doprinijele su stru\u010dne me\u0111unarodne konferencije, degustacije vina i gastronomskih specijaliteta, kao i predstavljanje turisti\u010dkih ponuda iz zemlje i inostranstva.<\/p>\n<p>Turisti\u010dka organizacija Republike Srpske je nastupila kao gost na \u0161tandu Turisti\u010dke organizacije Vojvodine u dijelu na kojem su izlagali partneri iz regiona, gdje je predstavljena turisti\u010dka ponuda Republike Srpske, a time i grada Prijedora.<\/p>\n<p>Najve\u0107e interesovanje vladalo je za ponudu zimskih centara, ali interes je pokazan i za banjske centre, vjerske objekte i avanturisti\u010dki turizam koji nudi Republika Srpska.<\/p>\n<p><a href=\"https:\/\/www.prijedordanas.com\/wp-content\/uploads\/2017\/10\/topd-sajam-novi-sad-2.jpg\"><img loading=\"lazy\" decoding=\"async\" src=\"https:\/\/www.prijedordanas.com\/wp-content\/uploads\/2017\/10\/topd-sajam-novi-sad-2-300x217.jpg\" alt=\"\" width=\"300\" height=\"217\" class=\"alignleft size-medium wp-image-90361\" srcset=\"https:\/\/www.prijedordanas.com\/wp-content\/uploads\/2017\/10\/topd-sajam-novi-sad-2-300x217.jpg 300w, https:\/\/www.prijedordanas.com\/wp-content\/uploads\/2017\/10\/topd-sajam-novi-sad-2-100x72.jpg 100w, https:\/\/www.prijedordanas.com\/wp-content\/uploads\/2017\/10\/topd-sajam-novi-sad-2.jpg 690w\" sizes=\"(max-width: 300px) 100vw, 300px\" \/><\/a>Turisti\u010dka organizacija grada Prijedora je uzela aktivno u\u010de\u0161\u0107e na 50. Me\u0111unarodnom sajmu turizma u Novom Sadu i dana 06.10.2017. godine posjetila sajam, jer sajam turizma u Novom Sadu predstavlja jedan od zna\u010dajnijih i posje\u0107enijih sajmova ovog dijela Evrope i privla\u010di velik broj izlaga\u010da i posjetilaca.<\/p>\n<p>Turisti\u010dka organizacija grada Prijedora na sajmu akcenat stavila na predstavljanje prirodnih potencijala grada Prijedora, a najvi\u0161e na promovisanje planine Kozare i NP \u201eKozara\u201c i zimske sezone 2017\/2018.<\/p>\n<p>Veliko interesovanje je potvr\u0111eno kroz \u010dinjenicu da je propagandni materijal koji je postavljen na zajedni\u010dkom \u0161tandu iskori\u0161ten, odnosno da je distribuiran na sajmu.<\/p>\n<p>Turisti\u010dka organizacija grada Prijedora<\/p>\n","protected":false},"excerpt":{"rendered":"<p>U periodu od 05.10. do 07.10.2017. godine u Novom Sadu je odr\u017ean jubilarni 50. Me\u0111unarodni sajam turizma. Na 50. Me\u0111unarodnom, sajmu turizma predstavilo se 170 izlaga\u010da, \u0161to je dvostruko vi\u0161e [&hellip;]<\/p>\n","protected":false},"author":1,"featured_media":0,"comment_status":"closed","ping_status":"open","sticky":false,"template":"","format":"standard","meta":{"_monsterinsights_skip_tracking":false,"_monsterinsights_sitenote_active":false,"_monsterinsights_sitenote_note":"","_monsterinsights_sitenote_category":0,"footnotes":""},"categories":[8],"tags":[],"yoast_head":"<!-- This site is optimized with the Yoast SEO plugin v21.6 - https:\/\/yoast.com\/wordpress\/plugins\/seo\/ -->\n<title>TURISTI\u010cKA ORGANIZACIJA GRADA PRIJEDORA NA SAJMU TURIZMA U NOVOM SADU - PrijedorDanas.com - Prijedorski gradski portal<\/title>\n<meta name=\"robots\" content=\"index, follow, max-snippet:-1, max-image-preview:large, max-video-preview:-1\" \/>\n<link rel=\"canonical\" href=\"https:\/\/www.prijedordanas.com\/?p=90359\" \/>\n<meta property=\"og:locale\" content=\"en_US\" \/>\n<meta property=\"og:type\" content=\"article\" \/>\n<meta property=\"og:title\" content=\"TURISTI\u010cKA ORGANIZACIJA GRADA PRIJEDORA NA SAJMU TURIZMA U NOVOM SADU - PrijedorDanas.com - Prijedorski gradski portal\" \/>\n<meta property=\"og:description\" content=\"U periodu od 05.10. do 07.10.2017. godine u Novom Sadu je odr\u017ean jubilarni 50. Me\u0111unarodni sajam turizma. Na 50. Me\u0111unarodnom, sajmu turizma predstavilo se 170 izlaga\u010da, \u0161to je dvostruko vi\u0161e [&hellip;]\" \/>\n<meta property=\"og:url\" content=\"https:\/\/www.prijedordanas.com\/?p=90359\" \/>\n<meta property=\"og:site_name\" content=\"PrijedorDanas.com - Prijedorski gradski portal\" \/>\n<meta property=\"article:publisher\" content=\"https:\/\/www.facebook.com\/PrijedorDanasCom\/\" \/>\n<meta property=\"article:published_time\" content=\"2017-10-11T16:57:34+00:00\" \/>\n<meta property=\"og:image\" content=\"https:\/\/www.prijedordanas.com\/wp-content\/uploads\/2017\/10\/topd-sajam-novi-sad-1-300x217.jpg\" \/>\n<meta name=\"author\" content=\"admin\" \/>\n<meta name=\"twitter:card\" content=\"summary_large_image\" \/>\n<meta name=\"twitter:label1\" content=\"Written by\" \/>\n\t<meta name=\"twitter:data1\" content=\"admin\" \/>\n\t<meta name=\"twitter:label2\" content=\"Est. reading time\" \/>\n\t<meta name=\"twitter:data2\" content=\"1 minute\" \/>\n<script type=\"application\/ld+json\" class=\"yoast-schema-graph\">{\"@context\":\"https:\/\/schema.org\",\"@graph\":[{\"@type\":\"Article\",\"@id\":\"https:\/\/www.prijedordanas.com\/?p=90359#article\",\"isPartOf\":{\"@id\":\"https:\/\/www.prijedordanas.com\/?p=90359\"},\"author\":{\"name\":\"admin\",\"@id\":\"https:\/\/www.prijedordanas.com\/#\/schema\/person\/4e08ccf29b506ca916ff86d46bb700e6\"},\"headline\":\"TURISTI\u010cKA ORGANIZACIJA GRADA PRIJEDORA NA SAJMU TURIZMA U NOVOM SADU\",\"datePublished\":\"2017-10-11T16:57:34+00:00\",\"dateModified\":\"2017-10-11T16:57:34+00:00\",\"mainEntityOfPage\":{\"@id\":\"https:\/\/www.prijedordanas.com\/?p=90359\"},\"wordCount\":248,\"publisher\":{\"@id\":\"https:\/\/www.prijedordanas.com\/#organization\"},\"articleSection\":[\"Svakodnevno\"],\"inLanguage\":\"en-US\"},{\"@type\":\"WebPage\",\"@id\":\"https:\/\/www.prijedordanas.com\/?p=90359\",\"url\":\"https:\/\/www.prijedordanas.com\/?p=90359\",\"name\":\"TURISTI\u010cKA ORGANIZACIJA GRADA PRIJEDORA NA SAJMU TURIZMA U NOVOM SADU - PrijedorDanas.com - Prijedorski gradski portal\",\"isPartOf\":{\"@id\":\"https:\/\/www.prijedordanas.com\/#website\"},\"datePublished\":\"2017-10-11T16:57:34+00:00\",\"dateModified\":\"2017-10-11T16:57:34+00:00\",\"breadcrumb\":{\"@id\":\"https:\/\/www.prijedordanas.com\/?p=90359#breadcrumb\"},\"inLanguage\":\"en-US\",\"potentialAction\":[{\"@type\":\"ReadAction\",\"target\":[\"https:\/\/www.prijedordanas.com\/?p=90359\"]}]},{\"@type\":\"BreadcrumbList\",\"@id\":\"https:\/\/www.prijedordanas.com\/?p=90359#breadcrumb\",\"itemListElement\":[{\"@type\":\"ListItem\",\"position\":1,\"name\":\"Home\",\"item\":\"https:\/\/www.prijedordanas.com\/\"},{\"@type\":\"ListItem\",\"position\":2,\"name\":\"TURISTI\u010cKA ORGANIZACIJA GRADA PRIJEDORA NA SAJMU TURIZMA U NOVOM SADU\"}]},{\"@type\":\"WebSite\",\"@id\":\"https:\/\/www.prijedordanas.com\/#website\",\"url\":\"https:\/\/www.prijedordanas.com\/\",\"name\":\"PrijedorDanas.com - Prijedorski gradski portal\",\"description\":\"Portal o doga\u0111anjima u gradu Prijedoru\",\"publisher\":{\"@id\":\"https:\/\/www.prijedordanas.com\/#organization\"},\"potentialAction\":[{\"@type\":\"SearchAction\",\"target\":{\"@type\":\"EntryPoint\",\"urlTemplate\":\"https:\/\/www.prijedordanas.com\/?s={search_term_string}\"},\"query-input\":\"required name=search_term_string\"}],\"inLanguage\":\"en-US\"},{\"@type\":\"Organization\",\"@id\":\"https:\/\/www.prijedordanas.com\/#organization\",\"name\":\"PrijedorDanas.com\",\"url\":\"https:\/\/www.prijedordanas.com\/\",\"logo\":{\"@type\":\"ImageObject\",\"inLanguage\":\"en-US\",\"@id\":\"https:\/\/www.prijedordanas.com\/#\/schema\/logo\/image\/\",\"url\":\"http:\/\/www.prijedordanas.com\/wp-content\/uploads\/2021\/12\/logopng.png\",\"contentUrl\":\"http:\/\/www.prijedordanas.com\/wp-content\/uploads\/2021\/12\/logopng.png\",\"width\":1019,\"height\":776,\"caption\":\"PrijedorDanas.com\"},\"image\":{\"@id\":\"https:\/\/www.prijedordanas.com\/#\/schema\/logo\/image\/\"},\"sameAs\":[\"https:\/\/www.facebook.com\/PrijedorDanasCom\/\"]},{\"@type\":\"Person\",\"@id\":\"https:\/\/www.prijedordanas.com\/#\/schema\/person\/4e08ccf29b506ca916ff86d46bb700e6\",\"name\":\"admin\",\"image\":{\"@type\":\"ImageObject\",\"inLanguage\":\"en-US\",\"@id\":\"https:\/\/www.prijedordanas.com\/#\/schema\/person\/image\/\",\"url\":\"https:\/\/secure.gravatar.com\/avatar\/1d3fc949d550f0b53a5f0d51e06dfd79?s=96&d=mm&r=g\",\"contentUrl\":\"https:\/\/secure.gravatar.com\/avatar\/1d3fc949d550f0b53a5f0d51e06dfd79?s=96&d=mm&r=g\",\"caption\":\"admin\"},\"url\":\"https:\/\/www.prijedordanas.com\/?author=1\"}]}<\/script>\n<!-- \/ Yoast SEO plugin. -->","yoast_head_json":{"title":"TURISTI\u010cKA ORGANIZACIJA GRADA PRIJEDORA NA SAJMU TURIZMA U NOVOM SADU - PrijedorDanas.com - Prijedorski gradski portal","robots":{"index":"index","follow":"follow","max-snippet":"max-snippet:-1","max-image-preview":"max-image-preview:large","max-video-preview":"max-video-preview:-1"},"canonical":"https:\/\/www.prijedordanas.com\/?p=90359","og_locale":"en_US","og_type":"article","og_title":"TURISTI\u010cKA ORGANIZACIJA GRADA PRIJEDORA NA SAJMU TURIZMA U NOVOM SADU - PrijedorDanas.com - Prijedorski gradski portal","og_description":"U periodu od 05.10. do 07.10.2017. godine u Novom Sadu je odr\u017ean jubilarni 50. Me\u0111unarodni sajam turizma. Na 50. Me\u0111unarodnom, sajmu turizma predstavilo se 170 izlaga\u010da, \u0161to je dvostruko vi\u0161e [&hellip;]","og_url":"https:\/\/www.prijedordanas.com\/?p=90359","og_site_name":"PrijedorDanas.com - Prijedorski gradski portal","article_publisher":"https:\/\/www.facebook.com\/PrijedorDanasCom\/","article_published_time":"2017-10-11T16:57:34+00:00","og_image":[{"url":"https:\/\/www.prijedordanas.com\/wp-content\/uploads\/2017\/10\/topd-sajam-novi-sad-1-300x217.jpg"}],"author":"admin","twitter_card":"summary_large_image","twitter_misc":{"Written by":"admin","Est. reading time":"1 minute"},"schema":{"@context":"https:\/\/schema.org","@graph":[{"@type":"Article","@id":"https:\/\/www.prijedordanas.com\/?p=90359#article","isPartOf":{"@id":"https:\/\/www.prijedordanas.com\/?p=90359"},"author":{"name":"admin","@id":"https:\/\/www.prijedordanas.com\/#\/schema\/person\/4e08ccf29b506ca916ff86d46bb700e6"},"headline":"TURISTI\u010cKA ORGANIZACIJA GRADA PRIJEDORA NA SAJMU TURIZMA U NOVOM SADU","datePublished":"2017-10-11T16:57:34+00:00","dateModified":"2017-10-11T16:57:34+00:00","mainEntityOfPage":{"@id":"https:\/\/www.prijedordanas.com\/?p=90359"},"wordCount":248,"publisher":{"@id":"https:\/\/www.prijedordanas.com\/#organization"},"articleSection":["Svakodnevno"],"inLanguage":"en-US"},{"@type":"WebPage","@id":"https:\/\/www.prijedordanas.com\/?p=90359","url":"https:\/\/www.prijedordanas.com\/?p=90359","name":"TURISTI\u010cKA ORGANIZACIJA GRADA PRIJEDORA NA SAJMU TURIZMA U NOVOM SADU - PrijedorDanas.com - Prijedorski gradski portal","isPartOf":{"@id":"https:\/\/www.prijedordanas.com\/#website"},"datePublished":"2017-10-11T16:57:34+00:00","dateModified":"2017-10-11T16:57:34+00:00","breadcrumb":{"@id":"https:\/\/www.prijedordanas.com\/?p=90359#breadcrumb"},"inLanguage":"en-US","potentialAction":[{"@type":"ReadAction","target":["https:\/\/www.prijedordanas.com\/?p=90359"]}]},{"@type":"BreadcrumbList","@id":"https:\/\/www.prijedordanas.com\/?p=90359#breadcrumb","itemListElement":[{"@type":"ListItem","position":1,"name":"Home","item":"https:\/\/www.prijedordanas.com\/"},{"@type":"ListItem","position":2,"name":"TURISTI\u010cKA ORGANIZACIJA GRADA PRIJEDORA NA SAJMU TURIZMA U NOVOM SADU"}]},{"@type":"WebSite","@id":"https:\/\/www.prijedordanas.com\/#website","url":"https:\/\/www.prijedordanas.com\/","name":"PrijedorDanas.com - Prijedorski gradski portal","description":"Portal o doga\u0111anjima u gradu Prijedoru","publisher":{"@id":"https:\/\/www.prijedordanas.com\/#organization"},"potentialAction":[{"@type":"SearchAction","target":{"@type":"EntryPoint","urlTemplate":"https:\/\/www.prijedordanas.com\/?s={search_term_string}"},"query-input":"required name=search_term_string"}],"inLanguage":"en-US"},{"@type":"Organization","@id":"https:\/\/www.prijedordanas.com\/#organization","name":"PrijedorDanas.com","url":"https:\/\/www.prijedordanas.com\/","logo":{"@type":"ImageObject","inLanguage":"en-US","@id":"https:\/\/www.prijedordanas.com\/#\/schema\/logo\/image\/","url":"http:\/\/www.prijedordanas.com\/wp-content\/uploads\/2021\/12\/logopng.png","contentUrl":"http:\/\/www.prijedordanas.com\/wp-content\/uploads\/2021\/12\/logopng.png","width":1019,"height":776,"caption":"PrijedorDanas.com"},"image":{"@id":"https:\/\/www.prijedordanas.com\/#\/schema\/logo\/image\/"},"sameAs":["https:\/\/www.facebook.com\/PrijedorDanasCom\/"]},{"@type":"Person","@id":"https:\/\/www.prijedordanas.com\/#\/schema\/person\/4e08ccf29b506ca916ff86d46bb700e6","name":"admin","image":{"@type":"ImageObject","inLanguage":"en-US","@id":"https:\/\/www.prijedordanas.com\/#\/schema\/person\/image\/","url":"https:\/\/secure.gravatar.com\/avatar\/1d3fc949d550f0b53a5f0d51e06dfd79?s=96&d=mm&r=g","contentUrl":"https:\/\/secure.gravatar.com\/avatar\/1d3fc949d550f0b53a5f0d51e06dfd79?s=96&d=mm&r=g","caption":"admin"},"url":"https:\/\/www.prijedordanas.com\/?author=1"}]}},"_links":{"self":[{"href":"https:\/\/www.prijedordanas.com\/index.php?rest_route=\/wp\/v2\/posts\/90359"}],"collection":[{"href":"https:\/\/www.prijedordanas.com\/index.php?rest_route=\/wp\/v2\/posts"}],"about":[{"href":"https:\/\/www.prijedordanas.com\/index.php?rest_route=\/wp\/v2\/types\/post"}],"author":[{"embeddable":true,"href":"https:\/\/www.prijedordanas.com\/index.php?rest_route=\/wp\/v2\/users\/1"}],"replies":[{"embeddable":true,"href":"https:\/\/www.prijedordanas.com\/index.php?rest_route=%2Fwp%2Fv2%2Fcomments&post=90359"}],"version-history":[{"count":1,"href":"https:\/\/www.prijedordanas.com\/index.php?rest_route=\/wp\/v2\/posts\/90359\/revisions"}],"predecessor-version":[{"id":90362,"href":"https:\/\/www.prijedordanas.com\/index.php?rest_route=\/wp\/v2\/posts\/90359\/revisions\/90362"}],"wp:attachment":[{"href":"https:\/\/www.prijedordanas.com\/index.php?rest_route=%2Fwp%2Fv2%2Fmedia&parent=90359"}],"wp:term":[{"taxonomy":"category","embeddable":true,"href":"https:\/\/www.prijedordanas.com\/index.php?rest_route=%2Fwp%2Fv2%2Fcategories&post=90359"},{"taxonomy":"post_tag","embeddable":true,"href":"https:\/\/www.prijedordanas.com\/index.php?rest_route=%2Fwp%2Fv2%2Ftags&post=90359"}],"curies":[{"name":"wp","href":"https:\/\/api.w.org\/{rel}","templated":true}]}}