{"id":89994,"date":"2017-10-03T11:55:18","date_gmt":"2017-10-03T09:55:18","guid":{"rendered":"https:\/\/www.prijedordanas.com\/?p=89994"},"modified":"2017-10-03T11:55:18","modified_gmt":"2017-10-03T09:55:18","slug":"nesrecna-zena-iza-kuce-obavljala-poljoprivredne-radove-starica-iz-prijedora-povrijedena-zalutalim-metkom","status":"publish","type":"post","link":"https:\/\/www.prijedordanas.com\/?p=89994","title":{"rendered":"NESRE\u0106NA \u017dENA IZA KU\u0106E OBAVLJALA POLJOPRIVREDNE RADOVE: STARICA IZ PRIJEDORA POVRIJE\u0110ENA ZALUTALIM METKOM"},"content":{"rendered":"<p><a href=\"https:\/\/www.prijedordanas.com\/wp-content\/uploads\/2016\/11\/cjbpd-uvidjaj.jpg\"><img loading=\"lazy\" decoding=\"async\" src=\"https:\/\/www.prijedordanas.com\/wp-content\/uploads\/2016\/11\/cjbpd-uvidjaj-300x250.jpg\" alt=\"\" width=\"300\" height=\"250\" class=\"alignleft size-medium wp-image-66712\" srcset=\"https:\/\/www.prijedordanas.com\/wp-content\/uploads\/2016\/11\/cjbpd-uvidjaj-300x250.jpg 300w, https:\/\/www.prijedordanas.com\/wp-content\/uploads\/2016\/11\/cjbpd-uvidjaj-100x83.jpg 100w, https:\/\/www.prijedordanas.com\/wp-content\/uploads\/2016\/11\/cjbpd-uvidjaj.jpg 600w\" sizes=\"(max-width: 300px) 100vw, 300px\" \/><\/a>Starica A.K. (75) iz Gornje Dragotinje kod Prijedora u subotu je povrije\u0111ena zalutalim metkom. Kako \u201cEuroBlic\u201d nezvani\u010dno saznaje starica je bila iza porodi\u010dne ku\u0107e u dvori\u0161tu i obavljala je poljoprivredne radove, kada ju je zrno metka pogodilo u le\u0111a.<\/p>\n<p>Starica je dovezena u Slu\u017ebu hitne pomo\u0107i Doma zdravlja Prijedor, a potom je zbrinuta u bolnici \u201cDoktor Mladen Stojanovi\u0107\u201d.<\/p>\n<p>Zbog va\u0111enja zrna metka, koji je zavr\u0161io na nezgodnom mjestu u predjelu le\u0111a, starica je prevezena u Univerzitetko klini\u010dki centar Republike Srpske u Banjaluci.<\/p>\n<p>Iz Policijske uprave Prijedor saop\u0161tili su da su odmah nakon prijave doga\u0111aja preduzeli sve potrebne istra\u017ene mere i radnje u cilju utvr\u0111ivanja i rasvjetljavanja njegovih okolnosti.<\/p>\n<p>Policijska uprava Prijedor upozorila je gra\u0111ane da svaka neovla\u0161tena upotreba oru\u017eja ima obilje\u017eje krivi\u010dnog djela kvalifikovanog Krivi\u010dnim zakonikom Republike Srpske ili prekr\u0161aja odre\u0111enog odredbama Zakona o oru\u017eju i municiji i Zakona o javnom redu i miru Republike Srpske. Zaklju\u010duju da u \u0107e po\u010dinioci ovakvih nedozvoljenih radnji biti sankcionisani.<\/p>\n<p>Stabilno zdravstveno stanje starice<\/p>\n<p>Zdravstveno stanje A.K. koja je ranjena od zalutalog metka, trenutno je stabilno, saop\u0161teno je iz Univerzitetskog klini\u010dkog centra (UKC) Republike Srpske.<\/p>\n<p>Starica, koja je primljena u bolnicu sa ranom u grudima, hirur\u0161ki je zbrinuta i ostaje na daljem lije\u010denju u ovoj zdravstvenoj ustanovi.<\/p>\n<p>Ona je u subotu, 30. septembra, primljena u UKC iz Op\u0161te bolnice Prijedor, a trenutno se nalazi u Slu\u017ebi za torakalnu hirurgiju.<\/p>\n<p>EuroBlic<\/p>\n","protected":false},"excerpt":{"rendered":"<p>Starica A.K. (75) iz Gornje Dragotinje kod Prijedora u subotu je povrije\u0111ena zalutalim metkom. Kako \u201cEuroBlic\u201d nezvani\u010dno saznaje starica je bila iza porodi\u010dne ku\u0107e u dvori\u0161tu i obavljala je poljoprivredne [&hellip;]<\/p>\n","protected":false},"author":1,"featured_media":0,"comment_status":"closed","ping_status":"open","sticky":false,"template":"","format":"standard","meta":{"_monsterinsights_skip_tracking":false,"_monsterinsights_sitenote_active":false,"_monsterinsights_sitenote_note":"","_monsterinsights_sitenote_category":0,"footnotes":""},"categories":[5],"tags":[],"yoast_head":"<!-- This site is optimized with the Yoast SEO plugin v21.6 - https:\/\/yoast.com\/wordpress\/plugins\/seo\/ -->\n<title>NESRE\u0106NA \u017dENA IZA KU\u0106E OBAVLJALA POLJOPRIVREDNE RADOVE: STARICA IZ PRIJEDORA POVRIJE\u0110ENA ZALUTALIM METKOM - PrijedorDanas.com - Prijedorski gradski portal<\/title>\n<meta name=\"robots\" content=\"index, follow, max-snippet:-1, max-image-preview:large, max-video-preview:-1\" \/>\n<link rel=\"canonical\" href=\"https:\/\/www.prijedordanas.com\/?p=89994\" \/>\n<meta property=\"og:locale\" content=\"en_US\" \/>\n<meta property=\"og:type\" content=\"article\" \/>\n<meta property=\"og:title\" content=\"NESRE\u0106NA \u017dENA IZA KU\u0106E OBAVLJALA POLJOPRIVREDNE RADOVE: STARICA IZ PRIJEDORA POVRIJE\u0110ENA ZALUTALIM METKOM - PrijedorDanas.com - Prijedorski gradski portal\" \/>\n<meta property=\"og:description\" content=\"Starica A.K. (75) iz Gornje Dragotinje kod Prijedora u subotu je povrije\u0111ena zalutalim metkom. Kako \u201cEuroBlic\u201d nezvani\u010dno saznaje starica je bila iza porodi\u010dne ku\u0107e u dvori\u0161tu i obavljala je poljoprivredne [&hellip;]\" \/>\n<meta property=\"og:url\" content=\"https:\/\/www.prijedordanas.com\/?p=89994\" \/>\n<meta property=\"og:site_name\" content=\"PrijedorDanas.com - Prijedorski gradski portal\" \/>\n<meta property=\"article:publisher\" content=\"https:\/\/www.facebook.com\/PrijedorDanasCom\/\" \/>\n<meta property=\"article:published_time\" content=\"2017-10-03T09:55:18+00:00\" \/>\n<meta property=\"og:image\" content=\"https:\/\/www.prijedordanas.com\/wp-content\/uploads\/2016\/11\/cjbpd-uvidjaj-300x250.jpg\" \/>\n<meta name=\"author\" content=\"admin\" \/>\n<meta name=\"twitter:card\" content=\"summary_large_image\" \/>\n<meta name=\"twitter:label1\" content=\"Written by\" \/>\n\t<meta name=\"twitter:data1\" content=\"admin\" \/>\n\t<meta name=\"twitter:label2\" content=\"Est. reading time\" \/>\n\t<meta name=\"twitter:data2\" content=\"1 minute\" \/>\n<script type=\"application\/ld+json\" class=\"yoast-schema-graph\">{\"@context\":\"https:\/\/schema.org\",\"@graph\":[{\"@type\":\"Article\",\"@id\":\"https:\/\/www.prijedordanas.com\/?p=89994#article\",\"isPartOf\":{\"@id\":\"https:\/\/www.prijedordanas.com\/?p=89994\"},\"author\":{\"name\":\"admin\",\"@id\":\"https:\/\/www.prijedordanas.com\/#\/schema\/person\/4e08ccf29b506ca916ff86d46bb700e6\"},\"headline\":\"NESRE\u0106NA \u017dENA IZA KU\u0106E OBAVLJALA POLJOPRIVREDNE RADOVE: STARICA IZ PRIJEDORA POVRIJE\u0110ENA ZALUTALIM METKOM\",\"datePublished\":\"2017-10-03T09:55:18+00:00\",\"dateModified\":\"2017-10-03T09:55:18+00:00\",\"mainEntityOfPage\":{\"@id\":\"https:\/\/www.prijedordanas.com\/?p=89994\"},\"wordCount\":275,\"publisher\":{\"@id\":\"https:\/\/www.prijedordanas.com\/#organization\"},\"articleSection\":[\"Hronika\"],\"inLanguage\":\"en-US\"},{\"@type\":\"WebPage\",\"@id\":\"https:\/\/www.prijedordanas.com\/?p=89994\",\"url\":\"https:\/\/www.prijedordanas.com\/?p=89994\",\"name\":\"NESRE\u0106NA \u017dENA IZA KU\u0106E OBAVLJALA POLJOPRIVREDNE RADOVE: STARICA IZ PRIJEDORA POVRIJE\u0110ENA ZALUTALIM METKOM - PrijedorDanas.com - Prijedorski gradski portal\",\"isPartOf\":{\"@id\":\"https:\/\/www.prijedordanas.com\/#website\"},\"datePublished\":\"2017-10-03T09:55:18+00:00\",\"dateModified\":\"2017-10-03T09:55:18+00:00\",\"breadcrumb\":{\"@id\":\"https:\/\/www.prijedordanas.com\/?p=89994#breadcrumb\"},\"inLanguage\":\"en-US\",\"potentialAction\":[{\"@type\":\"ReadAction\",\"target\":[\"https:\/\/www.prijedordanas.com\/?p=89994\"]}]},{\"@type\":\"BreadcrumbList\",\"@id\":\"https:\/\/www.prijedordanas.com\/?p=89994#breadcrumb\",\"itemListElement\":[{\"@type\":\"ListItem\",\"position\":1,\"name\":\"Home\",\"item\":\"https:\/\/www.prijedordanas.com\/\"},{\"@type\":\"ListItem\",\"position\":2,\"name\":\"NESRE\u0106NA \u017dENA IZA KU\u0106E OBAVLJALA POLJOPRIVREDNE RADOVE: STARICA IZ PRIJEDORA POVRIJE\u0110ENA ZALUTALIM METKOM\"}]},{\"@type\":\"WebSite\",\"@id\":\"https:\/\/www.prijedordanas.com\/#website\",\"url\":\"https:\/\/www.prijedordanas.com\/\",\"name\":\"PrijedorDanas.com - Prijedorski gradski portal\",\"description\":\"Portal o doga\u0111anjima u gradu Prijedoru\",\"publisher\":{\"@id\":\"https:\/\/www.prijedordanas.com\/#organization\"},\"potentialAction\":[{\"@type\":\"SearchAction\",\"target\":{\"@type\":\"EntryPoint\",\"urlTemplate\":\"https:\/\/www.prijedordanas.com\/?s={search_term_string}\"},\"query-input\":\"required name=search_term_string\"}],\"inLanguage\":\"en-US\"},{\"@type\":\"Organization\",\"@id\":\"https:\/\/www.prijedordanas.com\/#organization\",\"name\":\"PrijedorDanas.com\",\"url\":\"https:\/\/www.prijedordanas.com\/\",\"logo\":{\"@type\":\"ImageObject\",\"inLanguage\":\"en-US\",\"@id\":\"https:\/\/www.prijedordanas.com\/#\/schema\/logo\/image\/\",\"url\":\"http:\/\/www.prijedordanas.com\/wp-content\/uploads\/2021\/12\/logopng.png\",\"contentUrl\":\"http:\/\/www.prijedordanas.com\/wp-content\/uploads\/2021\/12\/logopng.png\",\"width\":1019,\"height\":776,\"caption\":\"PrijedorDanas.com\"},\"image\":{\"@id\":\"https:\/\/www.prijedordanas.com\/#\/schema\/logo\/image\/\"},\"sameAs\":[\"https:\/\/www.facebook.com\/PrijedorDanasCom\/\"]},{\"@type\":\"Person\",\"@id\":\"https:\/\/www.prijedordanas.com\/#\/schema\/person\/4e08ccf29b506ca916ff86d46bb700e6\",\"name\":\"admin\",\"image\":{\"@type\":\"ImageObject\",\"inLanguage\":\"en-US\",\"@id\":\"https:\/\/www.prijedordanas.com\/#\/schema\/person\/image\/\",\"url\":\"https:\/\/secure.gravatar.com\/avatar\/1d3fc949d550f0b53a5f0d51e06dfd79?s=96&d=mm&r=g\",\"contentUrl\":\"https:\/\/secure.gravatar.com\/avatar\/1d3fc949d550f0b53a5f0d51e06dfd79?s=96&d=mm&r=g\",\"caption\":\"admin\"},\"url\":\"https:\/\/www.prijedordanas.com\/?author=1\"}]}<\/script>\n<!-- \/ Yoast SEO plugin. -->","yoast_head_json":{"title":"NESRE\u0106NA \u017dENA IZA KU\u0106E OBAVLJALA POLJOPRIVREDNE RADOVE: STARICA IZ PRIJEDORA POVRIJE\u0110ENA ZALUTALIM METKOM - PrijedorDanas.com - Prijedorski gradski portal","robots":{"index":"index","follow":"follow","max-snippet":"max-snippet:-1","max-image-preview":"max-image-preview:large","max-video-preview":"max-video-preview:-1"},"canonical":"https:\/\/www.prijedordanas.com\/?p=89994","og_locale":"en_US","og_type":"article","og_title":"NESRE\u0106NA \u017dENA IZA KU\u0106E OBAVLJALA POLJOPRIVREDNE RADOVE: STARICA IZ PRIJEDORA POVRIJE\u0110ENA ZALUTALIM METKOM - PrijedorDanas.com - Prijedorski gradski portal","og_description":"Starica A.K. (75) iz Gornje Dragotinje kod Prijedora u subotu je povrije\u0111ena zalutalim metkom. Kako \u201cEuroBlic\u201d nezvani\u010dno saznaje starica je bila iza porodi\u010dne ku\u0107e u dvori\u0161tu i obavljala je poljoprivredne [&hellip;]","og_url":"https:\/\/www.prijedordanas.com\/?p=89994","og_site_name":"PrijedorDanas.com - Prijedorski gradski portal","article_publisher":"https:\/\/www.facebook.com\/PrijedorDanasCom\/","article_published_time":"2017-10-03T09:55:18+00:00","og_image":[{"url":"https:\/\/www.prijedordanas.com\/wp-content\/uploads\/2016\/11\/cjbpd-uvidjaj-300x250.jpg"}],"author":"admin","twitter_card":"summary_large_image","twitter_misc":{"Written by":"admin","Est. reading time":"1 minute"},"schema":{"@context":"https:\/\/schema.org","@graph":[{"@type":"Article","@id":"https:\/\/www.prijedordanas.com\/?p=89994#article","isPartOf":{"@id":"https:\/\/www.prijedordanas.com\/?p=89994"},"author":{"name":"admin","@id":"https:\/\/www.prijedordanas.com\/#\/schema\/person\/4e08ccf29b506ca916ff86d46bb700e6"},"headline":"NESRE\u0106NA \u017dENA IZA KU\u0106E OBAVLJALA POLJOPRIVREDNE RADOVE: STARICA IZ PRIJEDORA POVRIJE\u0110ENA ZALUTALIM METKOM","datePublished":"2017-10-03T09:55:18+00:00","dateModified":"2017-10-03T09:55:18+00:00","mainEntityOfPage":{"@id":"https:\/\/www.prijedordanas.com\/?p=89994"},"wordCount":275,"publisher":{"@id":"https:\/\/www.prijedordanas.com\/#organization"},"articleSection":["Hronika"],"inLanguage":"en-US"},{"@type":"WebPage","@id":"https:\/\/www.prijedordanas.com\/?p=89994","url":"https:\/\/www.prijedordanas.com\/?p=89994","name":"NESRE\u0106NA \u017dENA IZA KU\u0106E OBAVLJALA POLJOPRIVREDNE RADOVE: STARICA IZ PRIJEDORA POVRIJE\u0110ENA ZALUTALIM METKOM - PrijedorDanas.com - Prijedorski gradski portal","isPartOf":{"@id":"https:\/\/www.prijedordanas.com\/#website"},"datePublished":"2017-10-03T09:55:18+00:00","dateModified":"2017-10-03T09:55:18+00:00","breadcrumb":{"@id":"https:\/\/www.prijedordanas.com\/?p=89994#breadcrumb"},"inLanguage":"en-US","potentialAction":[{"@type":"ReadAction","target":["https:\/\/www.prijedordanas.com\/?p=89994"]}]},{"@type":"BreadcrumbList","@id":"https:\/\/www.prijedordanas.com\/?p=89994#breadcrumb","itemListElement":[{"@type":"ListItem","position":1,"name":"Home","item":"https:\/\/www.prijedordanas.com\/"},{"@type":"ListItem","position":2,"name":"NESRE\u0106NA \u017dENA IZA KU\u0106E OBAVLJALA POLJOPRIVREDNE RADOVE: STARICA IZ PRIJEDORA POVRIJE\u0110ENA ZALUTALIM METKOM"}]},{"@type":"WebSite","@id":"https:\/\/www.prijedordanas.com\/#website","url":"https:\/\/www.prijedordanas.com\/","name":"PrijedorDanas.com - Prijedorski gradski portal","description":"Portal o doga\u0111anjima u gradu Prijedoru","publisher":{"@id":"https:\/\/www.prijedordanas.com\/#organization"},"potentialAction":[{"@type":"SearchAction","target":{"@type":"EntryPoint","urlTemplate":"https:\/\/www.prijedordanas.com\/?s={search_term_string}"},"query-input":"required name=search_term_string"}],"inLanguage":"en-US"},{"@type":"Organization","@id":"https:\/\/www.prijedordanas.com\/#organization","name":"PrijedorDanas.com","url":"https:\/\/www.prijedordanas.com\/","logo":{"@type":"ImageObject","inLanguage":"en-US","@id":"https:\/\/www.prijedordanas.com\/#\/schema\/logo\/image\/","url":"http:\/\/www.prijedordanas.com\/wp-content\/uploads\/2021\/12\/logopng.png","contentUrl":"http:\/\/www.prijedordanas.com\/wp-content\/uploads\/2021\/12\/logopng.png","width":1019,"height":776,"caption":"PrijedorDanas.com"},"image":{"@id":"https:\/\/www.prijedordanas.com\/#\/schema\/logo\/image\/"},"sameAs":["https:\/\/www.facebook.com\/PrijedorDanasCom\/"]},{"@type":"Person","@id":"https:\/\/www.prijedordanas.com\/#\/schema\/person\/4e08ccf29b506ca916ff86d46bb700e6","name":"admin","image":{"@type":"ImageObject","inLanguage":"en-US","@id":"https:\/\/www.prijedordanas.com\/#\/schema\/person\/image\/","url":"https:\/\/secure.gravatar.com\/avatar\/1d3fc949d550f0b53a5f0d51e06dfd79?s=96&d=mm&r=g","contentUrl":"https:\/\/secure.gravatar.com\/avatar\/1d3fc949d550f0b53a5f0d51e06dfd79?s=96&d=mm&r=g","caption":"admin"},"url":"https:\/\/www.prijedordanas.com\/?author=1"}]}},"_links":{"self":[{"href":"https:\/\/www.prijedordanas.com\/index.php?rest_route=\/wp\/v2\/posts\/89994"}],"collection":[{"href":"https:\/\/www.prijedordanas.com\/index.php?rest_route=\/wp\/v2\/posts"}],"about":[{"href":"https:\/\/www.prijedordanas.com\/index.php?rest_route=\/wp\/v2\/types\/post"}],"author":[{"embeddable":true,"href":"https:\/\/www.prijedordanas.com\/index.php?rest_route=\/wp\/v2\/users\/1"}],"replies":[{"embeddable":true,"href":"https:\/\/www.prijedordanas.com\/index.php?rest_route=%2Fwp%2Fv2%2Fcomments&post=89994"}],"version-history":[{"count":1,"href":"https:\/\/www.prijedordanas.com\/index.php?rest_route=\/wp\/v2\/posts\/89994\/revisions"}],"predecessor-version":[{"id":89995,"href":"https:\/\/www.prijedordanas.com\/index.php?rest_route=\/wp\/v2\/posts\/89994\/revisions\/89995"}],"wp:attachment":[{"href":"https:\/\/www.prijedordanas.com\/index.php?rest_route=%2Fwp%2Fv2%2Fmedia&parent=89994"}],"wp:term":[{"taxonomy":"category","embeddable":true,"href":"https:\/\/www.prijedordanas.com\/index.php?rest_route=%2Fwp%2Fv2%2Fcategories&post=89994"},{"taxonomy":"post_tag","embeddable":true,"href":"https:\/\/www.prijedordanas.com\/index.php?rest_route=%2Fwp%2Fv2%2Ftags&post=89994"}],"curies":[{"name":"wp","href":"https:\/\/api.w.org\/{rel}","templated":true}]}}