{"id":89977,"date":"2017-10-02T22:53:37","date_gmt":"2017-10-02T20:53:37","guid":{"rendered":"https:\/\/www.prijedordanas.com\/?p=89977"},"modified":"2017-10-02T22:53:37","modified_gmt":"2017-10-02T20:53:37","slug":"od-gradonacelnika-traze-put-u-21-vijeku-mjestani-sela-kod-prijedora-potpisali-peticiju","status":"publish","type":"post","link":"https:\/\/www.prijedordanas.com\/?p=89977","title":{"rendered":"OD GRADONA\u010cELNIKA TRA\u017dE PUT U 21.VIJEKU: MJE\u0160TANI SELA KOD PRIJEDORA POTPISALI PETICIJU"},"content":{"rendered":"<p><a href=\"https:\/\/www.prijedordanas.com\/wp-content\/uploads\/2017\/10\/blic-mjestani-traze-put.jpg\"><img loading=\"lazy\" decoding=\"async\" src=\"https:\/\/www.prijedordanas.com\/wp-content\/uploads\/2017\/10\/blic-mjestani-traze-put-300x225.jpg\" alt=\"\" width=\"300\" height=\"225\" class=\"alignleft size-medium wp-image-89978\" srcset=\"https:\/\/www.prijedordanas.com\/wp-content\/uploads\/2017\/10\/blic-mjestani-traze-put-300x225.jpg 300w, https:\/\/www.prijedordanas.com\/wp-content\/uploads\/2017\/10\/blic-mjestani-traze-put-100x75.jpg 100w, https:\/\/www.prijedordanas.com\/wp-content\/uploads\/2017\/10\/blic-mjestani-traze-put-640x480.jpg 640w, https:\/\/www.prijedordanas.com\/wp-content\/uploads\/2017\/10\/blic-mjestani-traze-put.jpg 668w\" sizes=\"(max-width: 300px) 100vw, 300px\" \/><\/a>Mje\u0161tani zaseoka Donji Garevci kod Prijedora, njih 144, potpisalo je peticiju kojom zahtijevaju od gradona\u010delnika Prijedora Milenka \u0110akovi\u0107a da im pomogne u rje\u0161avanju infrastrukturnih problema.<\/p>\n<p>Uz peticiju su poslali i zahtjev za razgovor sa prvim \u010dovjekom grada do kojeg ve\u0107 godinama poku\u0161avaju da do\u0111u. Naime, njihovi zvani\u010dni dopisi lokalnoj upravi po\u010deli su 2011. godine, dok je Prijedor jo\u0161 bio op\u0161tina, a njen na\u010delnik Marko Pavi\u0107.  Posljednji zahtjev, ovog mjeseca uputili su predsednici Savjeta mesnih zajednica Donji Orlovci i Donji Garevci, u kojem tra\u017ee pomo\u0107.<\/p>\n<p>&#8211; Na\u0161 problem je put. On je u katastrofalnom stanju, a glavna je komunikacija djeci do \u0161kole i glavni put za Prijedor. Me\u0111utim, on nije ni za zapre\u017ena vozila &#8211; napisali su mje\u0161tani u zahtjevu gradskoj upravi i navode da je sva infrastruktura u lo\u0161em stanju.<\/p>\n<p>&#8211; Nemamo kvalitetnu vodu za pi\u0107e, elektri\u010dnu energiju, a \u0161to je nepojmljivo nemamo prilaz normalan za 21. vijek svojim ku\u0107ama.  Tri kilometra smo udaljeni od Prijedora, a za koji smo, \u010dini nam se, gra\u0111ani tre\u0107eg reda \u2013 smatraju mje\u0161tani Donjih Garevaca.<\/p>\n<p>Dodaju da ovdje \u017eivi 40 doma\u0107instava sa oko 200 stanovnika, od kojih je veliki broj mladih koji ne vide budu\u0107nost bez pobolj\u0161anja uslova \u017eivota u ovom zaseoku.<\/p>\n<p>&#8211; U peticiji tra\u017eimo  pomo\u0107 od gradona\u010delnika, za popravku infrastrukture, jer zimu u ovakvim uslovima ne smijemo do\u010dekati &#8211; zaklju\u010duju o\u010dajni mje\u0161tani u zahtjevu i dodaju da su spremni da pomognu u slu\u010daju rje\u0161avanja njihovih problema.<\/p>\n<p>Gradona\u010delnik Prijedora poru\u010dio je da kao prvi \u010dovjek grada, nema slobodnog vremena za razgovor sa gra\u0111anima.<\/p>\n<p>&#8211; Imam toliko zahtjeva pojedinaca i grupa gra\u0111ana, i da ni\u0161ta drugo ne radim, imao bih posla godinu ili dvije. Mi prednost dajemo mjesnim zajednicama, preko kojih bi trebalo da budu rje\u0161avani problemi, ali se trudim da \u0161to vi\u0161e takvih zahtjeva ispo\u0161tujemo \u2013 poru\u010dio je \u0110akovi\u0107.<\/p>\n<p>I politi\u010dari ih zaobilaze<\/p>\n<p>U Donjoj Orlovci i Donjim Garevcima o\u010dekuju odgovor gradske uprave na njihov zahtjev.<\/p>\n<p>&#8211; Nadamo se pozitivnom odgovoru, jer je put zaista lo\u0161, a i mje\u0161tani ka\u017eu da niko od politi\u010dkih predstavnika nije posje\u0107ivao ovaj kraj \u2013 ka\u017ee predsjednica Savjeta mjesnih zajednica Milica Grabe\u017e.<\/p>\n<p>EuroBlic<\/p>\n","protected":false},"excerpt":{"rendered":"<p>Mje\u0161tani zaseoka Donji Garevci kod Prijedora, njih 144, potpisalo je peticiju kojom zahtijevaju od gradona\u010delnika Prijedora Milenka \u0110akovi\u0107a da im pomogne u rje\u0161avanju infrastrukturnih problema. Uz peticiju su poslali i [&hellip;]<\/p>\n","protected":false},"author":1,"featured_media":0,"comment_status":"closed","ping_status":"open","sticky":false,"template":"","format":"standard","meta":{"_monsterinsights_skip_tracking":false,"_monsterinsights_sitenote_active":false,"_monsterinsights_sitenote_note":"","_monsterinsights_sitenote_category":0,"footnotes":""},"categories":[4],"tags":[],"yoast_head":"<!-- This site is optimized with the Yoast SEO plugin v21.6 - https:\/\/yoast.com\/wordpress\/plugins\/seo\/ -->\n<title>OD GRADONA\u010cELNIKA TRA\u017dE PUT U 21.VIJEKU: MJE\u0160TANI SELA KOD PRIJEDORA POTPISALI PETICIJU - PrijedorDanas.com - Prijedorski gradski portal<\/title>\n<meta name=\"robots\" content=\"index, follow, max-snippet:-1, max-image-preview:large, max-video-preview:-1\" \/>\n<link rel=\"canonical\" href=\"https:\/\/www.prijedordanas.com\/?p=89977\" \/>\n<meta property=\"og:locale\" content=\"en_US\" \/>\n<meta property=\"og:type\" content=\"article\" \/>\n<meta property=\"og:title\" content=\"OD GRADONA\u010cELNIKA TRA\u017dE PUT U 21.VIJEKU: MJE\u0160TANI SELA KOD PRIJEDORA POTPISALI PETICIJU - PrijedorDanas.com - Prijedorski gradski portal\" \/>\n<meta property=\"og:description\" content=\"Mje\u0161tani zaseoka Donji Garevci kod Prijedora, njih 144, potpisalo je peticiju kojom zahtijevaju od gradona\u010delnika Prijedora Milenka \u0110akovi\u0107a da im pomogne u rje\u0161avanju infrastrukturnih problema. Uz peticiju su poslali i [&hellip;]\" \/>\n<meta property=\"og:url\" content=\"https:\/\/www.prijedordanas.com\/?p=89977\" \/>\n<meta property=\"og:site_name\" content=\"PrijedorDanas.com - Prijedorski gradski portal\" \/>\n<meta property=\"article:publisher\" content=\"https:\/\/www.facebook.com\/PrijedorDanasCom\/\" \/>\n<meta property=\"article:published_time\" content=\"2017-10-02T20:53:37+00:00\" \/>\n<meta property=\"og:image\" content=\"https:\/\/www.prijedordanas.com\/wp-content\/uploads\/2017\/10\/blic-mjestani-traze-put-300x225.jpg\" \/>\n<meta name=\"author\" content=\"admin\" \/>\n<meta name=\"twitter:card\" content=\"summary_large_image\" \/>\n<meta name=\"twitter:label1\" content=\"Written by\" \/>\n\t<meta name=\"twitter:data1\" content=\"admin\" \/>\n\t<meta name=\"twitter:label2\" content=\"Est. reading time\" \/>\n\t<meta name=\"twitter:data2\" content=\"2 minutes\" \/>\n<script type=\"application\/ld+json\" class=\"yoast-schema-graph\">{\"@context\":\"https:\/\/schema.org\",\"@graph\":[{\"@type\":\"Article\",\"@id\":\"https:\/\/www.prijedordanas.com\/?p=89977#article\",\"isPartOf\":{\"@id\":\"https:\/\/www.prijedordanas.com\/?p=89977\"},\"author\":{\"name\":\"admin\",\"@id\":\"https:\/\/www.prijedordanas.com\/#\/schema\/person\/4e08ccf29b506ca916ff86d46bb700e6\"},\"headline\":\"OD GRADONA\u010cELNIKA TRA\u017dE PUT U 21.VIJEKU: MJE\u0160TANI SELA KOD PRIJEDORA POTPISALI PETICIJU\",\"datePublished\":\"2017-10-02T20:53:37+00:00\",\"dateModified\":\"2017-10-02T20:53:37+00:00\",\"mainEntityOfPage\":{\"@id\":\"https:\/\/www.prijedordanas.com\/?p=89977\"},\"wordCount\":400,\"publisher\":{\"@id\":\"https:\/\/www.prijedordanas.com\/#organization\"},\"articleSection\":[\"Dru\u0161tvo\"],\"inLanguage\":\"en-US\"},{\"@type\":\"WebPage\",\"@id\":\"https:\/\/www.prijedordanas.com\/?p=89977\",\"url\":\"https:\/\/www.prijedordanas.com\/?p=89977\",\"name\":\"OD GRADONA\u010cELNIKA TRA\u017dE PUT U 21.VIJEKU: MJE\u0160TANI SELA KOD PRIJEDORA POTPISALI PETICIJU - PrijedorDanas.com - Prijedorski gradski portal\",\"isPartOf\":{\"@id\":\"https:\/\/www.prijedordanas.com\/#website\"},\"datePublished\":\"2017-10-02T20:53:37+00:00\",\"dateModified\":\"2017-10-02T20:53:37+00:00\",\"breadcrumb\":{\"@id\":\"https:\/\/www.prijedordanas.com\/?p=89977#breadcrumb\"},\"inLanguage\":\"en-US\",\"potentialAction\":[{\"@type\":\"ReadAction\",\"target\":[\"https:\/\/www.prijedordanas.com\/?p=89977\"]}]},{\"@type\":\"BreadcrumbList\",\"@id\":\"https:\/\/www.prijedordanas.com\/?p=89977#breadcrumb\",\"itemListElement\":[{\"@type\":\"ListItem\",\"position\":1,\"name\":\"Home\",\"item\":\"https:\/\/www.prijedordanas.com\/\"},{\"@type\":\"ListItem\",\"position\":2,\"name\":\"OD GRADONA\u010cELNIKA TRA\u017dE PUT U 21.VIJEKU: MJE\u0160TANI SELA KOD PRIJEDORA POTPISALI PETICIJU\"}]},{\"@type\":\"WebSite\",\"@id\":\"https:\/\/www.prijedordanas.com\/#website\",\"url\":\"https:\/\/www.prijedordanas.com\/\",\"name\":\"PrijedorDanas.com - Prijedorski gradski portal\",\"description\":\"Portal o doga\u0111anjima u gradu Prijedoru\",\"publisher\":{\"@id\":\"https:\/\/www.prijedordanas.com\/#organization\"},\"potentialAction\":[{\"@type\":\"SearchAction\",\"target\":{\"@type\":\"EntryPoint\",\"urlTemplate\":\"https:\/\/www.prijedordanas.com\/?s={search_term_string}\"},\"query-input\":\"required name=search_term_string\"}],\"inLanguage\":\"en-US\"},{\"@type\":\"Organization\",\"@id\":\"https:\/\/www.prijedordanas.com\/#organization\",\"name\":\"PrijedorDanas.com\",\"url\":\"https:\/\/www.prijedordanas.com\/\",\"logo\":{\"@type\":\"ImageObject\",\"inLanguage\":\"en-US\",\"@id\":\"https:\/\/www.prijedordanas.com\/#\/schema\/logo\/image\/\",\"url\":\"http:\/\/www.prijedordanas.com\/wp-content\/uploads\/2021\/12\/logopng.png\",\"contentUrl\":\"http:\/\/www.prijedordanas.com\/wp-content\/uploads\/2021\/12\/logopng.png\",\"width\":1019,\"height\":776,\"caption\":\"PrijedorDanas.com\"},\"image\":{\"@id\":\"https:\/\/www.prijedordanas.com\/#\/schema\/logo\/image\/\"},\"sameAs\":[\"https:\/\/www.facebook.com\/PrijedorDanasCom\/\"]},{\"@type\":\"Person\",\"@id\":\"https:\/\/www.prijedordanas.com\/#\/schema\/person\/4e08ccf29b506ca916ff86d46bb700e6\",\"name\":\"admin\",\"image\":{\"@type\":\"ImageObject\",\"inLanguage\":\"en-US\",\"@id\":\"https:\/\/www.prijedordanas.com\/#\/schema\/person\/image\/\",\"url\":\"https:\/\/secure.gravatar.com\/avatar\/1d3fc949d550f0b53a5f0d51e06dfd79?s=96&d=mm&r=g\",\"contentUrl\":\"https:\/\/secure.gravatar.com\/avatar\/1d3fc949d550f0b53a5f0d51e06dfd79?s=96&d=mm&r=g\",\"caption\":\"admin\"},\"url\":\"https:\/\/www.prijedordanas.com\/?author=1\"}]}<\/script>\n<!-- \/ Yoast SEO plugin. -->","yoast_head_json":{"title":"OD GRADONA\u010cELNIKA TRA\u017dE PUT U 21.VIJEKU: MJE\u0160TANI SELA KOD PRIJEDORA POTPISALI PETICIJU - PrijedorDanas.com - Prijedorski gradski portal","robots":{"index":"index","follow":"follow","max-snippet":"max-snippet:-1","max-image-preview":"max-image-preview:large","max-video-preview":"max-video-preview:-1"},"canonical":"https:\/\/www.prijedordanas.com\/?p=89977","og_locale":"en_US","og_type":"article","og_title":"OD GRADONA\u010cELNIKA TRA\u017dE PUT U 21.VIJEKU: MJE\u0160TANI SELA KOD PRIJEDORA POTPISALI PETICIJU - PrijedorDanas.com - Prijedorski gradski portal","og_description":"Mje\u0161tani zaseoka Donji Garevci kod Prijedora, njih 144, potpisalo je peticiju kojom zahtijevaju od gradona\u010delnika Prijedora Milenka \u0110akovi\u0107a da im pomogne u rje\u0161avanju infrastrukturnih problema. Uz peticiju su poslali i [&hellip;]","og_url":"https:\/\/www.prijedordanas.com\/?p=89977","og_site_name":"PrijedorDanas.com - Prijedorski gradski portal","article_publisher":"https:\/\/www.facebook.com\/PrijedorDanasCom\/","article_published_time":"2017-10-02T20:53:37+00:00","og_image":[{"url":"https:\/\/www.prijedordanas.com\/wp-content\/uploads\/2017\/10\/blic-mjestani-traze-put-300x225.jpg"}],"author":"admin","twitter_card":"summary_large_image","twitter_misc":{"Written by":"admin","Est. reading time":"2 minutes"},"schema":{"@context":"https:\/\/schema.org","@graph":[{"@type":"Article","@id":"https:\/\/www.prijedordanas.com\/?p=89977#article","isPartOf":{"@id":"https:\/\/www.prijedordanas.com\/?p=89977"},"author":{"name":"admin","@id":"https:\/\/www.prijedordanas.com\/#\/schema\/person\/4e08ccf29b506ca916ff86d46bb700e6"},"headline":"OD GRADONA\u010cELNIKA TRA\u017dE PUT U 21.VIJEKU: MJE\u0160TANI SELA KOD PRIJEDORA POTPISALI PETICIJU","datePublished":"2017-10-02T20:53:37+00:00","dateModified":"2017-10-02T20:53:37+00:00","mainEntityOfPage":{"@id":"https:\/\/www.prijedordanas.com\/?p=89977"},"wordCount":400,"publisher":{"@id":"https:\/\/www.prijedordanas.com\/#organization"},"articleSection":["Dru\u0161tvo"],"inLanguage":"en-US"},{"@type":"WebPage","@id":"https:\/\/www.prijedordanas.com\/?p=89977","url":"https:\/\/www.prijedordanas.com\/?p=89977","name":"OD GRADONA\u010cELNIKA TRA\u017dE PUT U 21.VIJEKU: MJE\u0160TANI SELA KOD PRIJEDORA POTPISALI PETICIJU - PrijedorDanas.com - Prijedorski gradski portal","isPartOf":{"@id":"https:\/\/www.prijedordanas.com\/#website"},"datePublished":"2017-10-02T20:53:37+00:00","dateModified":"2017-10-02T20:53:37+00:00","breadcrumb":{"@id":"https:\/\/www.prijedordanas.com\/?p=89977#breadcrumb"},"inLanguage":"en-US","potentialAction":[{"@type":"ReadAction","target":["https:\/\/www.prijedordanas.com\/?p=89977"]}]},{"@type":"BreadcrumbList","@id":"https:\/\/www.prijedordanas.com\/?p=89977#breadcrumb","itemListElement":[{"@type":"ListItem","position":1,"name":"Home","item":"https:\/\/www.prijedordanas.com\/"},{"@type":"ListItem","position":2,"name":"OD GRADONA\u010cELNIKA TRA\u017dE PUT U 21.VIJEKU: MJE\u0160TANI SELA KOD PRIJEDORA POTPISALI PETICIJU"}]},{"@type":"WebSite","@id":"https:\/\/www.prijedordanas.com\/#website","url":"https:\/\/www.prijedordanas.com\/","name":"PrijedorDanas.com - Prijedorski gradski portal","description":"Portal o doga\u0111anjima u gradu Prijedoru","publisher":{"@id":"https:\/\/www.prijedordanas.com\/#organization"},"potentialAction":[{"@type":"SearchAction","target":{"@type":"EntryPoint","urlTemplate":"https:\/\/www.prijedordanas.com\/?s={search_term_string}"},"query-input":"required name=search_term_string"}],"inLanguage":"en-US"},{"@type":"Organization","@id":"https:\/\/www.prijedordanas.com\/#organization","name":"PrijedorDanas.com","url":"https:\/\/www.prijedordanas.com\/","logo":{"@type":"ImageObject","inLanguage":"en-US","@id":"https:\/\/www.prijedordanas.com\/#\/schema\/logo\/image\/","url":"http:\/\/www.prijedordanas.com\/wp-content\/uploads\/2021\/12\/logopng.png","contentUrl":"http:\/\/www.prijedordanas.com\/wp-content\/uploads\/2021\/12\/logopng.png","width":1019,"height":776,"caption":"PrijedorDanas.com"},"image":{"@id":"https:\/\/www.prijedordanas.com\/#\/schema\/logo\/image\/"},"sameAs":["https:\/\/www.facebook.com\/PrijedorDanasCom\/"]},{"@type":"Person","@id":"https:\/\/www.prijedordanas.com\/#\/schema\/person\/4e08ccf29b506ca916ff86d46bb700e6","name":"admin","image":{"@type":"ImageObject","inLanguage":"en-US","@id":"https:\/\/www.prijedordanas.com\/#\/schema\/person\/image\/","url":"https:\/\/secure.gravatar.com\/avatar\/1d3fc949d550f0b53a5f0d51e06dfd79?s=96&d=mm&r=g","contentUrl":"https:\/\/secure.gravatar.com\/avatar\/1d3fc949d550f0b53a5f0d51e06dfd79?s=96&d=mm&r=g","caption":"admin"},"url":"https:\/\/www.prijedordanas.com\/?author=1"}]}},"_links":{"self":[{"href":"https:\/\/www.prijedordanas.com\/index.php?rest_route=\/wp\/v2\/posts\/89977"}],"collection":[{"href":"https:\/\/www.prijedordanas.com\/index.php?rest_route=\/wp\/v2\/posts"}],"about":[{"href":"https:\/\/www.prijedordanas.com\/index.php?rest_route=\/wp\/v2\/types\/post"}],"author":[{"embeddable":true,"href":"https:\/\/www.prijedordanas.com\/index.php?rest_route=\/wp\/v2\/users\/1"}],"replies":[{"embeddable":true,"href":"https:\/\/www.prijedordanas.com\/index.php?rest_route=%2Fwp%2Fv2%2Fcomments&post=89977"}],"version-history":[{"count":1,"href":"https:\/\/www.prijedordanas.com\/index.php?rest_route=\/wp\/v2\/posts\/89977\/revisions"}],"predecessor-version":[{"id":89979,"href":"https:\/\/www.prijedordanas.com\/index.php?rest_route=\/wp\/v2\/posts\/89977\/revisions\/89979"}],"wp:attachment":[{"href":"https:\/\/www.prijedordanas.com\/index.php?rest_route=%2Fwp%2Fv2%2Fmedia&parent=89977"}],"wp:term":[{"taxonomy":"category","embeddable":true,"href":"https:\/\/www.prijedordanas.com\/index.php?rest_route=%2Fwp%2Fv2%2Fcategories&post=89977"},{"taxonomy":"post_tag","embeddable":true,"href":"https:\/\/www.prijedordanas.com\/index.php?rest_route=%2Fwp%2Fv2%2Ftags&post=89977"}],"curies":[{"name":"wp","href":"https:\/\/api.w.org\/{rel}","templated":true}]}}